{"id":3169,"date":"2020-01-22T01:09:57","date_gmt":"2020-01-22T01:09:57","guid":{"rendered":"http:\/\/adventistoltenia.ro\/site\/primul-film-despre-viata-lui-isus-in-limbajul-semnelor\/"},"modified":"2020-01-22T01:09:57","modified_gmt":"2020-01-22T01:09:57","slug":"primul-film-despre-viata-lui-isus-in-limbajul-semnelor","status":"publish","type":"post","link":"https:\/\/adventistoltenia.ro\/site\/primul-film-despre-viata-lui-isus-in-limbajul-semnelor\/","title":{"rendered":"Primul film despre via\u021ba lui Isus \u00een limbajul semnelor"},"content":{"rendered":"<div>\n<p>Dac\u0103 p\u00e2n\u0103 acum cele 70 de milioane de persoane surdo-mute existente \u00een \u00eentreaga lume depindeau de subtitr\u0103ri pentru a \u00een\u021belege filmele care \u00cel aveau \u00een centru pe Isus, dup\u0103 finalizarea proiectului condus de cei de la Deaf Mission ei vor beneficia de un film despre via\u021ba lui Isus \u00een limbajul mimico-gestual.<\/p>\n<p>Deaf Mission a pornit un proiect prin care \u00ee\u0219i propune s\u0103 realizeze un film destinat persoanelor care au probleme auditive grave. Proiectul este \u00een faza de \u00eenceput exist\u00e2nd doar un clip pilot care dureaz\u0103 10 minute. Suma necesar\u0103 pentru finalizarea filmului se ridic\u0103 la 4,8 milioane de dolari americani, fiind str\u00e2n\u0219i p\u00e2n\u0103 \u00een momentul de fa\u021b\u0103 doar 746 000 de dolari americani.<\/p>\n<p>Chad Entinger, unul dintre coordonatorii proiectului, era convins de faptul c\u0103 filmul va avea un mare impact asupra celor care \u00eel vor viziona deoarece actorii care vor juca vor utiliza doar limbajul mimico-gestual.<\/p>\n<p>Filmul va avea rolul de a schimba percep\u021bia multora dintre persoanele surdo-mute. \u201eAcestea cred c\u0103 Dumnezeu Trinitarian este doar pentru cei care aud, concep\u021bie alimentat\u0103 de resursele numeroase pe care bisericile tind s\u0103 distribuie \u00een general.\u201d prezenta Mission Network News.<\/p>\n<p>\u201eChiar credem c\u0103 Dumnezeu poate \u0219i va utiliza filmul pentru a ajunge la oamenii surdo-mu\u021bi.\u201d afirma Entinger care \u00ee\u0219i dore\u0219te s\u0103 fac\u0103 mesajul Evangheliei u\u0219or de \u00een\u021beles pentru \u0219i pentru aceast\u0103 categorie de oameni.<\/p>\n<p>Autor: Elisei Florea<\/p>\n<p>Surs\u0103 \u0219tire &#038; imagine: <a href=\"https:\/\/www.christianheadlines.com\/contributors\/michael-foust\/a-first-jesus-film-in-sign-language-will-reach-70-million-with-gospel.html\" target=\"_blank\" rel=\"noopener noreferrer\">https:\/\/www.christianheadlines.com\/contributors\/michael-foust\/a-first-jesus-film-in-sign-language-will-reach-70-million-with-gospel.html<\/a><\/p>\n<div id=\"gtx-anchor\" style=\"position: absolute; visibility: hidden; left: 170px; top: 388px; width: 995.813px; height: 19px;\"><\/div>\n<div class=\"jfk-bubble gtx-bubble\" style=\"visibility: visible; left: -21px; top: 109px; opacity: 1;\" role=\"alertdialog\" aria-describedby=\"bubble-2\">\n<div id=\"bubble-2\" class=\"jfk-bubble-content-id\">\n<div id=\"gtx-host\" style=\"min-width: 200px; max-width: 400px;\"><\/div>\n<\/div>\n<div class=\"jfk-bubble-closebtn-id jfk-bubble-closebtn\" tabindex=\"0\" role=\"button\" aria-label=\"Close\"><\/div>\n<div class=\"jfk-bubble-arrow-id jfk-bubble-arrow jfk-bubble-arrowdown\" style=\"left: 658px;\">\n<div class=\"jfk-bubble-arrowimplbefore\"><\/div>\n<div class=\"jfk-bubble-arrowimplafter\"><\/div>\n<\/div>\n<\/div>\n<\/div>\n<p class=\"wpematico_credit\"><small>Powered by <a href=\"http:\/\/www.wpematico.com\" target=\"_blank\" rel=\"noopener noreferrer\">WPeMatico<\/a><\/small><\/p>\n ","protected":false},"excerpt":{"rendered":"<p>Dac\u0103 p\u00e2n\u0103 acum cele 70 de milioane de persoane surdo-mute existente \u00een \u00eentreaga lume depindeau de subtitr\u0103ri pentru a \u00een\u021belege filmele care \u00cel aveau \u00een centru pe Isus, dup\u0103 finalizarea proiectului condus de cei de la Deaf Mission ei vor beneficia de un film despre via\u021ba lui Isus \u00een limbajul mimico-gestual. Deaf Mission a pornit &hellip; <a href=\"https:\/\/adventistoltenia.ro\/site\/primul-film-despre-viata-lui-isus-in-limbajul-semnelor\/\">Continued<\/a><\/p>\n","protected":false},"author":2,"featured_media":0,"comment_status":"open","ping_status":"closed","sticky":false,"template":"","format":"standard","meta":[],"categories":[71],"tags":[],"yoast_head":"<!-- This site is optimized with the Yoast SEO plugin v20.3 - https:\/\/yoast.com\/wordpress\/plugins\/seo\/ -->\n<title>Primul film despre via\u021ba lui Isus \u00een limbajul semnelor - Conferinta Oltenia<\/title>\n<meta name=\"robots\" content=\"index, follow, max-snippet:-1, max-image-preview:large, max-video-preview:-1\" \/>\n<link rel=\"canonical\" href=\"https:\/\/adventistoltenia.ro\/site\/primul-film-despre-viata-lui-isus-in-limbajul-semnelor\/\" \/>\n<meta property=\"og:locale\" content=\"en_US\" \/>\n<meta property=\"og:type\" content=\"article\" \/>\n<meta property=\"og:title\" content=\"Primul film despre via\u021ba lui Isus \u00een limbajul semnelor - Conferinta Oltenia\" \/>\n<meta property=\"og:description\" content=\"Dac\u0103 p\u00e2n\u0103 acum cele 70 de milioane de persoane surdo-mute existente \u00een \u00eentreaga lume depindeau de subtitr\u0103ri pentru a \u00een\u021belege filmele care \u00cel aveau \u00een centru pe Isus, dup\u0103 finalizarea proiectului condus de cei de la Deaf Mission ei vor beneficia de un film despre via\u021ba lui Isus \u00een limbajul mimico-gestual. Deaf Mission a pornit &hellip; Continued\" \/>\n<meta property=\"og:url\" content=\"https:\/\/adventistoltenia.ro\/site\/primul-film-despre-viata-lui-isus-in-limbajul-semnelor\/\" \/>\n<meta property=\"og:site_name\" content=\"Conferinta Oltenia\" \/>\n<meta property=\"article:published_time\" content=\"2020-01-22T01:09:57+00:00\" \/>\n<meta name=\"author\" content=\"Conferinta Oltenia\" \/>\n<meta name=\"twitter:card\" content=\"summary_large_image\" \/>\n<meta name=\"twitter:label1\" content=\"Written by\" \/>\n\t<meta name=\"twitter:data1\" content=\"Conferinta Oltenia\" \/>\n\t<meta name=\"twitter:label2\" content=\"Est. reading time\" \/>\n\t<meta name=\"twitter:data2\" content=\"1 minute\" \/>\n<script type=\"application\/ld+json\" class=\"yoast-schema-graph\">{\"@context\":\"https:\/\/schema.org\",\"@graph\":[{\"@type\":\"WebPage\",\"@id\":\"https:\/\/adventistoltenia.ro\/site\/primul-film-despre-viata-lui-isus-in-limbajul-semnelor\/\",\"url\":\"https:\/\/adventistoltenia.ro\/site\/primul-film-despre-viata-lui-isus-in-limbajul-semnelor\/\",\"name\":\"Primul film despre via\u021ba lui Isus \u00een limbajul semnelor - Conferinta Oltenia\",\"isPartOf\":{\"@id\":\"https:\/\/adventistoltenia.ro\/site\/#website\"},\"datePublished\":\"2020-01-22T01:09:57+00:00\",\"dateModified\":\"2020-01-22T01:09:57+00:00\",\"author\":{\"@id\":\"https:\/\/adventistoltenia.ro\/site\/#\/schema\/person\/81972d6ddcec064fcb37a129240ef9d7\"},\"breadcrumb\":{\"@id\":\"https:\/\/adventistoltenia.ro\/site\/primul-film-despre-viata-lui-isus-in-limbajul-semnelor\/#breadcrumb\"},\"inLanguage\":\"en-US\",\"potentialAction\":[{\"@type\":\"ReadAction\",\"target\":[\"https:\/\/adventistoltenia.ro\/site\/primul-film-despre-viata-lui-isus-in-limbajul-semnelor\/\"]}]},{\"@type\":\"BreadcrumbList\",\"@id\":\"https:\/\/adventistoltenia.ro\/site\/primul-film-despre-viata-lui-isus-in-limbajul-semnelor\/#breadcrumb\",\"itemListElement\":[{\"@type\":\"ListItem\",\"position\":1,\"name\":\"Home\",\"item\":\"https:\/\/adventistoltenia.ro\/site\/\"},{\"@type\":\"ListItem\",\"position\":2,\"name\":\"Primul film despre via\u021ba lui Isus \u00een limbajul semnelor\"}]},{\"@type\":\"WebSite\",\"@id\":\"https:\/\/adventistoltenia.ro\/site\/#website\",\"url\":\"https:\/\/adventistoltenia.ro\/site\/\",\"name\":\"Conferinta Oltenia\",\"description\":\"Biserica Adventista de Ziua a Saptea\",\"potentialAction\":[{\"@type\":\"SearchAction\",\"target\":{\"@type\":\"EntryPoint\",\"urlTemplate\":\"https:\/\/adventistoltenia.ro\/site\/?s={search_term_string}\"},\"query-input\":\"required name=search_term_string\"}],\"inLanguage\":\"en-US\"},{\"@type\":\"Person\",\"@id\":\"https:\/\/adventistoltenia.ro\/site\/#\/schema\/person\/81972d6ddcec064fcb37a129240ef9d7\",\"name\":\"Conferinta Oltenia\",\"image\":{\"@type\":\"ImageObject\",\"inLanguage\":\"en-US\",\"@id\":\"https:\/\/adventistoltenia.ro\/site\/#\/schema\/person\/image\/\",\"url\":\"https:\/\/secure.gravatar.com\/avatar\/ebe92ec22e2e53a8eb79d6b52b724e27?s=96&d=mm&r=g\",\"contentUrl\":\"https:\/\/secure.gravatar.com\/avatar\/ebe92ec22e2e53a8eb79d6b52b724e27?s=96&d=mm&r=g\",\"caption\":\"Conferinta Oltenia\"},\"url\":\"https:\/\/adventistoltenia.ro\/site\/author\/adm1n\/\"}]}<\/script>\n<!-- \/ Yoast SEO plugin. -->","yoast_head_json":{"title":"Primul film despre via\u021ba lui Isus \u00een limbajul semnelor - Conferinta Oltenia","robots":{"index":"index","follow":"follow","max-snippet":"max-snippet:-1","max-image-preview":"max-image-preview:large","max-video-preview":"max-video-preview:-1"},"canonical":"https:\/\/adventistoltenia.ro\/site\/primul-film-despre-viata-lui-isus-in-limbajul-semnelor\/","og_locale":"en_US","og_type":"article","og_title":"Primul film despre via\u021ba lui Isus \u00een limbajul semnelor - Conferinta Oltenia","og_description":"Dac\u0103 p\u00e2n\u0103 acum cele 70 de milioane de persoane surdo-mute existente \u00een \u00eentreaga lume depindeau de subtitr\u0103ri pentru a \u00een\u021belege filmele care \u00cel aveau \u00een centru pe Isus, dup\u0103 finalizarea proiectului condus de cei de la Deaf Mission ei vor beneficia de un film despre via\u021ba lui Isus \u00een limbajul mimico-gestual. Deaf Mission a pornit &hellip; Continued","og_url":"https:\/\/adventistoltenia.ro\/site\/primul-film-despre-viata-lui-isus-in-limbajul-semnelor\/","og_site_name":"Conferinta Oltenia","article_published_time":"2020-01-22T01:09:57+00:00","author":"Conferinta Oltenia","twitter_card":"summary_large_image","twitter_misc":{"Written by":"Conferinta Oltenia","Est. reading time":"1 minute"},"schema":{"@context":"https:\/\/schema.org","@graph":[{"@type":"WebPage","@id":"https:\/\/adventistoltenia.ro\/site\/primul-film-despre-viata-lui-isus-in-limbajul-semnelor\/","url":"https:\/\/adventistoltenia.ro\/site\/primul-film-despre-viata-lui-isus-in-limbajul-semnelor\/","name":"Primul film despre via\u021ba lui Isus \u00een limbajul semnelor - Conferinta Oltenia","isPartOf":{"@id":"https:\/\/adventistoltenia.ro\/site\/#website"},"datePublished":"2020-01-22T01:09:57+00:00","dateModified":"2020-01-22T01:09:57+00:00","author":{"@id":"https:\/\/adventistoltenia.ro\/site\/#\/schema\/person\/81972d6ddcec064fcb37a129240ef9d7"},"breadcrumb":{"@id":"https:\/\/adventistoltenia.ro\/site\/primul-film-despre-viata-lui-isus-in-limbajul-semnelor\/#breadcrumb"},"inLanguage":"en-US","potentialAction":[{"@type":"ReadAction","target":["https:\/\/adventistoltenia.ro\/site\/primul-film-despre-viata-lui-isus-in-limbajul-semnelor\/"]}]},{"@type":"BreadcrumbList","@id":"https:\/\/adventistoltenia.ro\/site\/primul-film-despre-viata-lui-isus-in-limbajul-semnelor\/#breadcrumb","itemListElement":[{"@type":"ListItem","position":1,"name":"Home","item":"https:\/\/adventistoltenia.ro\/site\/"},{"@type":"ListItem","position":2,"name":"Primul film despre via\u021ba lui Isus \u00een limbajul semnelor"}]},{"@type":"WebSite","@id":"https:\/\/adventistoltenia.ro\/site\/#website","url":"https:\/\/adventistoltenia.ro\/site\/","name":"Conferinta Oltenia","description":"Biserica Adventista de Ziua a Saptea","potentialAction":[{"@type":"SearchAction","target":{"@type":"EntryPoint","urlTemplate":"https:\/\/adventistoltenia.ro\/site\/?s={search_term_string}"},"query-input":"required name=search_term_string"}],"inLanguage":"en-US"},{"@type":"Person","@id":"https:\/\/adventistoltenia.ro\/site\/#\/schema\/person\/81972d6ddcec064fcb37a129240ef9d7","name":"Conferinta Oltenia","image":{"@type":"ImageObject","inLanguage":"en-US","@id":"https:\/\/adventistoltenia.ro\/site\/#\/schema\/person\/image\/","url":"https:\/\/secure.gravatar.com\/avatar\/ebe92ec22e2e53a8eb79d6b52b724e27?s=96&d=mm&r=g","contentUrl":"https:\/\/secure.gravatar.com\/avatar\/ebe92ec22e2e53a8eb79d6b52b724e27?s=96&d=mm&r=g","caption":"Conferinta Oltenia"},"url":"https:\/\/adventistoltenia.ro\/site\/author\/adm1n\/"}]}},"_links":{"self":[{"href":"https:\/\/adventistoltenia.ro\/site\/wp-json\/wp\/v2\/posts\/3169"}],"collection":[{"href":"https:\/\/adventistoltenia.ro\/site\/wp-json\/wp\/v2\/posts"}],"about":[{"href":"https:\/\/adventistoltenia.ro\/site\/wp-json\/wp\/v2\/types\/post"}],"author":[{"embeddable":true,"href":"https:\/\/adventistoltenia.ro\/site\/wp-json\/wp\/v2\/users\/2"}],"replies":[{"embeddable":true,"href":"https:\/\/adventistoltenia.ro\/site\/wp-json\/wp\/v2\/comments?post=3169"}],"version-history":[{"count":0,"href":"https:\/\/adventistoltenia.ro\/site\/wp-json\/wp\/v2\/posts\/3169\/revisions"}],"wp:attachment":[{"href":"https:\/\/adventistoltenia.ro\/site\/wp-json\/wp\/v2\/media?parent=3169"}],"wp:term":[{"taxonomy":"category","embeddable":true,"href":"https:\/\/adventistoltenia.ro\/site\/wp-json\/wp\/v2\/categories?post=3169"},{"taxonomy":"post_tag","embeddable":true,"href":"https:\/\/adventistoltenia.ro\/site\/wp-json\/wp\/v2\/tags?post=3169"}],"curies":[{"name":"wp","href":"https:\/\/api.w.org\/{rel}","templated":true}]}}