{"id":3170,"date":"2020-01-22T01:09:57","date_gmt":"2020-01-22T01:09:57","guid":{"rendered":"http:\/\/adventistoltenia.ro\/site\/pozitia-bisericii-adventiste-de-ziua-a-saptea-cu-privire-la-incinerare\/"},"modified":"2020-01-22T01:09:57","modified_gmt":"2020-01-22T01:09:57","slug":"pozitia-bisericii-adventiste-de-ziua-a-saptea-cu-privire-la-incinerare","status":"publish","type":"post","link":"https:\/\/adventistoltenia.ro\/site\/pozitia-bisericii-adventiste-de-ziua-a-saptea-cu-privire-la-incinerare\/","title":{"rendered":"Pozi\u021bia Bisericii Adventiste de Ziua a \u0218aptea cu privire la incinerare"},"content":{"rendered":"<div>\n<p>In contextul ultimelor discu\u021bii despre modul \u00een care \u0219i-a \u00eencheiat c\u0103l\u0103toria pe acest p\u0103m\u00e2nt jurnalista Cristina \u021aopescu, dar \u0219i \u00een urma mai multor articole de presa care au analizat ideea de incinerare, Biserica Adventist\u0103 de Ziua a \u0218aptea dore\u0219te s\u0103-\u0219i fac\u0103 cunoscut punctul de vedere.<\/p>\n<p>Este important de precizat de la \u00eenceput, faptul c\u0103 Adventi\u0219tii de Ziua a Saptea nu au luat niciodat\u0103 o pozi\u021bie legat\u0103 de incinerare pentru c\u0103 modul cum \u00een\u021belegem noi moartea \u0219i \u00eenvierea face problematica aceasta f\u0103r\u0103 importan\u021b\u0103 major\u0103.<br \/>\nDumnezeu care ne-a creat este la fel de capabil s\u0103 ne creeze din nou din cenu\u0219a inciner\u0103rii sau din \u021b\u0103r\u00e2na care rezult\u0103 din putrezirea noastr\u0103. Toate lucrurile organice se \u00eentorc la elementele de baz\u0103, singura diferen\u021b\u0103 fiind c\u00e2t timp le ia s\u0103 ajung\u0103 la forma de baz\u0103. De fapt noi nu sus\u021binem c\u0103 la \u00eenviere noua persoan\u0103 va fi format\u0103 din aceia\u0219i atomi din care fusese format\u0103 anterior. Dispersia atomilor \u0219i reformarea lor \u00een persoan\u0103 nu este o problem\u0103 de reaasamblare a atomilor ci o expresie a puterii creatoare a lui Dumnezeu. \u0218tim de asemenea c\u0103 orice persoan\u0103 vie este un circuit de atomi noi care se formeaz\u0103 \u0219i atomi vechi ce se \u00eempr\u0103\u0219tie, a\u0219a c\u0103, la o scar\u0103 mai mare, orice persoan\u0103 va fi compus\u0103 \u00een 10 ani dintr-o nou\u0103 serie de atomi. Persoana r\u0103m\u00e2ne \u00een mintea lui Dumnezeu, \u0219i prin puterea lui creatoare, El o va reface a\u0219a cum dore\u0219te El, cu un nou trup neatins de puterea p\u0103catului.<\/p>\n<p>Unii folosesc textul din Amos 2:1 pentru a se opune practicii inciner\u0103rii. Profetul afirm\u0103 c\u0103 Dumnezeu este sup\u0103rat pe Moab: \u201epentru c\u0103 a ars, a ars p\u00e2n\u0103 le-a f\u0103cut var, oasele \u00eemp\u0103ratului Edomului.\u201d Cea mai importatnt\u0103 problem\u0103 de interpretare este \u00een text fraza: p\u00e2n\u0103 a f\u0103cut var, care \u00een ebraic\u0103 se citeste literal: spre var. Substantivul sid nu \u00eenseamn\u0103 cenu\u0219\u0103 ci var. Varul era folosit s\u0103 uneasc\u0103 zidurile \u0219i piatra. Unii au sugerat c\u0103 \u00een acest caz particular oasele au fost arse, sau calcifiate pentru a se ob\u021bine var. Oricum ar fi, este clar c\u0103 Moab este condamnat pentru c\u0103 a tratat inuman r\u0103m\u0103\u0219i\u021bele omene\u0219ti. De aceea profetul condamn\u0103 un act de ur\u0103 \u0219i r\u0103zbunare sever\u0103 ce a rezultat \u00een desconsiderarea demnit\u0103\u021bii umane. Aceasta nu ar fi ceea ce numim noi incinerare. Incinerarea, vorbind corespunz\u0103tor, ar putea fi un act de pio\u0219enie. 1 Sam 31:11-13 relateaz\u0103 cum izraeli\u021bii au luat trupul lui Saul \u0219i al fiilor lui, de pe zidul Bet\u0219ean \u0219i le-au dus la Iabe\u0219, unde le-au ars. Acesta nu a fost un act de r\u0103zbunare, ci un mod corespunz\u0103tor de a \u00eenl\u0103tura corpurile umane.<\/p>\n<p>Biserica Adventist\u0103 de Ziua a \u0218aptea admite \u0219i recunoa\u0219te faptul c\u0103 pentru unele persoane problema \u00eengrop\u0103rii, \u00een loc de incinerare este important\u0103. Ei spun despre incinerare c\u0103 este practicat\u0103 \u00een \u021b\u0103rile p\u0103g\u00e2ne ca India \u0219i China. Ca o problem\u0103 obiectiv\u0103 aceste vaste t\u0103ri suprapopoulate, cu mult timp \u00een urm\u0103 s-au confruntat cu ocuparea rarelor teritorii fertile de c\u0103tre cimitire, \u00eencorpor\u00e2nd \u00een religia lor o tradi\u021bie a arderii, aceasta fiind explicat\u0103 \u00een termenii purific\u0103rii de c\u0103tre puterea focului. \u0218tiin\u021bific vedem avantaje \u00een prevenirea infec\u021biilor. De cele mai multe ori moartea are loc \u00een prezen\u021ba unei boli grave, \u0219i \u00een cele mai multe \u021b\u0103ri p\u0103g\u00e2ne moartea survine din boli infec\u021bioase, nu din cauza condi\u021biilor degenerative ce ne \u00eemboln\u0103vesc pe noi ceri care locuim \u00een zone dezvoltate. Binen\u021beles c\u0103 nu avem nici un interes \u00een practicile p\u0103g\u00e2ne, de dragul lor, dar c\u00e2nd c\u00e2nt\u0103rim prin \u00een\u021belegerea noastr\u0103 a felului cum Dumnezeu lucreaz\u0103, ceva ca incinerarea nu creaz\u0103 nici un fel de probleme.<\/p>\n<p>Este adev\u0103rat c\u0103 \u00een tradi\u021bia iudaic\u0103 mor\u021bii \u00eentotdeauna erau \u00eengropa\u021bi, un obicei scris \u00een canonul catolic de lege \u0219i \u00een felul acesta perpetuat \u00een comunitatea cre\u0219tin\u0103.<\/p>\n<p>Ast\u0103zi aproximativ jum\u0103tate din cei deceda\u021bi din Statele Unite sunt incinera\u021bi, op\u021biune generat\u0103 de costurile mai mici pe care le implic\u0103. Incinerarea poate costa doar 10 % din tot ceea ce presupune un \u00eentreg serviciu de \u00eenmorm\u00e2ntare. Noi permitem fiec\u0103rui membru s\u0103 urmeze con\u0219tiin\u021ba \u00een aceast\u0103 problem\u0103, \u0219i din motivele men\u021bionate mai sus, biserica nu a luat nici o pozi\u021bie \u00een direc\u021bia aceasta.<\/p>\n<\/div>\n<p class=\"wpematico_credit\"><small>Powered by <a href=\"http:\/\/www.wpematico.com\" target=\"_blank\" rel=\"noopener noreferrer\">WPeMatico<\/a><\/small><\/p>\n ","protected":false},"excerpt":{"rendered":"<p>In contextul ultimelor discu\u021bii despre modul \u00een care \u0219i-a \u00eencheiat c\u0103l\u0103toria pe acest p\u0103m\u00e2nt jurnalista Cristina \u021aopescu, dar \u0219i \u00een urma mai multor articole de presa care au analizat ideea de incinerare, Biserica Adventist\u0103 de Ziua a \u0218aptea dore\u0219te s\u0103-\u0219i fac\u0103 cunoscut punctul de vedere. Este important de precizat de la \u00eenceput, faptul c\u0103 Adventi\u0219tii &hellip; <a href=\"https:\/\/adventistoltenia.ro\/site\/pozitia-bisericii-adventiste-de-ziua-a-saptea-cu-privire-la-incinerare\/\">Continued<\/a><\/p>\n","protected":false},"author":2,"featured_media":0,"comment_status":"open","ping_status":"closed","sticky":false,"template":"","format":"standard","meta":[],"categories":[71],"tags":[],"yoast_head":"<!-- This site is optimized with the Yoast SEO plugin v20.3 - https:\/\/yoast.com\/wordpress\/plugins\/seo\/ -->\n<title>Pozi\u021bia Bisericii Adventiste de Ziua a \u0218aptea cu privire la incinerare - Conferinta Oltenia<\/title>\n<meta name=\"robots\" content=\"index, follow, max-snippet:-1, max-image-preview:large, max-video-preview:-1\" \/>\n<link rel=\"canonical\" href=\"https:\/\/adventistoltenia.ro\/site\/pozitia-bisericii-adventiste-de-ziua-a-saptea-cu-privire-la-incinerare\/\" \/>\n<meta property=\"og:locale\" content=\"en_US\" \/>\n<meta property=\"og:type\" content=\"article\" \/>\n<meta property=\"og:title\" content=\"Pozi\u021bia Bisericii Adventiste de Ziua a \u0218aptea cu privire la incinerare - Conferinta Oltenia\" \/>\n<meta property=\"og:description\" content=\"In contextul ultimelor discu\u021bii despre modul \u00een care \u0219i-a \u00eencheiat c\u0103l\u0103toria pe acest p\u0103m\u00e2nt jurnalista Cristina \u021aopescu, dar \u0219i \u00een urma mai multor articole de presa care au analizat ideea de incinerare, Biserica Adventist\u0103 de Ziua a \u0218aptea dore\u0219te s\u0103-\u0219i fac\u0103 cunoscut punctul de vedere. Este important de precizat de la \u00eenceput, faptul c\u0103 Adventi\u0219tii &hellip; Continued\" \/>\n<meta property=\"og:url\" content=\"https:\/\/adventistoltenia.ro\/site\/pozitia-bisericii-adventiste-de-ziua-a-saptea-cu-privire-la-incinerare\/\" \/>\n<meta property=\"og:site_name\" content=\"Conferinta Oltenia\" \/>\n<meta property=\"article:published_time\" content=\"2020-01-22T01:09:57+00:00\" \/>\n<meta name=\"author\" content=\"Conferinta Oltenia\" \/>\n<meta name=\"twitter:card\" content=\"summary_large_image\" \/>\n<meta name=\"twitter:label1\" content=\"Written by\" \/>\n\t<meta name=\"twitter:data1\" content=\"Conferinta Oltenia\" \/>\n\t<meta name=\"twitter:label2\" content=\"Est. reading time\" \/>\n\t<meta name=\"twitter:data2\" content=\"4 minutes\" \/>\n<script type=\"application\/ld+json\" class=\"yoast-schema-graph\">{\"@context\":\"https:\/\/schema.org\",\"@graph\":[{\"@type\":\"WebPage\",\"@id\":\"https:\/\/adventistoltenia.ro\/site\/pozitia-bisericii-adventiste-de-ziua-a-saptea-cu-privire-la-incinerare\/\",\"url\":\"https:\/\/adventistoltenia.ro\/site\/pozitia-bisericii-adventiste-de-ziua-a-saptea-cu-privire-la-incinerare\/\",\"name\":\"Pozi\u021bia Bisericii Adventiste de Ziua a \u0218aptea cu privire la incinerare - Conferinta Oltenia\",\"isPartOf\":{\"@id\":\"https:\/\/adventistoltenia.ro\/site\/#website\"},\"datePublished\":\"2020-01-22T01:09:57+00:00\",\"dateModified\":\"2020-01-22T01:09:57+00:00\",\"author\":{\"@id\":\"https:\/\/adventistoltenia.ro\/site\/#\/schema\/person\/81972d6ddcec064fcb37a129240ef9d7\"},\"breadcrumb\":{\"@id\":\"https:\/\/adventistoltenia.ro\/site\/pozitia-bisericii-adventiste-de-ziua-a-saptea-cu-privire-la-incinerare\/#breadcrumb\"},\"inLanguage\":\"en-US\",\"potentialAction\":[{\"@type\":\"ReadAction\",\"target\":[\"https:\/\/adventistoltenia.ro\/site\/pozitia-bisericii-adventiste-de-ziua-a-saptea-cu-privire-la-incinerare\/\"]}]},{\"@type\":\"BreadcrumbList\",\"@id\":\"https:\/\/adventistoltenia.ro\/site\/pozitia-bisericii-adventiste-de-ziua-a-saptea-cu-privire-la-incinerare\/#breadcrumb\",\"itemListElement\":[{\"@type\":\"ListItem\",\"position\":1,\"name\":\"Home\",\"item\":\"https:\/\/adventistoltenia.ro\/site\/\"},{\"@type\":\"ListItem\",\"position\":2,\"name\":\"Pozi\u021bia Bisericii Adventiste de Ziua a \u0218aptea cu privire la incinerare\"}]},{\"@type\":\"WebSite\",\"@id\":\"https:\/\/adventistoltenia.ro\/site\/#website\",\"url\":\"https:\/\/adventistoltenia.ro\/site\/\",\"name\":\"Conferinta Oltenia\",\"description\":\"Biserica Adventista de Ziua a Saptea\",\"potentialAction\":[{\"@type\":\"SearchAction\",\"target\":{\"@type\":\"EntryPoint\",\"urlTemplate\":\"https:\/\/adventistoltenia.ro\/site\/?s={search_term_string}\"},\"query-input\":\"required name=search_term_string\"}],\"inLanguage\":\"en-US\"},{\"@type\":\"Person\",\"@id\":\"https:\/\/adventistoltenia.ro\/site\/#\/schema\/person\/81972d6ddcec064fcb37a129240ef9d7\",\"name\":\"Conferinta Oltenia\",\"image\":{\"@type\":\"ImageObject\",\"inLanguage\":\"en-US\",\"@id\":\"https:\/\/adventistoltenia.ro\/site\/#\/schema\/person\/image\/\",\"url\":\"https:\/\/secure.gravatar.com\/avatar\/ebe92ec22e2e53a8eb79d6b52b724e27?s=96&d=mm&r=g\",\"contentUrl\":\"https:\/\/secure.gravatar.com\/avatar\/ebe92ec22e2e53a8eb79d6b52b724e27?s=96&d=mm&r=g\",\"caption\":\"Conferinta Oltenia\"},\"url\":\"https:\/\/adventistoltenia.ro\/site\/author\/adm1n\/\"}]}<\/script>\n<!-- \/ Yoast SEO plugin. -->","yoast_head_json":{"title":"Pozi\u021bia Bisericii Adventiste de Ziua a \u0218aptea cu privire la incinerare - Conferinta Oltenia","robots":{"index":"index","follow":"follow","max-snippet":"max-snippet:-1","max-image-preview":"max-image-preview:large","max-video-preview":"max-video-preview:-1"},"canonical":"https:\/\/adventistoltenia.ro\/site\/pozitia-bisericii-adventiste-de-ziua-a-saptea-cu-privire-la-incinerare\/","og_locale":"en_US","og_type":"article","og_title":"Pozi\u021bia Bisericii Adventiste de Ziua a \u0218aptea cu privire la incinerare - Conferinta Oltenia","og_description":"In contextul ultimelor discu\u021bii despre modul \u00een care \u0219i-a \u00eencheiat c\u0103l\u0103toria pe acest p\u0103m\u00e2nt jurnalista Cristina \u021aopescu, dar \u0219i \u00een urma mai multor articole de presa care au analizat ideea de incinerare, Biserica Adventist\u0103 de Ziua a \u0218aptea dore\u0219te s\u0103-\u0219i fac\u0103 cunoscut punctul de vedere. Este important de precizat de la \u00eenceput, faptul c\u0103 Adventi\u0219tii &hellip; Continued","og_url":"https:\/\/adventistoltenia.ro\/site\/pozitia-bisericii-adventiste-de-ziua-a-saptea-cu-privire-la-incinerare\/","og_site_name":"Conferinta Oltenia","article_published_time":"2020-01-22T01:09:57+00:00","author":"Conferinta Oltenia","twitter_card":"summary_large_image","twitter_misc":{"Written by":"Conferinta Oltenia","Est. reading time":"4 minutes"},"schema":{"@context":"https:\/\/schema.org","@graph":[{"@type":"WebPage","@id":"https:\/\/adventistoltenia.ro\/site\/pozitia-bisericii-adventiste-de-ziua-a-saptea-cu-privire-la-incinerare\/","url":"https:\/\/adventistoltenia.ro\/site\/pozitia-bisericii-adventiste-de-ziua-a-saptea-cu-privire-la-incinerare\/","name":"Pozi\u021bia Bisericii Adventiste de Ziua a \u0218aptea cu privire la incinerare - Conferinta Oltenia","isPartOf":{"@id":"https:\/\/adventistoltenia.ro\/site\/#website"},"datePublished":"2020-01-22T01:09:57+00:00","dateModified":"2020-01-22T01:09:57+00:00","author":{"@id":"https:\/\/adventistoltenia.ro\/site\/#\/schema\/person\/81972d6ddcec064fcb37a129240ef9d7"},"breadcrumb":{"@id":"https:\/\/adventistoltenia.ro\/site\/pozitia-bisericii-adventiste-de-ziua-a-saptea-cu-privire-la-incinerare\/#breadcrumb"},"inLanguage":"en-US","potentialAction":[{"@type":"ReadAction","target":["https:\/\/adventistoltenia.ro\/site\/pozitia-bisericii-adventiste-de-ziua-a-saptea-cu-privire-la-incinerare\/"]}]},{"@type":"BreadcrumbList","@id":"https:\/\/adventistoltenia.ro\/site\/pozitia-bisericii-adventiste-de-ziua-a-saptea-cu-privire-la-incinerare\/#breadcrumb","itemListElement":[{"@type":"ListItem","position":1,"name":"Home","item":"https:\/\/adventistoltenia.ro\/site\/"},{"@type":"ListItem","position":2,"name":"Pozi\u021bia Bisericii Adventiste de Ziua a \u0218aptea cu privire la incinerare"}]},{"@type":"WebSite","@id":"https:\/\/adventistoltenia.ro\/site\/#website","url":"https:\/\/adventistoltenia.ro\/site\/","name":"Conferinta Oltenia","description":"Biserica Adventista de Ziua a Saptea","potentialAction":[{"@type":"SearchAction","target":{"@type":"EntryPoint","urlTemplate":"https:\/\/adventistoltenia.ro\/site\/?s={search_term_string}"},"query-input":"required name=search_term_string"}],"inLanguage":"en-US"},{"@type":"Person","@id":"https:\/\/adventistoltenia.ro\/site\/#\/schema\/person\/81972d6ddcec064fcb37a129240ef9d7","name":"Conferinta Oltenia","image":{"@type":"ImageObject","inLanguage":"en-US","@id":"https:\/\/adventistoltenia.ro\/site\/#\/schema\/person\/image\/","url":"https:\/\/secure.gravatar.com\/avatar\/ebe92ec22e2e53a8eb79d6b52b724e27?s=96&d=mm&r=g","contentUrl":"https:\/\/secure.gravatar.com\/avatar\/ebe92ec22e2e53a8eb79d6b52b724e27?s=96&d=mm&r=g","caption":"Conferinta Oltenia"},"url":"https:\/\/adventistoltenia.ro\/site\/author\/adm1n\/"}]}},"_links":{"self":[{"href":"https:\/\/adventistoltenia.ro\/site\/wp-json\/wp\/v2\/posts\/3170"}],"collection":[{"href":"https:\/\/adventistoltenia.ro\/site\/wp-json\/wp\/v2\/posts"}],"about":[{"href":"https:\/\/adventistoltenia.ro\/site\/wp-json\/wp\/v2\/types\/post"}],"author":[{"embeddable":true,"href":"https:\/\/adventistoltenia.ro\/site\/wp-json\/wp\/v2\/users\/2"}],"replies":[{"embeddable":true,"href":"https:\/\/adventistoltenia.ro\/site\/wp-json\/wp\/v2\/comments?post=3170"}],"version-history":[{"count":0,"href":"https:\/\/adventistoltenia.ro\/site\/wp-json\/wp\/v2\/posts\/3170\/revisions"}],"wp:attachment":[{"href":"https:\/\/adventistoltenia.ro\/site\/wp-json\/wp\/v2\/media?parent=3170"}],"wp:term":[{"taxonomy":"category","embeddable":true,"href":"https:\/\/adventistoltenia.ro\/site\/wp-json\/wp\/v2\/categories?post=3170"},{"taxonomy":"post_tag","embeddable":true,"href":"https:\/\/adventistoltenia.ro\/site\/wp-json\/wp\/v2\/tags?post=3170"}],"curies":[{"name":"wp","href":"https:\/\/api.w.org\/{rel}","templated":true}]}}