{"id":3171,"date":"2020-01-23T01:10:24","date_gmt":"2020-01-23T01:10:24","guid":{"rendered":"http:\/\/adventistoltenia.ro\/site\/momente-de-recunostinta-la-spitalul-adventist-din-haiti-dupa-10-ani-de-la-cutremur\/"},"modified":"2020-01-23T01:10:24","modified_gmt":"2020-01-23T01:10:24","slug":"momente-de-recunostinta-la-spitalul-adventist-din-haiti-dupa-10-ani-de-la-cutremur","status":"publish","type":"post","link":"https:\/\/adventistoltenia.ro\/site\/momente-de-recunostinta-la-spitalul-adventist-din-haiti-dupa-10-ani-de-la-cutremur\/","title":{"rendered":"Momente de recuno\u0219tin\u021b\u0103 la Spitalul Adventist din Haiti, dup\u0103 10 ani de la cutremur"},"content":{"rendered":"<div>\n<p>La 10 ani de la cutremurul care a zguduit puternic Port-au-Prince din Haiti \u0219i care a distrus vie\u021bile \u0219i propriet\u0103\u021bile multor persoane, Biserica Adventist\u0103 de Ziua a \u0218aptea celebreaz\u0103 via\u021ba \u0219i mul\u021bume\u0219te lui Dumnezeu pentru bun\u0103tatea de care a dat dovad\u0103.<\/p>\n<p>Liderii Bisericii Adventiste de Ziua a \u0218aptea din Haiti, ai Universit\u0103\u021bii Loma Linda \u0219i ai Adventist Health International s-au adunat \u00een curtea Spitalului Adventist din Haiti (H\u00f4pital Adventiste d\u2019Haiti) pentru a aniversa 10 ani de la momentul dureros prin care Haiti a trecut \u00een data de 12 Ianuarie 2010. La acest eveniment au fost prezentate \u0219i planurile de extindere ale spitalului care vor ajuta la oferirea de servicii calitative de s\u0103n\u0103tate pentru comunitatea local\u0103 \u0219i pentru \u00eentreaga na\u021biune.<\/p>\n<p>Prezent la acest eveniment, Pierre Caporal, pre\u0219edintele Bisericii Adventiste de Ziua a \u0218aptea din Haiti, afirma: <em>\u201eCei care au suferit mult au reu\u0219it s\u0103 se dezvolte \u00een ciuda acestor zece ani \u00een care Haiti a trecut prin diferite situa\u021bii nepl\u0103cute. Ca biseric\u0103, putem s\u0103-L l\u0103ud\u0103m pe Dumnezeu pentru harul S\u0103u \u0219i, \u00een special, pentru calitatea serviciilor pe care spitalul le-a oferit oamenilor din Haiti.\u201d<\/em><\/p>\n<p>Richard Hart, pre\u0219edintele Universit\u0103\u021bii Loma Linda a ad\u0103ugat: <em>\u201eDescoperim c\u0103 o tragedie s-a transformat \u00eentr-un succes, \u0219i c\u0103 dintr-o durere am adus glorie lui Dumnezeu!\u201d<\/em> Acesta a continuat afirm\u00e2nd c\u0103 <em>\u201e\u00een timp ce amintirea trecutului ne doare, trebuie s\u0103 privim spre viitor. Astfel sunt f\u0103cute planuri pentru a \u00eent\u0103ri spitalul prin trimiterea de personal medical aici, prin \u00eembun\u0103t\u0103\u021birea echipamentului \u0219i prin restructurarea cl\u0103dirii.\u201d<\/em> Printre ultimele \u00eembun\u0103t\u0103\u021biri ale spitalului se num\u0103r\u0103 noile s\u0103li de opera\u021bie, un laborator clinic \u0219i dezvoltarea UPU.<\/p>\n<p>La evenimentul organizat au participat \u0219i oficialit\u0103\u021bile unit\u0103\u021bii teritorial-administrative \u00een care se afl\u0103 spitalul. Acestea au l\u0103udat eforturile pe care personalul medical le-au f\u0103cut \u00een ajutorarea celor afecta\u021bi de cutremur \u0219i \u00een tratarea pacien\u021bilor.<\/p>\n<p><em>\u201eFace\u021bi at\u00e2t de mult pentru comunitate. Continua\u021bi s\u0103 oferi\u021bi servicii de calitate! Nu v\u0103 opri\u021bi!\u201d<\/em> \u00eendemna Harry Jean, reprezentantul din partea biroului primarului din Carrefour.<\/p>\n<p>S\u0103 nu uit\u0103m s\u0103 amintim \u00een rug\u0103ciunile noastre personalul administrativ \u0219i medical al Spitalului Adventist din Haiti!<\/p>\n<p><em>Autor: Elisei Florea<\/em><\/p>\n<p><em>Surs\u0103 \u0218tire &#038; Imagine: <a href=\"https:\/\/www.adventistreview.org\/church-news\/story14421-in-haiti-adventist-hospital-celebrates-blessings-10-years-after-earthquake\">https:\/\/www.adventistreview.org\/church-news\/story14421-in-haiti-adventist-hospital-celebrates-blessings-10-years-after-earthquake<\/a><\/em><\/p>\n<\/div>\n<p class=\"wpematico_credit\"><small>Powered by <a href=\"http:\/\/www.wpematico.com\" target=\"_blank\" rel=\"noopener noreferrer\">WPeMatico<\/a><\/small><\/p>\n ","protected":false},"excerpt":{"rendered":"<p>La 10 ani de la cutremurul care a zguduit puternic Port-au-Prince din Haiti \u0219i care a distrus vie\u021bile \u0219i propriet\u0103\u021bile multor persoane, Biserica Adventist\u0103 de Ziua a \u0218aptea celebreaz\u0103 via\u021ba \u0219i mul\u021bume\u0219te lui Dumnezeu pentru bun\u0103tatea de care a dat dovad\u0103. Liderii Bisericii Adventiste de Ziua a \u0218aptea din Haiti, ai Universit\u0103\u021bii Loma Linda \u0219i &hellip; <a href=\"https:\/\/adventistoltenia.ro\/site\/momente-de-recunostinta-la-spitalul-adventist-din-haiti-dupa-10-ani-de-la-cutremur\/\">Continued<\/a><\/p>\n","protected":false},"author":2,"featured_media":0,"comment_status":"open","ping_status":"closed","sticky":false,"template":"","format":"standard","meta":[],"categories":[71],"tags":[],"yoast_head":"<!-- This site is optimized with the Yoast SEO plugin v20.3 - https:\/\/yoast.com\/wordpress\/plugins\/seo\/ -->\n<title>Momente de recuno\u0219tin\u021b\u0103 la Spitalul Adventist din Haiti, dup\u0103 10 ani de la cutremur - Conferinta Oltenia<\/title>\n<meta name=\"robots\" content=\"index, follow, max-snippet:-1, max-image-preview:large, max-video-preview:-1\" \/>\n<link rel=\"canonical\" href=\"https:\/\/adventistoltenia.ro\/site\/momente-de-recunostinta-la-spitalul-adventist-din-haiti-dupa-10-ani-de-la-cutremur\/\" \/>\n<meta property=\"og:locale\" content=\"en_US\" \/>\n<meta property=\"og:type\" content=\"article\" \/>\n<meta property=\"og:title\" content=\"Momente de recuno\u0219tin\u021b\u0103 la Spitalul Adventist din Haiti, dup\u0103 10 ani de la cutremur - Conferinta Oltenia\" \/>\n<meta property=\"og:description\" content=\"La 10 ani de la cutremurul care a zguduit puternic Port-au-Prince din Haiti \u0219i care a distrus vie\u021bile \u0219i propriet\u0103\u021bile multor persoane, Biserica Adventist\u0103 de Ziua a \u0218aptea celebreaz\u0103 via\u021ba \u0219i mul\u021bume\u0219te lui Dumnezeu pentru bun\u0103tatea de care a dat dovad\u0103. Liderii Bisericii Adventiste de Ziua a \u0218aptea din Haiti, ai Universit\u0103\u021bii Loma Linda \u0219i &hellip; Continued\" \/>\n<meta property=\"og:url\" content=\"https:\/\/adventistoltenia.ro\/site\/momente-de-recunostinta-la-spitalul-adventist-din-haiti-dupa-10-ani-de-la-cutremur\/\" \/>\n<meta property=\"og:site_name\" content=\"Conferinta Oltenia\" \/>\n<meta property=\"article:published_time\" content=\"2020-01-23T01:10:24+00:00\" \/>\n<meta name=\"author\" content=\"Conferinta Oltenia\" \/>\n<meta name=\"twitter:card\" content=\"summary_large_image\" \/>\n<meta name=\"twitter:label1\" content=\"Written by\" \/>\n\t<meta name=\"twitter:data1\" content=\"Conferinta Oltenia\" \/>\n\t<meta name=\"twitter:label2\" content=\"Est. reading time\" \/>\n\t<meta name=\"twitter:data2\" content=\"2 minutes\" \/>\n<script type=\"application\/ld+json\" class=\"yoast-schema-graph\">{\"@context\":\"https:\/\/schema.org\",\"@graph\":[{\"@type\":\"WebPage\",\"@id\":\"https:\/\/adventistoltenia.ro\/site\/momente-de-recunostinta-la-spitalul-adventist-din-haiti-dupa-10-ani-de-la-cutremur\/\",\"url\":\"https:\/\/adventistoltenia.ro\/site\/momente-de-recunostinta-la-spitalul-adventist-din-haiti-dupa-10-ani-de-la-cutremur\/\",\"name\":\"Momente de recuno\u0219tin\u021b\u0103 la Spitalul Adventist din Haiti, dup\u0103 10 ani de la cutremur - Conferinta Oltenia\",\"isPartOf\":{\"@id\":\"https:\/\/adventistoltenia.ro\/site\/#website\"},\"datePublished\":\"2020-01-23T01:10:24+00:00\",\"dateModified\":\"2020-01-23T01:10:24+00:00\",\"author\":{\"@id\":\"https:\/\/adventistoltenia.ro\/site\/#\/schema\/person\/81972d6ddcec064fcb37a129240ef9d7\"},\"breadcrumb\":{\"@id\":\"https:\/\/adventistoltenia.ro\/site\/momente-de-recunostinta-la-spitalul-adventist-din-haiti-dupa-10-ani-de-la-cutremur\/#breadcrumb\"},\"inLanguage\":\"en-US\",\"potentialAction\":[{\"@type\":\"ReadAction\",\"target\":[\"https:\/\/adventistoltenia.ro\/site\/momente-de-recunostinta-la-spitalul-adventist-din-haiti-dupa-10-ani-de-la-cutremur\/\"]}]},{\"@type\":\"BreadcrumbList\",\"@id\":\"https:\/\/adventistoltenia.ro\/site\/momente-de-recunostinta-la-spitalul-adventist-din-haiti-dupa-10-ani-de-la-cutremur\/#breadcrumb\",\"itemListElement\":[{\"@type\":\"ListItem\",\"position\":1,\"name\":\"Home\",\"item\":\"https:\/\/adventistoltenia.ro\/site\/\"},{\"@type\":\"ListItem\",\"position\":2,\"name\":\"Momente de recuno\u0219tin\u021b\u0103 la Spitalul Adventist din Haiti, dup\u0103 10 ani de la cutremur\"}]},{\"@type\":\"WebSite\",\"@id\":\"https:\/\/adventistoltenia.ro\/site\/#website\",\"url\":\"https:\/\/adventistoltenia.ro\/site\/\",\"name\":\"Conferinta Oltenia\",\"description\":\"Biserica Adventista de Ziua a Saptea\",\"potentialAction\":[{\"@type\":\"SearchAction\",\"target\":{\"@type\":\"EntryPoint\",\"urlTemplate\":\"https:\/\/adventistoltenia.ro\/site\/?s={search_term_string}\"},\"query-input\":\"required name=search_term_string\"}],\"inLanguage\":\"en-US\"},{\"@type\":\"Person\",\"@id\":\"https:\/\/adventistoltenia.ro\/site\/#\/schema\/person\/81972d6ddcec064fcb37a129240ef9d7\",\"name\":\"Conferinta Oltenia\",\"image\":{\"@type\":\"ImageObject\",\"inLanguage\":\"en-US\",\"@id\":\"https:\/\/adventistoltenia.ro\/site\/#\/schema\/person\/image\/\",\"url\":\"https:\/\/secure.gravatar.com\/avatar\/ebe92ec22e2e53a8eb79d6b52b724e27?s=96&d=mm&r=g\",\"contentUrl\":\"https:\/\/secure.gravatar.com\/avatar\/ebe92ec22e2e53a8eb79d6b52b724e27?s=96&d=mm&r=g\",\"caption\":\"Conferinta Oltenia\"},\"url\":\"https:\/\/adventistoltenia.ro\/site\/author\/adm1n\/\"}]}<\/script>\n<!-- \/ Yoast SEO plugin. -->","yoast_head_json":{"title":"Momente de recuno\u0219tin\u021b\u0103 la Spitalul Adventist din Haiti, dup\u0103 10 ani de la cutremur - Conferinta Oltenia","robots":{"index":"index","follow":"follow","max-snippet":"max-snippet:-1","max-image-preview":"max-image-preview:large","max-video-preview":"max-video-preview:-1"},"canonical":"https:\/\/adventistoltenia.ro\/site\/momente-de-recunostinta-la-spitalul-adventist-din-haiti-dupa-10-ani-de-la-cutremur\/","og_locale":"en_US","og_type":"article","og_title":"Momente de recuno\u0219tin\u021b\u0103 la Spitalul Adventist din Haiti, dup\u0103 10 ani de la cutremur - Conferinta Oltenia","og_description":"La 10 ani de la cutremurul care a zguduit puternic Port-au-Prince din Haiti \u0219i care a distrus vie\u021bile \u0219i propriet\u0103\u021bile multor persoane, Biserica Adventist\u0103 de Ziua a \u0218aptea celebreaz\u0103 via\u021ba \u0219i mul\u021bume\u0219te lui Dumnezeu pentru bun\u0103tatea de care a dat dovad\u0103. Liderii Bisericii Adventiste de Ziua a \u0218aptea din Haiti, ai Universit\u0103\u021bii Loma Linda \u0219i &hellip; Continued","og_url":"https:\/\/adventistoltenia.ro\/site\/momente-de-recunostinta-la-spitalul-adventist-din-haiti-dupa-10-ani-de-la-cutremur\/","og_site_name":"Conferinta Oltenia","article_published_time":"2020-01-23T01:10:24+00:00","author":"Conferinta Oltenia","twitter_card":"summary_large_image","twitter_misc":{"Written by":"Conferinta Oltenia","Est. reading time":"2 minutes"},"schema":{"@context":"https:\/\/schema.org","@graph":[{"@type":"WebPage","@id":"https:\/\/adventistoltenia.ro\/site\/momente-de-recunostinta-la-spitalul-adventist-din-haiti-dupa-10-ani-de-la-cutremur\/","url":"https:\/\/adventistoltenia.ro\/site\/momente-de-recunostinta-la-spitalul-adventist-din-haiti-dupa-10-ani-de-la-cutremur\/","name":"Momente de recuno\u0219tin\u021b\u0103 la Spitalul Adventist din Haiti, dup\u0103 10 ani de la cutremur - Conferinta Oltenia","isPartOf":{"@id":"https:\/\/adventistoltenia.ro\/site\/#website"},"datePublished":"2020-01-23T01:10:24+00:00","dateModified":"2020-01-23T01:10:24+00:00","author":{"@id":"https:\/\/adventistoltenia.ro\/site\/#\/schema\/person\/81972d6ddcec064fcb37a129240ef9d7"},"breadcrumb":{"@id":"https:\/\/adventistoltenia.ro\/site\/momente-de-recunostinta-la-spitalul-adventist-din-haiti-dupa-10-ani-de-la-cutremur\/#breadcrumb"},"inLanguage":"en-US","potentialAction":[{"@type":"ReadAction","target":["https:\/\/adventistoltenia.ro\/site\/momente-de-recunostinta-la-spitalul-adventist-din-haiti-dupa-10-ani-de-la-cutremur\/"]}]},{"@type":"BreadcrumbList","@id":"https:\/\/adventistoltenia.ro\/site\/momente-de-recunostinta-la-spitalul-adventist-din-haiti-dupa-10-ani-de-la-cutremur\/#breadcrumb","itemListElement":[{"@type":"ListItem","position":1,"name":"Home","item":"https:\/\/adventistoltenia.ro\/site\/"},{"@type":"ListItem","position":2,"name":"Momente de recuno\u0219tin\u021b\u0103 la Spitalul Adventist din Haiti, dup\u0103 10 ani de la cutremur"}]},{"@type":"WebSite","@id":"https:\/\/adventistoltenia.ro\/site\/#website","url":"https:\/\/adventistoltenia.ro\/site\/","name":"Conferinta Oltenia","description":"Biserica Adventista de Ziua a Saptea","potentialAction":[{"@type":"SearchAction","target":{"@type":"EntryPoint","urlTemplate":"https:\/\/adventistoltenia.ro\/site\/?s={search_term_string}"},"query-input":"required name=search_term_string"}],"inLanguage":"en-US"},{"@type":"Person","@id":"https:\/\/adventistoltenia.ro\/site\/#\/schema\/person\/81972d6ddcec064fcb37a129240ef9d7","name":"Conferinta Oltenia","image":{"@type":"ImageObject","inLanguage":"en-US","@id":"https:\/\/adventistoltenia.ro\/site\/#\/schema\/person\/image\/","url":"https:\/\/secure.gravatar.com\/avatar\/ebe92ec22e2e53a8eb79d6b52b724e27?s=96&d=mm&r=g","contentUrl":"https:\/\/secure.gravatar.com\/avatar\/ebe92ec22e2e53a8eb79d6b52b724e27?s=96&d=mm&r=g","caption":"Conferinta Oltenia"},"url":"https:\/\/adventistoltenia.ro\/site\/author\/adm1n\/"}]}},"_links":{"self":[{"href":"https:\/\/adventistoltenia.ro\/site\/wp-json\/wp\/v2\/posts\/3171"}],"collection":[{"href":"https:\/\/adventistoltenia.ro\/site\/wp-json\/wp\/v2\/posts"}],"about":[{"href":"https:\/\/adventistoltenia.ro\/site\/wp-json\/wp\/v2\/types\/post"}],"author":[{"embeddable":true,"href":"https:\/\/adventistoltenia.ro\/site\/wp-json\/wp\/v2\/users\/2"}],"replies":[{"embeddable":true,"href":"https:\/\/adventistoltenia.ro\/site\/wp-json\/wp\/v2\/comments?post=3171"}],"version-history":[{"count":0,"href":"https:\/\/adventistoltenia.ro\/site\/wp-json\/wp\/v2\/posts\/3171\/revisions"}],"wp:attachment":[{"href":"https:\/\/adventistoltenia.ro\/site\/wp-json\/wp\/v2\/media?parent=3171"}],"wp:term":[{"taxonomy":"category","embeddable":true,"href":"https:\/\/adventistoltenia.ro\/site\/wp-json\/wp\/v2\/categories?post=3171"},{"taxonomy":"post_tag","embeddable":true,"href":"https:\/\/adventistoltenia.ro\/site\/wp-json\/wp\/v2\/tags?post=3171"}],"curies":[{"name":"wp","href":"https:\/\/api.w.org\/{rel}","templated":true}]}}