{"id":3172,"date":"2020-01-24T01:06:28","date_gmt":"2020-01-24T01:06:28","guid":{"rendered":"http:\/\/adventistoltenia.ro\/site\/glontul-ghidat-de-dumnezeu\/"},"modified":"2020-01-24T01:06:28","modified_gmt":"2020-01-24T01:06:28","slug":"glontul-ghidat-de-dumnezeu","status":"publish","type":"post","link":"https:\/\/adventistoltenia.ro\/site\/glontul-ghidat-de-dumnezeu\/","title":{"rendered":"Glon\u021bul ghidat de Dumnezeu"},"content":{"rendered":"<div>\n<p>Oameni \u00eenarma\u021bi au intrat \u00een campusul Universit\u0103\u021bii Adventiste din Lukanga, Republica Dominican\u0103 Congo cu g\u00e2ndul de a elimina persoanele implicate \u00eentr-un proiect care avea scopul de a \u00eembun\u0103t\u0103\u021bi s\u0103n\u0103tatea popula\u021biei.<\/p>\n<p>Universitatea Adventist\u0103 din Lukanga g\u0103zduia ni\u0219te vizitatori din partea Organiza\u021biei Mondiale a S\u0103n\u0103t\u0103\u021bii. Ace\u0219tia veniser\u0103 pentru a instrui popula\u021bia \u00een prevenirea Ebolei. Proiectul a fost primit cu bucurie de unii, al\u021bii opun\u00e2ndu-se puternic.<\/p>\n<p>Pentru a-\u0219i face auzit glasul, opozi\u021bia s-a decis s\u0103 recurg\u0103 la for\u021b\u0103. Astfel, \u00een data de 10 Mai 2019, la ora 08:10, seara, oameni \u00eenarma\u021bi au intrat \u00een campusul universit\u0103\u021bii lu\u00e2nd ostatici gardienii care p\u0103zeau poarta. Scopul lor era acela de a ucide persoanele implicate \u00een proiect.<\/p>\n<p>Ei au cerut s\u0103 le fie ar\u0103tat drumul prin campus spre camerele unde dormeau cei c\u0103uta\u021bi. Paznicii, fiind pu\u0219i \u00eentr-o situa\u021bie dificil\u0103 \u0219i f\u0103r\u0103 ie\u0219ire, s-au conformat. Numai c\u0103 planurile celor care dorea s\u0103 fac\u0103 r\u0103u s-au schimbat cer\u00e2nd s\u0103 fie condu\u0219i spre casa decanului (vice-chancellor) facult\u0103\u021bii. Gardienii s-au supus \u0219i de data aceasta.<\/p>\n<p>Amir Gulzar, decanul (vice-chancellor) Universit\u0103\u021bii Adventiste din Lukanga la acel moment, era \u00een cas\u0103 \u00eempreun\u0103 cu familia sa. El se bucura de o sear\u0103 lini\u0219tit\u0103 urm\u0103rind un program al postului de televiziune Speran\u021ba TV (Hope Channel).<\/p>\n<p>Toate lucrurile au decurs normal p\u00e2n\u0103 c\u00e2nd a auzit o b\u0103taie puternic\u0103 la una dintre u\u0219i. \u201eE foarte ciudat\u201d, s-a g\u00e2ndit Amir. \u201eNumeni nu vine la u\u0219a din spate la ora aceasta t\u00e2rzie. \u0218i nimeni nu bate \u00een felul acela. Ce ar putea fi?\u201d<\/p>\n<p>Ajuns \u00een fa\u021ba u\u0219ii a \u00eencercat s\u0103 vad\u0103 afar\u0103 dar \u00eentunericul \u00eei st\u0103tea \u00eempotriv\u0103. \u201eCine este acolo?\u201d a strigat el. T\u0103cerea care a urmat \u00eentreb\u0103rii l-a f\u0103cut s\u0103 se apropie de geam pentru a vedea mai bine. A fost oprit \u00eens\u0103 de zgomotul puternic al unei arme care s-a desc\u0103rcat. Bulversat, a c\u0103zut la p\u0103m\u00e2nt \u0219i fiind inspirat de Dumnezeu s-a \u00eentins pe podea, \u0219i-a \u021binut respira\u021bia \u0219i a stat nemi\u0219cat astfel \u00eenc\u00e2t criminalii s\u0103 cread\u0103 c\u0103 este mort. Planul a func\u021bionat, persoanele \u00eenarmate p\u0103r\u0103sind campusul.<\/p>\n<p>Amir Gulzar a sc\u0103pat din acest incident doar cu o zg\u00e2rietur\u0103 la m\u00e2n\u0103 produs\u0103 de glon\u021bul care a trecut pe l\u00e2ng\u0103 corpul lui. \u00centr-o declara\u021bie ulterioar\u0103, el afirma: \u201e\u0218tiu c\u0103 sunt momente \u00een care Dumnezeu nu-\u0219i salveaz\u0103 copiii de la moarte sau dezastru, dar cred c\u0103 El a f\u0103cut un miracol pentru mine \u00een acea noapte \u0219i a c\u0103l\u0103uzit acel glon\u021b departe de corpul meu. Sunt foarte recunosc\u0103tor pentru protec\u021bia Sa \u0219i sunt convins mai mult ca niciodat\u0103 c\u0103 Tat\u0103l nostru iubitor are grij\u0103 de copiii S\u0103i\u201d.<\/p>\n<p><em>Autor: Elisei Florea<\/em><\/p>\n<p><em>Surs\u0103 \u0218tire &#038; Imagine: <a href=\"https:\/\/www.adventistreview.org\/i-believe-god-guided-the-bullet-away-from-my-body\" target=\"_blank\" rel=\"noopener noreferrer\">https:\/\/www.adventistreview.org\/i-believe-god-guided-the-bullet-away-from-my-body<\/a><\/em><\/p>\n<div id=\"gtx-anchor\" style=\"position: absolute; visibility: hidden; left: 179px; top: 628px; width: 635.875px; height: 19px;\"><\/div>\n<div class=\"jfk-bubble gtx-bubble\" style=\"visibility: visible; left: -192px; top: 449px; opacity: 1;\" role=\"alertdialog\" aria-describedby=\"bubble-3\">\n<div id=\"bubble-3\" class=\"jfk-bubble-content-id\">\n<div id=\"gtx-host\" style=\"min-width: 200px; max-width: 400px;\"><\/div>\n<\/div>\n<div class=\"jfk-bubble-closebtn-id jfk-bubble-closebtn\" tabindex=\"0\" role=\"button\" aria-label=\"Close\"><\/div>\n<div class=\"jfk-bubble-arrow-id jfk-bubble-arrow jfk-bubble-arrowdown\" style=\"left: 487px;\">\n<div class=\"jfk-bubble-arrowimplbefore\"><\/div>\n<div class=\"jfk-bubble-arrowimplafter\"><\/div>\n<\/div>\n<\/div>\n<\/div>\n<p class=\"wpematico_credit\"><small>Powered by <a href=\"http:\/\/www.wpematico.com\" target=\"_blank\" rel=\"noopener noreferrer\">WPeMatico<\/a><\/small><\/p>\n ","protected":false},"excerpt":{"rendered":"<p>Oameni \u00eenarma\u021bi au intrat \u00een campusul Universit\u0103\u021bii Adventiste din Lukanga, Republica Dominican\u0103 Congo cu g\u00e2ndul de a elimina persoanele implicate \u00eentr-un proiect care avea scopul de a \u00eembun\u0103t\u0103\u021bi s\u0103n\u0103tatea popula\u021biei. Universitatea Adventist\u0103 din Lukanga g\u0103zduia ni\u0219te vizitatori din partea Organiza\u021biei Mondiale a S\u0103n\u0103t\u0103\u021bii. Ace\u0219tia veniser\u0103 pentru a instrui popula\u021bia \u00een prevenirea Ebolei. Proiectul a fost &hellip; <a href=\"https:\/\/adventistoltenia.ro\/site\/glontul-ghidat-de-dumnezeu\/\">Continued<\/a><\/p>\n","protected":false},"author":2,"featured_media":0,"comment_status":"open","ping_status":"closed","sticky":false,"template":"","format":"standard","meta":[],"categories":[71],"tags":[],"yoast_head":"<!-- This site is optimized with the Yoast SEO plugin v20.3 - https:\/\/yoast.com\/wordpress\/plugins\/seo\/ -->\n<title>Glon\u021bul ghidat de Dumnezeu - Conferinta Oltenia<\/title>\n<meta name=\"robots\" content=\"index, follow, max-snippet:-1, max-image-preview:large, max-video-preview:-1\" \/>\n<link rel=\"canonical\" href=\"https:\/\/adventistoltenia.ro\/site\/glontul-ghidat-de-dumnezeu\/\" \/>\n<meta property=\"og:locale\" content=\"en_US\" \/>\n<meta property=\"og:type\" content=\"article\" \/>\n<meta property=\"og:title\" content=\"Glon\u021bul ghidat de Dumnezeu - Conferinta Oltenia\" \/>\n<meta property=\"og:description\" content=\"Oameni \u00eenarma\u021bi au intrat \u00een campusul Universit\u0103\u021bii Adventiste din Lukanga, Republica Dominican\u0103 Congo cu g\u00e2ndul de a elimina persoanele implicate \u00eentr-un proiect care avea scopul de a \u00eembun\u0103t\u0103\u021bi s\u0103n\u0103tatea popula\u021biei. Universitatea Adventist\u0103 din Lukanga g\u0103zduia ni\u0219te vizitatori din partea Organiza\u021biei Mondiale a S\u0103n\u0103t\u0103\u021bii. Ace\u0219tia veniser\u0103 pentru a instrui popula\u021bia \u00een prevenirea Ebolei. Proiectul a fost &hellip; Continued\" \/>\n<meta property=\"og:url\" content=\"https:\/\/adventistoltenia.ro\/site\/glontul-ghidat-de-dumnezeu\/\" \/>\n<meta property=\"og:site_name\" content=\"Conferinta Oltenia\" \/>\n<meta property=\"article:published_time\" content=\"2020-01-24T01:06:28+00:00\" \/>\n<meta name=\"author\" content=\"Conferinta Oltenia\" \/>\n<meta name=\"twitter:card\" content=\"summary_large_image\" \/>\n<meta name=\"twitter:label1\" content=\"Written by\" \/>\n\t<meta name=\"twitter:data1\" content=\"Conferinta Oltenia\" \/>\n\t<meta name=\"twitter:label2\" content=\"Est. reading time\" \/>\n\t<meta name=\"twitter:data2\" content=\"3 minutes\" \/>\n<script type=\"application\/ld+json\" class=\"yoast-schema-graph\">{\"@context\":\"https:\/\/schema.org\",\"@graph\":[{\"@type\":\"WebPage\",\"@id\":\"https:\/\/adventistoltenia.ro\/site\/glontul-ghidat-de-dumnezeu\/\",\"url\":\"https:\/\/adventistoltenia.ro\/site\/glontul-ghidat-de-dumnezeu\/\",\"name\":\"Glon\u021bul ghidat de Dumnezeu - Conferinta Oltenia\",\"isPartOf\":{\"@id\":\"https:\/\/adventistoltenia.ro\/site\/#website\"},\"datePublished\":\"2020-01-24T01:06:28+00:00\",\"dateModified\":\"2020-01-24T01:06:28+00:00\",\"author\":{\"@id\":\"https:\/\/adventistoltenia.ro\/site\/#\/schema\/person\/81972d6ddcec064fcb37a129240ef9d7\"},\"breadcrumb\":{\"@id\":\"https:\/\/adventistoltenia.ro\/site\/glontul-ghidat-de-dumnezeu\/#breadcrumb\"},\"inLanguage\":\"en-US\",\"potentialAction\":[{\"@type\":\"ReadAction\",\"target\":[\"https:\/\/adventistoltenia.ro\/site\/glontul-ghidat-de-dumnezeu\/\"]}]},{\"@type\":\"BreadcrumbList\",\"@id\":\"https:\/\/adventistoltenia.ro\/site\/glontul-ghidat-de-dumnezeu\/#breadcrumb\",\"itemListElement\":[{\"@type\":\"ListItem\",\"position\":1,\"name\":\"Home\",\"item\":\"https:\/\/adventistoltenia.ro\/site\/\"},{\"@type\":\"ListItem\",\"position\":2,\"name\":\"Glon\u021bul ghidat de Dumnezeu\"}]},{\"@type\":\"WebSite\",\"@id\":\"https:\/\/adventistoltenia.ro\/site\/#website\",\"url\":\"https:\/\/adventistoltenia.ro\/site\/\",\"name\":\"Conferinta Oltenia\",\"description\":\"Biserica Adventista de Ziua a Saptea\",\"potentialAction\":[{\"@type\":\"SearchAction\",\"target\":{\"@type\":\"EntryPoint\",\"urlTemplate\":\"https:\/\/adventistoltenia.ro\/site\/?s={search_term_string}\"},\"query-input\":\"required name=search_term_string\"}],\"inLanguage\":\"en-US\"},{\"@type\":\"Person\",\"@id\":\"https:\/\/adventistoltenia.ro\/site\/#\/schema\/person\/81972d6ddcec064fcb37a129240ef9d7\",\"name\":\"Conferinta Oltenia\",\"image\":{\"@type\":\"ImageObject\",\"inLanguage\":\"en-US\",\"@id\":\"https:\/\/adventistoltenia.ro\/site\/#\/schema\/person\/image\/\",\"url\":\"https:\/\/secure.gravatar.com\/avatar\/ebe92ec22e2e53a8eb79d6b52b724e27?s=96&d=mm&r=g\",\"contentUrl\":\"https:\/\/secure.gravatar.com\/avatar\/ebe92ec22e2e53a8eb79d6b52b724e27?s=96&d=mm&r=g\",\"caption\":\"Conferinta Oltenia\"},\"url\":\"https:\/\/adventistoltenia.ro\/site\/author\/adm1n\/\"}]}<\/script>\n<!-- \/ Yoast SEO plugin. -->","yoast_head_json":{"title":"Glon\u021bul ghidat de Dumnezeu - Conferinta Oltenia","robots":{"index":"index","follow":"follow","max-snippet":"max-snippet:-1","max-image-preview":"max-image-preview:large","max-video-preview":"max-video-preview:-1"},"canonical":"https:\/\/adventistoltenia.ro\/site\/glontul-ghidat-de-dumnezeu\/","og_locale":"en_US","og_type":"article","og_title":"Glon\u021bul ghidat de Dumnezeu - Conferinta Oltenia","og_description":"Oameni \u00eenarma\u021bi au intrat \u00een campusul Universit\u0103\u021bii Adventiste din Lukanga, Republica Dominican\u0103 Congo cu g\u00e2ndul de a elimina persoanele implicate \u00eentr-un proiect care avea scopul de a \u00eembun\u0103t\u0103\u021bi s\u0103n\u0103tatea popula\u021biei. Universitatea Adventist\u0103 din Lukanga g\u0103zduia ni\u0219te vizitatori din partea Organiza\u021biei Mondiale a S\u0103n\u0103t\u0103\u021bii. Ace\u0219tia veniser\u0103 pentru a instrui popula\u021bia \u00een prevenirea Ebolei. Proiectul a fost &hellip; Continued","og_url":"https:\/\/adventistoltenia.ro\/site\/glontul-ghidat-de-dumnezeu\/","og_site_name":"Conferinta Oltenia","article_published_time":"2020-01-24T01:06:28+00:00","author":"Conferinta Oltenia","twitter_card":"summary_large_image","twitter_misc":{"Written by":"Conferinta Oltenia","Est. reading time":"3 minutes"},"schema":{"@context":"https:\/\/schema.org","@graph":[{"@type":"WebPage","@id":"https:\/\/adventistoltenia.ro\/site\/glontul-ghidat-de-dumnezeu\/","url":"https:\/\/adventistoltenia.ro\/site\/glontul-ghidat-de-dumnezeu\/","name":"Glon\u021bul ghidat de Dumnezeu - Conferinta Oltenia","isPartOf":{"@id":"https:\/\/adventistoltenia.ro\/site\/#website"},"datePublished":"2020-01-24T01:06:28+00:00","dateModified":"2020-01-24T01:06:28+00:00","author":{"@id":"https:\/\/adventistoltenia.ro\/site\/#\/schema\/person\/81972d6ddcec064fcb37a129240ef9d7"},"breadcrumb":{"@id":"https:\/\/adventistoltenia.ro\/site\/glontul-ghidat-de-dumnezeu\/#breadcrumb"},"inLanguage":"en-US","potentialAction":[{"@type":"ReadAction","target":["https:\/\/adventistoltenia.ro\/site\/glontul-ghidat-de-dumnezeu\/"]}]},{"@type":"BreadcrumbList","@id":"https:\/\/adventistoltenia.ro\/site\/glontul-ghidat-de-dumnezeu\/#breadcrumb","itemListElement":[{"@type":"ListItem","position":1,"name":"Home","item":"https:\/\/adventistoltenia.ro\/site\/"},{"@type":"ListItem","position":2,"name":"Glon\u021bul ghidat de Dumnezeu"}]},{"@type":"WebSite","@id":"https:\/\/adventistoltenia.ro\/site\/#website","url":"https:\/\/adventistoltenia.ro\/site\/","name":"Conferinta Oltenia","description":"Biserica Adventista de Ziua a Saptea","potentialAction":[{"@type":"SearchAction","target":{"@type":"EntryPoint","urlTemplate":"https:\/\/adventistoltenia.ro\/site\/?s={search_term_string}"},"query-input":"required name=search_term_string"}],"inLanguage":"en-US"},{"@type":"Person","@id":"https:\/\/adventistoltenia.ro\/site\/#\/schema\/person\/81972d6ddcec064fcb37a129240ef9d7","name":"Conferinta Oltenia","image":{"@type":"ImageObject","inLanguage":"en-US","@id":"https:\/\/adventistoltenia.ro\/site\/#\/schema\/person\/image\/","url":"https:\/\/secure.gravatar.com\/avatar\/ebe92ec22e2e53a8eb79d6b52b724e27?s=96&d=mm&r=g","contentUrl":"https:\/\/secure.gravatar.com\/avatar\/ebe92ec22e2e53a8eb79d6b52b724e27?s=96&d=mm&r=g","caption":"Conferinta Oltenia"},"url":"https:\/\/adventistoltenia.ro\/site\/author\/adm1n\/"}]}},"_links":{"self":[{"href":"https:\/\/adventistoltenia.ro\/site\/wp-json\/wp\/v2\/posts\/3172"}],"collection":[{"href":"https:\/\/adventistoltenia.ro\/site\/wp-json\/wp\/v2\/posts"}],"about":[{"href":"https:\/\/adventistoltenia.ro\/site\/wp-json\/wp\/v2\/types\/post"}],"author":[{"embeddable":true,"href":"https:\/\/adventistoltenia.ro\/site\/wp-json\/wp\/v2\/users\/2"}],"replies":[{"embeddable":true,"href":"https:\/\/adventistoltenia.ro\/site\/wp-json\/wp\/v2\/comments?post=3172"}],"version-history":[{"count":0,"href":"https:\/\/adventistoltenia.ro\/site\/wp-json\/wp\/v2\/posts\/3172\/revisions"}],"wp:attachment":[{"href":"https:\/\/adventistoltenia.ro\/site\/wp-json\/wp\/v2\/media?parent=3172"}],"wp:term":[{"taxonomy":"category","embeddable":true,"href":"https:\/\/adventistoltenia.ro\/site\/wp-json\/wp\/v2\/categories?post=3172"},{"taxonomy":"post_tag","embeddable":true,"href":"https:\/\/adventistoltenia.ro\/site\/wp-json\/wp\/v2\/tags?post=3172"}],"curies":[{"name":"wp","href":"https:\/\/api.w.org\/{rel}","templated":true}]}}