{"id":3173,"date":"2020-01-24T01:06:28","date_gmt":"2020-01-24T01:06:28","guid":{"rendered":"http:\/\/adventistoltenia.ro\/site\/buletinele-cu-cip-o-amenintare\/"},"modified":"2020-01-24T01:06:28","modified_gmt":"2020-01-24T01:06:28","slug":"buletinele-cu-cip-o-amenintare","status":"publish","type":"post","link":"https:\/\/adventistoltenia.ro\/site\/buletinele-cu-cip-o-amenintare\/","title":{"rendered":"Buletinele cu cip, o amenin\u021bare?"},"content":{"rendered":"<div>\n<p>Ministerul de Interne a anun\u021bat c\u0103 de anul viitor va fi obligatoriu ca toat\u0103 lumea s\u0103 aib\u0103 buletin de la 12 ani, iar noul act va ar\u0103ta ca un card bancar \u0219i va include un cip. Decizia aceasta face parte dintr-un regulament al Uniunii Europene care oblig\u0103 autorit\u0103\u021bile s\u0103 schimbe cartea de identitate p\u00e2n\u0103 \u00een 2 august 2021. O asemenea carte cu aceste elemente de securitate exist\u0103 \u0219i \u00een alte \u021b\u0103ri, de exemplu Belgia sau Germania.<\/p>\n<p>Din acest motiv a fost pus \u00een dezbatere public\u0103 un proiect de ordonan\u021b\u0103. Ministerul de Interne a organizat o dezbatere pentru a se discuta noile detalii legate de noua carte electronic\u0103 de identitate. \u00cen cadrul dezbaterii publice mul\u021bi au contestat cipul din document, care \u00eei sperie din diferite motive: se simt urm\u0103ri\u021bi de autorit\u0103\u021bi sau \u00eei duce cu g\u00e2ndul la un sf\u00e2r\u0219it al lumii. \u00cen istoria acestei lumi, multe au fost schimb\u0103rile care au fost privite cu scepticism, chiar \u0219i introducerea primelor acte administrative de eviden\u021b\u0103 a popula\u021biei, pe care Europa a \u00eenceput s\u0103 le introduc\u0103 din secolul al XV-lea.<\/p>\n<p>Biserica Adventist\u0103 de Ziua a \u0218aptea salut\u0103 faptul c\u0103 societatea a \u00eenteles mai bine nevoile unei astfel de m\u0103suri de securitate, \u00een condi\u021biile \u00een care subiectul a fost abordat diferit prin compara\u021bie cu ceea s-a \u00eentamplat \u00een anul 2009, atunci c\u00e2nd a fost introdus pa\u0219aportul biometric. De data aceasta acuzele venite pe filiera persoanelor care \u00eembra\u021bi\u0219eaz\u0103 diferite teorii au fost mult mai moderate.<\/p>\n<p>\u021ain\u00e2nd cont de multele atacuri teroriste la care au fost supuse anumite zone ale p\u0103m\u00e2ntului, consider\u0103m c\u0103 orice m\u0103sur\u0103 este binevenit\u0103 dac\u0103 este luat\u0103 din ra\u021biuni de siguran\u021b\u0103. Prin ad\u0103ugarea cipului, viitorul act de identitate nu numai c\u0103 devine mult mai greu de falsificat, dar mic\u0219oreaz\u0103 timpul de procesare \u00een diversele ac\u021biuni de recunoa\u0219tere a persoanei.<\/p>\n<p>Pentru cei mai sceptici, legea va permite refuzul actului de identitate cu cip. M\u0103rturie st\u0103 declara\u021bia lui C\u0103t\u0103lin Giulescu, \u015feful Direc\u0163iei pentru Eviden\u0163a Popula\u0163iei, cel care a declarat c\u0103 este posibil refuzul unui astfel de act, cu precizarea c\u0103 persoanele \u00een cauz\u0103 nu vor putea p\u0103r\u0103si teritoriul Rom\u00e2niei, m\u0103sura aceasta fiind agreat\u0103 la nivel european.<\/p>\n<p>Biserica Adventista de Ziua a \u0218aptea consider\u0103 c\u0103 autorit\u0103\u021bile trebuie s\u0103 ofere \u00een spa\u021biul public toate informa\u021biile necesare pentru ca societatea s\u0103-\u0219i formeze un punct de vedere corect \u0219i s\u0103n\u0103tos vizavi de ceeea ce reprezint\u0103 noul act de identitate.<\/p>\n<p>\u00cen acela\u0219i timp, \u00eencuraj\u0103m credincio\u0219ii Bisericii Adventiste \u0219i nu numai, s\u0103 nu transforme acest subiect \u00eentr-unul care ar putea da na\u0219tere anumitor scenarii lipsite de realitate, amestec\u00e2nd chestiunile birocratice \u0219i administrative cu cele de ordin teologic. Suntem convin\u0219i c\u0103 exist\u0103 lucruri mult mai importante care necesit\u0103 aten\u021bia \u0219i preocup\u0103rile noastre, lucruri ce \u021bin de starea noastr\u0103 spiritual\u0103 \u0219i de modul \u00een care dorim s\u0103 vestim evanghelia \u00een aceast\u0103 lume. \u00cen plus, dac\u0103 \u00een viitorul pe care ni-l ofer\u0103 existen\u021ba noastr\u0103 pe acest p\u0103m\u00e2nt vor exista \u0219i momente care vor \u00eengr\u0103di libertatea cre\u0219tinilor, avem credin\u021b\u0103 c\u0103 vom avea \u00een\u021belepciunea necesar\u0103 pentru a \u00een\u021belege c\u0103 ele au rolul de a ne apropia de momentul mult asteptat: revenirea lui Isus Hristos.<\/p>\n<p>Dumnezeu s\u0103 ne ofere \u00een\u021belepciune!<\/p>\n<\/div>\n<p class=\"wpematico_credit\"><small>Powered by <a href=\"http:\/\/www.wpematico.com\" target=\"_blank\" rel=\"noopener noreferrer\">WPeMatico<\/a><\/small><\/p>\n ","protected":false},"excerpt":{"rendered":"<p>Ministerul de Interne a anun\u021bat c\u0103 de anul viitor va fi obligatoriu ca toat\u0103 lumea s\u0103 aib\u0103 buletin de la 12 ani, iar noul act va ar\u0103ta ca un card bancar \u0219i va include un cip. Decizia aceasta face parte dintr-un regulament al Uniunii Europene care oblig\u0103 autorit\u0103\u021bile s\u0103 schimbe cartea de identitate p\u00e2n\u0103 \u00een &hellip; <a href=\"https:\/\/adventistoltenia.ro\/site\/buletinele-cu-cip-o-amenintare\/\">Continued<\/a><\/p>\n","protected":false},"author":2,"featured_media":0,"comment_status":"open","ping_status":"closed","sticky":false,"template":"","format":"standard","meta":[],"categories":[71],"tags":[],"yoast_head":"<!-- This site is optimized with the Yoast SEO plugin v20.3 - https:\/\/yoast.com\/wordpress\/plugins\/seo\/ -->\n<title>Buletinele cu cip, o amenin\u021bare? - Conferinta Oltenia<\/title>\n<meta name=\"robots\" content=\"index, follow, max-snippet:-1, max-image-preview:large, max-video-preview:-1\" \/>\n<link rel=\"canonical\" href=\"https:\/\/adventistoltenia.ro\/site\/buletinele-cu-cip-o-amenintare\/\" \/>\n<meta property=\"og:locale\" content=\"en_US\" \/>\n<meta property=\"og:type\" content=\"article\" \/>\n<meta property=\"og:title\" content=\"Buletinele cu cip, o amenin\u021bare? - Conferinta Oltenia\" \/>\n<meta property=\"og:description\" content=\"Ministerul de Interne a anun\u021bat c\u0103 de anul viitor va fi obligatoriu ca toat\u0103 lumea s\u0103 aib\u0103 buletin de la 12 ani, iar noul act va ar\u0103ta ca un card bancar \u0219i va include un cip. Decizia aceasta face parte dintr-un regulament al Uniunii Europene care oblig\u0103 autorit\u0103\u021bile s\u0103 schimbe cartea de identitate p\u00e2n\u0103 \u00een &hellip; Continued\" \/>\n<meta property=\"og:url\" content=\"https:\/\/adventistoltenia.ro\/site\/buletinele-cu-cip-o-amenintare\/\" \/>\n<meta property=\"og:site_name\" content=\"Conferinta Oltenia\" \/>\n<meta property=\"article:published_time\" content=\"2020-01-24T01:06:28+00:00\" \/>\n<meta name=\"author\" content=\"Conferinta Oltenia\" \/>\n<meta name=\"twitter:card\" content=\"summary_large_image\" \/>\n<meta name=\"twitter:label1\" content=\"Written by\" \/>\n\t<meta name=\"twitter:data1\" content=\"Conferinta Oltenia\" \/>\n\t<meta name=\"twitter:label2\" content=\"Est. reading time\" \/>\n\t<meta name=\"twitter:data2\" content=\"3 minutes\" \/>\n<script type=\"application\/ld+json\" class=\"yoast-schema-graph\">{\"@context\":\"https:\/\/schema.org\",\"@graph\":[{\"@type\":\"WebPage\",\"@id\":\"https:\/\/adventistoltenia.ro\/site\/buletinele-cu-cip-o-amenintare\/\",\"url\":\"https:\/\/adventistoltenia.ro\/site\/buletinele-cu-cip-o-amenintare\/\",\"name\":\"Buletinele cu cip, o amenin\u021bare? - Conferinta Oltenia\",\"isPartOf\":{\"@id\":\"https:\/\/adventistoltenia.ro\/site\/#website\"},\"datePublished\":\"2020-01-24T01:06:28+00:00\",\"dateModified\":\"2020-01-24T01:06:28+00:00\",\"author\":{\"@id\":\"https:\/\/adventistoltenia.ro\/site\/#\/schema\/person\/81972d6ddcec064fcb37a129240ef9d7\"},\"breadcrumb\":{\"@id\":\"https:\/\/adventistoltenia.ro\/site\/buletinele-cu-cip-o-amenintare\/#breadcrumb\"},\"inLanguage\":\"en-US\",\"potentialAction\":[{\"@type\":\"ReadAction\",\"target\":[\"https:\/\/adventistoltenia.ro\/site\/buletinele-cu-cip-o-amenintare\/\"]}]},{\"@type\":\"BreadcrumbList\",\"@id\":\"https:\/\/adventistoltenia.ro\/site\/buletinele-cu-cip-o-amenintare\/#breadcrumb\",\"itemListElement\":[{\"@type\":\"ListItem\",\"position\":1,\"name\":\"Home\",\"item\":\"https:\/\/adventistoltenia.ro\/site\/\"},{\"@type\":\"ListItem\",\"position\":2,\"name\":\"Buletinele cu cip, o amenin\u021bare?\"}]},{\"@type\":\"WebSite\",\"@id\":\"https:\/\/adventistoltenia.ro\/site\/#website\",\"url\":\"https:\/\/adventistoltenia.ro\/site\/\",\"name\":\"Conferinta Oltenia\",\"description\":\"Biserica Adventista de Ziua a Saptea\",\"potentialAction\":[{\"@type\":\"SearchAction\",\"target\":{\"@type\":\"EntryPoint\",\"urlTemplate\":\"https:\/\/adventistoltenia.ro\/site\/?s={search_term_string}\"},\"query-input\":\"required name=search_term_string\"}],\"inLanguage\":\"en-US\"},{\"@type\":\"Person\",\"@id\":\"https:\/\/adventistoltenia.ro\/site\/#\/schema\/person\/81972d6ddcec064fcb37a129240ef9d7\",\"name\":\"Conferinta Oltenia\",\"image\":{\"@type\":\"ImageObject\",\"inLanguage\":\"en-US\",\"@id\":\"https:\/\/adventistoltenia.ro\/site\/#\/schema\/person\/image\/\",\"url\":\"https:\/\/secure.gravatar.com\/avatar\/ebe92ec22e2e53a8eb79d6b52b724e27?s=96&d=mm&r=g\",\"contentUrl\":\"https:\/\/secure.gravatar.com\/avatar\/ebe92ec22e2e53a8eb79d6b52b724e27?s=96&d=mm&r=g\",\"caption\":\"Conferinta Oltenia\"},\"url\":\"https:\/\/adventistoltenia.ro\/site\/author\/adm1n\/\"}]}<\/script>\n<!-- \/ Yoast SEO plugin. -->","yoast_head_json":{"title":"Buletinele cu cip, o amenin\u021bare? - Conferinta Oltenia","robots":{"index":"index","follow":"follow","max-snippet":"max-snippet:-1","max-image-preview":"max-image-preview:large","max-video-preview":"max-video-preview:-1"},"canonical":"https:\/\/adventistoltenia.ro\/site\/buletinele-cu-cip-o-amenintare\/","og_locale":"en_US","og_type":"article","og_title":"Buletinele cu cip, o amenin\u021bare? - Conferinta Oltenia","og_description":"Ministerul de Interne a anun\u021bat c\u0103 de anul viitor va fi obligatoriu ca toat\u0103 lumea s\u0103 aib\u0103 buletin de la 12 ani, iar noul act va ar\u0103ta ca un card bancar \u0219i va include un cip. Decizia aceasta face parte dintr-un regulament al Uniunii Europene care oblig\u0103 autorit\u0103\u021bile s\u0103 schimbe cartea de identitate p\u00e2n\u0103 \u00een &hellip; Continued","og_url":"https:\/\/adventistoltenia.ro\/site\/buletinele-cu-cip-o-amenintare\/","og_site_name":"Conferinta Oltenia","article_published_time":"2020-01-24T01:06:28+00:00","author":"Conferinta Oltenia","twitter_card":"summary_large_image","twitter_misc":{"Written by":"Conferinta Oltenia","Est. reading time":"3 minutes"},"schema":{"@context":"https:\/\/schema.org","@graph":[{"@type":"WebPage","@id":"https:\/\/adventistoltenia.ro\/site\/buletinele-cu-cip-o-amenintare\/","url":"https:\/\/adventistoltenia.ro\/site\/buletinele-cu-cip-o-amenintare\/","name":"Buletinele cu cip, o amenin\u021bare? - Conferinta Oltenia","isPartOf":{"@id":"https:\/\/adventistoltenia.ro\/site\/#website"},"datePublished":"2020-01-24T01:06:28+00:00","dateModified":"2020-01-24T01:06:28+00:00","author":{"@id":"https:\/\/adventistoltenia.ro\/site\/#\/schema\/person\/81972d6ddcec064fcb37a129240ef9d7"},"breadcrumb":{"@id":"https:\/\/adventistoltenia.ro\/site\/buletinele-cu-cip-o-amenintare\/#breadcrumb"},"inLanguage":"en-US","potentialAction":[{"@type":"ReadAction","target":["https:\/\/adventistoltenia.ro\/site\/buletinele-cu-cip-o-amenintare\/"]}]},{"@type":"BreadcrumbList","@id":"https:\/\/adventistoltenia.ro\/site\/buletinele-cu-cip-o-amenintare\/#breadcrumb","itemListElement":[{"@type":"ListItem","position":1,"name":"Home","item":"https:\/\/adventistoltenia.ro\/site\/"},{"@type":"ListItem","position":2,"name":"Buletinele cu cip, o amenin\u021bare?"}]},{"@type":"WebSite","@id":"https:\/\/adventistoltenia.ro\/site\/#website","url":"https:\/\/adventistoltenia.ro\/site\/","name":"Conferinta Oltenia","description":"Biserica Adventista de Ziua a Saptea","potentialAction":[{"@type":"SearchAction","target":{"@type":"EntryPoint","urlTemplate":"https:\/\/adventistoltenia.ro\/site\/?s={search_term_string}"},"query-input":"required name=search_term_string"}],"inLanguage":"en-US"},{"@type":"Person","@id":"https:\/\/adventistoltenia.ro\/site\/#\/schema\/person\/81972d6ddcec064fcb37a129240ef9d7","name":"Conferinta Oltenia","image":{"@type":"ImageObject","inLanguage":"en-US","@id":"https:\/\/adventistoltenia.ro\/site\/#\/schema\/person\/image\/","url":"https:\/\/secure.gravatar.com\/avatar\/ebe92ec22e2e53a8eb79d6b52b724e27?s=96&d=mm&r=g","contentUrl":"https:\/\/secure.gravatar.com\/avatar\/ebe92ec22e2e53a8eb79d6b52b724e27?s=96&d=mm&r=g","caption":"Conferinta Oltenia"},"url":"https:\/\/adventistoltenia.ro\/site\/author\/adm1n\/"}]}},"_links":{"self":[{"href":"https:\/\/adventistoltenia.ro\/site\/wp-json\/wp\/v2\/posts\/3173"}],"collection":[{"href":"https:\/\/adventistoltenia.ro\/site\/wp-json\/wp\/v2\/posts"}],"about":[{"href":"https:\/\/adventistoltenia.ro\/site\/wp-json\/wp\/v2\/types\/post"}],"author":[{"embeddable":true,"href":"https:\/\/adventistoltenia.ro\/site\/wp-json\/wp\/v2\/users\/2"}],"replies":[{"embeddable":true,"href":"https:\/\/adventistoltenia.ro\/site\/wp-json\/wp\/v2\/comments?post=3173"}],"version-history":[{"count":0,"href":"https:\/\/adventistoltenia.ro\/site\/wp-json\/wp\/v2\/posts\/3173\/revisions"}],"wp:attachment":[{"href":"https:\/\/adventistoltenia.ro\/site\/wp-json\/wp\/v2\/media?parent=3173"}],"wp:term":[{"taxonomy":"category","embeddable":true,"href":"https:\/\/adventistoltenia.ro\/site\/wp-json\/wp\/v2\/categories?post=3173"},{"taxonomy":"post_tag","embeddable":true,"href":"https:\/\/adventistoltenia.ro\/site\/wp-json\/wp\/v2\/tags?post=3173"}],"curies":[{"name":"wp","href":"https:\/\/api.w.org\/{rel}","templated":true}]}}