{"id":3174,"date":"2020-01-27T01:06:35","date_gmt":"2020-01-27T01:06:35","guid":{"rendered":"http:\/\/adventistoltenia.ro\/site\/sugestii-de-lectura-partidul-securitatea-si-cultele\/"},"modified":"2020-01-27T01:06:35","modified_gmt":"2020-01-27T01:06:35","slug":"sugestii-de-lectura-partidul-securitatea-si-cultele","status":"publish","type":"post","link":"https:\/\/adventistoltenia.ro\/site\/sugestii-de-lectura-partidul-securitatea-si-cultele\/","title":{"rendered":"Sugestii de lectur\u0103 \u2013 Partidul, Securitatea \u0219i Cultele"},"content":{"rendered":"<div>\n<p>Istoria persecu\u021biilor pe care le-au suferit credincio\u0219ii din Rom\u00e2nia \u00een timpul regimului comunist n-ar trebui uitat\u0103. Ar trebui s\u0103 \u0219tim povestea aceasta din ambele perspective, cea a celor persecuta\u021bi \u0219i cea a persecutorilor\u2026<\/p>\n<p>PARTIDUL, SECURITATEA \u0218I CULTELE \u2013 1945-1989, coordonator Adrian Nicolae Petcu, Editura Nemira, Colec\u021bia Biblioteca de istorie, 2005\u2026<\/p>\n<p>Coordonatorul acestui volum este <strong>Adrian Nicolae Petcu<\/strong>, istoric, consilier superior la <em>Consiliul Na\u0163ional pentru Studierea Arhivelor Securit\u0103\u0163ii-Bucure\u015fti, Serviciul Cercetare, Editare<\/em> (din septembrie 2000); cercet\u0103tor \u00een arhivele comunismului \u015fi \u00een cele biserice\u015fti din \u0163ar\u0103 \u015fi din str\u0103in\u0103tate. Absolvent al <em>Facult\u0103\u0163ii de Istorie, Universitatea Bucuresti<\/em> (2000) \u015fi al programului de <em>Master \u201eIstoria Sud-Estului European\u201d <\/em>din cadrul aceleia\u015fi facult\u0103\u0163i (2002).<\/p>\n<p>Domeniu de interes: <em>Istoria recent\u0103 a Bisericii din Rom\u00e2nia<\/em>; autor a zeci de studii, articole \u015fi recenzii \u00een reviste de specialitate \u015fi de popularizare; participant la manifest\u0103ri \u015ftiin\u0163ifice na\u0163ionale \u015fi interna\u0163ionale.<\/p>\n<p>Volume recente: <em>Clerici \u015fi teologi din Eparhia Aradului \u00een \u00eenchisorile comuniste (1945-1964)<\/em>, Editura Arhiepiscopiei Aradului, 2017; \u00a0<em>Preo\u0163i din Arhiepiscopia Vadului, Feleacului \u015fi Clujului \u00een temni\u0163ele comuniste<\/em>, Editura Rena\u015fterea, 2017 (coautor); <em>Dic\u0163ionarul clericilor \u015fi mirenilor m\u0103rturisitori ortodoc\u015fi rom\u00e2ni \u00een deten\u0163ia comunist\u0103<\/em>, Editura Basilica, Bucure\u015fti, 2017; <em>Clerici \u015fi mireni m\u0103rturisitori din Arhiepiscopia Ia\u015filor \u00een \u00eenchisorile comuniste (1945-1964)<\/em>, Editura Doxologia, 2017 (coautor); <em>Patriarhul Justinian Marina \u015fi Ap\u0103r\u0103torii Ortodoxiei \u00een perioada comunist\u0103. Album<\/em>, Editura Basilica, Bucure\u015fti, 2017 (editor).<\/p>\n<p>Este ini\u0163iator \u015fi coordonator al proiectului <em>Fototeca Ortodoxiei Rom\u00e2ne\u015fti<\/em>, al site-ului\u00a0www. fototecaortodoxiei.ro \u00a0\u015fi autor al rubricii\u00a0<em>Memoria Bisericii<\/em> din <em>Ziarul Lumina<\/em> al Patriarhiei Rom\u00e2ne.<\/p>\n<p>Perioada comunist\u0103 a istoriei Rom\u00e2niei este \u00eenc\u0103 pu\u021bin cunoscut\u0103 la nivel de mase. Dincolo de amintirile proprii ale celor din genera\u021biile care au tr\u0103it suficient sub acest regim ca s\u0103 fi con\u0219tientizat ce este comunismul, studii care s\u0103 fie asimulate de popula\u021bia general\u0103 a \u021b\u0103rii lipsesc. Iar rela\u021bia bisericilor cu Securitatea \u0219i cu partidul comunist sunt pu\u021bine \u0219i controversate. De aceea un astfel de volum este binevenit fiindc\u0103 ofer\u0103 o privire asupra acestei tematici.<\/p>\n<p>Referitor la con\u021binutul acestui volum, Preot Academician Mircea P\u0103curariu, \u00een <em>Cuv\u00e2nt \u00eenainte<\/em>, men\u021bioneaz\u0103: \u201eSuntem acum \u00een fa\u021ba unei lucr\u0103ri noi, editat\u0103 de Consiliul Na\u021bional pentru Studierea Arhivelor Securit\u0103\u021bii, sub coordonarea t\u00e2n\u0103rului cercet\u0103tor Adrian Nicolae Petcu, la ora actuaal\u0103(2005) un remarcabil \u201especialist\u201d \u00een probleme biserice\u0219ti ale perioadei 1944-1989. Volumul de fa\u021b\u0103 cuprinde nu mai pu\u021bin de 12 studii, cu o gam\u0103 variat\u0103 de teme care privesc Biserica Ortodox\u0103 Rom\u00e2n\u0103 \u2013 inclusiv \u201ediaspora\u201d ei vest-european\u0103 \u0219i Basarabia \u2013 dar \u0219i Biserica Greco-Catolic\u0103, practic, desfiin\u021bat\u0103 \u00een 1948, Biserica Romano- Catolic\u0103, precum \u0219i alte culte.\u201d(p.7)<\/p>\n<p>Cele 12 studii men\u021bionate sunt:<\/p>\n<p>\u2013<strong>Livia Petre Ni\u021bu <\/strong>\u2013 <em>Reac\u021bii ale elitei rom\u00e2ne\u0219ti fa\u021b\u0103 de Dictatul de la Viena: Societatea \u201eArdealul\u201d<\/em>(1940);<\/p>\n<p>\u2013<strong>Adrian Nicolae Petcu <\/strong>\u2013 <em>Slujitorii altarului \u0219i mi\u0219carea legionar\u0103. Studiu de caz: Preotul Ilie Imbrescu;<\/em><\/p>\n<p>\u2013<strong>Alexandru-Alin Sp\u00e2nu<\/strong> \u2013 <em>Sectele religioase \u00een rapoartele Serviciului de Informa\u021bii al Armatei<\/em>(1947);<\/p>\n<p>\u2013<strong>Adrian Nicolae Petcu<\/strong> \u2013 <em>Securitatea \u0219i cultele \u00een 1949<\/em>;<\/p>\n<p>\u2013<strong>Cristian Vasile<\/strong> \u2013 <em>Episcopul Alexandru Todea \u00een anii comunismului na\u021bional(1964-1989<\/em>);<\/p>\n<p>\u2013<strong>Camelia Ivan Duic\u0103<\/strong> \u2013 <em>Ioan Dulca Joldea \u2013 un preot greco-catolic \u00een rezisten\u021ba armat\u0103 anticomunist\u0103;<\/em><\/p>\n<p><strong>Raluca Nicoleta Spiridon<\/strong> \u2013 <em>Educa\u021bia \u0219i practica religioas\u0103 \u00een comunitatea romano-catolic\u0103 din Sud-Estul Transilvaniei;<\/em><\/p>\n<p>\u2013<strong>Nicolae Videnie<\/strong> \u2013 <em>Presa emigra\u021biei rom\u00e2ne \u2013 revista Bisericii Sfin\u021bii Arhangheli de la Paris(1961-1966);<\/em><\/p>\n<p>\u2013<strong>Ierom. Iosif Pavlinciuc<\/strong> \u2013 <em>Arhimandritul Varlaam Chiri\u021b\u0103 \u0219i lupta sa pentru p\u0103strarea credin\u021bei ortodoxe;<\/em><\/p>\n<p>\u2013<strong>Alexandru Donos<\/strong> \u2013 <em>Regimul sovietic \u0219i Biserica Ortodox\u0103 din Basarabia comunizat\u0103(1944-1953);<\/em><\/p>\n<p>\u2013<strong>Elis Neagoe-Ple\u0219a, Liviu Ple\u0219a<\/strong> \u2013 <em>Cultele neoprotestante din Rom\u00e2nia \u00een perioada 1875-1989;<\/em><\/p>\n<p>\u2013<strong>Adrian Nicolae Petcu<\/strong> \u2013 <em>Bibliografia postdecembrist\u0103 referitoare la Biserica Ortodox\u0103 Rom\u00e2n\u0103 \u00een perioada regimului comunist(1945-1989).<\/em><\/p>\n<p>Men\u021bionez c\u0103 \u00een studiul <strong>Elis Neagoe-Ple\u0219a, Liviu Ple\u0219a<\/strong> \u2013 <em>Cultele neoprotestante din Rom\u00e2nia \u00een perioada 1875-1989, <\/em>sunt numeroase referiri la <em>Biserica Adventist\u0103 de Ziua a \u0218aptea<\/em>, inclusiv sunt prezentate cazuri nominale, unele dintre acestea referindu-se la persoane pe care le cunosc foarte bine. De asemenea, sunt men\u021biuni despre adventi\u0219ti \u00een studiul <strong>Alexandru-Alin Sp\u00e2nu<\/strong> \u2013 <em>Sectele religioase \u00een rapoartele Serviciului de Informa\u021bii al Armatei<\/em>(1947) \u0219i \u00een studiul <strong>Adrian Nicolae Petcu<\/strong> \u2013 <em>Securitatea \u0219i cultele \u00een 1949.<\/em> Men\u021bionez c\u0103 informa\u021biile generale despre <em>Biserica Adventist\u0103 din Rom\u00e2nia<\/em> sunt sumare \u0219i pe alocuri inexacte.<\/p>\n<p>O astfel de lucrare, care adun\u0103 studii concepute de diver\u0219i autori, are valoarea ei, deoarece autorii au lucrat \u00een arhive \u0219i au f\u0103cut o munc\u0103 de cercetare foarte util\u0103, pun\u00e2nd la dispozi\u021bia publicului larg informa\u021bii( uneori necorelate) pe subiecte r\u0103mase \u00eenc\u0103 neelucidate pe deplin. A\u0219adar, o lectur\u0103 interesant\u0103 fiindc\u0103 ofer\u0103 ocazia de a privi din partea cealalt\u0103, cea a Securit\u0103\u021bii, persecutarea credincio\u0219ilor din Rom\u00e2nia.<\/p>\n<p>Lectur\u0103 atent\u0103, folositoare \u0219i care s\u0103 ne pun\u0103 pe g\u00e2nduri\u2026<\/p>\n<p>Dr. Valeriu Petrescu<\/p>\n<\/div>\n<p class=\"wpematico_credit\"><small>Powered by <a href=\"http:\/\/www.wpematico.com\" target=\"_blank\" rel=\"noopener noreferrer\">WPeMatico<\/a><\/small><\/p>\n ","protected":false},"excerpt":{"rendered":"<p>Istoria persecu\u021biilor pe care le-au suferit credincio\u0219ii din Rom\u00e2nia \u00een timpul regimului comunist n-ar trebui uitat\u0103. Ar trebui s\u0103 \u0219tim povestea aceasta din ambele perspective, cea a celor persecuta\u021bi \u0219i cea a persecutorilor\u2026 PARTIDUL, SECURITATEA \u0218I CULTELE \u2013 1945-1989, coordonator Adrian Nicolae Petcu, Editura Nemira, Colec\u021bia Biblioteca de istorie, 2005\u2026 Coordonatorul acestui volum este Adrian &hellip; <a href=\"https:\/\/adventistoltenia.ro\/site\/sugestii-de-lectura-partidul-securitatea-si-cultele\/\">Continued<\/a><\/p>\n","protected":false},"author":2,"featured_media":0,"comment_status":"open","ping_status":"closed","sticky":false,"template":"","format":"standard","meta":[],"categories":[71],"tags":[],"yoast_head":"<!-- This site is optimized with the Yoast SEO plugin v20.3 - https:\/\/yoast.com\/wordpress\/plugins\/seo\/ -->\n<title>Sugestii de lectur\u0103 \u2013 Partidul, Securitatea \u0219i Cultele - Conferinta Oltenia<\/title>\n<meta name=\"robots\" content=\"index, follow, max-snippet:-1, max-image-preview:large, max-video-preview:-1\" \/>\n<link rel=\"canonical\" href=\"https:\/\/adventistoltenia.ro\/site\/sugestii-de-lectura-partidul-securitatea-si-cultele\/\" \/>\n<meta property=\"og:locale\" content=\"en_US\" \/>\n<meta property=\"og:type\" content=\"article\" \/>\n<meta property=\"og:title\" content=\"Sugestii de lectur\u0103 \u2013 Partidul, Securitatea \u0219i Cultele - Conferinta Oltenia\" \/>\n<meta property=\"og:description\" content=\"Istoria persecu\u021biilor pe care le-au suferit credincio\u0219ii din Rom\u00e2nia \u00een timpul regimului comunist n-ar trebui uitat\u0103. Ar trebui s\u0103 \u0219tim povestea aceasta din ambele perspective, cea a celor persecuta\u021bi \u0219i cea a persecutorilor\u2026 PARTIDUL, SECURITATEA \u0218I CULTELE \u2013 1945-1989, coordonator Adrian Nicolae Petcu, Editura Nemira, Colec\u021bia Biblioteca de istorie, 2005\u2026 Coordonatorul acestui volum este Adrian &hellip; Continued\" \/>\n<meta property=\"og:url\" content=\"https:\/\/adventistoltenia.ro\/site\/sugestii-de-lectura-partidul-securitatea-si-cultele\/\" \/>\n<meta property=\"og:site_name\" content=\"Conferinta Oltenia\" \/>\n<meta property=\"article:published_time\" content=\"2020-01-27T01:06:35+00:00\" \/>\n<meta name=\"author\" content=\"Conferinta Oltenia\" \/>\n<meta name=\"twitter:card\" content=\"summary_large_image\" \/>\n<meta name=\"twitter:label1\" content=\"Written by\" \/>\n\t<meta name=\"twitter:data1\" content=\"Conferinta Oltenia\" \/>\n\t<meta name=\"twitter:label2\" content=\"Est. reading time\" \/>\n\t<meta name=\"twitter:data2\" content=\"4 minutes\" \/>\n<script type=\"application\/ld+json\" class=\"yoast-schema-graph\">{\"@context\":\"https:\/\/schema.org\",\"@graph\":[{\"@type\":\"WebPage\",\"@id\":\"https:\/\/adventistoltenia.ro\/site\/sugestii-de-lectura-partidul-securitatea-si-cultele\/\",\"url\":\"https:\/\/adventistoltenia.ro\/site\/sugestii-de-lectura-partidul-securitatea-si-cultele\/\",\"name\":\"Sugestii de lectur\u0103 \u2013 Partidul, Securitatea \u0219i Cultele - Conferinta Oltenia\",\"isPartOf\":{\"@id\":\"https:\/\/adventistoltenia.ro\/site\/#website\"},\"datePublished\":\"2020-01-27T01:06:35+00:00\",\"dateModified\":\"2020-01-27T01:06:35+00:00\",\"author\":{\"@id\":\"https:\/\/adventistoltenia.ro\/site\/#\/schema\/person\/81972d6ddcec064fcb37a129240ef9d7\"},\"breadcrumb\":{\"@id\":\"https:\/\/adventistoltenia.ro\/site\/sugestii-de-lectura-partidul-securitatea-si-cultele\/#breadcrumb\"},\"inLanguage\":\"en-US\",\"potentialAction\":[{\"@type\":\"ReadAction\",\"target\":[\"https:\/\/adventistoltenia.ro\/site\/sugestii-de-lectura-partidul-securitatea-si-cultele\/\"]}]},{\"@type\":\"BreadcrumbList\",\"@id\":\"https:\/\/adventistoltenia.ro\/site\/sugestii-de-lectura-partidul-securitatea-si-cultele\/#breadcrumb\",\"itemListElement\":[{\"@type\":\"ListItem\",\"position\":1,\"name\":\"Home\",\"item\":\"https:\/\/adventistoltenia.ro\/site\/\"},{\"@type\":\"ListItem\",\"position\":2,\"name\":\"Sugestii de lectur\u0103 \u2013 Partidul, Securitatea \u0219i Cultele\"}]},{\"@type\":\"WebSite\",\"@id\":\"https:\/\/adventistoltenia.ro\/site\/#website\",\"url\":\"https:\/\/adventistoltenia.ro\/site\/\",\"name\":\"Conferinta Oltenia\",\"description\":\"Biserica Adventista de Ziua a Saptea\",\"potentialAction\":[{\"@type\":\"SearchAction\",\"target\":{\"@type\":\"EntryPoint\",\"urlTemplate\":\"https:\/\/adventistoltenia.ro\/site\/?s={search_term_string}\"},\"query-input\":\"required name=search_term_string\"}],\"inLanguage\":\"en-US\"},{\"@type\":\"Person\",\"@id\":\"https:\/\/adventistoltenia.ro\/site\/#\/schema\/person\/81972d6ddcec064fcb37a129240ef9d7\",\"name\":\"Conferinta Oltenia\",\"image\":{\"@type\":\"ImageObject\",\"inLanguage\":\"en-US\",\"@id\":\"https:\/\/adventistoltenia.ro\/site\/#\/schema\/person\/image\/\",\"url\":\"https:\/\/secure.gravatar.com\/avatar\/ebe92ec22e2e53a8eb79d6b52b724e27?s=96&d=mm&r=g\",\"contentUrl\":\"https:\/\/secure.gravatar.com\/avatar\/ebe92ec22e2e53a8eb79d6b52b724e27?s=96&d=mm&r=g\",\"caption\":\"Conferinta Oltenia\"},\"url\":\"https:\/\/adventistoltenia.ro\/site\/author\/adm1n\/\"}]}<\/script>\n<!-- \/ Yoast SEO plugin. -->","yoast_head_json":{"title":"Sugestii de lectur\u0103 \u2013 Partidul, Securitatea \u0219i Cultele - Conferinta Oltenia","robots":{"index":"index","follow":"follow","max-snippet":"max-snippet:-1","max-image-preview":"max-image-preview:large","max-video-preview":"max-video-preview:-1"},"canonical":"https:\/\/adventistoltenia.ro\/site\/sugestii-de-lectura-partidul-securitatea-si-cultele\/","og_locale":"en_US","og_type":"article","og_title":"Sugestii de lectur\u0103 \u2013 Partidul, Securitatea \u0219i Cultele - Conferinta Oltenia","og_description":"Istoria persecu\u021biilor pe care le-au suferit credincio\u0219ii din Rom\u00e2nia \u00een timpul regimului comunist n-ar trebui uitat\u0103. Ar trebui s\u0103 \u0219tim povestea aceasta din ambele perspective, cea a celor persecuta\u021bi \u0219i cea a persecutorilor\u2026 PARTIDUL, SECURITATEA \u0218I CULTELE \u2013 1945-1989, coordonator Adrian Nicolae Petcu, Editura Nemira, Colec\u021bia Biblioteca de istorie, 2005\u2026 Coordonatorul acestui volum este Adrian &hellip; Continued","og_url":"https:\/\/adventistoltenia.ro\/site\/sugestii-de-lectura-partidul-securitatea-si-cultele\/","og_site_name":"Conferinta Oltenia","article_published_time":"2020-01-27T01:06:35+00:00","author":"Conferinta Oltenia","twitter_card":"summary_large_image","twitter_misc":{"Written by":"Conferinta Oltenia","Est. reading time":"4 minutes"},"schema":{"@context":"https:\/\/schema.org","@graph":[{"@type":"WebPage","@id":"https:\/\/adventistoltenia.ro\/site\/sugestii-de-lectura-partidul-securitatea-si-cultele\/","url":"https:\/\/adventistoltenia.ro\/site\/sugestii-de-lectura-partidul-securitatea-si-cultele\/","name":"Sugestii de lectur\u0103 \u2013 Partidul, Securitatea \u0219i Cultele - Conferinta Oltenia","isPartOf":{"@id":"https:\/\/adventistoltenia.ro\/site\/#website"},"datePublished":"2020-01-27T01:06:35+00:00","dateModified":"2020-01-27T01:06:35+00:00","author":{"@id":"https:\/\/adventistoltenia.ro\/site\/#\/schema\/person\/81972d6ddcec064fcb37a129240ef9d7"},"breadcrumb":{"@id":"https:\/\/adventistoltenia.ro\/site\/sugestii-de-lectura-partidul-securitatea-si-cultele\/#breadcrumb"},"inLanguage":"en-US","potentialAction":[{"@type":"ReadAction","target":["https:\/\/adventistoltenia.ro\/site\/sugestii-de-lectura-partidul-securitatea-si-cultele\/"]}]},{"@type":"BreadcrumbList","@id":"https:\/\/adventistoltenia.ro\/site\/sugestii-de-lectura-partidul-securitatea-si-cultele\/#breadcrumb","itemListElement":[{"@type":"ListItem","position":1,"name":"Home","item":"https:\/\/adventistoltenia.ro\/site\/"},{"@type":"ListItem","position":2,"name":"Sugestii de lectur\u0103 \u2013 Partidul, Securitatea \u0219i Cultele"}]},{"@type":"WebSite","@id":"https:\/\/adventistoltenia.ro\/site\/#website","url":"https:\/\/adventistoltenia.ro\/site\/","name":"Conferinta Oltenia","description":"Biserica Adventista de Ziua a Saptea","potentialAction":[{"@type":"SearchAction","target":{"@type":"EntryPoint","urlTemplate":"https:\/\/adventistoltenia.ro\/site\/?s={search_term_string}"},"query-input":"required name=search_term_string"}],"inLanguage":"en-US"},{"@type":"Person","@id":"https:\/\/adventistoltenia.ro\/site\/#\/schema\/person\/81972d6ddcec064fcb37a129240ef9d7","name":"Conferinta Oltenia","image":{"@type":"ImageObject","inLanguage":"en-US","@id":"https:\/\/adventistoltenia.ro\/site\/#\/schema\/person\/image\/","url":"https:\/\/secure.gravatar.com\/avatar\/ebe92ec22e2e53a8eb79d6b52b724e27?s=96&d=mm&r=g","contentUrl":"https:\/\/secure.gravatar.com\/avatar\/ebe92ec22e2e53a8eb79d6b52b724e27?s=96&d=mm&r=g","caption":"Conferinta Oltenia"},"url":"https:\/\/adventistoltenia.ro\/site\/author\/adm1n\/"}]}},"_links":{"self":[{"href":"https:\/\/adventistoltenia.ro\/site\/wp-json\/wp\/v2\/posts\/3174"}],"collection":[{"href":"https:\/\/adventistoltenia.ro\/site\/wp-json\/wp\/v2\/posts"}],"about":[{"href":"https:\/\/adventistoltenia.ro\/site\/wp-json\/wp\/v2\/types\/post"}],"author":[{"embeddable":true,"href":"https:\/\/adventistoltenia.ro\/site\/wp-json\/wp\/v2\/users\/2"}],"replies":[{"embeddable":true,"href":"https:\/\/adventistoltenia.ro\/site\/wp-json\/wp\/v2\/comments?post=3174"}],"version-history":[{"count":0,"href":"https:\/\/adventistoltenia.ro\/site\/wp-json\/wp\/v2\/posts\/3174\/revisions"}],"wp:attachment":[{"href":"https:\/\/adventistoltenia.ro\/site\/wp-json\/wp\/v2\/media?parent=3174"}],"wp:term":[{"taxonomy":"category","embeddable":true,"href":"https:\/\/adventistoltenia.ro\/site\/wp-json\/wp\/v2\/categories?post=3174"},{"taxonomy":"post_tag","embeddable":true,"href":"https:\/\/adventistoltenia.ro\/site\/wp-json\/wp\/v2\/tags?post=3174"}],"curies":[{"name":"wp","href":"https:\/\/api.w.org\/{rel}","templated":true}]}}