{"id":3175,"date":"2020-01-28T01:08:35","date_gmt":"2020-01-28T01:08:35","guid":{"rendered":"http:\/\/adventistoltenia.ro\/site\/sesiunea-conferintei-generale-a-bisericii-adventiste-de-ziua-a-saptea-la-nivel-mondial-intrebari-si-raspunsuri-qa\/"},"modified":"2020-01-28T01:08:35","modified_gmt":"2020-01-28T01:08:35","slug":"sesiunea-conferintei-generale-a-bisericii-adventiste-de-ziua-a-saptea-la-nivel-mondial-intrebari-si-raspunsuri-qa","status":"publish","type":"post","link":"https:\/\/adventistoltenia.ro\/site\/sesiunea-conferintei-generale-a-bisericii-adventiste-de-ziua-a-saptea-la-nivel-mondial-intrebari-si-raspunsuri-qa\/","title":{"rendered":"Sesiunea Conferin\u021bei Generale a Bisericii Adventiste de Ziua a \u0218aptea la nivel mondial \u2013 \u00eentreb\u0103ri \u0219i r\u0103spunsuri (Q&amp;A)"},"content":{"rendered":"<div>\n<p>\u00cen timp ce ne apropiem de Sesiunea Conferin\u021bei Generale a Bisericii Adventiste de Ziua a \u0218aptea primim \u00eentreb\u0103ri din partea membrilor bisericii \u0219i nu numai legat de acest eveniment. \u00cen continuarea acestui articol vom \u00eencerca s\u0103 r\u0103spundem la c\u00e2teva dintre ele.<\/p>\n<h3>1. De ce Biserica Adventist\u0103 de Ziua a \u0218aptea organizeaz\u0103 o Sesiune a Conferin\u021bei Generale la fiecare cinci ani? Care este scopul unei astfel de \u00eent\u00e2lniri?<\/h3>\n<p>Sesiunea Conferin\u021bei Generale este o \u00eent\u00e2lnire spiritual\u0103, cu rol constitu\u021bional \u0219i necesar\u0103 care s-a desf\u0103\u0219urat la fiecare cinci ani \u00eencep\u00e2nd cu 1970. Scopul ei este acela de a oferi o direc\u021bie Bisericii pentru urm\u0103torii cinci ani \u0219i de a vota at\u00e2t conducerea la nivel global c\u00e2t \u0219i schimb\u0103ri necesare \u00een Constitu\u021bia Bisericii, \u00een Doctrinele Fundamentale \u0219i \u00een Manualul Bisericii.<\/p>\n<h3>2. Care sunt costurile Sesiunii Conferin\u021bei Generale? Nu ar fi existat o alt\u0103 cale de a rezolva aceste probleme f\u0103r\u0103 a consuma bani \u0219i timp?<\/h3>\n<p>Din bugetul Conferin\u021bei Generale se pun deoparte \u00een fiecare an 1.4 milioane de dolari americani special pentru plata loca\u021biei. Adunat\u0103 timp de cinci ani, suma ajunge la 7 milioane de dolari americani care \u00eenseamn\u0103 mai pu\u021bin de 8 cen\u021bi (mai pu\u021bin de 0,5 RON pe an, curs valutar BNR din data de 26 ianuarie 2020) pe an de membru. Incluz\u00e2nd costuri indirecte precum c\u0103l\u0103toria, cazarea \u0219i programele local-administrative, costul total al Sesiunii Conferin\u021bei Generale este de 20 de milioane de dolari americani, care \u00eenseamn\u0103 mai pu\u021bin de un dolar pe membru.<\/p>\n<p>Nu exist\u0103 o alt\u0103 denomina\u021biune care s\u0103 se adune la nivel global \u0219i s\u0103 aleag\u0103 lideri, s\u0103 asculte rapoarte \u0219i s\u0103 primeasc\u0103 dona\u021bii pentru a fi distribuite \u00een diferite p\u0103r\u021bi ale Globului. Pentru a p\u0103stra unitatea Bisericii Adventiste de Ziua a \u0218aptea la nivel mondial printr-o alt\u0103 metod\u0103 de comunicare ne-ar costa de 10 ori mai mult.<\/p>\n<h3>3. Trebuie s\u0103 fiu delegat pentru a participa la Sesiunea Conferin\u021bei Generale? C\u00e2\u021bi delega\u021bi sunt la o astfel de \u00eent\u00e2lnire?<\/h3>\n<p>Sesiune Conferin\u021bei Generale este o \u00eent\u00e2lnire deschis\u0103 la care oricine poate participa. Cu toate acestea doar delega\u021bii \u0219i invita\u021bii au posibilitatea de a discuta problemele \u00een plen \u0219i de a lua un vot. Anul acesta sunt a\u0219tepta\u021bi s\u0103 participe aproape 2700 delega\u021bi cu drept de vot. Fiecare persoan\u0103 este trimis\u0103 de Uniunea din care face parte pentru a reprezenta membrii din aria respectiv\u0103. De asemenea, dintre delega\u021bi fac parte \u0219i trimi\u0219i ai bisericilor majore \u0219i a unor institu\u021bii.<\/p>\n<h3>4. Ce c\u00e2\u0219tig\u0103 un membru care particip\u0103 la o Sesiune a Conferin\u021bei Generale?<\/h3>\n<p>Cei care particip\u0103 pot \u00een\u021belege mai clar viziunea Bisericii Adventiste de Ziua a \u0218aptea la nivel mondial \u0219i modul cum aceasta func\u021bioneaz\u0103. De asemenea, ace\u0219tia vor \u00eent\u00e2lni mai mul\u021bi oameni din diferite \u021b\u0103ri \u0219i culturi dec\u00e2t ar \u00eent\u00e2lni la un alt eveniment organizat de Biseric\u0103.<\/p>\n<h3>5. Descrie\u021bi o zi obi\u0219nuit\u0103 la Sesiunea Conferin\u021bei Generale.<\/h3>\n<p>Pentru cei care lucreaz\u0103 din spatele scenei, ziua \u00eencepe cu un Comitet de Organizare \u00een care se stabile\u0219te agenda zilei. Prima \u00eent\u00e2lnire public\u0103 este momentul de \u00eenchinare de diminea\u021ba, fiind urmat\u0103 de o \u00eent\u00e2lnire de lucru care dureaz\u0103 p\u00e2n\u0103 la pr\u00e2nz. Aceasta este reluat\u0103 dup\u0103-amiaza. Seara, regiunile lumii au posibilitatea s\u0103-\u0219i prezinte planurile misionare, dificult\u0103\u021bile \u0219i oportunit\u0103\u021bile pe care le \u00eent\u00e2mpin\u0103. Toate acestea sunt f\u0103cute \u00een portul tradi\u021bional, pe culorile \u0219i muzica specific\u0103 regiunii. De asemenea, de-a lungul zilei, exponate pot fi observate \u00een cl\u0103direa central\u0103, fiind oferite idei \u0219i resurse pentru activitatea diverselor departamente ale bisericii.<\/p>\n<p><em>Traducere: Elisei Florea<\/em><\/p>\n<p><em>Surs\u0103 \u0218tire &#038; Imagine: <a href=\"https:\/\/session.adventist.org\/\" target=\"_blank\" rel=\"noopener noreferrer\">General Conference of the Seventh-day Adventist Church<\/a><\/em><\/p>\n<div id=\"gtx-anchor\" style=\"position: absolute; visibility: hidden; left: 173px; top: 812px; width: 404px; height: 19px;\"><\/div>\n<div class=\"jfk-bubble gtx-bubble\" style=\"visibility: visible; left: -314px; top: 633px; opacity: 1;\" role=\"alertdialog\" aria-describedby=\"bubble-2\">\n<div id=\"bubble-2\" class=\"jfk-bubble-content-id\">\n<div id=\"gtx-host\" style=\"min-width: 200px; max-width: 400px;\"><\/div>\n<\/div>\n<div class=\"jfk-bubble-closebtn-id jfk-bubble-closebtn\" tabindex=\"0\" role=\"button\" aria-label=\"Close\"><\/div>\n<div class=\"jfk-bubble-arrow-id jfk-bubble-arrow jfk-bubble-arrowdown\" style=\"left: 365px;\">\n<div class=\"jfk-bubble-arrowimplbefore\"><\/div>\n<div class=\"jfk-bubble-arrowimplafter\"><\/div>\n<\/div>\n<\/div>\n<\/div>\n<p class=\"wpematico_credit\"><small>Powered by <a href=\"http:\/\/www.wpematico.com\" target=\"_blank\" rel=\"noopener noreferrer\">WPeMatico<\/a><\/small><\/p>\n ","protected":false},"excerpt":{"rendered":"<p>\u00cen timp ce ne apropiem de Sesiunea Conferin\u021bei Generale a Bisericii Adventiste de Ziua a \u0218aptea primim \u00eentreb\u0103ri din partea membrilor bisericii \u0219i nu numai legat de acest eveniment. \u00cen continuarea acestui articol vom \u00eencerca s\u0103 r\u0103spundem la c\u00e2teva dintre ele. 1. De ce Biserica Adventist\u0103 de Ziua a \u0218aptea organizeaz\u0103 o Sesiune a Conferin\u021bei &hellip; <a href=\"https:\/\/adventistoltenia.ro\/site\/sesiunea-conferintei-generale-a-bisericii-adventiste-de-ziua-a-saptea-la-nivel-mondial-intrebari-si-raspunsuri-qa\/\">Continued<\/a><\/p>\n","protected":false},"author":2,"featured_media":0,"comment_status":"open","ping_status":"closed","sticky":false,"template":"","format":"standard","meta":[],"categories":[71],"tags":[],"yoast_head":"<!-- This site is optimized with the Yoast SEO plugin v20.3 - https:\/\/yoast.com\/wordpress\/plugins\/seo\/ -->\n<title>Sesiunea Conferin\u021bei Generale a Bisericii Adventiste de Ziua a \u0218aptea la nivel mondial \u2013 \u00eentreb\u0103ri \u0219i r\u0103spunsuri (Q&amp;A) - Conferinta Oltenia<\/title>\n<meta name=\"robots\" content=\"index, follow, max-snippet:-1, max-image-preview:large, max-video-preview:-1\" \/>\n<link rel=\"canonical\" href=\"https:\/\/adventistoltenia.ro\/site\/sesiunea-conferintei-generale-a-bisericii-adventiste-de-ziua-a-saptea-la-nivel-mondial-intrebari-si-raspunsuri-qa\/\" \/>\n<meta property=\"og:locale\" content=\"en_US\" \/>\n<meta property=\"og:type\" content=\"article\" \/>\n<meta property=\"og:title\" content=\"Sesiunea Conferin\u021bei Generale a Bisericii Adventiste de Ziua a \u0218aptea la nivel mondial \u2013 \u00eentreb\u0103ri \u0219i r\u0103spunsuri (Q&amp;A) - Conferinta Oltenia\" \/>\n<meta property=\"og:description\" content=\"\u00cen timp ce ne apropiem de Sesiunea Conferin\u021bei Generale a Bisericii Adventiste de Ziua a \u0218aptea primim \u00eentreb\u0103ri din partea membrilor bisericii \u0219i nu numai legat de acest eveniment. \u00cen continuarea acestui articol vom \u00eencerca s\u0103 r\u0103spundem la c\u00e2teva dintre ele. 1. De ce Biserica Adventist\u0103 de Ziua a \u0218aptea organizeaz\u0103 o Sesiune a Conferin\u021bei &hellip; Continued\" \/>\n<meta property=\"og:url\" content=\"https:\/\/adventistoltenia.ro\/site\/sesiunea-conferintei-generale-a-bisericii-adventiste-de-ziua-a-saptea-la-nivel-mondial-intrebari-si-raspunsuri-qa\/\" \/>\n<meta property=\"og:site_name\" content=\"Conferinta Oltenia\" \/>\n<meta property=\"article:published_time\" content=\"2020-01-28T01:08:35+00:00\" \/>\n<meta name=\"author\" content=\"Conferinta Oltenia\" \/>\n<meta name=\"twitter:card\" content=\"summary_large_image\" \/>\n<meta name=\"twitter:label1\" content=\"Written by\" \/>\n\t<meta name=\"twitter:data1\" content=\"Conferinta Oltenia\" \/>\n\t<meta name=\"twitter:label2\" content=\"Est. reading time\" \/>\n\t<meta name=\"twitter:data2\" content=\"3 minutes\" \/>\n<script type=\"application\/ld+json\" class=\"yoast-schema-graph\">{\"@context\":\"https:\/\/schema.org\",\"@graph\":[{\"@type\":\"WebPage\",\"@id\":\"https:\/\/adventistoltenia.ro\/site\/sesiunea-conferintei-generale-a-bisericii-adventiste-de-ziua-a-saptea-la-nivel-mondial-intrebari-si-raspunsuri-qa\/\",\"url\":\"https:\/\/adventistoltenia.ro\/site\/sesiunea-conferintei-generale-a-bisericii-adventiste-de-ziua-a-saptea-la-nivel-mondial-intrebari-si-raspunsuri-qa\/\",\"name\":\"Sesiunea Conferin\u021bei Generale a Bisericii Adventiste de Ziua a \u0218aptea la nivel mondial \u2013 \u00eentreb\u0103ri \u0219i r\u0103spunsuri (Q&amp;A) - Conferinta Oltenia\",\"isPartOf\":{\"@id\":\"https:\/\/adventistoltenia.ro\/site\/#website\"},\"datePublished\":\"2020-01-28T01:08:35+00:00\",\"dateModified\":\"2020-01-28T01:08:35+00:00\",\"author\":{\"@id\":\"https:\/\/adventistoltenia.ro\/site\/#\/schema\/person\/81972d6ddcec064fcb37a129240ef9d7\"},\"breadcrumb\":{\"@id\":\"https:\/\/adventistoltenia.ro\/site\/sesiunea-conferintei-generale-a-bisericii-adventiste-de-ziua-a-saptea-la-nivel-mondial-intrebari-si-raspunsuri-qa\/#breadcrumb\"},\"inLanguage\":\"en-US\",\"potentialAction\":[{\"@type\":\"ReadAction\",\"target\":[\"https:\/\/adventistoltenia.ro\/site\/sesiunea-conferintei-generale-a-bisericii-adventiste-de-ziua-a-saptea-la-nivel-mondial-intrebari-si-raspunsuri-qa\/\"]}]},{\"@type\":\"BreadcrumbList\",\"@id\":\"https:\/\/adventistoltenia.ro\/site\/sesiunea-conferintei-generale-a-bisericii-adventiste-de-ziua-a-saptea-la-nivel-mondial-intrebari-si-raspunsuri-qa\/#breadcrumb\",\"itemListElement\":[{\"@type\":\"ListItem\",\"position\":1,\"name\":\"Home\",\"item\":\"https:\/\/adventistoltenia.ro\/site\/\"},{\"@type\":\"ListItem\",\"position\":2,\"name\":\"Sesiunea Conferin\u021bei Generale a Bisericii Adventiste de Ziua a \u0218aptea la nivel mondial \u2013 \u00eentreb\u0103ri \u0219i r\u0103spunsuri (Q&amp;A)\"}]},{\"@type\":\"WebSite\",\"@id\":\"https:\/\/adventistoltenia.ro\/site\/#website\",\"url\":\"https:\/\/adventistoltenia.ro\/site\/\",\"name\":\"Conferinta Oltenia\",\"description\":\"Biserica Adventista de Ziua a Saptea\",\"potentialAction\":[{\"@type\":\"SearchAction\",\"target\":{\"@type\":\"EntryPoint\",\"urlTemplate\":\"https:\/\/adventistoltenia.ro\/site\/?s={search_term_string}\"},\"query-input\":\"required name=search_term_string\"}],\"inLanguage\":\"en-US\"},{\"@type\":\"Person\",\"@id\":\"https:\/\/adventistoltenia.ro\/site\/#\/schema\/person\/81972d6ddcec064fcb37a129240ef9d7\",\"name\":\"Conferinta Oltenia\",\"image\":{\"@type\":\"ImageObject\",\"inLanguage\":\"en-US\",\"@id\":\"https:\/\/adventistoltenia.ro\/site\/#\/schema\/person\/image\/\",\"url\":\"https:\/\/secure.gravatar.com\/avatar\/ebe92ec22e2e53a8eb79d6b52b724e27?s=96&d=mm&r=g\",\"contentUrl\":\"https:\/\/secure.gravatar.com\/avatar\/ebe92ec22e2e53a8eb79d6b52b724e27?s=96&d=mm&r=g\",\"caption\":\"Conferinta Oltenia\"},\"url\":\"https:\/\/adventistoltenia.ro\/site\/author\/adm1n\/\"}]}<\/script>\n<!-- \/ Yoast SEO plugin. -->","yoast_head_json":{"title":"Sesiunea Conferin\u021bei Generale a Bisericii Adventiste de Ziua a \u0218aptea la nivel mondial \u2013 \u00eentreb\u0103ri \u0219i r\u0103spunsuri (Q&amp;A) - Conferinta Oltenia","robots":{"index":"index","follow":"follow","max-snippet":"max-snippet:-1","max-image-preview":"max-image-preview:large","max-video-preview":"max-video-preview:-1"},"canonical":"https:\/\/adventistoltenia.ro\/site\/sesiunea-conferintei-generale-a-bisericii-adventiste-de-ziua-a-saptea-la-nivel-mondial-intrebari-si-raspunsuri-qa\/","og_locale":"en_US","og_type":"article","og_title":"Sesiunea Conferin\u021bei Generale a Bisericii Adventiste de Ziua a \u0218aptea la nivel mondial \u2013 \u00eentreb\u0103ri \u0219i r\u0103spunsuri (Q&amp;A) - Conferinta Oltenia","og_description":"\u00cen timp ce ne apropiem de Sesiunea Conferin\u021bei Generale a Bisericii Adventiste de Ziua a \u0218aptea primim \u00eentreb\u0103ri din partea membrilor bisericii \u0219i nu numai legat de acest eveniment. \u00cen continuarea acestui articol vom \u00eencerca s\u0103 r\u0103spundem la c\u00e2teva dintre ele. 1. De ce Biserica Adventist\u0103 de Ziua a \u0218aptea organizeaz\u0103 o Sesiune a Conferin\u021bei &hellip; Continued","og_url":"https:\/\/adventistoltenia.ro\/site\/sesiunea-conferintei-generale-a-bisericii-adventiste-de-ziua-a-saptea-la-nivel-mondial-intrebari-si-raspunsuri-qa\/","og_site_name":"Conferinta Oltenia","article_published_time":"2020-01-28T01:08:35+00:00","author":"Conferinta Oltenia","twitter_card":"summary_large_image","twitter_misc":{"Written by":"Conferinta Oltenia","Est. reading time":"3 minutes"},"schema":{"@context":"https:\/\/schema.org","@graph":[{"@type":"WebPage","@id":"https:\/\/adventistoltenia.ro\/site\/sesiunea-conferintei-generale-a-bisericii-adventiste-de-ziua-a-saptea-la-nivel-mondial-intrebari-si-raspunsuri-qa\/","url":"https:\/\/adventistoltenia.ro\/site\/sesiunea-conferintei-generale-a-bisericii-adventiste-de-ziua-a-saptea-la-nivel-mondial-intrebari-si-raspunsuri-qa\/","name":"Sesiunea Conferin\u021bei Generale a Bisericii Adventiste de Ziua a \u0218aptea la nivel mondial \u2013 \u00eentreb\u0103ri \u0219i r\u0103spunsuri (Q&amp;A) - Conferinta Oltenia","isPartOf":{"@id":"https:\/\/adventistoltenia.ro\/site\/#website"},"datePublished":"2020-01-28T01:08:35+00:00","dateModified":"2020-01-28T01:08:35+00:00","author":{"@id":"https:\/\/adventistoltenia.ro\/site\/#\/schema\/person\/81972d6ddcec064fcb37a129240ef9d7"},"breadcrumb":{"@id":"https:\/\/adventistoltenia.ro\/site\/sesiunea-conferintei-generale-a-bisericii-adventiste-de-ziua-a-saptea-la-nivel-mondial-intrebari-si-raspunsuri-qa\/#breadcrumb"},"inLanguage":"en-US","potentialAction":[{"@type":"ReadAction","target":["https:\/\/adventistoltenia.ro\/site\/sesiunea-conferintei-generale-a-bisericii-adventiste-de-ziua-a-saptea-la-nivel-mondial-intrebari-si-raspunsuri-qa\/"]}]},{"@type":"BreadcrumbList","@id":"https:\/\/adventistoltenia.ro\/site\/sesiunea-conferintei-generale-a-bisericii-adventiste-de-ziua-a-saptea-la-nivel-mondial-intrebari-si-raspunsuri-qa\/#breadcrumb","itemListElement":[{"@type":"ListItem","position":1,"name":"Home","item":"https:\/\/adventistoltenia.ro\/site\/"},{"@type":"ListItem","position":2,"name":"Sesiunea Conferin\u021bei Generale a Bisericii Adventiste de Ziua a \u0218aptea la nivel mondial \u2013 \u00eentreb\u0103ri \u0219i r\u0103spunsuri (Q&amp;A)"}]},{"@type":"WebSite","@id":"https:\/\/adventistoltenia.ro\/site\/#website","url":"https:\/\/adventistoltenia.ro\/site\/","name":"Conferinta Oltenia","description":"Biserica Adventista de Ziua a Saptea","potentialAction":[{"@type":"SearchAction","target":{"@type":"EntryPoint","urlTemplate":"https:\/\/adventistoltenia.ro\/site\/?s={search_term_string}"},"query-input":"required name=search_term_string"}],"inLanguage":"en-US"},{"@type":"Person","@id":"https:\/\/adventistoltenia.ro\/site\/#\/schema\/person\/81972d6ddcec064fcb37a129240ef9d7","name":"Conferinta Oltenia","image":{"@type":"ImageObject","inLanguage":"en-US","@id":"https:\/\/adventistoltenia.ro\/site\/#\/schema\/person\/image\/","url":"https:\/\/secure.gravatar.com\/avatar\/ebe92ec22e2e53a8eb79d6b52b724e27?s=96&d=mm&r=g","contentUrl":"https:\/\/secure.gravatar.com\/avatar\/ebe92ec22e2e53a8eb79d6b52b724e27?s=96&d=mm&r=g","caption":"Conferinta Oltenia"},"url":"https:\/\/adventistoltenia.ro\/site\/author\/adm1n\/"}]}},"_links":{"self":[{"href":"https:\/\/adventistoltenia.ro\/site\/wp-json\/wp\/v2\/posts\/3175"}],"collection":[{"href":"https:\/\/adventistoltenia.ro\/site\/wp-json\/wp\/v2\/posts"}],"about":[{"href":"https:\/\/adventistoltenia.ro\/site\/wp-json\/wp\/v2\/types\/post"}],"author":[{"embeddable":true,"href":"https:\/\/adventistoltenia.ro\/site\/wp-json\/wp\/v2\/users\/2"}],"replies":[{"embeddable":true,"href":"https:\/\/adventistoltenia.ro\/site\/wp-json\/wp\/v2\/comments?post=3175"}],"version-history":[{"count":0,"href":"https:\/\/adventistoltenia.ro\/site\/wp-json\/wp\/v2\/posts\/3175\/revisions"}],"wp:attachment":[{"href":"https:\/\/adventistoltenia.ro\/site\/wp-json\/wp\/v2\/media?parent=3175"}],"wp:term":[{"taxonomy":"category","embeddable":true,"href":"https:\/\/adventistoltenia.ro\/site\/wp-json\/wp\/v2\/categories?post=3175"},{"taxonomy":"post_tag","embeddable":true,"href":"https:\/\/adventistoltenia.ro\/site\/wp-json\/wp\/v2\/tags?post=3175"}],"curies":[{"name":"wp","href":"https:\/\/api.w.org\/{rel}","templated":true}]}}