{"id":3176,"date":"2020-01-29T01:09:23","date_gmt":"2020-01-29T01:09:23","guid":{"rendered":"http:\/\/adventistoltenia.ro\/site\/prioritatile-bisericii-adventiste-mondiale-pentru-2020\/"},"modified":"2020-01-29T01:09:23","modified_gmt":"2020-01-29T01:09:23","slug":"prioritatile-bisericii-adventiste-mondiale-pentru-2020","status":"publish","type":"post","link":"https:\/\/adventistoltenia.ro\/site\/prioritatile-bisericii-adventiste-mondiale-pentru-2020\/","title":{"rendered":"Priorit\u0103\u021bile Bisericii Adventiste mondiale pentru 2020"},"content":{"rendered":"<div>\n<p><a href=\"http:\/\/adventistoltenia.ro\/site\/wp-content\/uploads\/2020\/01\/adventist-ro-centered-denim.png\"><img decoding=\"async\" loading=\"lazy\" class=\"aligncenter size-full wp-image-6109\" src=\"http:\/\/adventistoltenia.ro\/site\/wp-content\/uploads\/2020\/01\/adventist-ro-centered-denim.png\" alt=\"\" width=\"2076\" height=\"1224\" srcset=\"http:\/\/adventistoltenia.ro\/site\/wp-content\/uploads\/2020\/01\/adventist-ro-centered-denim.png 2076w, https:\/\/www.adventist.ro\/index\/wp-content\/uploads\/2020\/01\/adventist-ro-centered-denim-768x453.png 768w, https:\/\/www.adventist.ro\/index\/wp-content\/uploads\/2020\/01\/adventist-ro-centered-denim-1536x906.png 1536w, https:\/\/www.adventist.ro\/index\/wp-content\/uploads\/2020\/01\/adventist-ro-centered-denim-2048x1207.png 2048w, https:\/\/www.adventist.ro\/index\/wp-content\/uploads\/2020\/01\/adventist-ro-centered-denim-350x206.png 350w, https:\/\/www.adventist.ro\/index\/wp-content\/uploads\/2020\/01\/adventist-ro-centered-denim-700x413.png 700w, https:\/\/www.adventist.ro\/index\/wp-content\/uploads\/2020\/01\/adventist-ro-centered-denim-800x472.png 800w, https:\/\/www.adventist.ro\/index\/wp-content\/uploads\/2020\/01\/adventist-ro-centered-denim-1100x649.png 1100w\" sizes=\"(max-width: 2076px) 100vw, 2076px\"><\/a><\/p>\n<p>\u00cenceputul de an este un moment excelent de evaluare a priorit\u0103\u021bilor \u0219i de a ne concentra asupra drumului care ne st\u0103 \u00eenainte. Din perspectiva Departamentului Rela\u021bii Oficiale \u0219i Libertate Religioas\u0103, anul 2020 va fi un an plin de evenimente.<\/p>\n<p>F\u0103r\u0103 \u00eendoial\u0103, pe scena politic\u0103 interna\u021bional\u0103 se va pune accentul pe schimb\u0103rile climatice \u0219i justi\u021bia climatic\u0103, iar echitatea\/ egalitatea de gen va fi un alt subiect asupra c\u0103ruia se va concentra comunitatea interna\u021bional\u0103. \u00cen plus, pe agenda din acest an se va afla \u0219i problema intensific\u0103rii persecu\u021biilor \u00eempotriva cre\u0219tinilor.<\/p>\n<p>Alegerile din Statele Unite vor afecta, cel mai probabil, nu doar aspecte de politic\u0103 intern\u0103, ci \u0219i politica extern\u0103, rela\u021biile interna\u021bionale, c\u00e2t \u0219i zona \u00een care politicile publice se intersecteaz\u0103 cu moralitatea.<\/p>\n<p><strong>Libertatea religioas\u0103 \u0219i drepturile civile<\/strong><\/p>\n<p>\u00cen actualul context global, uneori, drepturile sunt \u00een competi\u021bie unele cu altele. \u00cen\u021belegerea gre\u0219it\u0103 a libert\u0103\u021bii religioase (numit\u0103 \u0219i libertate de credin\u021b\u0103) face parte din acest peisaj global. \u00cen consecin\u021b\u0103, libertatea religioas\u0103 este, din nefericire, pozi\u021bionat\u0103 \u00een opozi\u021bie cu alte drepturi civile. Ca urmare a acuza\u021biilor conform c\u0103rora libertatea religioas\u0103 a devenit un instrument pentru discriminare, este imperativ\u0103 \u00eens\u0103\u0219i reanalizarea naturii libert\u0103\u021bii religioase \u0219i ajutarea comunit\u0103\u021bii globale s\u0103 redescopere caracterul central al acestei libert\u0103\u021bi fundamentale. Biserica Adventist\u0103 de Ziua a \u0218aptea poate juca un rol central \u00een acest demers, a\u0219a cum a f\u0103cut \u00eenc\u0103 de la \u00eenceputurile ei \u0219i de la \u00eenfiin\u021barea primei asocia\u021bii interna\u021bionale pentru libertate religioas\u0103, \u00een anul 1983.<\/p>\n<p>Confesiunile cre\u0219tine, \u00een \u00eencercarea de a fi relevante comunit\u0103\u021bii globale, s-au implicat, de asemenea, \u00een abordarea unor subiecte importante pe scena mondial\u0103. Conduc\u0103torii multor biserici \u00ee\u0219i mobilizeaz\u0103 membrii \u0219i fac apel la al\u021bi conduc\u0103tori pentru a aborda provoc\u0103rile cu care ne confrunt\u0103m la nivel mondial. Adventi\u0219tii de Ziua a \u0218aptea ac\u021bioneaz\u0103 cu precau\u021bie, astfel \u00eenc\u00e2t s\u0103 nu cad\u0103 \u00een capcana instrumentaliz\u0103rii problemelor importante pentru comunitatea interna\u021bional\u0103 pentru a promova interese de natur\u0103 ecleziastic\u0103.<\/p>\n<p><strong>Aten\u021bie acordat\u0103 misiunii<\/strong><\/p>\n<p>Pentru Biserica Adventist\u0103 de Ziua\u00a0 a \u0218aptea, 2020 este anul \u00een care \u00eencepe un nou mandat de 5 ani. Va fi un timp de analizare \u0219i reg\u00e2ndire a c\u0103ii pentru succesul misiunii \u00eencredin\u021bate de Dumnezeu Bisericii Sale. Aceast\u0103 misiune trebuie s\u0103 fie nu numai global\u0103, ci \u0219i complet\u0103, adres\u00e2ndu-se tuturor segmentelor \u0219i sectoarele societ\u0103\u021bilor de pretutindeni.<\/p>\n<p>Pe ce se va concentra Biserica \u00een urm\u0103torii cinci ani? \u00cen mod concret, cum va fi abordat\u0103 misiunea? Ce fel de model de misiune va fi adoptat? Va fi destul de \u00eendr\u0103zne\u021b? Va surprinde toate aspectele?<\/p>\n<p>\u00cen planul nostru strategic vom \u021bine cont de faptul c\u0103 dintre cei aproximativ 8 miliarde de oameni din lume doar 2,4 miliarde sunt cre\u0219tini, dintre care 1,2 miliarde catolici (vezi tabelul de mai jos)?<\/p>\n<p><a href=\"http:\/\/adventistoltenia.ro\/site\/wp-content\/uploads\/2020\/01\/Tabel-01.jpg\"><img decoding=\"async\" loading=\"lazy\" class=\"aligncenter wp-image-6101 size-full\" src=\"http:\/\/adventistoltenia.ro\/site\/wp-content\/uploads\/2020\/01\/Tabel-01.jpg\" alt=\"\" width=\"708\" height=\"381\" srcset=\"http:\/\/adventistoltenia.ro\/site\/wp-content\/uploads\/2020\/01\/Tabel-01.jpg 708w, https:\/\/www.adventist.ro\/index\/wp-content\/uploads\/2020\/01\/Tabel-01-350x188.jpg 350w, https:\/\/www.adventist.ro\/index\/wp-content\/uploads\/2020\/01\/Tabel-01-700x377.jpg 700w\" sizes=\"(max-width: 708px) 100vw, 708px\"><\/a><\/p>\n<p>\u00centreita solie \u00eengereasc\u0103, adresat\u0103 \u00eentregii lumi, nu poate fi limitat\u0103 de un limbaj care poate fi \u00een\u021beles doar de cre\u0219tini. Cum vom ajunge la alte grupuri?<\/p>\n<p>Se vor retrage adventi\u0219tii de ziua a \u0219aptea de frica ecumenismului, dup\u0103 cum pretind unele grupuri marginale din biseric\u0103, renun\u021b\u00e2nd, astfel, la o misiune care s\u0103 se adreseze tuturor sectoarelor societ\u0103\u021bii? Va fi misiunea limitat\u0103 la a\u0219a-numitele \u021b\u0103ri \u00een curs de dezvoltare? Vor ajunge cei la care nu s-a ajuns \u00eenc\u0103 s\u0103 reprezinte mai mult dec\u00e2t ceea ce acum reprezint\u0103 fereastra 10\/40 \u0219i s\u0103 includ\u0103 societ\u0103\u021bile seculare, post-moderne, post-cre\u0219tine, din emisfera nordic\u0103, acolo unde biserica se confrunt\u0103 cu cele mai mari provoc\u0103ri \u00een ceea ce prive\u0219te cre\u0219terea?<\/p>\n<p>Cum ar putea fi \u00eencurajat\u0103 misiunea \u00een sectoarele mai pu\u021bin \u00eenst\u0103rite f\u0103r\u0103 a neglija emisfera nordic\u0103? Va oferi noua strategie planuri pentru o misiune care s\u0103 se adreseze tuturor segmentelor societ\u0103\u021bii f\u0103r\u0103 a neglija niciunul?<\/p>\n<p>Preferin\u021ba pentru cei s\u0103raci nu este doar o categorie socio-economic\u0103 contemporan\u0103, ci se pare c\u0103 \u0219i eforturile misionare tind s\u0103 se concentreze \u00een mare m\u0103sur\u0103 asupra celor s\u0103raci, neglij\u00e2ndu-i pe cei boga\u021bi.<\/p>\n<p>Ellen White a oferit sfaturi cu privire la acest aspect, iar \u00een cele ce urmeaz\u0103 vom aminti c\u00e2teva aspecte abordate de ea.<\/p>\n<p><strong>Sfatul inspirat<\/strong><\/p>\n<p><em>\u201ePentru a ajunge la pastorii altor biserici \u0219i la oamenii cu influen\u021b\u0103 este nevoie de mult\u0103 \u00een\u021belepciune. Totu\u0219i, de ce poporul nostru a trebuit s\u0103-i neglijeze p\u00e2n\u0103 acum?\u201d, scria Ellen White \u00een anul 1890. \u201e\u2026 Oare nu ar trebui s\u0103 c\u0103ut\u0103m \u0219i s\u0103 ne rug\u0103m mai mult pentru \u00een\u021belepciune, ca s\u0103 \u0219tim cum s\u0103 ajungem la cei din aceast\u0103 categorie?\u201d<\/em><a href=\"https:\/\/www.adventist.ro\/index#_edn1\" name=\"_ednref1\">[1]<\/a><\/p>\n<p>Zece ani mai t\u00e2rziu, ea pleda: <em>\u201eOamenii afla\u021bi \u00een func\u021bii \u00eenalte ar trebui educa\u021bi \u00een \u0219coala lui Hristos. Nu-i ocoli\u021bi pe ace\u0219ti oameni influen\u021bi.\u201d<\/em><a href=\"https:\/\/www.adventist.ro\/index#_edn2\" name=\"_ednref2\">[2]<\/a><\/p>\n<p>\u00cen timpul vie\u021bii sale, pastorii din alte confesiuni \u0219i persoanele influente erau neglijate. Analiz\u00e2nd situa\u021bia, ea a f\u0103cut urm\u0103torul apel:<\/p>\n<p><em>\u201eDumnezeu are de f\u0103cut o lucrare pe care lucr\u0103torii \u00eenc\u0103 nu au \u00een\u021beles-o pe deplin. Pastorii \u0219i oamenii \u00een\u021belep\u021bi ai lumii trebuie testa\u021bi \u00een lumina adev\u0103rului prezent. Cea de-a treia solie \u00eengereasc\u0103 trebuie prezentat\u0103 cu discern\u0103m\u00e2nt \u00een fa\u021ba \u00eenv\u0103\u021ba\u021bilor acestei lumi, subliniindu-se demnitatea sa inerent\u0103.\u201d<\/em><a href=\"https:\/\/www.adventist.ro\/index#_edn3\" name=\"_ednref3\">[3]<\/a><\/p>\n<p>Caracterul \u0219i demnitatea inerent\u0103 a mesajului trebuie formulate \u00een\u021belept \u00eenaintea oamenilor, astfel \u00eenc\u00e2t s\u0103 nu \u00eel considere nedemn de a-i acorda aten\u021bie din cauza incapacit\u0103\u021bii noastre de a-l prezenta \u00eentr-un mod logic \u0219i conving\u0103tor. Uneori, <strong>frica de e\u0219ec poate \u00een\u0103bu\u0219i \u00eendr\u0103zneala de a da m\u0103rturie \u00een fa\u021ba intelectualilor societ\u0103\u021bii noastre. Pentru \u00eemplinirea misiunii \u00eencredin\u021bate Bisericii, este imperios s\u0103 ne adres\u0103m intelectualilor.<\/strong> Fie ca anul 2020 s\u0103 fie un punct de cotitur\u0103 \u00een l\u0103rgirea sferei misiunii lui Dumnezeu, \u00een care suntem chema\u021bi s\u0103 ne implic\u0103m.<\/p>\n<p><strong>G\u0103sirea echilibrului \u00eentre misiune \u0219i evenimentele finale<\/strong><\/p>\n<p>Barierele care ne \u00eempiedic\u0103 s\u0103 le prezent\u0103m tuturor oamenilor evanghelia ve\u0219nic\u0103 nu se limiteaz\u0103 la prejudec\u0103\u021bile acestora. Ele sunt ridicate \u0219i de prejudec\u0103\u021bile noastre.<\/p>\n<p>Aceste prejudec\u0103\u021bi personale iau forma fricii de a ne asuma \u00een mod deschis identitatea profetic\u0103 adventist\u0103, ceea ce \u00eei determin\u0103 pe unii s\u0103 \u00ee\u0219i doreasc\u0103 doar s\u0103 fie ca al\u021bii \u0219i s\u0103 evite s\u0103 se concentreze asupra convingerilor distinctive ale Bisericii Adventiste de Ziua a \u0218aptea. Ca urmare a acestei tendin\u021be se insist\u0103 doar asupra tr\u0103s\u0103turilor evangheliei pe care le \u00een\u021belegem a\u0219a cum le \u00een\u021beleg \u0219i ceilal\u021bi cre\u0219tini. Astfel, lumea este lipsit\u0103 de binecuv\u00e2nt\u0103rile pe care Dumnezeu \u0219i le dorea a fi pentru to\u021bi oamenii \u00eenainte de a Doua Venire. Slujirea lui Isus \u00een calitate de Mare Preot este una dintre aceste binecuv\u00e2nt\u0103ri neglijate \u00eencredin\u021bate adventi\u0219tilor de ziua a \u0219aptea. <strong>Exist\u0103 un mare poten\u021bial de relevan\u021b\u0103. Ceea ce conteaz\u0103 pentru lume se intersecteaz\u0103 \u00een mod minunat cu lucrarea lui Isus de Mare Preot, restaurator al drept\u0103\u021bii. O dreptate cuprinz\u0103toare este important\u0103 at\u00e2t pentru Dumnezeu, c\u00e2t \u0219i pentru contemporanii no\u0219tri.<\/strong><\/p>\n<p>Exist\u0103 \u0219i alte tipuri de prejudec\u0103\u021bi printre adventi\u0219tii de ziua a \u0219aptea, prejudec\u0103\u021bi care apar \u00een urma ne\u00een\u021belegerilor cu privire la evenimentele finale.<\/p>\n<p>Adventi\u0219tii de ziua a \u0219aptea, a\u0219a cum o indic\u0103 \u0219i numele, a\u0219teapt\u0103 \u0219i anticipeaz\u0103 revenirea lui Isus Hristos ca punct culminant al istoriei acestei lumi. F\u0103g\u0103duin\u021ba lui Isus Hristos cu privire la revenirea Sa st\u0103 la baza identit\u0103\u021bii, mesajului \u0219i misiunii adventi\u0219tilor de ziua a \u0219aptea.<\/p>\n<p>Cu toate acestea, mai exist\u0103 o a\u0219teptare care \u00eenso\u021be\u0219te cea de-a doua venire \u0219i care a fost uneori \u00een centrul aten\u021biei, eclips\u00e2nd mesajul milei \u0219i dragostei lui Dumnezeu care cheam\u0103 lumea s\u0103 fie con\u0219tient\u0103 de existen\u021ba lui Dumnezeu, s\u0103 I se \u00eenchine numai Lui \u0219i s\u0103 tr\u0103iasc\u0103 doar pentru slava Sa.<\/p>\n<p>\u00cen \u00een\u021belegerea adventist\u0103 de ziua a \u0219aptea cu privire la evenimentele finale, respectarea duminicii va fi obligatorie. Deoarece adventi\u0219tii de ziua a \u0219aptea nu vor ceva \u00een fa\u021ba aplic\u0103rii legii duminicale, se prevestesc persecu\u021bii \u00eentr-un timp de \u00eencercare f\u0103r\u0103 precedent, descris \u00een cartea lui Daniel. Ellen White a scris \u00een repetate r\u00e2nduri despre evenimentele anticipate, pe care le descrie ca fiind ultimul act al dramei Marii Lupte:<\/p>\n<p><em>\u201eSubstituirea legilor omene\u0219ti Legii lui Dumnezeu, \u00een\u0103l\u021barea prin simpl\u0103 autoritate omeneasc\u0103 a duminicii \u00een locul Sabatului biblic este ultimul act din dram\u0103. Atunci c\u00e2nd substituirea aceasta devine universal\u0103, Dumnezeu Se va descoperi. El Se va ridica \u00een maiestatea Sa pentru a zgudui teribil p\u0103m\u00e2ntul acesta. El Se va ridica din locul S\u0103u pentru a pedepsi pe locuitorii lumii pentru nedreptatea lor, iar p\u0103m\u00e2ntul va da pe fa\u021b\u0103 s\u00e2ngele lui \u0219i nu va mai acoperi pe uci\u0219ii s\u0103i.\u201d<\/em><a href=\"https:\/\/www.adventist.ro\/index#_edn4\" name=\"_ednref4\">[4]<\/a><\/p>\n<p>Ar trebui s\u0103 observ\u0103m c\u0103 judecata lui Dumnezeu este vestea bun\u0103 a drept\u0103\u021bii ob\u021binute pentru martiri, cei uci\u0219i ca urmare a loialit\u0103\u021bii fa\u021b\u0103 de Isus Hristos. La aceasta se face referire \u00een cea de-a cincea pecete din Apocalipsa, capitolul 6.<\/p>\n<p>\u00cen citatul de mai sus exist\u0103 informa\u021bii importante care ne ajut\u0103 s\u0103 \u00een\u021belegem ce e \u00een joc:<\/p>\n<ul>\n<li>Impunerea prin lege la nivel global a duminicii, ca substitut al Sabatului biblic, este considerat\u0103 ca fiind ultimul act al dramei numit Marea Lupt\u0103.<\/li>\n<li>Exist\u0103 un alt element cheie \u00een desf\u0103\u0219urarea evenimentelor din timpul sf\u00e2r\u0219itului, prev\u0103zut \u00een Daniel \u2013 perspectiva persecu\u021biei, a suferin\u021bei \u0219i a martiriului celor care afirm\u0103 suveranitatea lui Dumnezeu prin respectarea \u0219i proclamarea semnului, simbolului \u0219i sigiliului lui Dumnezeu \u2013 Sabatul biblic.<\/li>\n<li>Se spune c\u0103 cei care cei care vor persecuta poporul lui Dumnezeu sunt cre\u0219tini care vor colabora cu statele \u0219i autorit\u0103\u021bile guvernamentale. Ace\u0219tia vor fi viitorii du\u0219mani ai poporului lui Dumnezeu.<\/li>\n<\/ul>\n<p>Plec\u00e2nd de la aceste premise, unii adventi\u0219ti deduc c\u0103 Biserica Adventist\u0103 nu ar trebui s\u0103 aib\u0103 rela\u021bii cu al\u021bi cre\u0219tini. Acestea sunt etichetate ca ecumenism, pe care ei \u00eel \u00een\u021beleg ca fiind o uniune a bisericilor sub autoritatea Bisericii Romano-Catolice sau a altor organiza\u021bii ecumenice. Orice implicare, dialog sau parteneriat cu al\u021bi cre\u0219tini sunt privire ca o tr\u0103dare a identit\u0103\u021bii, misiunii \u0219i mesajului adventist.<\/p>\n<p>Aceste convingeri \u0219i atitudini ostile sunt nedrepte, inutile \u0219i gre\u0219ite. Ele sfideaz\u0103 logica \u0219i contravin scopurilor \u0219i revela\u021biilor lui Dumnezeu prezentate prin intermediul Bibliei \u0219i al scrierilor lui Ellen White.<\/p>\n<p>Dup\u0103 ce a v\u0103zut clar timpul de \u00eencercare care <em>va urma<\/em>, Ellen White a sf\u0103tuit biserica:<\/p>\n<p><em>\u201eAvem datoria s\u0103 facem tot ce ne st\u0103 \u00een putere pentru a evita primejdia ce amenin\u021b\u0103. Trebuie s\u0103 ne str\u0103duim s\u0103 dezarm\u0103m prejudec\u0103\u021bile, a\u0219ez\u00e2ndu-ne \u00eentr-o lumin\u0103 cuvenit\u0103 \u00eenaintea oamenilor. Trebuie s\u0103 discut\u0103m cu ei adev\u0103rata problem\u0103, \u00een felul acesta ridic\u00e2nd cel mai eficient protest \u00eempotriva m\u0103surilor de restr\u00e2ngere a libert\u0103\u021bii de con\u0219tiin\u021b\u0103.\u201d<\/em><a href=\"https:\/\/www.adventist.ro\/index#_edn5\" name=\"_ednref5\">[5]<\/a><\/p>\n<p>Declara\u021bia \u00eencurajeaz\u0103 promovarea libert\u0103\u021bii de con\u0219tiin\u021b\u0103. Aceast\u0103 sus\u021binere nu este determinat\u0103 de frica de orice ar aduce viitorul, ci de un angajament fa\u021b\u0103 de principiile \u0219i valorile lui Dumnezeu.<\/p>\n<p><a href=\"http:\/\/adventistoltenia.ro\/site\/wp-content\/uploads\/2020\/01\/Tabel-02.jpg\"><img decoding=\"async\" loading=\"lazy\" class=\"aligncenter size-full wp-image-6102\" src=\"http:\/\/adventistoltenia.ro\/site\/wp-content\/uploads\/2020\/01\/Tabel-02.jpg\" alt=\"\" width=\"710\" height=\"301\" srcset=\"http:\/\/adventistoltenia.ro\/site\/wp-content\/uploads\/2020\/01\/Tabel-02.jpg 710w, https:\/\/www.adventist.ro\/index\/wp-content\/uploads\/2020\/01\/Tabel-02-350x148.jpg 350w, https:\/\/www.adventist.ro\/index\/wp-content\/uploads\/2020\/01\/Tabel-02-700x297.jpg 700w\" sizes=\"(max-width: 710px) 100vw, 710px\"><\/a><\/p>\n<p><strong><br \/>\nPunctul central al misiunii: \u00cen\u0103l\u021barea lui Isus<\/strong><\/p>\n<p>Deci, cum s\u0103 ne adres\u0103m tuturor oamenilor din sfera public\u0103, pastori ai altor confesiuni, conduc\u0103tori religio\u0219i ai altor religii, oficiali guvernamentali, atei, agnostici, oameni seculari de orice orientare?<\/p>\n<p>Dup\u0103 cum e cazul tuturor martorilor autentici, este vorba despre prezentarea lui Isus Hristos, despre \u00een\u0103l\u021barea Lui \u00een fa\u021ba celorlal\u021bi, astfel \u00eenc\u00e2t El, prin Duhul Sf\u00e2nt, s\u0103-i poat\u0103 atrage la Sine.<\/p>\n<p><em>\u00a0\u201eVrem mai mult, mult mai mult din Duhul lui Hristos, \u0219i mai pu\u021bin, mult mai pu\u021bin, din sine \u0219i din particularit\u0103\u021bile caracterului care construiesc un zid care ne desparte de semenii no\u0219tri\u201d, a scris Ellen White. \u201ePutem face mult pentru a d\u0103r\u00e2ma aceste bariere descoperind tr\u0103s\u0103turile lui Hristos \u00een vie\u021bile noastre.\u201d<\/em><a href=\"https:\/\/www.adventist.ro\/index#_edn6\" name=\"_ednref6\">[6]<\/a><\/p>\n<p>\u00cen <em>Slujitorii Evangheliei<\/em> citim: <em>\u201eDintre to\u021bi cei ce poart\u0103 numele de cre\u0219tini, adventi\u0219tii de ziua a \u0219aptea ar trebui s\u0103 fie cei mai remarcabili \u00een ce prive\u0219te \u00een\u0103l\u021barea lui Hristos \u00een fa\u021ba lumii. Propov\u0103duirea soliei \u00eengerului al treilea cere s\u0103 fie prezentat adev\u0103rul despre Sabat. Acest adev\u0103r trebuie s\u0103 fie predicat al\u0103turi de altele aflate \u00een solie, dar marele centru de atrac\u021bie, Isus Hristos, s\u0103 nu fie l\u0103sat pe dinafar\u0103.\u201d<\/em><a href=\"https:\/\/www.adventist.ro\/index#_edn7\" name=\"_ednref7\">[7]<\/a><\/p>\n<p><strong><a href=\"http:\/\/adventistoltenia.ro\/site\/wp-content\/uploads\/2020\/01\/Tabel-03.jpg\"><img decoding=\"async\" loading=\"lazy\" class=\"aligncenter size-full wp-image-6103\" src=\"http:\/\/adventistoltenia.ro\/site\/wp-content\/uploads\/2020\/01\/Tabel-03.jpg\" alt=\"\" width=\"709\" height=\"261\" srcset=\"http:\/\/adventistoltenia.ro\/site\/wp-content\/uploads\/2020\/01\/Tabel-03.jpg 709w, https:\/\/www.adventist.ro\/index\/wp-content\/uploads\/2020\/01\/Tabel-03-350x129.jpg 350w, https:\/\/www.adventist.ro\/index\/wp-content\/uploads\/2020\/01\/Tabel-03-700x258.jpg 700w\" sizes=\"(max-width: 709px) 100vw, 709px\"><\/a><br \/>\nCum s\u0103 realiz\u0103m lucrarea \u00een domeniul rela\u021biilor oficiale \u0219i al libert\u0103\u021bii religioase?<\/strong><\/p>\n<p>Ellen White ofer\u0103 sfaturi practice care pot func\u021biona ca un ghid \u00een abordarea celor din spa\u021biul public:<\/p>\n<p><em>\u201eToat\u0103 asprimea \u0219i severitatea trebuie \u00eendep\u0103rtate din noi. Trebuie pre\u021buite amabilitatea, rafinamentul \u0219i polite\u021bea cre\u0219tin\u0103. Feri\u021bi-v\u0103 de duritate \u0219i grosol\u0103nie. Nu considera\u021bi asemenea caracteristici ca fiind virtu\u021bi, c\u0103ci Dumnezeu nu le prive\u0219te astfel. Ci c\u0103uta\u021bi ca \u00een toate lucrurile s\u0103 nu \u00eei jigni\u021bi pe cei care nu au aceea\u0219i credin\u021b\u0103. S\u0103 nu adopta\u021bi niciodat\u0103 o atitudine agresiv\u0103 dac\u0103 nu este necesar\u0103. O astfel de abordare va aduce doar prejudicii cauzei.<\/em><\/p>\n<p><em>To\u021bi ar trebui s\u0103 caute s\u0103 poarte \u00een inim\u0103 influen\u021ba \u00eenduio\u0219\u0103toare a Duhului lui Dumnezeu, \u2013 o sensibilitate \u0219i o dragoste pentru suflete asemenea lui Hristos. Cei care sunt trimi\u0219i s\u0103 lucreze \u00eempreun\u0103 ar trebui s\u0103-\u0219i lase deoparte propriile idei, \u0219i s\u0103 caute s\u0103 lucreze \u00eempreun\u0103, trup \u0219i suflet, pentru a aduce la \u00eendeplinire voia lui Dumnezeu. Ei trebuie s\u0103 fac\u0103 planuri pentru a lucra \u00een armonie pentru avansarea lucr\u0103rii.\u201d<\/em><a href=\"https:\/\/www.adventist.ro\/index#_edn8\" name=\"_ednref8\">[8]<\/a><\/p>\n<p>Prin prezen\u021ba Duhului Sf\u00e2nt \u00een inimile noastre, noi ne \u00eensu\u0219im principiile, virtu\u021bile \u0219i tr\u0103s\u0103turile lui Isus Hristos: \u00een\u021belepciune, tact, rafinament, amabilitate, polite\u021be, bl\u00e2nde\u021be, dragoste pentru suflete \u0219i o dedicare complet\u0103 pentru slava lui Dumnezeu. Trebuie s\u0103 ne \u00eembr\u0103c\u0103m cu toat\u0103 armura neprih\u0103nirii lui Hristos \u0219i s\u0103 d\u0103r\u00e2m\u0103m barierele, descoperindu-L pe Hristos \u00een vie\u021bile noastre.<\/p>\n<p><strong>Concluzie<\/strong><\/p>\n<p>Lucrarea de ne adresa celor din spa\u021biul public vizeaz\u0103 \u00een mod deosebit prezentarea Bisericii Adventiste de Ziua a \u0218aptea \u00eentr-o lumin\u0103 favorabil\u0103, construirea unei reputa\u021bii bune, d\u0103r\u00e2marea barierelor, risipirea prejudec\u0103\u021bilor, oferirea unei m\u0103rturii umile \u0219i \u00eendr\u0103zne\u021be, astfel \u00eenc\u00e2t s\u0103 fie descoperite calit\u0103\u021bile lui Isus Hristos, iar oamenii s\u0103 se \u00eendr\u0103gosteasc\u0103 de Creatorul lor, Cel care iube\u0219te fiecare persoan\u0103 \u00eentr-un mod at\u00e2t de profund \u00eenc\u00e2t a venit s\u0103 ne r\u0103scumpere cu un pre\u021b at\u00e2t de mare \u2013 propriul S\u0103u sacrificiu pe crucea de la Calvar.<\/p>\n<p>M\u0103rturisim c\u0103 iubirea este mai puternic\u0103 dec\u00e2t moartea. Isus a \u00eenvins moartea \u0219i este mai puternic dec\u00e2t ea. \u00cenvierea Sa \u00cel plaseaz\u0103 mai presus de toate. Prin El, to\u021bi cei care \u00cel primesc sunt destina\u021bi unei p\u0103rt\u0103\u0219ii ve\u0219nice \u00een dragoste. Dragostea nu poate fi for\u021bat\u0103. Ea este o invita\u021bie la via\u021ba ve\u0219nic\u0103, iar pentru ca invita\u021bia s\u0103 fie credibil\u0103, Dumnezeu a creat libertatea. De fapt, \u00eentreaga credin\u021b\u0103 cre\u0219tin\u0103 are la baz\u0103 darul libert\u0103\u021bii.<\/p>\n<p>Apostolul Pavel a exprimat foarte bine acest g\u00e2nd spun\u00e2nd: <em>\u201eHristos ne-a eliberat ca s\u0103 fim liberi; r\u0103m\u00e2ne\u021bi deci tari \u0219i nu v\u0103 supune\u021bi din nou jugului sclaviei\u201d<\/em> (Galateni 5:1, NTLR).<\/p>\n<p>Aceasta este solia pe care o transmitem.<\/p>\n<p><em><strong>V\u0103 doresc un an binecuv\u00e2ntat \u0219i eforturi misionare \u00eencununate de succes de acum p\u00e2n\u0103 la revenirea lui Isus.<\/strong><\/em><\/p>\n<p><em>Autor: Dr. Ganoune Diop, Directorul Departamentului Rela\u021bii Oficiale \u0219i Libertate Religioas\u0103<\/em><\/p>\n<p>\u00a0<\/p>\n<p><a href=\"https:\/\/www.adventist.ro\/index#_ednref1\" name=\"_edn1\">[1]<\/a> Ellen G. White, <em>Evanghelizare<\/em>, pag. 562.<\/p>\n<p><a href=\"https:\/\/www.adventist.ro\/index#_ednref2\" name=\"_edn2\">[2]<\/a> Ellen G. White, <em>Review and Herald<\/em>, 21 august 1900.<\/p>\n<p><a href=\"https:\/\/www.adventist.ro\/index#_ednref3\" name=\"_edn3\">[3]<\/a> Ellen G. White, <em>Manuscript Releases<\/em>, vol. 4, pag. 391.<\/p>\n<p><a href=\"https:\/\/www.adventist.ro\/index#_ednref4\" name=\"_edn4\">[4]<\/a> Ellen G. White, <em>M\u0103rturii pentru comunitate<\/em>, vol. 7, pag. 141.<\/p>\n<p><a href=\"https:\/\/www.adventist.ro\/index#_ednref5\" name=\"_edn5\">[5]<\/a> Ellen G. White, <em>M\u0103rturii pentru comunitate<\/em>, vol. 5, pag. 452.<\/p>\n<p><a href=\"https:\/\/www.adventist.ro\/index#_ednref6\" name=\"_edn6\">[6]<\/a> Ellen G. White, \u201eThe Best Manner of Working\u201d, <em>The Atlantic Canvasser<\/em>, 28 decembrie 1890.<\/p>\n<p><a href=\"https:\/\/www.adventist.ro\/index#_ednref7\" name=\"_edn7\">[7]<\/a> Ellen G. White, <em>Slujitorii Evangheliei<\/em>, pag. 156.<\/p>\n<p><a href=\"https:\/\/www.adventist.ro\/index#_ednref8\" name=\"_edn8\">[8]<\/a> Ellen G. White, <em>To Be Like Jesus<\/em>, pag. 285.<\/p>\n<\/div>\n<p class=\"wpematico_credit\"><small>Powered by <a href=\"http:\/\/www.wpematico.com\" target=\"_blank\" rel=\"noopener noreferrer\">WPeMatico<\/a><\/small><\/p>\n ","protected":false},"excerpt":{"rendered":"<p>\u00cenceputul de an este un moment excelent de evaluare a priorit\u0103\u021bilor \u0219i de a ne concentra asupra drumului care ne st\u0103 \u00eenainte. Din perspectiva Departamentului Rela\u021bii Oficiale \u0219i Libertate Religioas\u0103, anul 2020 va fi un an plin de evenimente. F\u0103r\u0103 \u00eendoial\u0103, pe scena politic\u0103 interna\u021bional\u0103 se va pune accentul pe schimb\u0103rile climatice \u0219i justi\u021bia climatic\u0103, &hellip; <a href=\"https:\/\/adventistoltenia.ro\/site\/prioritatile-bisericii-adventiste-mondiale-pentru-2020\/\">Continued<\/a><\/p>\n","protected":false},"author":2,"featured_media":3177,"comment_status":"open","ping_status":"closed","sticky":false,"template":"","format":"standard","meta":[],"categories":[71],"tags":[],"yoast_head":"<!-- This site is optimized with the Yoast SEO plugin v20.3 - https:\/\/yoast.com\/wordpress\/plugins\/seo\/ -->\n<title>Priorit\u0103\u021bile Bisericii Adventiste mondiale pentru 2020 - Conferinta Oltenia<\/title>\n<meta name=\"robots\" content=\"index, follow, max-snippet:-1, max-image-preview:large, max-video-preview:-1\" \/>\n<link rel=\"canonical\" href=\"https:\/\/adventistoltenia.ro\/site\/prioritatile-bisericii-adventiste-mondiale-pentru-2020\/\" \/>\n<meta property=\"og:locale\" content=\"en_US\" \/>\n<meta property=\"og:type\" content=\"article\" \/>\n<meta property=\"og:title\" content=\"Priorit\u0103\u021bile Bisericii Adventiste mondiale pentru 2020 - Conferinta Oltenia\" \/>\n<meta property=\"og:description\" content=\"\u00cenceputul de an este un moment excelent de evaluare a priorit\u0103\u021bilor \u0219i de a ne concentra asupra drumului care ne st\u0103 \u00eenainte. Din perspectiva Departamentului Rela\u021bii Oficiale \u0219i Libertate Religioas\u0103, anul 2020 va fi un an plin de evenimente. F\u0103r\u0103 \u00eendoial\u0103, pe scena politic\u0103 interna\u021bional\u0103 se va pune accentul pe schimb\u0103rile climatice \u0219i justi\u021bia climatic\u0103, &hellip; Continued\" \/>\n<meta property=\"og:url\" content=\"https:\/\/adventistoltenia.ro\/site\/prioritatile-bisericii-adventiste-mondiale-pentru-2020\/\" \/>\n<meta property=\"og:site_name\" content=\"Conferinta Oltenia\" \/>\n<meta property=\"article:published_time\" content=\"2020-01-29T01:09:23+00:00\" \/>\n<meta property=\"og:image\" content=\"https:\/\/adventistoltenia.ro\/site\/wp-content\/uploads\/2020\/01\/adventist-ro-centered-denim.png\" \/>\n\t<meta property=\"og:image:width\" content=\"2076\" \/>\n\t<meta property=\"og:image:height\" content=\"1224\" \/>\n\t<meta property=\"og:image:type\" content=\"image\/png\" \/>\n<meta name=\"author\" content=\"Conferinta Oltenia\" \/>\n<meta name=\"twitter:card\" content=\"summary_large_image\" \/>\n<meta name=\"twitter:label1\" content=\"Written by\" \/>\n\t<meta name=\"twitter:data1\" content=\"Conferinta Oltenia\" \/>\n\t<meta name=\"twitter:label2\" content=\"Est. reading time\" \/>\n\t<meta name=\"twitter:data2\" content=\"14 minutes\" \/>\n<script type=\"application\/ld+json\" class=\"yoast-schema-graph\">{\"@context\":\"https:\/\/schema.org\",\"@graph\":[{\"@type\":\"WebPage\",\"@id\":\"https:\/\/adventistoltenia.ro\/site\/prioritatile-bisericii-adventiste-mondiale-pentru-2020\/\",\"url\":\"https:\/\/adventistoltenia.ro\/site\/prioritatile-bisericii-adventiste-mondiale-pentru-2020\/\",\"name\":\"Priorit\u0103\u021bile Bisericii Adventiste mondiale pentru 2020 - Conferinta Oltenia\",\"isPartOf\":{\"@id\":\"https:\/\/adventistoltenia.ro\/site\/#website\"},\"datePublished\":\"2020-01-29T01:09:23+00:00\",\"dateModified\":\"2020-01-29T01:09:23+00:00\",\"author\":{\"@id\":\"https:\/\/adventistoltenia.ro\/site\/#\/schema\/person\/81972d6ddcec064fcb37a129240ef9d7\"},\"breadcrumb\":{\"@id\":\"https:\/\/adventistoltenia.ro\/site\/prioritatile-bisericii-adventiste-mondiale-pentru-2020\/#breadcrumb\"},\"inLanguage\":\"en-US\",\"potentialAction\":[{\"@type\":\"ReadAction\",\"target\":[\"https:\/\/adventistoltenia.ro\/site\/prioritatile-bisericii-adventiste-mondiale-pentru-2020\/\"]}]},{\"@type\":\"BreadcrumbList\",\"@id\":\"https:\/\/adventistoltenia.ro\/site\/prioritatile-bisericii-adventiste-mondiale-pentru-2020\/#breadcrumb\",\"itemListElement\":[{\"@type\":\"ListItem\",\"position\":1,\"name\":\"Home\",\"item\":\"https:\/\/adventistoltenia.ro\/site\/\"},{\"@type\":\"ListItem\",\"position\":2,\"name\":\"Priorit\u0103\u021bile Bisericii Adventiste mondiale pentru 2020\"}]},{\"@type\":\"WebSite\",\"@id\":\"https:\/\/adventistoltenia.ro\/site\/#website\",\"url\":\"https:\/\/adventistoltenia.ro\/site\/\",\"name\":\"Conferinta Oltenia\",\"description\":\"Biserica Adventista de Ziua a Saptea\",\"potentialAction\":[{\"@type\":\"SearchAction\",\"target\":{\"@type\":\"EntryPoint\",\"urlTemplate\":\"https:\/\/adventistoltenia.ro\/site\/?s={search_term_string}\"},\"query-input\":\"required name=search_term_string\"}],\"inLanguage\":\"en-US\"},{\"@type\":\"Person\",\"@id\":\"https:\/\/adventistoltenia.ro\/site\/#\/schema\/person\/81972d6ddcec064fcb37a129240ef9d7\",\"name\":\"Conferinta Oltenia\",\"image\":{\"@type\":\"ImageObject\",\"inLanguage\":\"en-US\",\"@id\":\"https:\/\/adventistoltenia.ro\/site\/#\/schema\/person\/image\/\",\"url\":\"https:\/\/secure.gravatar.com\/avatar\/ebe92ec22e2e53a8eb79d6b52b724e27?s=96&d=mm&r=g\",\"contentUrl\":\"https:\/\/secure.gravatar.com\/avatar\/ebe92ec22e2e53a8eb79d6b52b724e27?s=96&d=mm&r=g\",\"caption\":\"Conferinta Oltenia\"},\"url\":\"https:\/\/adventistoltenia.ro\/site\/author\/adm1n\/\"}]}<\/script>\n<!-- \/ Yoast SEO plugin. -->","yoast_head_json":{"title":"Priorit\u0103\u021bile Bisericii Adventiste mondiale pentru 2020 - Conferinta Oltenia","robots":{"index":"index","follow":"follow","max-snippet":"max-snippet:-1","max-image-preview":"max-image-preview:large","max-video-preview":"max-video-preview:-1"},"canonical":"https:\/\/adventistoltenia.ro\/site\/prioritatile-bisericii-adventiste-mondiale-pentru-2020\/","og_locale":"en_US","og_type":"article","og_title":"Priorit\u0103\u021bile Bisericii Adventiste mondiale pentru 2020 - Conferinta Oltenia","og_description":"\u00cenceputul de an este un moment excelent de evaluare a priorit\u0103\u021bilor \u0219i de a ne concentra asupra drumului care ne st\u0103 \u00eenainte. Din perspectiva Departamentului Rela\u021bii Oficiale \u0219i Libertate Religioas\u0103, anul 2020 va fi un an plin de evenimente. F\u0103r\u0103 \u00eendoial\u0103, pe scena politic\u0103 interna\u021bional\u0103 se va pune accentul pe schimb\u0103rile climatice \u0219i justi\u021bia climatic\u0103, &hellip; Continued","og_url":"https:\/\/adventistoltenia.ro\/site\/prioritatile-bisericii-adventiste-mondiale-pentru-2020\/","og_site_name":"Conferinta Oltenia","article_published_time":"2020-01-29T01:09:23+00:00","og_image":[{"width":2076,"height":1224,"url":"https:\/\/adventistoltenia.ro\/site\/wp-content\/uploads\/2020\/01\/adventist-ro-centered-denim.png","type":"image\/png"}],"author":"Conferinta Oltenia","twitter_card":"summary_large_image","twitter_misc":{"Written by":"Conferinta Oltenia","Est. reading time":"14 minutes"},"schema":{"@context":"https:\/\/schema.org","@graph":[{"@type":"WebPage","@id":"https:\/\/adventistoltenia.ro\/site\/prioritatile-bisericii-adventiste-mondiale-pentru-2020\/","url":"https:\/\/adventistoltenia.ro\/site\/prioritatile-bisericii-adventiste-mondiale-pentru-2020\/","name":"Priorit\u0103\u021bile Bisericii Adventiste mondiale pentru 2020 - Conferinta Oltenia","isPartOf":{"@id":"https:\/\/adventistoltenia.ro\/site\/#website"},"datePublished":"2020-01-29T01:09:23+00:00","dateModified":"2020-01-29T01:09:23+00:00","author":{"@id":"https:\/\/adventistoltenia.ro\/site\/#\/schema\/person\/81972d6ddcec064fcb37a129240ef9d7"},"breadcrumb":{"@id":"https:\/\/adventistoltenia.ro\/site\/prioritatile-bisericii-adventiste-mondiale-pentru-2020\/#breadcrumb"},"inLanguage":"en-US","potentialAction":[{"@type":"ReadAction","target":["https:\/\/adventistoltenia.ro\/site\/prioritatile-bisericii-adventiste-mondiale-pentru-2020\/"]}]},{"@type":"BreadcrumbList","@id":"https:\/\/adventistoltenia.ro\/site\/prioritatile-bisericii-adventiste-mondiale-pentru-2020\/#breadcrumb","itemListElement":[{"@type":"ListItem","position":1,"name":"Home","item":"https:\/\/adventistoltenia.ro\/site\/"},{"@type":"ListItem","position":2,"name":"Priorit\u0103\u021bile Bisericii Adventiste mondiale pentru 2020"}]},{"@type":"WebSite","@id":"https:\/\/adventistoltenia.ro\/site\/#website","url":"https:\/\/adventistoltenia.ro\/site\/","name":"Conferinta Oltenia","description":"Biserica Adventista de Ziua a Saptea","potentialAction":[{"@type":"SearchAction","target":{"@type":"EntryPoint","urlTemplate":"https:\/\/adventistoltenia.ro\/site\/?s={search_term_string}"},"query-input":"required name=search_term_string"}],"inLanguage":"en-US"},{"@type":"Person","@id":"https:\/\/adventistoltenia.ro\/site\/#\/schema\/person\/81972d6ddcec064fcb37a129240ef9d7","name":"Conferinta Oltenia","image":{"@type":"ImageObject","inLanguage":"en-US","@id":"https:\/\/adventistoltenia.ro\/site\/#\/schema\/person\/image\/","url":"https:\/\/secure.gravatar.com\/avatar\/ebe92ec22e2e53a8eb79d6b52b724e27?s=96&d=mm&r=g","contentUrl":"https:\/\/secure.gravatar.com\/avatar\/ebe92ec22e2e53a8eb79d6b52b724e27?s=96&d=mm&r=g","caption":"Conferinta Oltenia"},"url":"https:\/\/adventistoltenia.ro\/site\/author\/adm1n\/"}]}},"_links":{"self":[{"href":"https:\/\/adventistoltenia.ro\/site\/wp-json\/wp\/v2\/posts\/3176"}],"collection":[{"href":"https:\/\/adventistoltenia.ro\/site\/wp-json\/wp\/v2\/posts"}],"about":[{"href":"https:\/\/adventistoltenia.ro\/site\/wp-json\/wp\/v2\/types\/post"}],"author":[{"embeddable":true,"href":"https:\/\/adventistoltenia.ro\/site\/wp-json\/wp\/v2\/users\/2"}],"replies":[{"embeddable":true,"href":"https:\/\/adventistoltenia.ro\/site\/wp-json\/wp\/v2\/comments?post=3176"}],"version-history":[{"count":0,"href":"https:\/\/adventistoltenia.ro\/site\/wp-json\/wp\/v2\/posts\/3176\/revisions"}],"wp:featuredmedia":[{"embeddable":true,"href":"https:\/\/adventistoltenia.ro\/site\/wp-json\/wp\/v2\/media\/3177"}],"wp:attachment":[{"href":"https:\/\/adventistoltenia.ro\/site\/wp-json\/wp\/v2\/media?parent=3176"}],"wp:term":[{"taxonomy":"category","embeddable":true,"href":"https:\/\/adventistoltenia.ro\/site\/wp-json\/wp\/v2\/categories?post=3176"},{"taxonomy":"post_tag","embeddable":true,"href":"https:\/\/adventistoltenia.ro\/site\/wp-json\/wp\/v2\/tags?post=3176"}],"curies":[{"name":"wp","href":"https:\/\/api.w.org\/{rel}","templated":true}]}}