{"id":3181,"date":"2020-01-30T01:10:24","date_gmt":"2020-01-30T01:10:24","guid":{"rendered":"http:\/\/adventistoltenia.ro\/site\/spital-renovat-de-reprezentanti-ai-bisericii-adventiste-din-teleorman\/"},"modified":"2020-01-30T01:10:24","modified_gmt":"2020-01-30T01:10:24","slug":"spital-renovat-de-reprezentanti-ai-bisericii-adventiste-din-teleorman","status":"publish","type":"post","link":"https:\/\/adventistoltenia.ro\/site\/spital-renovat-de-reprezentanti-ai-bisericii-adventiste-din-teleorman\/","title":{"rendered":"Spital renovat de reprezentan\u021bi ai Bisericii Adventiste din Teleorman"},"content":{"rendered":"<div>\n<p>\u00cen luna ianuarie, 37 de voluntari, reprezentan\u021bi ai Bisericii Adventiste de Ziua a \u0218aptea din jude\u021bul Telorman, dar \u0219i din dispora, au realizat c\u0103 \u00eempreun\u0103 pot face mari schimb\u0103ri \u0219i au oferit o nou\u0103 fa\u021b\u0103 Spitalului \u201eCaritas\u201d din Ro\u0219iori de Vede.<\/p>\n<p>Voluntarii au vopsit scara de cinci etaje a spitalului \u0219i au \u00eencheiat lucr\u0103rile cu o cur\u0103\u021benie general\u0103. Ac\u021biunea a fost posibil\u0103 la invita\u021bia administra\u021biei spitalului \u0219i foarte apreciat\u0103 de to\u021bi lucr\u0103torii insitu\u021biei, care au r\u0103mas foarte uimi\u021bi de faptul c\u0103 mai exist\u0103 oameni care pot face ceva gratuit \u00een aceste zile.<\/p>\n<p>Pe l\u00e2ng\u0103 bucuria c\u0103 au putut face ceva pentru societatea \u00een care tr\u0103iesc, voluntarii au primit \u00eencuraj\u0103ri \u0219i aprecieri \u0219i din partea oamenilor.<\/p>\n<p>\u201ePentru ceea ce face\u021bi voi, sunte\u021bi vorbi\u021bi de bine prin tot spitalul\u201d, a fost una dintre reac\u021bii, venit\u0103 din partea unui pacient.<\/p>\n<p>\u201eDe\u0219i tr\u0103im \u00een timpuri moderne, \u00eenc\u0103 mai exist\u0103 oameni care rup din timpul lor personal pentru a face voluntariat pentru al\u021bii, ceva demn de apreciat\u201d, a fost \u00eencurajarea primit\u0103 din partea altei persoane.<\/p>\n<p>De asemenea \u0219i managerul spitalului a fost foarte \u00eenc\u00e2ntat de ac\u021biunea echipei, a\u0219a c\u0103 invitat voluntarii la mas\u0103 \u0219i la o \u0219edin\u021b\u0103 foto, ca s\u0103 \u00eei ofere drept model \u0219i altora.<\/p>\n<p>\u00a0<\/p>\n<p><a href=\"http:\/\/adventistoltenia.ro\/site\/wp-content\/uploads\/2020\/01\/Poza-2-spital.jpg\"><img decoding=\"async\" loading=\"lazy\" class=\"aligncenter size-full wp-image-6121\" src=\"http:\/\/adventistoltenia.ro\/site\/wp-content\/uploads\/2020\/01\/Poza-2-spital.jpg\" alt=\"\" width=\"1060\" height=\"1413\" srcset=\"http:\/\/adventistoltenia.ro\/site\/wp-content\/uploads\/2020\/01\/Poza-2-spital.jpg 1060w, https:\/\/www.adventist.ro\/index\/wp-content\/uploads\/2020\/01\/Poza-2-spital-768x1024.jpg 768w, https:\/\/www.adventist.ro\/index\/wp-content\/uploads\/2020\/01\/Poza-2-spital-350x467.jpg 350w, https:\/\/www.adventist.ro\/index\/wp-content\/uploads\/2020\/01\/Poza-2-spital-700x933.jpg 700w, https:\/\/www.adventist.ro\/index\/wp-content\/uploads\/2020\/01\/Poza-2-spital-800x1066.jpg 800w\" sizes=\"(max-width: 1060px) 100vw, 1060px\"><\/a><\/p>\n<p>De\u0219i voluntarii au venit s\u0103 demonstreze bun\u0103tatea lui Dumnezeu, ei au \u00eembinat munca cu discu\u021bii de suflet, purtate cu pacien\u021bi \u0219i cadre medicale, dar au f\u0103cut \u0219i schimb de p\u0103reri cu ace\u0219tia despre via\u021b\u0103, bun\u0103tate \u0219i spiritualitate.<\/p>\n<p>Mirel T\u0103b\u0103citu, unul dintre organizatorii ac\u021biunii, a transmis \u0219i un mesaj acelora care au posibilitatea de a se implica in astfel de ac\u021biuni: \u201eNu a\u0219tepta\u021bi ca societatea sau biserica s\u0103 v\u0103 schimbe, voi \u00een\u0219iv\u0103 sunte\u021bi cei care pute\u021bi s\u0103 schimba\u021bi ceva, f\u0103c\u00e2nd ceva pentru aproapele vostru. Dumnezeu s\u0103 ne binecuv\u00e2nteze pe to\u021bi\u201d.<\/p>\n<p>Echipa care a lucrat la renovarea spitalului din Ro\u0219iori a fost format\u0103 din membrii Bisericilor Adventiste de Ziua a \u0218aptea din jude\u021bul Teleorman, localit\u0103\u021bile Peretu, Cervenia, Plosca, V\u00e2rtoape, dar \u0219i din afara t\u0103rii, din Londra \u0219i Milano.<\/p>\n<p>Ac\u021biunea de la unitatea medical\u0103 din Ro\u0219iori nu este singura organizat\u0103 de ace\u0219tia. Grupul reprezentat de membrii Bisericii Adventiste este recunoscut \u00een zon\u0103 pentru actiunile caritabile pe care le-au organizat.<\/p>\n<p>Biserica Adventist\u0103 \u00ee\u0219i \u00eencurajeaz\u0103 enoria\u0219ii s\u0103 ofere sus\u021binere proiectelor sociale din zona localit\u0103\u021bii lor, acesta fiind un bun prilej pentru r\u0103sp\u00e2ndirea evangheliei.<\/p>\n<\/div>\n<p class=\"wpematico_credit\"><small>Powered by <a href=\"http:\/\/www.wpematico.com\" target=\"_blank\" rel=\"noopener noreferrer\">WPeMatico<\/a><\/small><\/p>\n ","protected":false},"excerpt":{"rendered":"<p>\u00cen luna ianuarie, 37 de voluntari, reprezentan\u021bi ai Bisericii Adventiste de Ziua a \u0218aptea din jude\u021bul Telorman, dar \u0219i din dispora, au realizat c\u0103 \u00eempreun\u0103 pot face mari schimb\u0103ri \u0219i au oferit o nou\u0103 fa\u021b\u0103 Spitalului \u201eCaritas\u201d din Ro\u0219iori de Vede. Voluntarii au vopsit scara de cinci etaje a spitalului \u0219i au \u00eencheiat lucr\u0103rile cu &hellip; <a href=\"https:\/\/adventistoltenia.ro\/site\/spital-renovat-de-reprezentanti-ai-bisericii-adventiste-din-teleorman\/\">Continued<\/a><\/p>\n","protected":false},"author":2,"featured_media":3182,"comment_status":"open","ping_status":"closed","sticky":false,"template":"","format":"standard","meta":[],"categories":[71],"tags":[],"yoast_head":"<!-- This site is optimized with the Yoast SEO plugin v20.3 - https:\/\/yoast.com\/wordpress\/plugins\/seo\/ -->\n<title>Spital renovat de reprezentan\u021bi ai Bisericii Adventiste din Teleorman - Conferinta Oltenia<\/title>\n<meta name=\"robots\" content=\"index, follow, max-snippet:-1, max-image-preview:large, max-video-preview:-1\" \/>\n<link rel=\"canonical\" href=\"https:\/\/adventistoltenia.ro\/site\/spital-renovat-de-reprezentanti-ai-bisericii-adventiste-din-teleorman\/\" \/>\n<meta property=\"og:locale\" content=\"en_US\" \/>\n<meta property=\"og:type\" content=\"article\" \/>\n<meta property=\"og:title\" content=\"Spital renovat de reprezentan\u021bi ai Bisericii Adventiste din Teleorman - Conferinta Oltenia\" \/>\n<meta property=\"og:description\" content=\"\u00cen luna ianuarie, 37 de voluntari, reprezentan\u021bi ai Bisericii Adventiste de Ziua a \u0218aptea din jude\u021bul Telorman, dar \u0219i din dispora, au realizat c\u0103 \u00eempreun\u0103 pot face mari schimb\u0103ri \u0219i au oferit o nou\u0103 fa\u021b\u0103 Spitalului \u201eCaritas\u201d din Ro\u0219iori de Vede. Voluntarii au vopsit scara de cinci etaje a spitalului \u0219i au \u00eencheiat lucr\u0103rile cu &hellip; Continued\" \/>\n<meta property=\"og:url\" content=\"https:\/\/adventistoltenia.ro\/site\/spital-renovat-de-reprezentanti-ai-bisericii-adventiste-din-teleorman\/\" \/>\n<meta property=\"og:site_name\" content=\"Conferinta Oltenia\" \/>\n<meta property=\"article:published_time\" content=\"2020-01-30T01:10:24+00:00\" \/>\n<meta property=\"og:image\" content=\"https:\/\/adventistoltenia.ro\/site\/wp-content\/uploads\/2020\/01\/Poza-2-spital.jpg\" \/>\n\t<meta property=\"og:image:width\" content=\"1060\" \/>\n\t<meta property=\"og:image:height\" content=\"1413\" \/>\n\t<meta property=\"og:image:type\" content=\"image\/jpeg\" \/>\n<meta name=\"author\" content=\"Conferinta Oltenia\" \/>\n<meta name=\"twitter:card\" content=\"summary_large_image\" \/>\n<meta name=\"twitter:label1\" content=\"Written by\" \/>\n\t<meta name=\"twitter:data1\" content=\"Conferinta Oltenia\" \/>\n\t<meta name=\"twitter:label2\" content=\"Est. reading time\" \/>\n\t<meta name=\"twitter:data2\" content=\"2 minutes\" \/>\n<script type=\"application\/ld+json\" class=\"yoast-schema-graph\">{\"@context\":\"https:\/\/schema.org\",\"@graph\":[{\"@type\":\"WebPage\",\"@id\":\"https:\/\/adventistoltenia.ro\/site\/spital-renovat-de-reprezentanti-ai-bisericii-adventiste-din-teleorman\/\",\"url\":\"https:\/\/adventistoltenia.ro\/site\/spital-renovat-de-reprezentanti-ai-bisericii-adventiste-din-teleorman\/\",\"name\":\"Spital renovat de reprezentan\u021bi ai Bisericii Adventiste din Teleorman - Conferinta Oltenia\",\"isPartOf\":{\"@id\":\"https:\/\/adventistoltenia.ro\/site\/#website\"},\"datePublished\":\"2020-01-30T01:10:24+00:00\",\"dateModified\":\"2020-01-30T01:10:24+00:00\",\"author\":{\"@id\":\"https:\/\/adventistoltenia.ro\/site\/#\/schema\/person\/81972d6ddcec064fcb37a129240ef9d7\"},\"breadcrumb\":{\"@id\":\"https:\/\/adventistoltenia.ro\/site\/spital-renovat-de-reprezentanti-ai-bisericii-adventiste-din-teleorman\/#breadcrumb\"},\"inLanguage\":\"en-US\",\"potentialAction\":[{\"@type\":\"ReadAction\",\"target\":[\"https:\/\/adventistoltenia.ro\/site\/spital-renovat-de-reprezentanti-ai-bisericii-adventiste-din-teleorman\/\"]}]},{\"@type\":\"BreadcrumbList\",\"@id\":\"https:\/\/adventistoltenia.ro\/site\/spital-renovat-de-reprezentanti-ai-bisericii-adventiste-din-teleorman\/#breadcrumb\",\"itemListElement\":[{\"@type\":\"ListItem\",\"position\":1,\"name\":\"Home\",\"item\":\"https:\/\/adventistoltenia.ro\/site\/\"},{\"@type\":\"ListItem\",\"position\":2,\"name\":\"Spital renovat de reprezentan\u021bi ai Bisericii Adventiste din Teleorman\"}]},{\"@type\":\"WebSite\",\"@id\":\"https:\/\/adventistoltenia.ro\/site\/#website\",\"url\":\"https:\/\/adventistoltenia.ro\/site\/\",\"name\":\"Conferinta Oltenia\",\"description\":\"Biserica Adventista de Ziua a Saptea\",\"potentialAction\":[{\"@type\":\"SearchAction\",\"target\":{\"@type\":\"EntryPoint\",\"urlTemplate\":\"https:\/\/adventistoltenia.ro\/site\/?s={search_term_string}\"},\"query-input\":\"required name=search_term_string\"}],\"inLanguage\":\"en-US\"},{\"@type\":\"Person\",\"@id\":\"https:\/\/adventistoltenia.ro\/site\/#\/schema\/person\/81972d6ddcec064fcb37a129240ef9d7\",\"name\":\"Conferinta Oltenia\",\"image\":{\"@type\":\"ImageObject\",\"inLanguage\":\"en-US\",\"@id\":\"https:\/\/adventistoltenia.ro\/site\/#\/schema\/person\/image\/\",\"url\":\"https:\/\/secure.gravatar.com\/avatar\/ebe92ec22e2e53a8eb79d6b52b724e27?s=96&d=mm&r=g\",\"contentUrl\":\"https:\/\/secure.gravatar.com\/avatar\/ebe92ec22e2e53a8eb79d6b52b724e27?s=96&d=mm&r=g\",\"caption\":\"Conferinta Oltenia\"},\"url\":\"https:\/\/adventistoltenia.ro\/site\/author\/adm1n\/\"}]}<\/script>\n<!-- \/ Yoast SEO plugin. -->","yoast_head_json":{"title":"Spital renovat de reprezentan\u021bi ai Bisericii Adventiste din Teleorman - Conferinta Oltenia","robots":{"index":"index","follow":"follow","max-snippet":"max-snippet:-1","max-image-preview":"max-image-preview:large","max-video-preview":"max-video-preview:-1"},"canonical":"https:\/\/adventistoltenia.ro\/site\/spital-renovat-de-reprezentanti-ai-bisericii-adventiste-din-teleorman\/","og_locale":"en_US","og_type":"article","og_title":"Spital renovat de reprezentan\u021bi ai Bisericii Adventiste din Teleorman - Conferinta Oltenia","og_description":"\u00cen luna ianuarie, 37 de voluntari, reprezentan\u021bi ai Bisericii Adventiste de Ziua a \u0218aptea din jude\u021bul Telorman, dar \u0219i din dispora, au realizat c\u0103 \u00eempreun\u0103 pot face mari schimb\u0103ri \u0219i au oferit o nou\u0103 fa\u021b\u0103 Spitalului \u201eCaritas\u201d din Ro\u0219iori de Vede. Voluntarii au vopsit scara de cinci etaje a spitalului \u0219i au \u00eencheiat lucr\u0103rile cu &hellip; Continued","og_url":"https:\/\/adventistoltenia.ro\/site\/spital-renovat-de-reprezentanti-ai-bisericii-adventiste-din-teleorman\/","og_site_name":"Conferinta Oltenia","article_published_time":"2020-01-30T01:10:24+00:00","og_image":[{"width":1060,"height":1413,"url":"https:\/\/adventistoltenia.ro\/site\/wp-content\/uploads\/2020\/01\/Poza-2-spital.jpg","type":"image\/jpeg"}],"author":"Conferinta Oltenia","twitter_card":"summary_large_image","twitter_misc":{"Written by":"Conferinta Oltenia","Est. reading time":"2 minutes"},"schema":{"@context":"https:\/\/schema.org","@graph":[{"@type":"WebPage","@id":"https:\/\/adventistoltenia.ro\/site\/spital-renovat-de-reprezentanti-ai-bisericii-adventiste-din-teleorman\/","url":"https:\/\/adventistoltenia.ro\/site\/spital-renovat-de-reprezentanti-ai-bisericii-adventiste-din-teleorman\/","name":"Spital renovat de reprezentan\u021bi ai Bisericii Adventiste din Teleorman - Conferinta Oltenia","isPartOf":{"@id":"https:\/\/adventistoltenia.ro\/site\/#website"},"datePublished":"2020-01-30T01:10:24+00:00","dateModified":"2020-01-30T01:10:24+00:00","author":{"@id":"https:\/\/adventistoltenia.ro\/site\/#\/schema\/person\/81972d6ddcec064fcb37a129240ef9d7"},"breadcrumb":{"@id":"https:\/\/adventistoltenia.ro\/site\/spital-renovat-de-reprezentanti-ai-bisericii-adventiste-din-teleorman\/#breadcrumb"},"inLanguage":"en-US","potentialAction":[{"@type":"ReadAction","target":["https:\/\/adventistoltenia.ro\/site\/spital-renovat-de-reprezentanti-ai-bisericii-adventiste-din-teleorman\/"]}]},{"@type":"BreadcrumbList","@id":"https:\/\/adventistoltenia.ro\/site\/spital-renovat-de-reprezentanti-ai-bisericii-adventiste-din-teleorman\/#breadcrumb","itemListElement":[{"@type":"ListItem","position":1,"name":"Home","item":"https:\/\/adventistoltenia.ro\/site\/"},{"@type":"ListItem","position":2,"name":"Spital renovat de reprezentan\u021bi ai Bisericii Adventiste din Teleorman"}]},{"@type":"WebSite","@id":"https:\/\/adventistoltenia.ro\/site\/#website","url":"https:\/\/adventistoltenia.ro\/site\/","name":"Conferinta Oltenia","description":"Biserica Adventista de Ziua a Saptea","potentialAction":[{"@type":"SearchAction","target":{"@type":"EntryPoint","urlTemplate":"https:\/\/adventistoltenia.ro\/site\/?s={search_term_string}"},"query-input":"required name=search_term_string"}],"inLanguage":"en-US"},{"@type":"Person","@id":"https:\/\/adventistoltenia.ro\/site\/#\/schema\/person\/81972d6ddcec064fcb37a129240ef9d7","name":"Conferinta Oltenia","image":{"@type":"ImageObject","inLanguage":"en-US","@id":"https:\/\/adventistoltenia.ro\/site\/#\/schema\/person\/image\/","url":"https:\/\/secure.gravatar.com\/avatar\/ebe92ec22e2e53a8eb79d6b52b724e27?s=96&d=mm&r=g","contentUrl":"https:\/\/secure.gravatar.com\/avatar\/ebe92ec22e2e53a8eb79d6b52b724e27?s=96&d=mm&r=g","caption":"Conferinta Oltenia"},"url":"https:\/\/adventistoltenia.ro\/site\/author\/adm1n\/"}]}},"_links":{"self":[{"href":"https:\/\/adventistoltenia.ro\/site\/wp-json\/wp\/v2\/posts\/3181"}],"collection":[{"href":"https:\/\/adventistoltenia.ro\/site\/wp-json\/wp\/v2\/posts"}],"about":[{"href":"https:\/\/adventistoltenia.ro\/site\/wp-json\/wp\/v2\/types\/post"}],"author":[{"embeddable":true,"href":"https:\/\/adventistoltenia.ro\/site\/wp-json\/wp\/v2\/users\/2"}],"replies":[{"embeddable":true,"href":"https:\/\/adventistoltenia.ro\/site\/wp-json\/wp\/v2\/comments?post=3181"}],"version-history":[{"count":0,"href":"https:\/\/adventistoltenia.ro\/site\/wp-json\/wp\/v2\/posts\/3181\/revisions"}],"wp:featuredmedia":[{"embeddable":true,"href":"https:\/\/adventistoltenia.ro\/site\/wp-json\/wp\/v2\/media\/3182"}],"wp:attachment":[{"href":"https:\/\/adventistoltenia.ro\/site\/wp-json\/wp\/v2\/media?parent=3181"}],"wp:term":[{"taxonomy":"category","embeddable":true,"href":"https:\/\/adventistoltenia.ro\/site\/wp-json\/wp\/v2\/categories?post=3181"},{"taxonomy":"post_tag","embeddable":true,"href":"https:\/\/adventistoltenia.ro\/site\/wp-json\/wp\/v2\/tags?post=3181"}],"curies":[{"name":"wp","href":"https:\/\/api.w.org\/{rel}","templated":true}]}}