{"id":3183,"date":"2020-01-31T01:08:30","date_gmt":"2020-01-31T01:08:30","guid":{"rendered":"http:\/\/adventistoltenia.ro\/site\/declaratia-bisericii-adventiste-cu-privire-la-avort\/"},"modified":"2020-01-31T01:08:30","modified_gmt":"2020-01-31T01:08:30","slug":"declaratia-bisericii-adventiste-cu-privire-la-avort","status":"publish","type":"post","link":"https:\/\/adventistoltenia.ro\/site\/declaratia-bisericii-adventiste-cu-privire-la-avort\/","title":{"rendered":"Declara\u021bia Bisericii Adventiste cu privire la avort"},"content":{"rendered":"<div>\n<p>In societate se vorbe\u0219te din ce \u00een ce mai accentuat despre avort, iar \u00eentreb\u0103rile pe care le primim cu privire la acest subiect sunt din ce in ce mai prezente. \u021ain\u00e2nd cont de aceste situatii, Comitetul Executiv al Bisericii Adventiste de Ziua a \u0218aptea la nivel mondial a votat adoptarea documentului \u2013 <em>Declara\u021bie cu privire la perspectiva biblic\u0103 asupra vie\u021bii \u00eenainte de na\u0219tere \u0219i implica\u021biile ei asupra avortului<\/em>, cu urm\u0103torul text:<\/p>\n<p>Biserica Adventist\u0103 de Ziua a \u0218aptea consider\u0103 c\u0103 avortul nu este \u00een armonie cu planul lui Dumnezeu pentru via\u021ba fiin\u021belor umane. Acesta afecteaz\u0103 copilul nen\u0103scut, mama, tat\u0103l, familia restr\u00e2ns\u0103 \u0219i extins\u0103, familia bisericii \u0219i societatea, av\u00e2nd consecin\u021be pe termen lung asupra tuturor. \u021ainta credincio\u0219ilor este de a avea \u00eencredere \u00een Dumnezeu \u0219i de a-I respecta voia cu privire la vie\u021bile lor, \u0219tiind c\u0103 El are \u00een vedere binele lor suprem.<\/p>\n<p>Fiin\u021bele umane sunt create dup\u0103 chipul lui Dumnezeu. O parte a darului pe care Dumnezeu ni l-a oferit este procrearea, abilitatea de lua parte la procesul de crea\u021bie al\u0103turi de Creatorul vie\u021bii. Acest dar sacru ar trebui \u00eentotdeauna pre\u021buit. \u00cen planul ini\u021bial al lui Dumnezeu, toate sarcinile aveau s\u0103 fie urmarea exprim\u0103rii dragostei dintre un b\u0103rbat \u0219i o femeie dedica\u021bi unul altuia \u00een cadrul c\u0103s\u0103toriei. Sarcina ar trebui dorit\u0103, iar fiecare copil ar trebui iubit, pre\u021buit \u0219i \u00eengrijit chiar \u00eenainte de na\u0219tere. Din nefericire, de la intrarea p\u0103catului \u00een lume, Satana a f\u0103cut eforturi pentru a distorsiona chipul lui Dumnezeu prin deteriorarea tuturor darurilor oferite de el \u2013 inclusiv a darului procre\u0103rii. \u00cen consecin\u021b\u0103, oamenii se confrunt\u0103 uneori cu dileme \u0219i decizii dificile \u00een ceea ce prive\u0219te sarcina.<\/p>\n<p>Biserica Adventist\u0103 de Ziua a \u0218aptea este dedicat\u0103 \u00eenv\u0103\u021b\u0103turilor \u0219i principiilor Sfintelor Scripturi, care exprim\u0103 valurile lui Dumnezeu cu privire la via\u021b\u0103 \u0219i le ofer\u0103 c\u0103l\u0103uzire viitorilor p\u0103rin\u021bi, personalului medical, bisericilor \u0219i tuturor credincio\u0219ilor \u00een ceea ce prive\u0219te credin\u021ba, doctrina, comportamentul etic \u0219i stilul de via\u021b\u0103. De\u0219i Biserica nu reprezint\u0103 con\u0219tiin\u021ba credincio\u0219ilor individuali, are datoria de a transmite principiile \u0219i \u00eenv\u0103\u021b\u0103turile prezentate \u00een Cuv\u00e2ntul lui Dumnezeu.<\/p>\n<p>Aceast\u0103 declara\u021bie afirm\u0103 caracterul sacru al vie\u021bii \u0219i prezint\u0103 principiile biblice aplicabile \u00een cazul avortului. \u00cen cadrul acestui document, avortul este \u00een\u021beles ca fiind orice ac\u021biune \u00eentreprins\u0103 cu scopul de a \u00eentrerupe o sarcin\u0103 \u0219i nu se refer\u0103 la \u00eentreruperea spontan\u0103 a sarcinii, cunoscut\u0103 \u0219i ca pierderea sarcinii sau avort spontan.<\/p>\n<p><strong>Principii \u0219i \u00eenv\u0103\u021b\u0103turi biblice legate de avort<\/strong><\/p>\n<p>Deoarece practica avortului trebuie analizat\u0103 \u00een lumina Scripturii, urm\u0103toarele principii \u0219i \u00eenv\u0103\u021b\u0103turi biblice le ofer\u0103 c\u0103l\u0103uzire at\u00e2t comunit\u0103\u021bii religioase c\u00e2t \u0219i persoanelor afectate de astfel de decizii dificile.<\/p>\n<ol>\n<li><em>Dumnezeu sus\u021bine valoarea \u0219i caracterul sacru al vie\u021bii umane<\/em>. Via\u021ba uman\u0103 este deosebit de important\u0103 pentru Dumnezeu. Cre\u00e2nd umanitatea dup\u0103 chipul S\u0103u (Geneza 1:27; 2:7), Dumnezeu este personal interesat de oameni. Dumnezeu \u00eei iube\u0219te \u0219i comunic\u0103 cu ei, iar ei \u00cel pot iubi \u0219i pot comunica cu El.<\/li>\n<\/ol>\n<p>Via\u021ba este un dar oferit de Dumnezeu, iar Dumnezeu este D\u0103t\u0103torul vie\u021bii. \u00cen Isus este via\u021ba (Ioan 1:4). El are via\u021ba \u00een Sine (Ioan 5:26). El este \u00eenvierea \u0219i via\u021ba (Ioan 11:25; 14:6). El ofer\u0103 via\u021b\u0103 din bel\u0219ug (Ioan 10:10). Cine \u00cel are pe Fiul are via\u021ba (1 Ioan 5:12). El este \u0219i sus\u021bin\u0103torul vie\u021bii (Faptele Apostolilor 17:25-28; Coloseni 1:17; Evrei 1:1-3), iar Duhul Sf\u00e2nt este descris ca fiind Duhul vie\u021bii (Romani 8:2). Dumnezeu \u021bine la crea\u021bia Sa, \u0219i \u00een mod deosebit la umanitate.<\/p>\n<p>\u00cen plus, importan\u021ba vie\u021bii umane reiese clar din faptul c\u0103, dup\u0103 c\u0103dere (Geneza 3), Dumnezeu L-a \u201edat pe singurului Lui Fiu, pentru ca oricine crede \u00een El s\u0103 nu piar\u0103, ci s\u0103 aib\u0103 via\u021ba ve\u0219nic\u0103\u201d (Ioan 3:16). De\u0219i Dumnezeu ar fi putut abandona \u0219i pune cap\u0103t existen\u021bei umanit\u0103\u021bii p\u0103c\u0103toase, El a ales via\u021ba. \u00cen consecin\u021b\u0103, urma\u0219ii lui Hristos vor fi \u00eenvia\u021bi din mor\u021bi \u0219i vor tr\u0103i \u00een comuniune cu Dumnezeu (Ioan 11:25-26; 1 Tesaloniceni 4:15-16, Apocalipsa 21:3). Astfel, via\u021ba uman\u0103 are o valoare inestimabil\u0103. Aceast\u0103 afirma\u021bie se aplic\u0103 tuturor stadiilor vie\u021bii umane: f\u0103tului, copiilor de diferite v\u00e2rste, adolescen\u021bilor, adul\u021bilor \u0219i celor de v\u00e2rsta a treia \u2013 indiferent de aptitudinile fizice, mintale \u0219i emo\u021bionale. Se aplic\u0103, de asemenea, tuturor oamenilor, indiferent de sex, etnie, statut social, religie sau orice altceva i-ar caracteriza. Potrivit acestei modalit\u0103\u021bi de a \u00een\u021belege caracterul sacru al vie\u021bii, toate vie\u021bile umane au o valoare egal\u0103 \u0219i inviolabil\u0103 \u0219i trebuie s\u0103 fie tratate cu grij\u0103 \u0219i respect.<\/p>\n<ol start=\"2\">\n<li>Pentru Dumnezeu, copilul nen\u0103scut este un om viu. Via\u021ba prenatal\u0103 este pre\u021bioas\u0103 \u00een ochii lui Dumnezeu, iar Biblia vorbe\u0219te despre faptul c\u0103 Dumnezeu \u00eei cunoa\u0219te pe oameni \u00eenainte de a fi concepu\u021bi. \u201eC\u00e2nd nu eram dec\u00e2t un plod f\u0103r\u0103 chip, ochii T\u0103i m\u0103 vedeau \u0219i \u00een cartea Ta erau scrise toate zilele care-mi erau r\u00e2nduite, mai \u00eenainte de a fi fost vreuna din ele\u201d (Psalmi 139:16). \u00cen anumite cazuri, Dumnezeu a ghidat via\u021ba prenatal\u0103. Samson urma s\u0103 fie \u201e\u00eenchinat lui Dumnezeu din p\u00e2ntecele mamei lui\u201d (Judec\u0103tori 13:5). Servitorul lui Dumnezeu a fost chemat \u00eenainte s\u0103 se nasc\u0103, pe c\u00e2nd era \u00eenc\u0103 \u00een p\u00e2ntecele mamei sale (Isaia 49:1,5). Ieremia a fost ales ca profet \u00eenc\u0103 dinainte de a se na\u0219te (Ieremia 1:5), a\u0219a cum s-a \u00eent\u00e2mplat \u0219i cu Pavel (Galateni 1:15), iar Ioan Botez\u0103torul urma s\u0103 se \u201eumple de Duhul Sf\u00e2nt \u00eenc\u0103 din p\u00e2ntecele maicii sale\u201d (Luca 1:15). \u00cengerul Gabriel i-a spus Mariei cu privire la Isus: \u201eSf\u00e2ntul care Se va na\u0219te din tine va fi chemat Fiul lui Dumnezeu\u201d (Luca 1:35). Isus Hristos \u00eentrupat a trecut prin perioada prenatal\u0103 a vie\u021bii umane \u0219i a fost recunoscut ca Mesia \u0219i Fiul lui Dumnezeu la pu\u021bin timp dup\u0103 ce a fost conceput (Luca 1:40-45). Biblia \u00eei atribuie copilului nen\u0103scut bucuria (Luca 1:44) \u0219i chiar rivalitatea (Geneze 25:21-23). Cei \u00eenc\u0103 nen\u0103scu\u021bi au un statut clar \u00een fa\u021ba lui Dumnezeu (Iov 10:8-12; 31:13-15). Legea biblic\u0103 valorizeaz\u0103 protejarea vie\u021bii umane \u0219i trateaz\u0103 aspru na\u0219terea prematur\u0103 sau moartea f\u0103tului sau a mamei ca urmare a agres\u0103rii acesteia din urm\u0103.<\/li>\n<li><em>Voia lui Dumnezeu cu privire la via\u021ba uman\u0103 este exprimat\u0103 \u00een Cele Zece Porunci \u0219i explicat\u0103 de Isus \u00een Predica de pe Muntele Fericirilor. <\/em>Decalogul a fost dat poporului leg\u0103m\u00e2ntului \u0219i lumii pentru a le conduce vie\u021bile \u0219i a-i proteja. Poruncile incluse \u00een el sunt adev\u0103ruri neschimb\u0103toare care ar trebui pre\u021buite, respectate \u0219i urmate. Psalmistul laud\u0103 Legea lui Dumnezeu (ex.: Psalmul 119), iar Pavel o nume\u0219te sf\u00e2nt\u0103, dreapt\u0103 \u0219i bun\u0103 (Romani 7:12). Cea de-a \u0219asea porunc\u0103 spune: \u201eS\u0103 nu ucizi\u201d (Exod 20:13), ceea ce face apel la protejarea vie\u021bii umane. Principiul protej\u0103rii vie\u021bii umane consacrat \u00een cea de-a \u0219asea porunc\u0103 plaseaz\u0103 avortul sub sfera ei. Isus a re\u00eent\u0103rit porunca de a nu ucide \u00een Matei 5:21-22. Via\u021ba este protejat\u0103 de Dumnezeu. Nu este evaluat\u0103 \u00een func\u021bie de abilit\u0103\u021bile sau utilitatea fiec\u0103rei persoane, ci de valoarea conferit\u0103 prin crearea ei de c\u0103tre Dumnezeu \u0219i prin dragostea lui plin\u0103 de sacrificiu. Calitatea de persoan\u0103, valoarea uman\u0103 \u0219i m\u00e2ntuirea nu sunt c\u00e2\u0219tigate sau meritate, ci sunt oferite prin bun\u0103voin\u021ba lui Dumnezeu.<\/li>\n<li><em>Via\u021ba \u00cei apar\u021bine lui Dumnezeu, iar fiin\u021bele umane sunt administratorii Lui. <\/em>Scriptura \u00eenva\u021b\u0103 c\u0103 toate lucrurile sunt ale lui Dumnezeu (Psalmi 50:10-12). Oamenii \u00eei apar\u021bin pentru c\u0103 El i-a creat (Psalmi 139:13-16) \u0219i pentru c\u0103 i-a r\u0103scump\u0103rat pl\u0103tind cel mai mare pre\u021b cu putin\u021b\u0103 \u2013 propria via\u021b\u0103 (1 Corinteni 6:19-20). Astfel, toate fiin\u021bele umane sunt administratori ai lucrurilor pe care Dumnezeu li le-a \u00eencredin\u021bat, inclusiv ai propriilor vie\u021bi, ale vie\u021bilor copiilor lor \u0219i ale copiilor \u00eenc\u0103 nen\u0103scu\u021bi.<\/li>\n<\/ol>\n<p>Administrarea vie\u021bii include \u0219i asumarea responsabilit\u0103\u021bilor care \u00eentr-un fel sau altul le limiteaz\u0103 op\u021biunile (1 Corinteni 9:19-22). Din moment ce Dumnezeu este D\u0103t\u0103torul \u0219i De\u021bin\u0103torul vie\u021bii, fiin\u021bele umane nu au un control absolut asupra lor \u0219i ar trebui s\u0103 \u00eencerce s\u0103 protejeze via\u021ba ori de c\u00e2te ori acest lucru este posibil.<\/p>\n<p>Principiul administr\u0103rii cre\u0219tine a vie\u021bii oblig\u0103 comunitatea de credincio\u0219i s\u0103 le ofere c\u0103l\u0103uzire, sus\u021binere, grij\u0103 \u0219i dragoste celor care trebuie s\u0103 ia decizii cu privire la o sarcin\u0103.<\/p>\n<ol start=\"5\">\n<li><em>Biblia \u00eenva\u021b\u0103 purtarea de grij\u0103 pentru cei slabi \u0219i vulnerabili. <\/em>\u00censu\u0219i Dumnezeu are grij\u0103 de cei dezavantaja\u021bi \u0219i oprima\u021bi \u0219i \u00eei protejeaz\u0103. El \u201enu caut\u0103 la fa\u021ba oamenilor \u0219i nu prime\u0219te daruri; El face dreptate organului \u0219i v\u0103duvei \u0219i iube\u0219te pe str\u0103in \u0219i-i d\u0103 hran\u0103 \u0219i \u00eembr\u0103c\u0103minte\u201d (Deuteronom 10:17-18; cf. Psalmi 82:3-4; Iacov 1:27). El nu \u00eei consider\u0103 pe copii responsabili pentru p\u0103catele p\u0103rin\u021bilor lor (Ezechiel 18:10). Dumnezeu a\u0219teapt\u0103 acela\u0219i lucru \u0219i de la copiii Lui. Ei sunt chema\u021bi s\u0103 \u00eei ajute pe cei vulnerabili \u0219i s\u0103 le u\u0219ureze soarta (Psalmi 41:1; 82:3-4; Faptele Apostolilor 20:35). Isus vorbe\u0219te despre cei mai ne\u00eensemna\u021bi fra\u021bi ai Lui (Matei 25:40), de care sunt responsabili urma\u0219ii S\u0103i, \u0219i despre micu\u021bii care nu ar trebui dispre\u021bui\u021bi sau pierdu\u021bi (Matei 18:10-14). Cei mai mici dintre ace\u0219tia, nen\u0103scu\u021bii, ar trebui num\u0103ra\u021bi \u00een r\u00e2ndul lor.<\/li>\n<li><em>Harul lui Dumnezeu promoveaz\u0103 via\u021ba \u00eentr-o lume deteriorat\u0103 de p\u0103cat \u0219i moarte.<\/em> Este \u00een natura lui Dumnezeu s\u0103 protejeze \u0219i s\u0103 sus\u021bin\u0103 via\u021ba. Pe l\u00e2ng\u0103 rolul lui Dumnezeu \u00een protejarea crea\u021biei Sale (Psalmi 103:19; Coloseni 1:17; Evrei 1:3), Biblia recunoa\u0219te numeroasele efecte devastatoare ale p\u0103catului asupra crea\u021biei, inclusiv asupra corpului uman. \u00cen Romani 8:20-24 Pavel descrie efectul c\u0103derii ca supun\u00e2nd crea\u021bia de\u0219ert\u0103ciunii. \u00cen consecin\u021b\u0103, \u00een cazuri rare \u0219i extreme, conceperea poate duce la sarcini care ar avea ca finalitate moartea \u0219i\/sau anomalii care amenin\u021b\u0103 via\u021ba \u0219i care aduc indivizii sau cuplurile \u00een fa\u021ba unor dileme neobi\u0219nuite. \u00cen astfel de cazuri, deciziile pot fi l\u0103sate pe seama persoanelor implicate \u0219i a familiilor lor. Aceste decizii ar trebui luate pe baza informa\u021biilor \u0219i c\u0103l\u0103uzite de Duhul Sf\u00e2nt \u0219i de perspectiva biblic\u0103 asupra vie\u021bii, descris\u0103 mai sus. Harul lui Dumnezeu promoveaz\u0103 \u0219i protejeaz\u0103 via\u021ba. Persoanele aflate \u00een astfel de situa\u021bii dificile pot veni la El cu sinceritate \u0219i pentru a g\u0103si calea pe care s\u0103 o urmeze, ca \u0219i confort \u0219i pace \u00een Dumnezeu.<\/li>\n<\/ol>\n<p><em>\u00a0<\/em><strong>Implica\u021bii<\/strong><\/p>\n<p>De\u0219i nu tolereaz\u0103 avortul, Biserica \u0219i membrii ei sunt chema\u021bi s\u0103 urmeze exemplul lui Isus, cel \u201eplin de har \u0219i de adev\u0103r\u201d (Ioan 1:14), pentru (1) a crea o atmosfer\u0103 de dragoste adev\u0103rat\u0103 \u0219i a le oferi o asisten\u021b\u0103 pastoral\u0103 biblic\u0103 \u0219i plin\u0103 de har \u0219i o sus\u021binere plin\u0103 de iubire celor care trebuie s\u0103 ia decizii dificile cu privire la avort; (2) a beneficia de ajutorul familiilor devotate \u0219i armonioase \u0219i a le instrui pentru a asista persoanele, cuplurile \u0219i familiile aflate \u00een dificult\u0103\u021bi; (3) a-i \u00eencuraja pe membrii bisericii s\u0103 a-i primi \u00een casele lor pe cei \u00een nevoie, inclusiv familii monoparentale, orfani \u0219i copii adopta\u021bi sau din centrele de plasament; (4) a fi interesa\u021bi \u0219i a sus\u021bine prin diferite c\u0103i femeile \u00eens\u0103rcinate care decid s\u0103 p\u0103streze copilul; \u0219i (5) a le oferi sus\u021binere emo\u021bional\u0103 \u0219i spiritual\u0103 celor care, din diferite motive, au avortat un copil sau au fost for\u021bate s\u0103 avorteze un copil \u0219i sufer\u0103 din punct de vedere fizic, emo\u021bional \u0219i\/sau spiritual.<\/p>\n<p>Problema avortului ridic\u0103 probleme \u00eensemnate, \u00eens\u0103 le ofer\u0103 membrilor \u0219i Bisericii ocazia de a fi ceea ce aspir\u0103 s\u0103 fie: o comunitate de fra\u021bi \u0219i surori, o comunitate de credincio\u0219i, familia lui Dumnezeu, care manifest\u0103 dragostea Sa nem\u0103surat\u0103 \u0219i neschimb\u0103toare.<\/p>\n<\/div>\n<p class=\"wpematico_credit\"><small>Powered by <a href=\"http:\/\/www.wpematico.com\" target=\"_blank\" rel=\"noopener noreferrer\">WPeMatico<\/a><\/small><\/p>\n ","protected":false},"excerpt":{"rendered":"<p>In societate se vorbe\u0219te din ce \u00een ce mai accentuat despre avort, iar \u00eentreb\u0103rile pe care le primim cu privire la acest subiect sunt din ce in ce mai prezente. \u021ain\u00e2nd cont de aceste situatii, Comitetul Executiv al Bisericii Adventiste de Ziua a \u0218aptea la nivel mondial a votat adoptarea documentului \u2013 Declara\u021bie cu privire &hellip; <a href=\"https:\/\/adventistoltenia.ro\/site\/declaratia-bisericii-adventiste-cu-privire-la-avort\/\">Continued<\/a><\/p>\n","protected":false},"author":2,"featured_media":0,"comment_status":"open","ping_status":"closed","sticky":false,"template":"","format":"standard","meta":[],"categories":[71],"tags":[],"yoast_head":"<!-- This site is optimized with the Yoast SEO plugin v20.3 - https:\/\/yoast.com\/wordpress\/plugins\/seo\/ -->\n<title>Declara\u021bia Bisericii Adventiste cu privire la avort - Conferinta Oltenia<\/title>\n<meta name=\"robots\" content=\"index, follow, max-snippet:-1, max-image-preview:large, max-video-preview:-1\" \/>\n<link rel=\"canonical\" href=\"https:\/\/adventistoltenia.ro\/site\/declaratia-bisericii-adventiste-cu-privire-la-avort\/\" \/>\n<meta property=\"og:locale\" content=\"en_US\" \/>\n<meta property=\"og:type\" content=\"article\" \/>\n<meta property=\"og:title\" content=\"Declara\u021bia Bisericii Adventiste cu privire la avort - Conferinta Oltenia\" \/>\n<meta property=\"og:description\" content=\"In societate se vorbe\u0219te din ce \u00een ce mai accentuat despre avort, iar \u00eentreb\u0103rile pe care le primim cu privire la acest subiect sunt din ce in ce mai prezente. \u021ain\u00e2nd cont de aceste situatii, Comitetul Executiv al Bisericii Adventiste de Ziua a \u0218aptea la nivel mondial a votat adoptarea documentului \u2013 Declara\u021bie cu privire &hellip; Continued\" \/>\n<meta property=\"og:url\" content=\"https:\/\/adventistoltenia.ro\/site\/declaratia-bisericii-adventiste-cu-privire-la-avort\/\" \/>\n<meta property=\"og:site_name\" content=\"Conferinta Oltenia\" \/>\n<meta property=\"article:published_time\" content=\"2020-01-31T01:08:30+00:00\" \/>\n<meta name=\"author\" content=\"Conferinta Oltenia\" \/>\n<meta name=\"twitter:card\" content=\"summary_large_image\" \/>\n<meta name=\"twitter:label1\" content=\"Written by\" \/>\n\t<meta name=\"twitter:data1\" content=\"Conferinta Oltenia\" \/>\n\t<meta name=\"twitter:label2\" content=\"Est. reading time\" \/>\n\t<meta name=\"twitter:data2\" content=\"10 minutes\" \/>\n<script type=\"application\/ld+json\" class=\"yoast-schema-graph\">{\"@context\":\"https:\/\/schema.org\",\"@graph\":[{\"@type\":\"WebPage\",\"@id\":\"https:\/\/adventistoltenia.ro\/site\/declaratia-bisericii-adventiste-cu-privire-la-avort\/\",\"url\":\"https:\/\/adventistoltenia.ro\/site\/declaratia-bisericii-adventiste-cu-privire-la-avort\/\",\"name\":\"Declara\u021bia Bisericii Adventiste cu privire la avort - Conferinta Oltenia\",\"isPartOf\":{\"@id\":\"https:\/\/adventistoltenia.ro\/site\/#website\"},\"datePublished\":\"2020-01-31T01:08:30+00:00\",\"dateModified\":\"2020-01-31T01:08:30+00:00\",\"author\":{\"@id\":\"https:\/\/adventistoltenia.ro\/site\/#\/schema\/person\/81972d6ddcec064fcb37a129240ef9d7\"},\"breadcrumb\":{\"@id\":\"https:\/\/adventistoltenia.ro\/site\/declaratia-bisericii-adventiste-cu-privire-la-avort\/#breadcrumb\"},\"inLanguage\":\"en-US\",\"potentialAction\":[{\"@type\":\"ReadAction\",\"target\":[\"https:\/\/adventistoltenia.ro\/site\/declaratia-bisericii-adventiste-cu-privire-la-avort\/\"]}]},{\"@type\":\"BreadcrumbList\",\"@id\":\"https:\/\/adventistoltenia.ro\/site\/declaratia-bisericii-adventiste-cu-privire-la-avort\/#breadcrumb\",\"itemListElement\":[{\"@type\":\"ListItem\",\"position\":1,\"name\":\"Home\",\"item\":\"https:\/\/adventistoltenia.ro\/site\/\"},{\"@type\":\"ListItem\",\"position\":2,\"name\":\"Declara\u021bia Bisericii Adventiste cu privire la avort\"}]},{\"@type\":\"WebSite\",\"@id\":\"https:\/\/adventistoltenia.ro\/site\/#website\",\"url\":\"https:\/\/adventistoltenia.ro\/site\/\",\"name\":\"Conferinta Oltenia\",\"description\":\"Biserica Adventista de Ziua a Saptea\",\"potentialAction\":[{\"@type\":\"SearchAction\",\"target\":{\"@type\":\"EntryPoint\",\"urlTemplate\":\"https:\/\/adventistoltenia.ro\/site\/?s={search_term_string}\"},\"query-input\":\"required name=search_term_string\"}],\"inLanguage\":\"en-US\"},{\"@type\":\"Person\",\"@id\":\"https:\/\/adventistoltenia.ro\/site\/#\/schema\/person\/81972d6ddcec064fcb37a129240ef9d7\",\"name\":\"Conferinta Oltenia\",\"image\":{\"@type\":\"ImageObject\",\"inLanguage\":\"en-US\",\"@id\":\"https:\/\/adventistoltenia.ro\/site\/#\/schema\/person\/image\/\",\"url\":\"https:\/\/secure.gravatar.com\/avatar\/ebe92ec22e2e53a8eb79d6b52b724e27?s=96&d=mm&r=g\",\"contentUrl\":\"https:\/\/secure.gravatar.com\/avatar\/ebe92ec22e2e53a8eb79d6b52b724e27?s=96&d=mm&r=g\",\"caption\":\"Conferinta Oltenia\"},\"url\":\"https:\/\/adventistoltenia.ro\/site\/author\/adm1n\/\"}]}<\/script>\n<!-- \/ Yoast SEO plugin. -->","yoast_head_json":{"title":"Declara\u021bia Bisericii Adventiste cu privire la avort - Conferinta Oltenia","robots":{"index":"index","follow":"follow","max-snippet":"max-snippet:-1","max-image-preview":"max-image-preview:large","max-video-preview":"max-video-preview:-1"},"canonical":"https:\/\/adventistoltenia.ro\/site\/declaratia-bisericii-adventiste-cu-privire-la-avort\/","og_locale":"en_US","og_type":"article","og_title":"Declara\u021bia Bisericii Adventiste cu privire la avort - Conferinta Oltenia","og_description":"In societate se vorbe\u0219te din ce \u00een ce mai accentuat despre avort, iar \u00eentreb\u0103rile pe care le primim cu privire la acest subiect sunt din ce in ce mai prezente. \u021ain\u00e2nd cont de aceste situatii, Comitetul Executiv al Bisericii Adventiste de Ziua a \u0218aptea la nivel mondial a votat adoptarea documentului \u2013 Declara\u021bie cu privire &hellip; Continued","og_url":"https:\/\/adventistoltenia.ro\/site\/declaratia-bisericii-adventiste-cu-privire-la-avort\/","og_site_name":"Conferinta Oltenia","article_published_time":"2020-01-31T01:08:30+00:00","author":"Conferinta Oltenia","twitter_card":"summary_large_image","twitter_misc":{"Written by":"Conferinta Oltenia","Est. reading time":"10 minutes"},"schema":{"@context":"https:\/\/schema.org","@graph":[{"@type":"WebPage","@id":"https:\/\/adventistoltenia.ro\/site\/declaratia-bisericii-adventiste-cu-privire-la-avort\/","url":"https:\/\/adventistoltenia.ro\/site\/declaratia-bisericii-adventiste-cu-privire-la-avort\/","name":"Declara\u021bia Bisericii Adventiste cu privire la avort - Conferinta Oltenia","isPartOf":{"@id":"https:\/\/adventistoltenia.ro\/site\/#website"},"datePublished":"2020-01-31T01:08:30+00:00","dateModified":"2020-01-31T01:08:30+00:00","author":{"@id":"https:\/\/adventistoltenia.ro\/site\/#\/schema\/person\/81972d6ddcec064fcb37a129240ef9d7"},"breadcrumb":{"@id":"https:\/\/adventistoltenia.ro\/site\/declaratia-bisericii-adventiste-cu-privire-la-avort\/#breadcrumb"},"inLanguage":"en-US","potentialAction":[{"@type":"ReadAction","target":["https:\/\/adventistoltenia.ro\/site\/declaratia-bisericii-adventiste-cu-privire-la-avort\/"]}]},{"@type":"BreadcrumbList","@id":"https:\/\/adventistoltenia.ro\/site\/declaratia-bisericii-adventiste-cu-privire-la-avort\/#breadcrumb","itemListElement":[{"@type":"ListItem","position":1,"name":"Home","item":"https:\/\/adventistoltenia.ro\/site\/"},{"@type":"ListItem","position":2,"name":"Declara\u021bia Bisericii Adventiste cu privire la avort"}]},{"@type":"WebSite","@id":"https:\/\/adventistoltenia.ro\/site\/#website","url":"https:\/\/adventistoltenia.ro\/site\/","name":"Conferinta Oltenia","description":"Biserica Adventista de Ziua a Saptea","potentialAction":[{"@type":"SearchAction","target":{"@type":"EntryPoint","urlTemplate":"https:\/\/adventistoltenia.ro\/site\/?s={search_term_string}"},"query-input":"required name=search_term_string"}],"inLanguage":"en-US"},{"@type":"Person","@id":"https:\/\/adventistoltenia.ro\/site\/#\/schema\/person\/81972d6ddcec064fcb37a129240ef9d7","name":"Conferinta Oltenia","image":{"@type":"ImageObject","inLanguage":"en-US","@id":"https:\/\/adventistoltenia.ro\/site\/#\/schema\/person\/image\/","url":"https:\/\/secure.gravatar.com\/avatar\/ebe92ec22e2e53a8eb79d6b52b724e27?s=96&d=mm&r=g","contentUrl":"https:\/\/secure.gravatar.com\/avatar\/ebe92ec22e2e53a8eb79d6b52b724e27?s=96&d=mm&r=g","caption":"Conferinta Oltenia"},"url":"https:\/\/adventistoltenia.ro\/site\/author\/adm1n\/"}]}},"_links":{"self":[{"href":"https:\/\/adventistoltenia.ro\/site\/wp-json\/wp\/v2\/posts\/3183"}],"collection":[{"href":"https:\/\/adventistoltenia.ro\/site\/wp-json\/wp\/v2\/posts"}],"about":[{"href":"https:\/\/adventistoltenia.ro\/site\/wp-json\/wp\/v2\/types\/post"}],"author":[{"embeddable":true,"href":"https:\/\/adventistoltenia.ro\/site\/wp-json\/wp\/v2\/users\/2"}],"replies":[{"embeddable":true,"href":"https:\/\/adventistoltenia.ro\/site\/wp-json\/wp\/v2\/comments?post=3183"}],"version-history":[{"count":0,"href":"https:\/\/adventistoltenia.ro\/site\/wp-json\/wp\/v2\/posts\/3183\/revisions"}],"wp:attachment":[{"href":"https:\/\/adventistoltenia.ro\/site\/wp-json\/wp\/v2\/media?parent=3183"}],"wp:term":[{"taxonomy":"category","embeddable":true,"href":"https:\/\/adventistoltenia.ro\/site\/wp-json\/wp\/v2\/categories?post=3183"},{"taxonomy":"post_tag","embeddable":true,"href":"https:\/\/adventistoltenia.ro\/site\/wp-json\/wp\/v2\/tags?post=3183"}],"curies":[{"name":"wp","href":"https:\/\/api.w.org\/{rel}","templated":true}]}}