{"id":3184,"date":"2020-02-01T01:05:37","date_gmt":"2020-02-01T01:05:37","guid":{"rendered":"http:\/\/adventistoltenia.ro\/site\/pozitia-bisericii-adventiste-din-romania-cu-privire-la-evenimentele-din-bologna-italia\/"},"modified":"2020-02-01T01:05:37","modified_gmt":"2020-02-01T01:05:37","slug":"pozitia-bisericii-adventiste-din-romania-cu-privire-la-evenimentele-din-bologna-italia","status":"publish","type":"post","link":"https:\/\/adventistoltenia.ro\/site\/pozitia-bisericii-adventiste-din-romania-cu-privire-la-evenimentele-din-bologna-italia\/","title":{"rendered":"Pozi\u021bia Bisericii Adventiste din Rom\u00e2nia cu privire la evenimentele din Bologna, Italia"},"content":{"rendered":"<div>\n<p>\u00cen ultimele zile au ap\u0103rut \u00een spa\u021biul public mai multe imagini \u0219i informa\u021bii cu privire la semnarea unui document interconfesional de c\u0103tre Giovanni Caccamo, pastor al Bisericii Adventiste din Bologna, Italia. S-a vorbit despre acest moment c\u0103 ar fi primul pas spre constituirea unui Consiliu Interconfesional al Bisericilor din Bologna.<\/p>\n<p>\u00cen urma informa\u021biilor ap\u0103rute \u00een online, Departamentul de Comunicare al Bisericii Adventiste din Rom\u00e2nia a dialogat pe marginea acestui subiect cu Biserica Adventist\u0103 de Ziua a \u0218aptea din Italia, dar \u0219i cu Diviziunea Inter-European\u0103.<br \/>\nDup\u0103 acest dialog, Biserica Adventist\u0103 din Rom\u00e2nia poate face urmatoarele preciz\u0103ri:<br \/>\nDiviziunea Inter-European\u0103 a Bisericii Adventiste de Ziua a \u0218aptea, prin vocea pre\u0219edintelui Mario Brito, declar\u0103 c\u0103 nu sus\u021bine \u0219i nu recunoa\u0219te un astfel de document. \u00cen acela\u0219i timp a cerut Bisericii Adventiste din Italia un punct de vedere oficial ce va fi redactat \u00een perioada imediat urmatoare.<\/p>\n<p>\u00cen ce prive\u0219te Biserica Adventist\u0103 din Italia, aceasta a informat Biserica Adventist\u0103 din Rom\u00e2nia, prin intermediul secretarului Bisericii Adventiste din Italia, Andrei Cre\u021bu, c\u0103 documentul semnat de pastorul din Bologna con\u021bine mai multe decizii ap\u0103rute \u00een urma discu\u021biilor \u00eentre liderii locali din diferite biserici, de pe un teritoriu restr\u00e2ns, la care a participat din proprie ini\u021biativ\u0103 \u0219i pastorul adventist, dar nu ca reprezentant oficial al Bisericii Adventiste. Documentul semnat nu reprezint\u0103 o pozi\u021bie a Uniunii Italiene. De asemenea, precizeaz\u0103 reprezentul Bisericii Adventiste din Italia Andrei Cre\u021bu, acesta este un document care nu condi\u021bioneaz\u0103 Biserica Adventist\u0103 \u0219i care se dorea a fi un element pentru viitoare discu\u021bii, a\u0219a cum apare scris \u00een el. Pastorul Giovanni Caccamo, prezent la evenimentul incriminat, nu ocup\u0103 \u00een prezent o pozi\u021bie de conducere \u00een cadrul Bisericii Adventiste din Italia, fiind pastor \u00een zona Bologna. \u00cen urm\u0103 cu opt ani acesta a ocupat pozi\u021bia de secretar al Uniunii Italiene.<\/p>\n<p>Preciz\u0103m \u0219i faptul c\u0103 Biserica Adventist\u0103 din Italia nu interzice pastorilor participarea la \u201eS\u0103pt\u0103m\u00e2na de rug\u0103ciune\u201d a tuturor cultelor. \u00cen Italia aceasta este o practic\u0103 de 30 de ani, iar fiecare pastor este liber s\u0103 aleag\u0103 dac\u0103 particip\u0103 sau nu. Asta nu presupune \u0219i semnarea anumitor documente, a\u0219a cum s-a \u00eent\u00e2mplat \u00een cazul de fa\u021b\u0103.<\/p>\n<p>De asemenea, Comitetul Uniunii de Conferin\u0163e a Bisericii Adventiste de Ziua a \u015eaptea dore\u0219te s\u0103 precizeze clar pozi\u021bia Bisericii Adventiste din Romania, delimit\u00e2ndu-se de orice fel de evenimente cu caracter ecumenic. Biserica Adventist\u0103 de Ziua a \u0218aptea r\u0103m\u00e2ne fidel\u0103 adev\u0103rurilor prezentate de Scriptur\u0103 \u00een ce prive\u0219te interpretarea profetic\u0103 reg\u0103sit\u0103 \u00een c\u0103r\u021bile Daniel \u0219i Apocalipsa. Adventi\u0219tii au fost \u00eentotdeauna \u00een favoarea dezvolt\u0103rii unor bune rela\u021bii cu alte biserici sau grupuri religioase, r\u0103m\u00e2n\u00e2nd credincio\u0219i propriei misiuni \u0219i convingeri. De\u0219i Adventi\u0219tii respect\u0103 al\u021bi cre\u0219tini, ei cred c\u0103 Dumnezeu i-a chemat s\u0103 \u00eendeplineasc\u0103 o misiune specific\u0103 \u0219i s\u0103 proclame un mesaj special pentru ultimele zile. Ei nu se simt amenin\u021ba\u021bi \u00een cadrul unor \u00eent\u00e2lni cu al\u021bi lideri cre\u0219tini, ba din contra, acestea le ofer\u0103 o mare oportunitate de a face mai bine cunoscut\u0103 \u0219i a-\u0219i \u00eemp\u0103rt\u0103\u0219i misiunea, f\u0103r\u0103 a-\u0219i compromite identitatea sau credin\u021ba. Reiter\u0103m faptul c\u0103 agenda adventist\u0103 nu prevede ecumenismul, ci noi construim rela\u021bii bune \u0219i decente. \u00cen ultimii ani, conduc\u0103torii \u0219i teologii adventi\u0219ti de la nivel mondial au avut ocazii de a dialoga cu reprezentan\u021bi ai altor biserici. Aceste experien\u021be au fost benefice, d\u00e2nd na\u0219tere la respect reciproc. \u00cen aceste ocazii au fost recunoscute noi dimensiuni \u0219i s-au deschis noi perspective misionare. \u00cens\u0103, \u00een primul r\u00e2nd, a fost \u00eent\u0103rit\u0103 credin\u021ba \u00een mesajul adventist a celor care au participat la aceste dialoguri. Adventi\u0219tii nu au de ce s\u0103 aib\u0103 complexe de inferioritate. Este un privilegiu s\u0103 fii adventist de ziua a \u0219aptea \u0219i s\u0103 \u0219tii c\u0103 fundamentele teologice \u0219i organiza\u021bionale ale bisericii sunt sigure \u0219i ferme.<\/p>\n<p><em>Departamentul de Comunicare al Bisericii Adventiste din Romania.<\/em><\/p>\n<\/div>\n<p class=\"wpematico_credit\"><small>Powered by <a href=\"http:\/\/www.wpematico.com\" target=\"_blank\" rel=\"noopener noreferrer\">WPeMatico<\/a><\/small><\/p>\n ","protected":false},"excerpt":{"rendered":"<p>\u00cen ultimele zile au ap\u0103rut \u00een spa\u021biul public mai multe imagini \u0219i informa\u021bii cu privire la semnarea unui document interconfesional de c\u0103tre Giovanni Caccamo, pastor al Bisericii Adventiste din Bologna, Italia. S-a vorbit despre acest moment c\u0103 ar fi primul pas spre constituirea unui Consiliu Interconfesional al Bisericilor din Bologna. \u00cen urma informa\u021biilor ap\u0103rute \u00een &hellip; <a href=\"https:\/\/adventistoltenia.ro\/site\/pozitia-bisericii-adventiste-din-romania-cu-privire-la-evenimentele-din-bologna-italia\/\">Continued<\/a><\/p>\n","protected":false},"author":2,"featured_media":0,"comment_status":"open","ping_status":"closed","sticky":false,"template":"","format":"standard","meta":[],"categories":[71],"tags":[],"yoast_head":"<!-- This site is optimized with the Yoast SEO plugin v20.3 - https:\/\/yoast.com\/wordpress\/plugins\/seo\/ -->\n<title>Pozi\u021bia Bisericii Adventiste din Rom\u00e2nia cu privire la evenimentele din Bologna, Italia - Conferinta Oltenia<\/title>\n<meta name=\"robots\" content=\"index, follow, max-snippet:-1, max-image-preview:large, max-video-preview:-1\" \/>\n<link rel=\"canonical\" href=\"https:\/\/adventistoltenia.ro\/site\/pozitia-bisericii-adventiste-din-romania-cu-privire-la-evenimentele-din-bologna-italia\/\" \/>\n<meta property=\"og:locale\" content=\"en_US\" \/>\n<meta property=\"og:type\" content=\"article\" \/>\n<meta property=\"og:title\" content=\"Pozi\u021bia Bisericii Adventiste din Rom\u00e2nia cu privire la evenimentele din Bologna, Italia - Conferinta Oltenia\" \/>\n<meta property=\"og:description\" content=\"\u00cen ultimele zile au ap\u0103rut \u00een spa\u021biul public mai multe imagini \u0219i informa\u021bii cu privire la semnarea unui document interconfesional de c\u0103tre Giovanni Caccamo, pastor al Bisericii Adventiste din Bologna, Italia. S-a vorbit despre acest moment c\u0103 ar fi primul pas spre constituirea unui Consiliu Interconfesional al Bisericilor din Bologna. \u00cen urma informa\u021biilor ap\u0103rute \u00een &hellip; Continued\" \/>\n<meta property=\"og:url\" content=\"https:\/\/adventistoltenia.ro\/site\/pozitia-bisericii-adventiste-din-romania-cu-privire-la-evenimentele-din-bologna-italia\/\" \/>\n<meta property=\"og:site_name\" content=\"Conferinta Oltenia\" \/>\n<meta property=\"article:published_time\" content=\"2020-02-01T01:05:37+00:00\" \/>\n<meta name=\"author\" content=\"Conferinta Oltenia\" \/>\n<meta name=\"twitter:card\" content=\"summary_large_image\" \/>\n<meta name=\"twitter:label1\" content=\"Written by\" \/>\n\t<meta name=\"twitter:data1\" content=\"Conferinta Oltenia\" \/>\n\t<meta name=\"twitter:label2\" content=\"Est. reading time\" \/>\n\t<meta name=\"twitter:data2\" content=\"3 minutes\" \/>\n<script type=\"application\/ld+json\" class=\"yoast-schema-graph\">{\"@context\":\"https:\/\/schema.org\",\"@graph\":[{\"@type\":\"WebPage\",\"@id\":\"https:\/\/adventistoltenia.ro\/site\/pozitia-bisericii-adventiste-din-romania-cu-privire-la-evenimentele-din-bologna-italia\/\",\"url\":\"https:\/\/adventistoltenia.ro\/site\/pozitia-bisericii-adventiste-din-romania-cu-privire-la-evenimentele-din-bologna-italia\/\",\"name\":\"Pozi\u021bia Bisericii Adventiste din Rom\u00e2nia cu privire la evenimentele din Bologna, Italia - Conferinta Oltenia\",\"isPartOf\":{\"@id\":\"https:\/\/adventistoltenia.ro\/site\/#website\"},\"datePublished\":\"2020-02-01T01:05:37+00:00\",\"dateModified\":\"2020-02-01T01:05:37+00:00\",\"author\":{\"@id\":\"https:\/\/adventistoltenia.ro\/site\/#\/schema\/person\/81972d6ddcec064fcb37a129240ef9d7\"},\"breadcrumb\":{\"@id\":\"https:\/\/adventistoltenia.ro\/site\/pozitia-bisericii-adventiste-din-romania-cu-privire-la-evenimentele-din-bologna-italia\/#breadcrumb\"},\"inLanguage\":\"en-US\",\"potentialAction\":[{\"@type\":\"ReadAction\",\"target\":[\"https:\/\/adventistoltenia.ro\/site\/pozitia-bisericii-adventiste-din-romania-cu-privire-la-evenimentele-din-bologna-italia\/\"]}]},{\"@type\":\"BreadcrumbList\",\"@id\":\"https:\/\/adventistoltenia.ro\/site\/pozitia-bisericii-adventiste-din-romania-cu-privire-la-evenimentele-din-bologna-italia\/#breadcrumb\",\"itemListElement\":[{\"@type\":\"ListItem\",\"position\":1,\"name\":\"Home\",\"item\":\"https:\/\/adventistoltenia.ro\/site\/\"},{\"@type\":\"ListItem\",\"position\":2,\"name\":\"Pozi\u021bia Bisericii Adventiste din Rom\u00e2nia cu privire la evenimentele din Bologna, Italia\"}]},{\"@type\":\"WebSite\",\"@id\":\"https:\/\/adventistoltenia.ro\/site\/#website\",\"url\":\"https:\/\/adventistoltenia.ro\/site\/\",\"name\":\"Conferinta Oltenia\",\"description\":\"Biserica Adventista de Ziua a Saptea\",\"potentialAction\":[{\"@type\":\"SearchAction\",\"target\":{\"@type\":\"EntryPoint\",\"urlTemplate\":\"https:\/\/adventistoltenia.ro\/site\/?s={search_term_string}\"},\"query-input\":\"required name=search_term_string\"}],\"inLanguage\":\"en-US\"},{\"@type\":\"Person\",\"@id\":\"https:\/\/adventistoltenia.ro\/site\/#\/schema\/person\/81972d6ddcec064fcb37a129240ef9d7\",\"name\":\"Conferinta Oltenia\",\"image\":{\"@type\":\"ImageObject\",\"inLanguage\":\"en-US\",\"@id\":\"https:\/\/adventistoltenia.ro\/site\/#\/schema\/person\/image\/\",\"url\":\"https:\/\/secure.gravatar.com\/avatar\/ebe92ec22e2e53a8eb79d6b52b724e27?s=96&d=mm&r=g\",\"contentUrl\":\"https:\/\/secure.gravatar.com\/avatar\/ebe92ec22e2e53a8eb79d6b52b724e27?s=96&d=mm&r=g\",\"caption\":\"Conferinta Oltenia\"},\"url\":\"https:\/\/adventistoltenia.ro\/site\/author\/adm1n\/\"}]}<\/script>\n<!-- \/ Yoast SEO plugin. -->","yoast_head_json":{"title":"Pozi\u021bia Bisericii Adventiste din Rom\u00e2nia cu privire la evenimentele din Bologna, Italia - Conferinta Oltenia","robots":{"index":"index","follow":"follow","max-snippet":"max-snippet:-1","max-image-preview":"max-image-preview:large","max-video-preview":"max-video-preview:-1"},"canonical":"https:\/\/adventistoltenia.ro\/site\/pozitia-bisericii-adventiste-din-romania-cu-privire-la-evenimentele-din-bologna-italia\/","og_locale":"en_US","og_type":"article","og_title":"Pozi\u021bia Bisericii Adventiste din Rom\u00e2nia cu privire la evenimentele din Bologna, Italia - Conferinta Oltenia","og_description":"\u00cen ultimele zile au ap\u0103rut \u00een spa\u021biul public mai multe imagini \u0219i informa\u021bii cu privire la semnarea unui document interconfesional de c\u0103tre Giovanni Caccamo, pastor al Bisericii Adventiste din Bologna, Italia. S-a vorbit despre acest moment c\u0103 ar fi primul pas spre constituirea unui Consiliu Interconfesional al Bisericilor din Bologna. \u00cen urma informa\u021biilor ap\u0103rute \u00een &hellip; Continued","og_url":"https:\/\/adventistoltenia.ro\/site\/pozitia-bisericii-adventiste-din-romania-cu-privire-la-evenimentele-din-bologna-italia\/","og_site_name":"Conferinta Oltenia","article_published_time":"2020-02-01T01:05:37+00:00","author":"Conferinta Oltenia","twitter_card":"summary_large_image","twitter_misc":{"Written by":"Conferinta Oltenia","Est. reading time":"3 minutes"},"schema":{"@context":"https:\/\/schema.org","@graph":[{"@type":"WebPage","@id":"https:\/\/adventistoltenia.ro\/site\/pozitia-bisericii-adventiste-din-romania-cu-privire-la-evenimentele-din-bologna-italia\/","url":"https:\/\/adventistoltenia.ro\/site\/pozitia-bisericii-adventiste-din-romania-cu-privire-la-evenimentele-din-bologna-italia\/","name":"Pozi\u021bia Bisericii Adventiste din Rom\u00e2nia cu privire la evenimentele din Bologna, Italia - Conferinta Oltenia","isPartOf":{"@id":"https:\/\/adventistoltenia.ro\/site\/#website"},"datePublished":"2020-02-01T01:05:37+00:00","dateModified":"2020-02-01T01:05:37+00:00","author":{"@id":"https:\/\/adventistoltenia.ro\/site\/#\/schema\/person\/81972d6ddcec064fcb37a129240ef9d7"},"breadcrumb":{"@id":"https:\/\/adventistoltenia.ro\/site\/pozitia-bisericii-adventiste-din-romania-cu-privire-la-evenimentele-din-bologna-italia\/#breadcrumb"},"inLanguage":"en-US","potentialAction":[{"@type":"ReadAction","target":["https:\/\/adventistoltenia.ro\/site\/pozitia-bisericii-adventiste-din-romania-cu-privire-la-evenimentele-din-bologna-italia\/"]}]},{"@type":"BreadcrumbList","@id":"https:\/\/adventistoltenia.ro\/site\/pozitia-bisericii-adventiste-din-romania-cu-privire-la-evenimentele-din-bologna-italia\/#breadcrumb","itemListElement":[{"@type":"ListItem","position":1,"name":"Home","item":"https:\/\/adventistoltenia.ro\/site\/"},{"@type":"ListItem","position":2,"name":"Pozi\u021bia Bisericii Adventiste din Rom\u00e2nia cu privire la evenimentele din Bologna, Italia"}]},{"@type":"WebSite","@id":"https:\/\/adventistoltenia.ro\/site\/#website","url":"https:\/\/adventistoltenia.ro\/site\/","name":"Conferinta Oltenia","description":"Biserica Adventista de Ziua a Saptea","potentialAction":[{"@type":"SearchAction","target":{"@type":"EntryPoint","urlTemplate":"https:\/\/adventistoltenia.ro\/site\/?s={search_term_string}"},"query-input":"required name=search_term_string"}],"inLanguage":"en-US"},{"@type":"Person","@id":"https:\/\/adventistoltenia.ro\/site\/#\/schema\/person\/81972d6ddcec064fcb37a129240ef9d7","name":"Conferinta Oltenia","image":{"@type":"ImageObject","inLanguage":"en-US","@id":"https:\/\/adventistoltenia.ro\/site\/#\/schema\/person\/image\/","url":"https:\/\/secure.gravatar.com\/avatar\/ebe92ec22e2e53a8eb79d6b52b724e27?s=96&d=mm&r=g","contentUrl":"https:\/\/secure.gravatar.com\/avatar\/ebe92ec22e2e53a8eb79d6b52b724e27?s=96&d=mm&r=g","caption":"Conferinta Oltenia"},"url":"https:\/\/adventistoltenia.ro\/site\/author\/adm1n\/"}]}},"_links":{"self":[{"href":"https:\/\/adventistoltenia.ro\/site\/wp-json\/wp\/v2\/posts\/3184"}],"collection":[{"href":"https:\/\/adventistoltenia.ro\/site\/wp-json\/wp\/v2\/posts"}],"about":[{"href":"https:\/\/adventistoltenia.ro\/site\/wp-json\/wp\/v2\/types\/post"}],"author":[{"embeddable":true,"href":"https:\/\/adventistoltenia.ro\/site\/wp-json\/wp\/v2\/users\/2"}],"replies":[{"embeddable":true,"href":"https:\/\/adventistoltenia.ro\/site\/wp-json\/wp\/v2\/comments?post=3184"}],"version-history":[{"count":0,"href":"https:\/\/adventistoltenia.ro\/site\/wp-json\/wp\/v2\/posts\/3184\/revisions"}],"wp:attachment":[{"href":"https:\/\/adventistoltenia.ro\/site\/wp-json\/wp\/v2\/media?parent=3184"}],"wp:term":[{"taxonomy":"category","embeddable":true,"href":"https:\/\/adventistoltenia.ro\/site\/wp-json\/wp\/v2\/categories?post=3184"},{"taxonomy":"post_tag","embeddable":true,"href":"https:\/\/adventistoltenia.ro\/site\/wp-json\/wp\/v2\/tags?post=3184"}],"curies":[{"name":"wp","href":"https:\/\/api.w.org\/{rel}","templated":true}]}}