{"id":3185,"date":"2020-02-01T01:05:37","date_gmt":"2020-02-01T01:05:37","guid":{"rendered":"http:\/\/adventistoltenia.ro\/site\/apel-la-rugaciune-din-partea-presedintelui-bisericii-adventiste-de-ziua-a-saptea-pentru-situatia-din-china\/"},"modified":"2020-02-01T01:05:37","modified_gmt":"2020-02-01T01:05:37","slug":"apel-la-rugaciune-din-partea-presedintelui-bisericii-adventiste-de-ziua-a-saptea-pentru-situatia-din-china","status":"publish","type":"post","link":"https:\/\/adventistoltenia.ro\/site\/apel-la-rugaciune-din-partea-presedintelui-bisericii-adventiste-de-ziua-a-saptea-pentru-situatia-din-china\/","title":{"rendered":"Apel la rug\u0103ciune din partea Pre\u0219edintelui Bisericii Adventiste de Ziua a \u0218aptea pentru situa\u021bia din China"},"content":{"rendered":"<div>\n<p>Coronavirusul care a ap\u0103rut anul trecut \u0219i care afecteaz\u0103 China \u0219i restul lumii a devenit subiect de rug\u0103ciune pentru Conferin\u021ba General\u0103. Ted N.C. Wilson, pre\u0219edintele Bisericii Adventiste de Ziua a \u0218aptea la nivel Mondial a f\u0103cut un apel insistent la rug\u0103ciune pentru situa\u021bia din China care ia via\u021ba a sute de oameni.<\/p>\n<p><em>\u201eFac apel la dumneavoastr\u0103 pentru a v\u0103 ruga pentru provocarea din domeniul s\u0103n\u0103t\u0103\u021bii care a ap\u0103rut \u00een Wuhan, ora\u0219ul mare al Provinciei Hubei din China, \u00een timp ce sunt f\u0103cute eforturi de a izola \u0219i eradica Coronavirusul. C\u00e2teva mii de oameni au contactat acest virus puternic \u0219i, din p\u0103cate, mul\u021bi dintre ei au murit. Guvernul Chinei face eforturi foarte mari \u00een \u00eencercarea lor de a izola problema. Bisericile din Wuhan au fost rugate s\u0103 nu mai desf\u0103\u0219oare servicii de \u00eenchinare pentru a preveni r\u0103sp\u00e2ndirea bolii. Exist\u0103 \u0219i un num\u0103r de cazuri care au fost descoperite \u00een alte p\u0103r\u021bi ale lumii.<\/em><\/p>\n<p><em>M\u0103suri de precau\u021bie sunt luate \u00een multe locuri pentru a bloca r\u0103sp\u00e2ndirea virusului. Ruga\u021bi-v\u0103 pentru Guvernul \u0219i pentru Ministerul S\u0103n\u0103t\u0103\u021bii din China care fac eforturi multe \u0219i intense pentru a pune cap\u0103t acestei situa\u021bii critice. Ruga\u021bi-v\u0103 pentru popula\u021bia Chinei care \u00eencearc\u0103 s\u0103 se protejeze de virus. Ruga\u021bi-v\u0103 at\u00e2t pentru s\u0103n\u0103tatea liderilor \u0219i a membrilor Bisericii Adventiste de Ziua a \u0218aptea din China c\u00e2t \u0219i pentru efortul Bisericii de a ajuta prin membrii s\u0103i condu\u0219i de Duhul Sf\u00e2nt. Ruga\u021bi-v\u0103 pentru ajutorul pe care ADRA China \u0219i ADRA Asia \u00eel ofer\u0103. Ruga\u021bi-v\u0103 pentru familiile care au pierdut pe cineva drag. Ruga\u021bi-v\u0103 pentru ca m\u00e2na vindec\u0103toare a lui Dumnezeu s\u0103 fie peste cei din China sau din \u00eentreaga lume afecta\u021bi de Coronavirus. Ruga\u021bi-v\u0103 pentru ca puterea salvatoare a Doctorului Suprem s\u0103 fie observat\u0103 oriunde.<\/em><\/p>\n<p><em>Ce binecuv\u00e2ntare este s\u0103 te la\u0219i complet \u00een m\u00e2na lui Hristos \u00een timp ce El ne conduce spre Casa Cereasc\u0103 acolo unde nu vom avea asemenea provoc\u0103ri \u00een domeniul s\u0103n\u0103t\u0103\u021bii. P\u00e2n\u0103 atunci \u00eens\u0103, ruga\u021bi-v\u0103 \u0219i lucra\u021bi pentru ajutorarea celor din jur a\u0219a cum a f\u0103cut Hristos \u2013 doar prin Puterea Sa mare.\u201d<\/em><\/p>\n<h3>Ted N.C. Wilson<br \/>\nPre\u0219edintele Bisericii Adventiste de Ziua a \u0218aptea la nivel Mondial<\/h3>\n<p><em>Traducere: Elisei Florea<\/em><\/p>\n<p><em>Surs\u0103 \u0218tire: https:<a href=\"https:\/\/news.adventist.org\/en\/all-news\/news\/go\/2020-01-30\/special-worldwide-prayer-for-appeal-for-wuhan-hubei-province-and-china\/\" target=\"_blank\" rel=\"noopener noreferrer\">\/\/news.adventist.org\/en\/all-news\/news\/go\/2020-01-30\/special-worldwide-prayer-for-appeal-for-wuhan-hubei-province-and-china\/<\/a><\/em><br \/>\n<em>Surs\u0103 Imagine: <a href=\"https:\/\/www.bbc.com\/news\/health-51214864\" target=\"_blank\" rel=\"noopener noreferrer\">https:\/\/www.bbc.com\/news\/health-51214864<\/a><\/em><\/p>\n<\/div>\n<p class=\"wpematico_credit\"><small>Powered by <a href=\"http:\/\/www.wpematico.com\" target=\"_blank\" rel=\"noopener noreferrer\">WPeMatico<\/a><\/small><\/p>\n ","protected":false},"excerpt":{"rendered":"<p>Coronavirusul care a ap\u0103rut anul trecut \u0219i care afecteaz\u0103 China \u0219i restul lumii a devenit subiect de rug\u0103ciune pentru Conferin\u021ba General\u0103. Ted N.C. Wilson, pre\u0219edintele Bisericii Adventiste de Ziua a \u0218aptea la nivel Mondial a f\u0103cut un apel insistent la rug\u0103ciune pentru situa\u021bia din China care ia via\u021ba a sute de oameni. \u201eFac apel la &hellip; <a href=\"https:\/\/adventistoltenia.ro\/site\/apel-la-rugaciune-din-partea-presedintelui-bisericii-adventiste-de-ziua-a-saptea-pentru-situatia-din-china\/\">Continued<\/a><\/p>\n","protected":false},"author":2,"featured_media":0,"comment_status":"open","ping_status":"closed","sticky":false,"template":"","format":"standard","meta":[],"categories":[71],"tags":[],"yoast_head":"<!-- This site is optimized with the Yoast SEO plugin v20.3 - https:\/\/yoast.com\/wordpress\/plugins\/seo\/ -->\n<title>Apel la rug\u0103ciune din partea Pre\u0219edintelui Bisericii Adventiste de Ziua a \u0218aptea pentru situa\u021bia din China - Conferinta Oltenia<\/title>\n<meta name=\"robots\" content=\"index, follow, max-snippet:-1, max-image-preview:large, max-video-preview:-1\" \/>\n<link rel=\"canonical\" href=\"https:\/\/adventistoltenia.ro\/site\/apel-la-rugaciune-din-partea-presedintelui-bisericii-adventiste-de-ziua-a-saptea-pentru-situatia-din-china\/\" \/>\n<meta property=\"og:locale\" content=\"en_US\" \/>\n<meta property=\"og:type\" content=\"article\" \/>\n<meta property=\"og:title\" content=\"Apel la rug\u0103ciune din partea Pre\u0219edintelui Bisericii Adventiste de Ziua a \u0218aptea pentru situa\u021bia din China - Conferinta Oltenia\" \/>\n<meta property=\"og:description\" content=\"Coronavirusul care a ap\u0103rut anul trecut \u0219i care afecteaz\u0103 China \u0219i restul lumii a devenit subiect de rug\u0103ciune pentru Conferin\u021ba General\u0103. Ted N.C. Wilson, pre\u0219edintele Bisericii Adventiste de Ziua a \u0218aptea la nivel Mondial a f\u0103cut un apel insistent la rug\u0103ciune pentru situa\u021bia din China care ia via\u021ba a sute de oameni. \u201eFac apel la &hellip; Continued\" \/>\n<meta property=\"og:url\" content=\"https:\/\/adventistoltenia.ro\/site\/apel-la-rugaciune-din-partea-presedintelui-bisericii-adventiste-de-ziua-a-saptea-pentru-situatia-din-china\/\" \/>\n<meta property=\"og:site_name\" content=\"Conferinta Oltenia\" \/>\n<meta property=\"article:published_time\" content=\"2020-02-01T01:05:37+00:00\" \/>\n<meta name=\"author\" content=\"Conferinta Oltenia\" \/>\n<meta name=\"twitter:card\" content=\"summary_large_image\" \/>\n<meta name=\"twitter:label1\" content=\"Written by\" \/>\n\t<meta name=\"twitter:data1\" content=\"Conferinta Oltenia\" \/>\n\t<meta name=\"twitter:label2\" content=\"Est. reading time\" \/>\n\t<meta name=\"twitter:data2\" content=\"2 minutes\" \/>\n<script type=\"application\/ld+json\" class=\"yoast-schema-graph\">{\"@context\":\"https:\/\/schema.org\",\"@graph\":[{\"@type\":\"WebPage\",\"@id\":\"https:\/\/adventistoltenia.ro\/site\/apel-la-rugaciune-din-partea-presedintelui-bisericii-adventiste-de-ziua-a-saptea-pentru-situatia-din-china\/\",\"url\":\"https:\/\/adventistoltenia.ro\/site\/apel-la-rugaciune-din-partea-presedintelui-bisericii-adventiste-de-ziua-a-saptea-pentru-situatia-din-china\/\",\"name\":\"Apel la rug\u0103ciune din partea Pre\u0219edintelui Bisericii Adventiste de Ziua a \u0218aptea pentru situa\u021bia din China - Conferinta Oltenia\",\"isPartOf\":{\"@id\":\"https:\/\/adventistoltenia.ro\/site\/#website\"},\"datePublished\":\"2020-02-01T01:05:37+00:00\",\"dateModified\":\"2020-02-01T01:05:37+00:00\",\"author\":{\"@id\":\"https:\/\/adventistoltenia.ro\/site\/#\/schema\/person\/81972d6ddcec064fcb37a129240ef9d7\"},\"breadcrumb\":{\"@id\":\"https:\/\/adventistoltenia.ro\/site\/apel-la-rugaciune-din-partea-presedintelui-bisericii-adventiste-de-ziua-a-saptea-pentru-situatia-din-china\/#breadcrumb\"},\"inLanguage\":\"en-US\",\"potentialAction\":[{\"@type\":\"ReadAction\",\"target\":[\"https:\/\/adventistoltenia.ro\/site\/apel-la-rugaciune-din-partea-presedintelui-bisericii-adventiste-de-ziua-a-saptea-pentru-situatia-din-china\/\"]}]},{\"@type\":\"BreadcrumbList\",\"@id\":\"https:\/\/adventistoltenia.ro\/site\/apel-la-rugaciune-din-partea-presedintelui-bisericii-adventiste-de-ziua-a-saptea-pentru-situatia-din-china\/#breadcrumb\",\"itemListElement\":[{\"@type\":\"ListItem\",\"position\":1,\"name\":\"Home\",\"item\":\"https:\/\/adventistoltenia.ro\/site\/\"},{\"@type\":\"ListItem\",\"position\":2,\"name\":\"Apel la rug\u0103ciune din partea Pre\u0219edintelui Bisericii Adventiste de Ziua a \u0218aptea pentru situa\u021bia din China\"}]},{\"@type\":\"WebSite\",\"@id\":\"https:\/\/adventistoltenia.ro\/site\/#website\",\"url\":\"https:\/\/adventistoltenia.ro\/site\/\",\"name\":\"Conferinta Oltenia\",\"description\":\"Biserica Adventista de Ziua a Saptea\",\"potentialAction\":[{\"@type\":\"SearchAction\",\"target\":{\"@type\":\"EntryPoint\",\"urlTemplate\":\"https:\/\/adventistoltenia.ro\/site\/?s={search_term_string}\"},\"query-input\":\"required name=search_term_string\"}],\"inLanguage\":\"en-US\"},{\"@type\":\"Person\",\"@id\":\"https:\/\/adventistoltenia.ro\/site\/#\/schema\/person\/81972d6ddcec064fcb37a129240ef9d7\",\"name\":\"Conferinta Oltenia\",\"image\":{\"@type\":\"ImageObject\",\"inLanguage\":\"en-US\",\"@id\":\"https:\/\/adventistoltenia.ro\/site\/#\/schema\/person\/image\/\",\"url\":\"https:\/\/secure.gravatar.com\/avatar\/ebe92ec22e2e53a8eb79d6b52b724e27?s=96&d=mm&r=g\",\"contentUrl\":\"https:\/\/secure.gravatar.com\/avatar\/ebe92ec22e2e53a8eb79d6b52b724e27?s=96&d=mm&r=g\",\"caption\":\"Conferinta Oltenia\"},\"url\":\"https:\/\/adventistoltenia.ro\/site\/author\/adm1n\/\"}]}<\/script>\n<!-- \/ Yoast SEO plugin. -->","yoast_head_json":{"title":"Apel la rug\u0103ciune din partea Pre\u0219edintelui Bisericii Adventiste de Ziua a \u0218aptea pentru situa\u021bia din China - Conferinta Oltenia","robots":{"index":"index","follow":"follow","max-snippet":"max-snippet:-1","max-image-preview":"max-image-preview:large","max-video-preview":"max-video-preview:-1"},"canonical":"https:\/\/adventistoltenia.ro\/site\/apel-la-rugaciune-din-partea-presedintelui-bisericii-adventiste-de-ziua-a-saptea-pentru-situatia-din-china\/","og_locale":"en_US","og_type":"article","og_title":"Apel la rug\u0103ciune din partea Pre\u0219edintelui Bisericii Adventiste de Ziua a \u0218aptea pentru situa\u021bia din China - Conferinta Oltenia","og_description":"Coronavirusul care a ap\u0103rut anul trecut \u0219i care afecteaz\u0103 China \u0219i restul lumii a devenit subiect de rug\u0103ciune pentru Conferin\u021ba General\u0103. Ted N.C. Wilson, pre\u0219edintele Bisericii Adventiste de Ziua a \u0218aptea la nivel Mondial a f\u0103cut un apel insistent la rug\u0103ciune pentru situa\u021bia din China care ia via\u021ba a sute de oameni. \u201eFac apel la &hellip; Continued","og_url":"https:\/\/adventistoltenia.ro\/site\/apel-la-rugaciune-din-partea-presedintelui-bisericii-adventiste-de-ziua-a-saptea-pentru-situatia-din-china\/","og_site_name":"Conferinta Oltenia","article_published_time":"2020-02-01T01:05:37+00:00","author":"Conferinta Oltenia","twitter_card":"summary_large_image","twitter_misc":{"Written by":"Conferinta Oltenia","Est. reading time":"2 minutes"},"schema":{"@context":"https:\/\/schema.org","@graph":[{"@type":"WebPage","@id":"https:\/\/adventistoltenia.ro\/site\/apel-la-rugaciune-din-partea-presedintelui-bisericii-adventiste-de-ziua-a-saptea-pentru-situatia-din-china\/","url":"https:\/\/adventistoltenia.ro\/site\/apel-la-rugaciune-din-partea-presedintelui-bisericii-adventiste-de-ziua-a-saptea-pentru-situatia-din-china\/","name":"Apel la rug\u0103ciune din partea Pre\u0219edintelui Bisericii Adventiste de Ziua a \u0218aptea pentru situa\u021bia din China - Conferinta Oltenia","isPartOf":{"@id":"https:\/\/adventistoltenia.ro\/site\/#website"},"datePublished":"2020-02-01T01:05:37+00:00","dateModified":"2020-02-01T01:05:37+00:00","author":{"@id":"https:\/\/adventistoltenia.ro\/site\/#\/schema\/person\/81972d6ddcec064fcb37a129240ef9d7"},"breadcrumb":{"@id":"https:\/\/adventistoltenia.ro\/site\/apel-la-rugaciune-din-partea-presedintelui-bisericii-adventiste-de-ziua-a-saptea-pentru-situatia-din-china\/#breadcrumb"},"inLanguage":"en-US","potentialAction":[{"@type":"ReadAction","target":["https:\/\/adventistoltenia.ro\/site\/apel-la-rugaciune-din-partea-presedintelui-bisericii-adventiste-de-ziua-a-saptea-pentru-situatia-din-china\/"]}]},{"@type":"BreadcrumbList","@id":"https:\/\/adventistoltenia.ro\/site\/apel-la-rugaciune-din-partea-presedintelui-bisericii-adventiste-de-ziua-a-saptea-pentru-situatia-din-china\/#breadcrumb","itemListElement":[{"@type":"ListItem","position":1,"name":"Home","item":"https:\/\/adventistoltenia.ro\/site\/"},{"@type":"ListItem","position":2,"name":"Apel la rug\u0103ciune din partea Pre\u0219edintelui Bisericii Adventiste de Ziua a \u0218aptea pentru situa\u021bia din China"}]},{"@type":"WebSite","@id":"https:\/\/adventistoltenia.ro\/site\/#website","url":"https:\/\/adventistoltenia.ro\/site\/","name":"Conferinta Oltenia","description":"Biserica Adventista de Ziua a Saptea","potentialAction":[{"@type":"SearchAction","target":{"@type":"EntryPoint","urlTemplate":"https:\/\/adventistoltenia.ro\/site\/?s={search_term_string}"},"query-input":"required name=search_term_string"}],"inLanguage":"en-US"},{"@type":"Person","@id":"https:\/\/adventistoltenia.ro\/site\/#\/schema\/person\/81972d6ddcec064fcb37a129240ef9d7","name":"Conferinta Oltenia","image":{"@type":"ImageObject","inLanguage":"en-US","@id":"https:\/\/adventistoltenia.ro\/site\/#\/schema\/person\/image\/","url":"https:\/\/secure.gravatar.com\/avatar\/ebe92ec22e2e53a8eb79d6b52b724e27?s=96&d=mm&r=g","contentUrl":"https:\/\/secure.gravatar.com\/avatar\/ebe92ec22e2e53a8eb79d6b52b724e27?s=96&d=mm&r=g","caption":"Conferinta Oltenia"},"url":"https:\/\/adventistoltenia.ro\/site\/author\/adm1n\/"}]}},"_links":{"self":[{"href":"https:\/\/adventistoltenia.ro\/site\/wp-json\/wp\/v2\/posts\/3185"}],"collection":[{"href":"https:\/\/adventistoltenia.ro\/site\/wp-json\/wp\/v2\/posts"}],"about":[{"href":"https:\/\/adventistoltenia.ro\/site\/wp-json\/wp\/v2\/types\/post"}],"author":[{"embeddable":true,"href":"https:\/\/adventistoltenia.ro\/site\/wp-json\/wp\/v2\/users\/2"}],"replies":[{"embeddable":true,"href":"https:\/\/adventistoltenia.ro\/site\/wp-json\/wp\/v2\/comments?post=3185"}],"version-history":[{"count":0,"href":"https:\/\/adventistoltenia.ro\/site\/wp-json\/wp\/v2\/posts\/3185\/revisions"}],"wp:attachment":[{"href":"https:\/\/adventistoltenia.ro\/site\/wp-json\/wp\/v2\/media?parent=3185"}],"wp:term":[{"taxonomy":"category","embeddable":true,"href":"https:\/\/adventistoltenia.ro\/site\/wp-json\/wp\/v2\/categories?post=3185"},{"taxonomy":"post_tag","embeddable":true,"href":"https:\/\/adventistoltenia.ro\/site\/wp-json\/wp\/v2\/tags?post=3185"}],"curies":[{"name":"wp","href":"https:\/\/api.w.org\/{rel}","templated":true}]}}