{"id":3187,"date":"2020-02-08T01:08:58","date_gmt":"2020-02-08T01:08:58","guid":{"rendered":"http:\/\/adventistoltenia.ro\/site\/ziua-internationala-de-comemorare-a-victimelor-actelor-de-violenta-bazate-pe-religie-sau-credinta\/"},"modified":"2020-02-08T01:08:58","modified_gmt":"2020-02-08T01:08:58","slug":"ziua-internationala-de-comemorare-a-victimelor-actelor-de-violenta-bazate-pe-religie-sau-credinta","status":"publish","type":"post","link":"https:\/\/adventistoltenia.ro\/site\/ziua-internationala-de-comemorare-a-victimelor-actelor-de-violenta-bazate-pe-religie-sau-credinta\/","title":{"rendered":"Ziua interna\u021bional\u0103 de comemorare a victimelor actelor de violen\u0163\u0103 bazate pe religie sau credin\u021b\u0103"},"content":{"rendered":"<div>\n<p>Dup\u0103 o cre\u0219tere f\u0103r\u0103 precedent a violen\u021bei \u00eempotriva comunit\u0103\u021bilor religioase \u0219i a persoanelor apar\u021bin\u00e2nd minorit\u0103\u021bilor religioase, Adunarea general\u0103 a ONU a adoptat o rezolu\u021bie care proclam\u0103 22 august ca fiind Ziua interna\u021bional\u0103 de comemorare a victimelor actelor de violen\u0163\u0103 av\u00e2nd la baz\u0103 motiva\u0163ii religioase.<\/p>\n<p>\u00cen urma acestei decizii, se a\u0219teapt\u0103 ca toate statele membre, precum \u0219i societatea civil\u0103 si sectorul privat, s\u0103 respecte \u00een mod activ aceast\u0103 zi interna\u021bional\u0103 \u0219i s\u0103 joace un rol important \u00een promovarea libert\u0103\u021bii religioase.<\/p>\n<p>Aceast\u0103 decizie reprezint\u0103 o chemare si o oportunitate de implicare mai serioas\u0103 in combaterea intoleran\u021bei, discrimin\u0103rii \u0219i violen\u021bei \u00eempotriva persoanelor pe baza religiei sau credin\u021bei \u0219i s\u0103 promoveze ini\u021biativele interconfesionale.<\/p>\n<p>Trebuie s\u0103 colabor\u0103m cu toate entit\u0103\u021bile capabile pentru a consolida punerea \u00een aplicare a drepturilor interna\u021bionale ale omului care protejeaz\u0103 persoanele \u00eempotriva discrimin\u0103rii \u0219i actelor de violen\u021b\u0103 bazate pe religie. Este important s\u0103 cre\u0219tem, de asemenea, inter-religios, interconfesional precum \u0219i \u00een ini\u021biativele interculturale \u0219i s\u0103 extindem educa\u021bia \u00een domeniul drepturilor omului \u00eentr-o manier\u0103 asemenea unui catalizator cheie pentru schimbare.<\/p>\n<p>Actele de teroare sunt menite s\u0103 intimideze membrii comunit\u0103\u021bilor religioase \u0219i, prin urmare, s\u0103 impiedice practicarea religiei lor.<br \/>\nAceast\u0103 zi interna\u021bional\u0103 este o ocazie de a educa publicul larg cu privire la problemele libertatii religioase \u0219i de a mobiliza grupuri religioase, mass-media \u0219i politicieni s\u0103 abordeze aceast\u0103 problem\u0103 care este \u00een cre\u0219tere. Existen\u021ba acestei zile interna\u021bionale este o alt\u0103 oportunitate pentru noi \u0219i ar putea deveni un instrument puternic de sus\u021binere.<\/p>\n<p>Pagina observatorului interna\u021bional este una din cele mai vizitate pagini de pe site-ul ONU (www.un.org), fiecare zi interna\u021bional\u0103 av\u00e2nd un site web dedicat, disponibil \u00een cele \u0219ase limbi oficiale ale ONU.<\/p>\n<p>Guvernul, societatea civil\u0103, sectoarele publice \u0219i private, \u0219colile \u0219i universit\u0103\u021bile sunt mai receptive la acest subiect \u0219i trebuie s\u0103 folosim acest context pentru a organiza activit\u0103\u021bi legate de acest subiect.<\/p>\n<p><em>Acesta este un articol scris de Dr. Nelu Burcea, Director Asociat al Departamentului de Rela\u021bii Oficiale \u0219i Libertate Religioas\u0103 \u00een cadrul Conferin\u021bei Generale si reprezentantul International Religious Liberty Association la ONU.<\/em><\/p>\n<\/div>\n<p class=\"wpematico_credit\"><small>Powered by <a href=\"http:\/\/www.wpematico.com\" target=\"_blank\" rel=\"noopener noreferrer\">WPeMatico<\/a><\/small><\/p>\n ","protected":false},"excerpt":{"rendered":"<p>Dup\u0103 o cre\u0219tere f\u0103r\u0103 precedent a violen\u021bei \u00eempotriva comunit\u0103\u021bilor religioase \u0219i a persoanelor apar\u021bin\u00e2nd minorit\u0103\u021bilor religioase, Adunarea general\u0103 a ONU a adoptat o rezolu\u021bie care proclam\u0103 22 august ca fiind Ziua interna\u021bional\u0103 de comemorare a victimelor actelor de violen\u0163\u0103 av\u00e2nd la baz\u0103 motiva\u0163ii religioase. \u00cen urma acestei decizii, se a\u0219teapt\u0103 ca toate statele membre, precum &hellip; <a href=\"https:\/\/adventistoltenia.ro\/site\/ziua-internationala-de-comemorare-a-victimelor-actelor-de-violenta-bazate-pe-religie-sau-credinta\/\">Continued<\/a><\/p>\n","protected":false},"author":2,"featured_media":0,"comment_status":"open","ping_status":"closed","sticky":false,"template":"","format":"standard","meta":[],"categories":[71],"tags":[],"yoast_head":"<!-- This site is optimized with the Yoast SEO plugin v20.3 - https:\/\/yoast.com\/wordpress\/plugins\/seo\/ -->\n<title>Ziua interna\u021bional\u0103 de comemorare a victimelor actelor de violen\u0163\u0103 bazate pe religie sau credin\u021b\u0103 - Conferinta Oltenia<\/title>\n<meta name=\"robots\" content=\"index, follow, max-snippet:-1, max-image-preview:large, max-video-preview:-1\" \/>\n<link rel=\"canonical\" href=\"https:\/\/adventistoltenia.ro\/site\/ziua-internationala-de-comemorare-a-victimelor-actelor-de-violenta-bazate-pe-religie-sau-credinta\/\" \/>\n<meta property=\"og:locale\" content=\"en_US\" \/>\n<meta property=\"og:type\" content=\"article\" \/>\n<meta property=\"og:title\" content=\"Ziua interna\u021bional\u0103 de comemorare a victimelor actelor de violen\u0163\u0103 bazate pe religie sau credin\u021b\u0103 - Conferinta Oltenia\" \/>\n<meta property=\"og:description\" content=\"Dup\u0103 o cre\u0219tere f\u0103r\u0103 precedent a violen\u021bei \u00eempotriva comunit\u0103\u021bilor religioase \u0219i a persoanelor apar\u021bin\u00e2nd minorit\u0103\u021bilor religioase, Adunarea general\u0103 a ONU a adoptat o rezolu\u021bie care proclam\u0103 22 august ca fiind Ziua interna\u021bional\u0103 de comemorare a victimelor actelor de violen\u0163\u0103 av\u00e2nd la baz\u0103 motiva\u0163ii religioase. \u00cen urma acestei decizii, se a\u0219teapt\u0103 ca toate statele membre, precum &hellip; Continued\" \/>\n<meta property=\"og:url\" content=\"https:\/\/adventistoltenia.ro\/site\/ziua-internationala-de-comemorare-a-victimelor-actelor-de-violenta-bazate-pe-religie-sau-credinta\/\" \/>\n<meta property=\"og:site_name\" content=\"Conferinta Oltenia\" \/>\n<meta property=\"article:published_time\" content=\"2020-02-08T01:08:58+00:00\" \/>\n<meta name=\"author\" content=\"Conferinta Oltenia\" \/>\n<meta name=\"twitter:card\" content=\"summary_large_image\" \/>\n<meta name=\"twitter:label1\" content=\"Written by\" \/>\n\t<meta name=\"twitter:data1\" content=\"Conferinta Oltenia\" \/>\n\t<meta name=\"twitter:label2\" content=\"Est. reading time\" \/>\n\t<meta name=\"twitter:data2\" content=\"2 minutes\" \/>\n<script type=\"application\/ld+json\" class=\"yoast-schema-graph\">{\"@context\":\"https:\/\/schema.org\",\"@graph\":[{\"@type\":\"WebPage\",\"@id\":\"https:\/\/adventistoltenia.ro\/site\/ziua-internationala-de-comemorare-a-victimelor-actelor-de-violenta-bazate-pe-religie-sau-credinta\/\",\"url\":\"https:\/\/adventistoltenia.ro\/site\/ziua-internationala-de-comemorare-a-victimelor-actelor-de-violenta-bazate-pe-religie-sau-credinta\/\",\"name\":\"Ziua interna\u021bional\u0103 de comemorare a victimelor actelor de violen\u0163\u0103 bazate pe religie sau credin\u021b\u0103 - Conferinta Oltenia\",\"isPartOf\":{\"@id\":\"https:\/\/adventistoltenia.ro\/site\/#website\"},\"datePublished\":\"2020-02-08T01:08:58+00:00\",\"dateModified\":\"2020-02-08T01:08:58+00:00\",\"author\":{\"@id\":\"https:\/\/adventistoltenia.ro\/site\/#\/schema\/person\/81972d6ddcec064fcb37a129240ef9d7\"},\"breadcrumb\":{\"@id\":\"https:\/\/adventistoltenia.ro\/site\/ziua-internationala-de-comemorare-a-victimelor-actelor-de-violenta-bazate-pe-religie-sau-credinta\/#breadcrumb\"},\"inLanguage\":\"en-US\",\"potentialAction\":[{\"@type\":\"ReadAction\",\"target\":[\"https:\/\/adventistoltenia.ro\/site\/ziua-internationala-de-comemorare-a-victimelor-actelor-de-violenta-bazate-pe-religie-sau-credinta\/\"]}]},{\"@type\":\"BreadcrumbList\",\"@id\":\"https:\/\/adventistoltenia.ro\/site\/ziua-internationala-de-comemorare-a-victimelor-actelor-de-violenta-bazate-pe-religie-sau-credinta\/#breadcrumb\",\"itemListElement\":[{\"@type\":\"ListItem\",\"position\":1,\"name\":\"Home\",\"item\":\"https:\/\/adventistoltenia.ro\/site\/\"},{\"@type\":\"ListItem\",\"position\":2,\"name\":\"Ziua interna\u021bional\u0103 de comemorare a victimelor actelor de violen\u0163\u0103 bazate pe religie sau credin\u021b\u0103\"}]},{\"@type\":\"WebSite\",\"@id\":\"https:\/\/adventistoltenia.ro\/site\/#website\",\"url\":\"https:\/\/adventistoltenia.ro\/site\/\",\"name\":\"Conferinta Oltenia\",\"description\":\"Biserica Adventista de Ziua a Saptea\",\"potentialAction\":[{\"@type\":\"SearchAction\",\"target\":{\"@type\":\"EntryPoint\",\"urlTemplate\":\"https:\/\/adventistoltenia.ro\/site\/?s={search_term_string}\"},\"query-input\":\"required name=search_term_string\"}],\"inLanguage\":\"en-US\"},{\"@type\":\"Person\",\"@id\":\"https:\/\/adventistoltenia.ro\/site\/#\/schema\/person\/81972d6ddcec064fcb37a129240ef9d7\",\"name\":\"Conferinta Oltenia\",\"image\":{\"@type\":\"ImageObject\",\"inLanguage\":\"en-US\",\"@id\":\"https:\/\/adventistoltenia.ro\/site\/#\/schema\/person\/image\/\",\"url\":\"https:\/\/secure.gravatar.com\/avatar\/ebe92ec22e2e53a8eb79d6b52b724e27?s=96&d=mm&r=g\",\"contentUrl\":\"https:\/\/secure.gravatar.com\/avatar\/ebe92ec22e2e53a8eb79d6b52b724e27?s=96&d=mm&r=g\",\"caption\":\"Conferinta Oltenia\"},\"url\":\"https:\/\/adventistoltenia.ro\/site\/author\/adm1n\/\"}]}<\/script>\n<!-- \/ Yoast SEO plugin. -->","yoast_head_json":{"title":"Ziua interna\u021bional\u0103 de comemorare a victimelor actelor de violen\u0163\u0103 bazate pe religie sau credin\u021b\u0103 - Conferinta Oltenia","robots":{"index":"index","follow":"follow","max-snippet":"max-snippet:-1","max-image-preview":"max-image-preview:large","max-video-preview":"max-video-preview:-1"},"canonical":"https:\/\/adventistoltenia.ro\/site\/ziua-internationala-de-comemorare-a-victimelor-actelor-de-violenta-bazate-pe-religie-sau-credinta\/","og_locale":"en_US","og_type":"article","og_title":"Ziua interna\u021bional\u0103 de comemorare a victimelor actelor de violen\u0163\u0103 bazate pe religie sau credin\u021b\u0103 - Conferinta Oltenia","og_description":"Dup\u0103 o cre\u0219tere f\u0103r\u0103 precedent a violen\u021bei \u00eempotriva comunit\u0103\u021bilor religioase \u0219i a persoanelor apar\u021bin\u00e2nd minorit\u0103\u021bilor religioase, Adunarea general\u0103 a ONU a adoptat o rezolu\u021bie care proclam\u0103 22 august ca fiind Ziua interna\u021bional\u0103 de comemorare a victimelor actelor de violen\u0163\u0103 av\u00e2nd la baz\u0103 motiva\u0163ii religioase. \u00cen urma acestei decizii, se a\u0219teapt\u0103 ca toate statele membre, precum &hellip; Continued","og_url":"https:\/\/adventistoltenia.ro\/site\/ziua-internationala-de-comemorare-a-victimelor-actelor-de-violenta-bazate-pe-religie-sau-credinta\/","og_site_name":"Conferinta Oltenia","article_published_time":"2020-02-08T01:08:58+00:00","author":"Conferinta Oltenia","twitter_card":"summary_large_image","twitter_misc":{"Written by":"Conferinta Oltenia","Est. reading time":"2 minutes"},"schema":{"@context":"https:\/\/schema.org","@graph":[{"@type":"WebPage","@id":"https:\/\/adventistoltenia.ro\/site\/ziua-internationala-de-comemorare-a-victimelor-actelor-de-violenta-bazate-pe-religie-sau-credinta\/","url":"https:\/\/adventistoltenia.ro\/site\/ziua-internationala-de-comemorare-a-victimelor-actelor-de-violenta-bazate-pe-religie-sau-credinta\/","name":"Ziua interna\u021bional\u0103 de comemorare a victimelor actelor de violen\u0163\u0103 bazate pe religie sau credin\u021b\u0103 - Conferinta Oltenia","isPartOf":{"@id":"https:\/\/adventistoltenia.ro\/site\/#website"},"datePublished":"2020-02-08T01:08:58+00:00","dateModified":"2020-02-08T01:08:58+00:00","author":{"@id":"https:\/\/adventistoltenia.ro\/site\/#\/schema\/person\/81972d6ddcec064fcb37a129240ef9d7"},"breadcrumb":{"@id":"https:\/\/adventistoltenia.ro\/site\/ziua-internationala-de-comemorare-a-victimelor-actelor-de-violenta-bazate-pe-religie-sau-credinta\/#breadcrumb"},"inLanguage":"en-US","potentialAction":[{"@type":"ReadAction","target":["https:\/\/adventistoltenia.ro\/site\/ziua-internationala-de-comemorare-a-victimelor-actelor-de-violenta-bazate-pe-religie-sau-credinta\/"]}]},{"@type":"BreadcrumbList","@id":"https:\/\/adventistoltenia.ro\/site\/ziua-internationala-de-comemorare-a-victimelor-actelor-de-violenta-bazate-pe-religie-sau-credinta\/#breadcrumb","itemListElement":[{"@type":"ListItem","position":1,"name":"Home","item":"https:\/\/adventistoltenia.ro\/site\/"},{"@type":"ListItem","position":2,"name":"Ziua interna\u021bional\u0103 de comemorare a victimelor actelor de violen\u0163\u0103 bazate pe religie sau credin\u021b\u0103"}]},{"@type":"WebSite","@id":"https:\/\/adventistoltenia.ro\/site\/#website","url":"https:\/\/adventistoltenia.ro\/site\/","name":"Conferinta Oltenia","description":"Biserica Adventista de Ziua a Saptea","potentialAction":[{"@type":"SearchAction","target":{"@type":"EntryPoint","urlTemplate":"https:\/\/adventistoltenia.ro\/site\/?s={search_term_string}"},"query-input":"required name=search_term_string"}],"inLanguage":"en-US"},{"@type":"Person","@id":"https:\/\/adventistoltenia.ro\/site\/#\/schema\/person\/81972d6ddcec064fcb37a129240ef9d7","name":"Conferinta Oltenia","image":{"@type":"ImageObject","inLanguage":"en-US","@id":"https:\/\/adventistoltenia.ro\/site\/#\/schema\/person\/image\/","url":"https:\/\/secure.gravatar.com\/avatar\/ebe92ec22e2e53a8eb79d6b52b724e27?s=96&d=mm&r=g","contentUrl":"https:\/\/secure.gravatar.com\/avatar\/ebe92ec22e2e53a8eb79d6b52b724e27?s=96&d=mm&r=g","caption":"Conferinta Oltenia"},"url":"https:\/\/adventistoltenia.ro\/site\/author\/adm1n\/"}]}},"_links":{"self":[{"href":"https:\/\/adventistoltenia.ro\/site\/wp-json\/wp\/v2\/posts\/3187"}],"collection":[{"href":"https:\/\/adventistoltenia.ro\/site\/wp-json\/wp\/v2\/posts"}],"about":[{"href":"https:\/\/adventistoltenia.ro\/site\/wp-json\/wp\/v2\/types\/post"}],"author":[{"embeddable":true,"href":"https:\/\/adventistoltenia.ro\/site\/wp-json\/wp\/v2\/users\/2"}],"replies":[{"embeddable":true,"href":"https:\/\/adventistoltenia.ro\/site\/wp-json\/wp\/v2\/comments?post=3187"}],"version-history":[{"count":0,"href":"https:\/\/adventistoltenia.ro\/site\/wp-json\/wp\/v2\/posts\/3187\/revisions"}],"wp:attachment":[{"href":"https:\/\/adventistoltenia.ro\/site\/wp-json\/wp\/v2\/media?parent=3187"}],"wp:term":[{"taxonomy":"category","embeddable":true,"href":"https:\/\/adventistoltenia.ro\/site\/wp-json\/wp\/v2\/categories?post=3187"},{"taxonomy":"post_tag","embeddable":true,"href":"https:\/\/adventistoltenia.ro\/site\/wp-json\/wp\/v2\/tags?post=3187"}],"curies":[{"name":"wp","href":"https:\/\/api.w.org\/{rel}","templated":true}]}}