{"id":3188,"date":"2020-02-08T01:08:58","date_gmt":"2020-02-08T01:08:58","guid":{"rendered":"http:\/\/adventistoltenia.ro\/site\/ted-n-c-wilson-se-roaga-impreuna-cu-presedintele-ghanei\/"},"modified":"2020-02-08T01:08:58","modified_gmt":"2020-02-08T01:08:58","slug":"ted-n-c-wilson-se-roaga-impreuna-cu-presedintele-ghanei","status":"publish","type":"post","link":"https:\/\/adventistoltenia.ro\/site\/ted-n-c-wilson-se-roaga-impreuna-cu-presedintele-ghanei\/","title":{"rendered":"Ted N.C. Wilson se roag\u0103 \u00eempreun\u0103 cu pre\u0219edintele Ghanei"},"content":{"rendered":"<div>\n<p>Ted N.C. Wilson, pre\u0219edintele Bisericii Adventiste de Ziua a \u0218aptea la nivel mondial a primit aprobarea pre\u0219edintelui \u021b\u0103rii africane, Ghana, pentru a citi un pasaj din Sf\u00e2nta Scriptur\u0103 \u0219i pentru a se ruga pentru acesta. Pasajul ales de pastorul Ted N.C. Wilson se g\u0103se\u0219te \u00een Vechiul Testament, iar ini\u021biativa a reprezentat un moment pentru care Dumnezeu a fost l\u0103udat de adventi\u0219tii de ziua a \u0219aptea din Ghana.<\/p>\n<p>Afl\u00e2ndu-se \u00een vizit\u0103 de lucru \u00een Ghana fiind invitat s\u0103 participe la un eveniment important pentru Biserica Adventist\u0103 de Ziua a \u0218aptea din aceast\u0103 \u021bar\u0103, pre\u0219edintele Bisericii Adventiste de Ziua a \u0218aptea la nivel mondial, pastorul Ted N. C. Wilson, a vizitat printre altele \u0219i Jubilee House, cl\u0103direa Guvernului Ghanei. Acolo a purtat o discu\u021bie cu Nana Addo Dankwa Akufo-Addo, pre\u0219edintele Ghanei, \u0219i cu oficiali ai Guvernului. \u00cent\u00e2lnirea a durat 20 de minute \u0219i a avut ca subiect principal libertatea religioas\u0103.<\/p>\n<p>\u201eSuntem o \u021bar\u0103 \u00een care cu toate c\u0103 avem o majoritate cople\u0219itoare de Cre\u0219tini, avem mul\u021bi Musulmani \u0219i al\u021bi oameni care se \u00eenchin\u0103 dumnezeilor antici\u201d, sus\u021binea Akufo-Addo care se afla la unul din capetele mesei av\u00e2nd \u00eentr-o parte liderii Bisericii Adventiste de Ziua a \u0218aptea \u0219i \u00een cealalt\u0103 parte oficialii din Guvern.<\/p>\n<p>\u00cen cadrul discu\u021biei, pastorul Ted Wilson a amintit de eforturile pe care Biserica Adventist\u0103 de Ziua a \u0218aptea le-a f\u0103cut pentru a \u00eembun\u0103t\u0103\u021bi vie\u021bile oamenilor din Ghana \u0219i din \u00eentreaga lume, at\u00e2t pe plan fizic, c\u00e2t \u0219i social \u0219i spiritual. Ca reac\u021bie la aceast\u0103 prezentare, pre\u0219edintele ghanez a afirmat: <em>\u201eEi [adventi\u0219tii] unesc popula\u021bia, \u0219i noi tr\u0103im astfel \u00een armonie, fiind toleran\u021bi unii cu al\u021bii. Este una dintre particularit\u0103\u021bile pe care vrem s\u0103 le p\u0103str\u0103m.\u201d<\/em><\/p>\n<p>\u00cen finalul discu\u021biei, dup\u0103 ce a mul\u021bumit pre\u0219edintelui Nana Addo Dankwa Akufo-Addo pentru ap\u0103rarea libert\u0103\u021bii religioase, pastorul Ted N.C. Wilson a cerut aprobarea de a citi un pasaj biblic \u0219i a se ruga \u00eempreun\u0103. Cererea fiind aprobat\u0103, Sf\u00e2nta Scriptur\u0103 a fost deschis\u0103 iar pre\u0219edintele Bisericii Adventiste de Ziua a \u0218aptea a citit din Mica 6:8: \u201e\u0162i s-a ar\u0103tat, omule, ce este bine, \u015fi ce alta cere Domnul de la tine dec\u00e2t s\u0103 faci dreptate, s\u0103 iube\u015fti mila \u015fi s\u0103 umbli smerit cu Dumnezeul t\u0103u?\u201d. A urmat apoi un comentariu scurt \u00eencheiat de cuvintele \u201eDumnezeu s\u0103 binecuv\u00e2nteze pe cei care urmeaz\u0103 sfatul acesta!\u201d.<\/p>\n<p>Rug\u0103ciunea de \u00eencheiere a \u00eensemnat un moment \u00een care to\u021bi cei prezen\u021bi \u0219i-au plecat capul \u00een semn de \u00eenchinare. \u00cen rug\u0103ciune, pastorul Ted Wilson a amintit familia pre\u0219edintelui Nana Addo Dankwa Akufo-Addo, Guvernul Ghanei \u0219i popula\u021bia cre\u0219tin\u0103 sau necre\u0219tin\u0103 din acea \u021bar\u0103.<\/p>\n<p>L\u0103udat s\u0103 fie Dumnezeu pentru m\u0103rturia care a fost adus\u0103 \u00eenaintea pre\u0219edintelui \u0219i a Guvernului Ghanei!<\/p>\n<p><em>Autor: Elisei Florea<\/em><\/p>\n<p><em>Surs\u0103 \u0218tire &#038; Imagine: <a href=\"https:\/\/www.adventistreview.org\/church-news\/story14484-adventist-church-president-prays-with-ghanas-president.\" target=\"_blank\" rel=\"noopener noreferrer\">https:\/\/www.adventistreview.org\/church-news\/story14484-adventist-church-president-prays-with-ghanas-president.<\/a><\/em><\/p>\n<div id=\"gtx-anchor\" style=\"position: absolute; visibility: hidden; left: 179px; top: 612px; width: 859.688px; height: 19px;\"><\/div>\n<div class=\"jfk-bubble gtx-bubble\" style=\"visibility: visible; left: -62px; top: 379px; opacity: 1;\" role=\"alertdialog\" aria-describedby=\"bubble-2\">\n<div id=\"bubble-2\" class=\"jfk-bubble-content-id\">\n<div id=\"gtx-host\" style=\"min-width: 200px; max-width: 400px;\"><\/div>\n<\/div>\n<div class=\"jfk-bubble-closebtn-id jfk-bubble-closebtn\" tabindex=\"0\" role=\"button\" aria-label=\"Close\"><\/div>\n<div class=\"jfk-bubble-arrow-id jfk-bubble-arrow jfk-bubble-arrowdown\" style=\"left: 599px;\">\n<div class=\"jfk-bubble-arrowimplbefore\"><\/div>\n<div class=\"jfk-bubble-arrowimplafter\"><\/div>\n<\/div>\n<\/div>\n<\/div>\n<p class=\"wpematico_credit\"><small>Powered by <a href=\"http:\/\/www.wpematico.com\" target=\"_blank\" rel=\"noopener noreferrer\">WPeMatico<\/a><\/small><\/p>\n ","protected":false},"excerpt":{"rendered":"<p>Ted N.C. Wilson, pre\u0219edintele Bisericii Adventiste de Ziua a \u0218aptea la nivel mondial a primit aprobarea pre\u0219edintelui \u021b\u0103rii africane, Ghana, pentru a citi un pasaj din Sf\u00e2nta Scriptur\u0103 \u0219i pentru a se ruga pentru acesta. Pasajul ales de pastorul Ted N.C. Wilson se g\u0103se\u0219te \u00een Vechiul Testament, iar ini\u021biativa a reprezentat un moment pentru care &hellip; <a href=\"https:\/\/adventistoltenia.ro\/site\/ted-n-c-wilson-se-roaga-impreuna-cu-presedintele-ghanei\/\">Continued<\/a><\/p>\n","protected":false},"author":2,"featured_media":0,"comment_status":"open","ping_status":"closed","sticky":false,"template":"","format":"standard","meta":[],"categories":[71],"tags":[],"yoast_head":"<!-- This site is optimized with the Yoast SEO plugin v20.3 - https:\/\/yoast.com\/wordpress\/plugins\/seo\/ -->\n<title>Ted N.C. Wilson se roag\u0103 \u00eempreun\u0103 cu pre\u0219edintele Ghanei - Conferinta Oltenia<\/title>\n<meta name=\"robots\" content=\"index, follow, max-snippet:-1, max-image-preview:large, max-video-preview:-1\" \/>\n<link rel=\"canonical\" href=\"https:\/\/adventistoltenia.ro\/site\/ted-n-c-wilson-se-roaga-impreuna-cu-presedintele-ghanei\/\" \/>\n<meta property=\"og:locale\" content=\"en_US\" \/>\n<meta property=\"og:type\" content=\"article\" \/>\n<meta property=\"og:title\" content=\"Ted N.C. Wilson se roag\u0103 \u00eempreun\u0103 cu pre\u0219edintele Ghanei - Conferinta Oltenia\" \/>\n<meta property=\"og:description\" content=\"Ted N.C. Wilson, pre\u0219edintele Bisericii Adventiste de Ziua a \u0218aptea la nivel mondial a primit aprobarea pre\u0219edintelui \u021b\u0103rii africane, Ghana, pentru a citi un pasaj din Sf\u00e2nta Scriptur\u0103 \u0219i pentru a se ruga pentru acesta. Pasajul ales de pastorul Ted N.C. Wilson se g\u0103se\u0219te \u00een Vechiul Testament, iar ini\u021biativa a reprezentat un moment pentru care &hellip; Continued\" \/>\n<meta property=\"og:url\" content=\"https:\/\/adventistoltenia.ro\/site\/ted-n-c-wilson-se-roaga-impreuna-cu-presedintele-ghanei\/\" \/>\n<meta property=\"og:site_name\" content=\"Conferinta Oltenia\" \/>\n<meta property=\"article:published_time\" content=\"2020-02-08T01:08:58+00:00\" \/>\n<meta name=\"author\" content=\"Conferinta Oltenia\" \/>\n<meta name=\"twitter:card\" content=\"summary_large_image\" \/>\n<meta name=\"twitter:label1\" content=\"Written by\" \/>\n\t<meta name=\"twitter:data1\" content=\"Conferinta Oltenia\" \/>\n\t<meta name=\"twitter:label2\" content=\"Est. reading time\" \/>\n\t<meta name=\"twitter:data2\" content=\"3 minutes\" \/>\n<script type=\"application\/ld+json\" class=\"yoast-schema-graph\">{\"@context\":\"https:\/\/schema.org\",\"@graph\":[{\"@type\":\"WebPage\",\"@id\":\"https:\/\/adventistoltenia.ro\/site\/ted-n-c-wilson-se-roaga-impreuna-cu-presedintele-ghanei\/\",\"url\":\"https:\/\/adventistoltenia.ro\/site\/ted-n-c-wilson-se-roaga-impreuna-cu-presedintele-ghanei\/\",\"name\":\"Ted N.C. Wilson se roag\u0103 \u00eempreun\u0103 cu pre\u0219edintele Ghanei - Conferinta Oltenia\",\"isPartOf\":{\"@id\":\"https:\/\/adventistoltenia.ro\/site\/#website\"},\"datePublished\":\"2020-02-08T01:08:58+00:00\",\"dateModified\":\"2020-02-08T01:08:58+00:00\",\"author\":{\"@id\":\"https:\/\/adventistoltenia.ro\/site\/#\/schema\/person\/81972d6ddcec064fcb37a129240ef9d7\"},\"breadcrumb\":{\"@id\":\"https:\/\/adventistoltenia.ro\/site\/ted-n-c-wilson-se-roaga-impreuna-cu-presedintele-ghanei\/#breadcrumb\"},\"inLanguage\":\"en-US\",\"potentialAction\":[{\"@type\":\"ReadAction\",\"target\":[\"https:\/\/adventistoltenia.ro\/site\/ted-n-c-wilson-se-roaga-impreuna-cu-presedintele-ghanei\/\"]}]},{\"@type\":\"BreadcrumbList\",\"@id\":\"https:\/\/adventistoltenia.ro\/site\/ted-n-c-wilson-se-roaga-impreuna-cu-presedintele-ghanei\/#breadcrumb\",\"itemListElement\":[{\"@type\":\"ListItem\",\"position\":1,\"name\":\"Home\",\"item\":\"https:\/\/adventistoltenia.ro\/site\/\"},{\"@type\":\"ListItem\",\"position\":2,\"name\":\"Ted N.C. Wilson se roag\u0103 \u00eempreun\u0103 cu pre\u0219edintele Ghanei\"}]},{\"@type\":\"WebSite\",\"@id\":\"https:\/\/adventistoltenia.ro\/site\/#website\",\"url\":\"https:\/\/adventistoltenia.ro\/site\/\",\"name\":\"Conferinta Oltenia\",\"description\":\"Biserica Adventista de Ziua a Saptea\",\"potentialAction\":[{\"@type\":\"SearchAction\",\"target\":{\"@type\":\"EntryPoint\",\"urlTemplate\":\"https:\/\/adventistoltenia.ro\/site\/?s={search_term_string}\"},\"query-input\":\"required name=search_term_string\"}],\"inLanguage\":\"en-US\"},{\"@type\":\"Person\",\"@id\":\"https:\/\/adventistoltenia.ro\/site\/#\/schema\/person\/81972d6ddcec064fcb37a129240ef9d7\",\"name\":\"Conferinta Oltenia\",\"image\":{\"@type\":\"ImageObject\",\"inLanguage\":\"en-US\",\"@id\":\"https:\/\/adventistoltenia.ro\/site\/#\/schema\/person\/image\/\",\"url\":\"https:\/\/secure.gravatar.com\/avatar\/ebe92ec22e2e53a8eb79d6b52b724e27?s=96&d=mm&r=g\",\"contentUrl\":\"https:\/\/secure.gravatar.com\/avatar\/ebe92ec22e2e53a8eb79d6b52b724e27?s=96&d=mm&r=g\",\"caption\":\"Conferinta Oltenia\"},\"url\":\"https:\/\/adventistoltenia.ro\/site\/author\/adm1n\/\"}]}<\/script>\n<!-- \/ Yoast SEO plugin. -->","yoast_head_json":{"title":"Ted N.C. Wilson se roag\u0103 \u00eempreun\u0103 cu pre\u0219edintele Ghanei - Conferinta Oltenia","robots":{"index":"index","follow":"follow","max-snippet":"max-snippet:-1","max-image-preview":"max-image-preview:large","max-video-preview":"max-video-preview:-1"},"canonical":"https:\/\/adventistoltenia.ro\/site\/ted-n-c-wilson-se-roaga-impreuna-cu-presedintele-ghanei\/","og_locale":"en_US","og_type":"article","og_title":"Ted N.C. Wilson se roag\u0103 \u00eempreun\u0103 cu pre\u0219edintele Ghanei - Conferinta Oltenia","og_description":"Ted N.C. Wilson, pre\u0219edintele Bisericii Adventiste de Ziua a \u0218aptea la nivel mondial a primit aprobarea pre\u0219edintelui \u021b\u0103rii africane, Ghana, pentru a citi un pasaj din Sf\u00e2nta Scriptur\u0103 \u0219i pentru a se ruga pentru acesta. Pasajul ales de pastorul Ted N.C. Wilson se g\u0103se\u0219te \u00een Vechiul Testament, iar ini\u021biativa a reprezentat un moment pentru care &hellip; Continued","og_url":"https:\/\/adventistoltenia.ro\/site\/ted-n-c-wilson-se-roaga-impreuna-cu-presedintele-ghanei\/","og_site_name":"Conferinta Oltenia","article_published_time":"2020-02-08T01:08:58+00:00","author":"Conferinta Oltenia","twitter_card":"summary_large_image","twitter_misc":{"Written by":"Conferinta Oltenia","Est. reading time":"3 minutes"},"schema":{"@context":"https:\/\/schema.org","@graph":[{"@type":"WebPage","@id":"https:\/\/adventistoltenia.ro\/site\/ted-n-c-wilson-se-roaga-impreuna-cu-presedintele-ghanei\/","url":"https:\/\/adventistoltenia.ro\/site\/ted-n-c-wilson-se-roaga-impreuna-cu-presedintele-ghanei\/","name":"Ted N.C. Wilson se roag\u0103 \u00eempreun\u0103 cu pre\u0219edintele Ghanei - Conferinta Oltenia","isPartOf":{"@id":"https:\/\/adventistoltenia.ro\/site\/#website"},"datePublished":"2020-02-08T01:08:58+00:00","dateModified":"2020-02-08T01:08:58+00:00","author":{"@id":"https:\/\/adventistoltenia.ro\/site\/#\/schema\/person\/81972d6ddcec064fcb37a129240ef9d7"},"breadcrumb":{"@id":"https:\/\/adventistoltenia.ro\/site\/ted-n-c-wilson-se-roaga-impreuna-cu-presedintele-ghanei\/#breadcrumb"},"inLanguage":"en-US","potentialAction":[{"@type":"ReadAction","target":["https:\/\/adventistoltenia.ro\/site\/ted-n-c-wilson-se-roaga-impreuna-cu-presedintele-ghanei\/"]}]},{"@type":"BreadcrumbList","@id":"https:\/\/adventistoltenia.ro\/site\/ted-n-c-wilson-se-roaga-impreuna-cu-presedintele-ghanei\/#breadcrumb","itemListElement":[{"@type":"ListItem","position":1,"name":"Home","item":"https:\/\/adventistoltenia.ro\/site\/"},{"@type":"ListItem","position":2,"name":"Ted N.C. Wilson se roag\u0103 \u00eempreun\u0103 cu pre\u0219edintele Ghanei"}]},{"@type":"WebSite","@id":"https:\/\/adventistoltenia.ro\/site\/#website","url":"https:\/\/adventistoltenia.ro\/site\/","name":"Conferinta Oltenia","description":"Biserica Adventista de Ziua a Saptea","potentialAction":[{"@type":"SearchAction","target":{"@type":"EntryPoint","urlTemplate":"https:\/\/adventistoltenia.ro\/site\/?s={search_term_string}"},"query-input":"required name=search_term_string"}],"inLanguage":"en-US"},{"@type":"Person","@id":"https:\/\/adventistoltenia.ro\/site\/#\/schema\/person\/81972d6ddcec064fcb37a129240ef9d7","name":"Conferinta Oltenia","image":{"@type":"ImageObject","inLanguage":"en-US","@id":"https:\/\/adventistoltenia.ro\/site\/#\/schema\/person\/image\/","url":"https:\/\/secure.gravatar.com\/avatar\/ebe92ec22e2e53a8eb79d6b52b724e27?s=96&d=mm&r=g","contentUrl":"https:\/\/secure.gravatar.com\/avatar\/ebe92ec22e2e53a8eb79d6b52b724e27?s=96&d=mm&r=g","caption":"Conferinta Oltenia"},"url":"https:\/\/adventistoltenia.ro\/site\/author\/adm1n\/"}]}},"_links":{"self":[{"href":"https:\/\/adventistoltenia.ro\/site\/wp-json\/wp\/v2\/posts\/3188"}],"collection":[{"href":"https:\/\/adventistoltenia.ro\/site\/wp-json\/wp\/v2\/posts"}],"about":[{"href":"https:\/\/adventistoltenia.ro\/site\/wp-json\/wp\/v2\/types\/post"}],"author":[{"embeddable":true,"href":"https:\/\/adventistoltenia.ro\/site\/wp-json\/wp\/v2\/users\/2"}],"replies":[{"embeddable":true,"href":"https:\/\/adventistoltenia.ro\/site\/wp-json\/wp\/v2\/comments?post=3188"}],"version-history":[{"count":0,"href":"https:\/\/adventistoltenia.ro\/site\/wp-json\/wp\/v2\/posts\/3188\/revisions"}],"wp:attachment":[{"href":"https:\/\/adventistoltenia.ro\/site\/wp-json\/wp\/v2\/media?parent=3188"}],"wp:term":[{"taxonomy":"category","embeddable":true,"href":"https:\/\/adventistoltenia.ro\/site\/wp-json\/wp\/v2\/categories?post=3188"},{"taxonomy":"post_tag","embeddable":true,"href":"https:\/\/adventistoltenia.ro\/site\/wp-json\/wp\/v2\/tags?post=3188"}],"curies":[{"name":"wp","href":"https:\/\/api.w.org\/{rel}","templated":true}]}}