{"id":3190,"date":"2020-02-09T01:06:36","date_gmt":"2020-02-09T01:06:36","guid":{"rendered":"http:\/\/adventistoltenia.ro\/site\/omul-care-s-a-tarat-pentru-a-construi-o-biserica\/"},"modified":"2020-02-09T01:06:36","modified_gmt":"2020-02-09T01:06:36","slug":"omul-care-s-a-tarat-pentru-a-construi-o-biserica","status":"publish","type":"post","link":"https:\/\/adventistoltenia.ro\/site\/omul-care-s-a-tarat-pentru-a-construi-o-biserica\/","title":{"rendered":"Omul care s-a t\u00e2r\u00e2t pentru a construi o biseric\u0103"},"content":{"rendered":"<div>\n<p>Nu \u00eemi e dor de plaje, de ukulele sau de nucile de cocos. \u00cemi e dor de oamenii pe care i-am l\u0103sat \u00een Saipan, \u00een Comunitatea Insulelor Mariane de Nord, atunci c\u00e2nd m-am \u00eentors din misiune. \u00cemi e \u00een mod deosebit dor de Jonah, unul dintre cei mai dragi prieteni pe care i-am avut vreodat\u0103.<\/p>\n<p>Jonah e un uria\u0219 cu m\u00e2ini mari \u0219i b\u0103tucite dup\u0103 o via\u021b\u0103 de munc\u0103 mai \u00eent\u00e2i ca marinar, iar apoi ca muncitor \u00eentr-o central\u0103 electric\u0103. Dup\u0103 pensionare, Jonah repar\u0103 motoare mici. Dac\u0103 cineva \u00eei duce o drujb\u0103 sau o coas\u0103 electric\u0103 stricat\u0103, Jonah o duce \u00een atelierul lui, me\u0219tere\u0219te la ea timp de c\u00e2teva zile, dup\u0103 care func\u021bioneaz\u0103 ca nou\u0103.<\/p>\n<p>Jonah e \u0219i cel mai umil \u0219i cel mai binevoitor om pe care l-am cunoscut vreodat\u0103. La biseric\u0103 \u00eei place s\u0103 salute \u0219i s\u0103 \u00eembr\u0103\u021bi\u0219eze pe toat\u0103 lumea. Tunde iarba \u0219i cur\u0103\u021b\u0103 scaunele \u2013 face orice e nevoie pentru a ajuta. Vrea s\u0103 fac\u0103 parte din biserica lui Dumnezeu, indiferent dac\u0103 ceea ce face e important sau ne\u00eensemnat.<\/p>\n<p>L-am \u00eent\u00e2lnit pe Jonah c\u00e2nd am ajuns \u00een Saipan pentru a fi misionar. Una dintre bisericile adventiste locale tocmai cump\u0103rase un teren pentru a construi o cas\u0103 de rug\u0103ciune pentru noii credincio\u0219i. Terenul se afla \u00een satul lui Jonah, iar el era peste m\u0103sur\u0103 de entuziasmat. Cu un z\u00e2mbet larg mi-a spus: \u201eVoi ajuta la construirea bisericii lui Dumnezeu!\u201d<\/p>\n<p>Nu \u0219tiam la ce se g\u00e2ndea Jonah, pentru c\u0103 suferea deja de o infirmitate grav\u0103. Trebuia s\u0103 se ajute de dou\u0103 bastoane pentru a se deplasa, iar fiecare pas pe care \u00eel f\u0103cea era \u00eenso\u021bit de o durere crunt\u0103. Mi-l imaginam st\u00e2nd la umbr\u0103, c\u00e2nt\u00e2nd la ukulele, \u0219i \u00eencuraj\u00e2ndu-ne pe noi ceilal\u021bi.<\/p>\n<p>Dar c\u00e2nd am \u00eenceput proiectul, Jonah a venit <em>la munc\u0103<\/em>. Cu un baston \u00eentr-o m\u00e2n\u0103 \u0219i o macet\u0103 \u00een cealalt\u0103, b\u0103tr\u00e2nul nu a precupe\u021bit niciun efort. \u00cenv\u00e2rtind maceta cu toat\u0103 puterea, iar apoi c\u0103r\u00e2nd \u0219chiop\u0103t\u00e2nd tufi\u0219ul p\u00e2n\u0103 la gr\u0103mada de lemne de ars, ne-a ajutat s\u0103 termin\u0103m mai repede de cur\u0103\u021bat h\u0103\u021bi\u0219ul care acoperea terenul.<\/p>\n<p>Dar cea mai dificil\u0103 parte abia urma. C\u00e2\u021biva muncitori s-au rugat de Jonah s\u0103 nu lucreze \u0219i la ridicarea cl\u0103dirii. \u201eNu\u201d, a r\u0103spuns el ferm, \u201evoi ajuta la construirea bisericii lui Dumnezeu.\u201d<\/p>\n<p>Jonah se t\u00e2ra pe palme \u0219i pe genunchi pe terenul st\u00e2ncos, t\u00e2r\u00e2nd bol\u021bari \u0219i g\u0103le\u021bi de ciment p\u00e2n\u0103 la baza unei sc\u0103ri, de unde li le ridica celor care construiau zidurile. Era dureros de privit, \u00eens\u0103, zi dup\u0103 zi, am devenit martorii unui miracol.<\/p>\n<p>Jonah nu se mai t\u00e2ra, ci \u0219chiop\u0103ta, iar \u00een cele din urm\u0103 a ajuns s\u0103 mearg\u0103. Pe m\u0103sur\u0103 ce a muncit, Dumnezeu i-a re\u00eennoit puterea. Privindu-l pe Jonah, care a renun\u021bat la baston \u0219i mergea din nou asemenea unui t\u00e2n\u0103r, to\u021bi muncitorii erau martori ai puterii lui Dumnezeu.<\/p>\n<p>\u0218i Jonah a continuat s\u0103 mearg\u0103. Cu for\u021be noi, a ajuns la u\u0219ile caselor multora dintre prietenii s\u0103i. C\u00e2nd \u00eel \u00eentrebau unde \u00eei sunt bastoanele, el le r\u0103spundea: \u201eDumnezeu m-a vindecat pentru a ajuta la construirea bisericii Lui.\u201d \u0218i-a \u00eemp\u0103rt\u0103\u0219it umila m\u0103rturie cu privire la modul \u00een care ajunsese s\u0103 \u00cel cunoasc\u0103 pe Isus \u0219i cum Dumnezeu i-a r\u0103spuns rug\u0103ciunii lui de a exista o biseric\u0103 \u00een satul lui. \u201eV\u0103 rog, prieteni, veni\u021bi s\u0103 v\u0103 \u00eenchina\u021bi \u00eempreun\u0103 cu noi!\u201d<\/p>\n<p>\u00cen urma invita\u021biilor \u0219i a m\u0103rturiei lui Jonah, mul\u021bi oameni au participat la prezent\u0103rile biblie care au avut loc la biseric\u0103 \u0219i \u0219i-au predat inimile lui Isus. La scurt timp au fost boteza\u021bi, iar mica grup\u0103 a crescut tot mai mult.<\/p>\n<p>Privind \u00een urm\u0103, pentru mine, vindecarea lui Jonah \u0219i transformarea lui \u00eentr-un misionar a fost ca \u0219i cum Dumnezeu ar mai fi scris un capitol \u00een Biblie. Nu voi uita niciodat\u0103 lec\u021bia \u00eenv\u0103\u021bat\u0103 cu privire la a da tot ce ai \u0219i a avea \u00eencredere \u00een Dumnezeu.<\/p>\n<p>Sursa: <a href=\"https:\/\/www.adventistreview.org\/the-man-who-crawled-to-build-a-church\"><em>Adventist Review<\/em><\/a><\/p>\n<\/div>\n<p class=\"wpematico_credit\"><small>Powered by <a href=\"http:\/\/www.wpematico.com\" target=\"_blank\" rel=\"noopener noreferrer\">WPeMatico<\/a><\/small><\/p>\n ","protected":false},"excerpt":{"rendered":"<p>Nu \u00eemi e dor de plaje, de ukulele sau de nucile de cocos. \u00cemi e dor de oamenii pe care i-am l\u0103sat \u00een Saipan, \u00een Comunitatea Insulelor Mariane de Nord, atunci c\u00e2nd m-am \u00eentors din misiune. \u00cemi e \u00een mod deosebit dor de Jonah, unul dintre cei mai dragi prieteni pe care i-am avut vreodat\u0103. &hellip; <a href=\"https:\/\/adventistoltenia.ro\/site\/omul-care-s-a-tarat-pentru-a-construi-o-biserica\/\">Continued<\/a><\/p>\n","protected":false},"author":2,"featured_media":0,"comment_status":"open","ping_status":"closed","sticky":false,"template":"","format":"standard","meta":[],"categories":[71],"tags":[],"yoast_head":"<!-- This site is optimized with the Yoast SEO plugin v20.3 - https:\/\/yoast.com\/wordpress\/plugins\/seo\/ -->\n<title>Omul care s-a t\u00e2r\u00e2t pentru a construi o biseric\u0103 - Conferinta Oltenia<\/title>\n<meta name=\"robots\" content=\"index, follow, max-snippet:-1, max-image-preview:large, max-video-preview:-1\" \/>\n<link rel=\"canonical\" href=\"https:\/\/adventistoltenia.ro\/site\/omul-care-s-a-tarat-pentru-a-construi-o-biserica\/\" \/>\n<meta property=\"og:locale\" content=\"en_US\" \/>\n<meta property=\"og:type\" content=\"article\" \/>\n<meta property=\"og:title\" content=\"Omul care s-a t\u00e2r\u00e2t pentru a construi o biseric\u0103 - Conferinta Oltenia\" \/>\n<meta property=\"og:description\" content=\"Nu \u00eemi e dor de plaje, de ukulele sau de nucile de cocos. \u00cemi e dor de oamenii pe care i-am l\u0103sat \u00een Saipan, \u00een Comunitatea Insulelor Mariane de Nord, atunci c\u00e2nd m-am \u00eentors din misiune. \u00cemi e \u00een mod deosebit dor de Jonah, unul dintre cei mai dragi prieteni pe care i-am avut vreodat\u0103. &hellip; Continued\" \/>\n<meta property=\"og:url\" content=\"https:\/\/adventistoltenia.ro\/site\/omul-care-s-a-tarat-pentru-a-construi-o-biserica\/\" \/>\n<meta property=\"og:site_name\" content=\"Conferinta Oltenia\" \/>\n<meta property=\"article:published_time\" content=\"2020-02-09T01:06:36+00:00\" \/>\n<meta name=\"author\" content=\"Conferinta Oltenia\" \/>\n<meta name=\"twitter:card\" content=\"summary_large_image\" \/>\n<meta name=\"twitter:label1\" content=\"Written by\" \/>\n\t<meta name=\"twitter:data1\" content=\"Conferinta Oltenia\" \/>\n\t<meta name=\"twitter:label2\" content=\"Est. reading time\" \/>\n\t<meta name=\"twitter:data2\" content=\"4 minutes\" \/>\n<script type=\"application\/ld+json\" class=\"yoast-schema-graph\">{\"@context\":\"https:\/\/schema.org\",\"@graph\":[{\"@type\":\"WebPage\",\"@id\":\"https:\/\/adventistoltenia.ro\/site\/omul-care-s-a-tarat-pentru-a-construi-o-biserica\/\",\"url\":\"https:\/\/adventistoltenia.ro\/site\/omul-care-s-a-tarat-pentru-a-construi-o-biserica\/\",\"name\":\"Omul care s-a t\u00e2r\u00e2t pentru a construi o biseric\u0103 - Conferinta Oltenia\",\"isPartOf\":{\"@id\":\"https:\/\/adventistoltenia.ro\/site\/#website\"},\"datePublished\":\"2020-02-09T01:06:36+00:00\",\"dateModified\":\"2020-02-09T01:06:36+00:00\",\"author\":{\"@id\":\"https:\/\/adventistoltenia.ro\/site\/#\/schema\/person\/81972d6ddcec064fcb37a129240ef9d7\"},\"breadcrumb\":{\"@id\":\"https:\/\/adventistoltenia.ro\/site\/omul-care-s-a-tarat-pentru-a-construi-o-biserica\/#breadcrumb\"},\"inLanguage\":\"en-US\",\"potentialAction\":[{\"@type\":\"ReadAction\",\"target\":[\"https:\/\/adventistoltenia.ro\/site\/omul-care-s-a-tarat-pentru-a-construi-o-biserica\/\"]}]},{\"@type\":\"BreadcrumbList\",\"@id\":\"https:\/\/adventistoltenia.ro\/site\/omul-care-s-a-tarat-pentru-a-construi-o-biserica\/#breadcrumb\",\"itemListElement\":[{\"@type\":\"ListItem\",\"position\":1,\"name\":\"Home\",\"item\":\"https:\/\/adventistoltenia.ro\/site\/\"},{\"@type\":\"ListItem\",\"position\":2,\"name\":\"Omul care s-a t\u00e2r\u00e2t pentru a construi o biseric\u0103\"}]},{\"@type\":\"WebSite\",\"@id\":\"https:\/\/adventistoltenia.ro\/site\/#website\",\"url\":\"https:\/\/adventistoltenia.ro\/site\/\",\"name\":\"Conferinta Oltenia\",\"description\":\"Biserica Adventista de Ziua a Saptea\",\"potentialAction\":[{\"@type\":\"SearchAction\",\"target\":{\"@type\":\"EntryPoint\",\"urlTemplate\":\"https:\/\/adventistoltenia.ro\/site\/?s={search_term_string}\"},\"query-input\":\"required name=search_term_string\"}],\"inLanguage\":\"en-US\"},{\"@type\":\"Person\",\"@id\":\"https:\/\/adventistoltenia.ro\/site\/#\/schema\/person\/81972d6ddcec064fcb37a129240ef9d7\",\"name\":\"Conferinta Oltenia\",\"image\":{\"@type\":\"ImageObject\",\"inLanguage\":\"en-US\",\"@id\":\"https:\/\/adventistoltenia.ro\/site\/#\/schema\/person\/image\/\",\"url\":\"https:\/\/secure.gravatar.com\/avatar\/ebe92ec22e2e53a8eb79d6b52b724e27?s=96&d=mm&r=g\",\"contentUrl\":\"https:\/\/secure.gravatar.com\/avatar\/ebe92ec22e2e53a8eb79d6b52b724e27?s=96&d=mm&r=g\",\"caption\":\"Conferinta Oltenia\"},\"url\":\"https:\/\/adventistoltenia.ro\/site\/author\/adm1n\/\"}]}<\/script>\n<!-- \/ Yoast SEO plugin. -->","yoast_head_json":{"title":"Omul care s-a t\u00e2r\u00e2t pentru a construi o biseric\u0103 - Conferinta Oltenia","robots":{"index":"index","follow":"follow","max-snippet":"max-snippet:-1","max-image-preview":"max-image-preview:large","max-video-preview":"max-video-preview:-1"},"canonical":"https:\/\/adventistoltenia.ro\/site\/omul-care-s-a-tarat-pentru-a-construi-o-biserica\/","og_locale":"en_US","og_type":"article","og_title":"Omul care s-a t\u00e2r\u00e2t pentru a construi o biseric\u0103 - Conferinta Oltenia","og_description":"Nu \u00eemi e dor de plaje, de ukulele sau de nucile de cocos. \u00cemi e dor de oamenii pe care i-am l\u0103sat \u00een Saipan, \u00een Comunitatea Insulelor Mariane de Nord, atunci c\u00e2nd m-am \u00eentors din misiune. \u00cemi e \u00een mod deosebit dor de Jonah, unul dintre cei mai dragi prieteni pe care i-am avut vreodat\u0103. &hellip; Continued","og_url":"https:\/\/adventistoltenia.ro\/site\/omul-care-s-a-tarat-pentru-a-construi-o-biserica\/","og_site_name":"Conferinta Oltenia","article_published_time":"2020-02-09T01:06:36+00:00","author":"Conferinta Oltenia","twitter_card":"summary_large_image","twitter_misc":{"Written by":"Conferinta Oltenia","Est. reading time":"4 minutes"},"schema":{"@context":"https:\/\/schema.org","@graph":[{"@type":"WebPage","@id":"https:\/\/adventistoltenia.ro\/site\/omul-care-s-a-tarat-pentru-a-construi-o-biserica\/","url":"https:\/\/adventistoltenia.ro\/site\/omul-care-s-a-tarat-pentru-a-construi-o-biserica\/","name":"Omul care s-a t\u00e2r\u00e2t pentru a construi o biseric\u0103 - Conferinta Oltenia","isPartOf":{"@id":"https:\/\/adventistoltenia.ro\/site\/#website"},"datePublished":"2020-02-09T01:06:36+00:00","dateModified":"2020-02-09T01:06:36+00:00","author":{"@id":"https:\/\/adventistoltenia.ro\/site\/#\/schema\/person\/81972d6ddcec064fcb37a129240ef9d7"},"breadcrumb":{"@id":"https:\/\/adventistoltenia.ro\/site\/omul-care-s-a-tarat-pentru-a-construi-o-biserica\/#breadcrumb"},"inLanguage":"en-US","potentialAction":[{"@type":"ReadAction","target":["https:\/\/adventistoltenia.ro\/site\/omul-care-s-a-tarat-pentru-a-construi-o-biserica\/"]}]},{"@type":"BreadcrumbList","@id":"https:\/\/adventistoltenia.ro\/site\/omul-care-s-a-tarat-pentru-a-construi-o-biserica\/#breadcrumb","itemListElement":[{"@type":"ListItem","position":1,"name":"Home","item":"https:\/\/adventistoltenia.ro\/site\/"},{"@type":"ListItem","position":2,"name":"Omul care s-a t\u00e2r\u00e2t pentru a construi o biseric\u0103"}]},{"@type":"WebSite","@id":"https:\/\/adventistoltenia.ro\/site\/#website","url":"https:\/\/adventistoltenia.ro\/site\/","name":"Conferinta Oltenia","description":"Biserica Adventista de Ziua a Saptea","potentialAction":[{"@type":"SearchAction","target":{"@type":"EntryPoint","urlTemplate":"https:\/\/adventistoltenia.ro\/site\/?s={search_term_string}"},"query-input":"required name=search_term_string"}],"inLanguage":"en-US"},{"@type":"Person","@id":"https:\/\/adventistoltenia.ro\/site\/#\/schema\/person\/81972d6ddcec064fcb37a129240ef9d7","name":"Conferinta Oltenia","image":{"@type":"ImageObject","inLanguage":"en-US","@id":"https:\/\/adventistoltenia.ro\/site\/#\/schema\/person\/image\/","url":"https:\/\/secure.gravatar.com\/avatar\/ebe92ec22e2e53a8eb79d6b52b724e27?s=96&d=mm&r=g","contentUrl":"https:\/\/secure.gravatar.com\/avatar\/ebe92ec22e2e53a8eb79d6b52b724e27?s=96&d=mm&r=g","caption":"Conferinta Oltenia"},"url":"https:\/\/adventistoltenia.ro\/site\/author\/adm1n\/"}]}},"_links":{"self":[{"href":"https:\/\/adventistoltenia.ro\/site\/wp-json\/wp\/v2\/posts\/3190"}],"collection":[{"href":"https:\/\/adventistoltenia.ro\/site\/wp-json\/wp\/v2\/posts"}],"about":[{"href":"https:\/\/adventistoltenia.ro\/site\/wp-json\/wp\/v2\/types\/post"}],"author":[{"embeddable":true,"href":"https:\/\/adventistoltenia.ro\/site\/wp-json\/wp\/v2\/users\/2"}],"replies":[{"embeddable":true,"href":"https:\/\/adventistoltenia.ro\/site\/wp-json\/wp\/v2\/comments?post=3190"}],"version-history":[{"count":0,"href":"https:\/\/adventistoltenia.ro\/site\/wp-json\/wp\/v2\/posts\/3190\/revisions"}],"wp:attachment":[{"href":"https:\/\/adventistoltenia.ro\/site\/wp-json\/wp\/v2\/media?parent=3190"}],"wp:term":[{"taxonomy":"category","embeddable":true,"href":"https:\/\/adventistoltenia.ro\/site\/wp-json\/wp\/v2\/categories?post=3190"},{"taxonomy":"post_tag","embeddable":true,"href":"https:\/\/adventistoltenia.ro\/site\/wp-json\/wp\/v2\/tags?post=3190"}],"curies":[{"name":"wp","href":"https:\/\/api.w.org\/{rel}","templated":true}]}}