{"id":3192,"date":"2020-02-12T01:05:05","date_gmt":"2020-02-12T01:05:05","guid":{"rendered":"http:\/\/adventistoltenia.ro\/site\/botosaniul-beneficiaza-de-transport-gratuit-pentru-persoanele-cu-dizabilitati\/"},"modified":"2020-02-12T01:05:05","modified_gmt":"2020-02-12T01:05:05","slug":"botosaniul-beneficiaza-de-transport-gratuit-pentru-persoanele-cu-dizabilitati","status":"publish","type":"post","link":"https:\/\/adventistoltenia.ro\/site\/botosaniul-beneficiaza-de-transport-gratuit-pentru-persoanele-cu-dizabilitati\/","title":{"rendered":"Boto\u0219aniul beneficiaz\u0103 de transport gratuit pentru persoanele cu dizabilit\u0103\u021bi"},"content":{"rendered":"<div>\n<p>Asocia\u0163ia \u201eRidic\u0103-te \u015fi umbl\u0103\u201d a lansat al treilea Centru de mobilitate la Boto\u015fani. Dup\u0103 Bucure\u015fti \u015fi Arad, Boto\u015faniul este a treia localitate care beneficiaz\u0103 de serviciul gratuit accesibilizat pentru persoane dependente de scaun rulant. \u00cen urma unui efort sus\u0163inut al voluntarilor \u015fi al sponsorilor Asocia\u0163iei, persoanele cu dizabilit\u0103\u0163i din Boto\u015fani \u015fi \u00eemprejurimi pot beneficia de transport adaptat la spital sau la alte institu\u0163ii pentru a-\u015fi rezolva probleme importante pe care altfel nu le pot rezolva. Prin programare la num\u0103rul de telefon 0756 576 927 un \u015fofer voluntar va sta la dispozi\u0163ia beneficiarului oferind transport \u015fi asisten\u0163\u0103 \u00een rezolvarea nevoilor.<\/p>\n<p>Pe 9 februarie, \u00eentr-un cadru festiv, beneficiari al\u0103turi de \u00eenso\u0163itori, voluntari, sponsori \u015fi invita\u0163i au marcat \u00eempreun\u0103 acest nou \u00eenceput pentru comunitatea persoanelor cu dizabilit\u0103\u0163i din Boto\u015fani. Ioana \u015fi Alexandra, dou\u0103 feti\u0163e aflate \u00een scaun rulant, au emo\u0163ionat asisten\u0163a rostind rug\u0103ciunea \u201eTat\u0103l nostru\u201d ca semn de mul\u0163umire pentru acest serviciu care le va ajuta s\u0103 treac\u0103 mai u\u015for peste problemele de accesibilitate.<\/p>\n<p>Unul din obiectivele Asocia\u0163iei Ridic\u0103-te \u015fi umbl\u0103 este dezvoltarea acestor servicii \u00een c\u00e2t mai multe locuri, pentru ca persoanelor cu dizabilit\u0103\u0163i s\u0103 le fie redat\u0103 demnitatea.<\/p>\n<p>Pentru deschiderea mai multor centre de mobilitate se poate dona \u00een contul Asocia\u0163iei sau se poate direc\u0163iona 2% din impozit prin Formularul 230.<\/p>\n<p>Asocia\u0163ia Ridic\u0103-te \u015fi umbl\u0103:<br \/>\nRO91RNCB0073138072160001 RON<br \/>\nRO64RNCB0073138072160002 USD<br \/>\nRO37RNCB0073138072160003 EURO<\/p>\n<p><a href=\"https:\/\/www.adventist.ro\/index\/botosaniul-beneficiaza-de-transport-gratuit-pentru-persoanele-cu-dizabilitati\/img-2568\/\"><img decoding=\"async\" loading=\"lazy\" width=\"150\" height=\"150\" src=\"http:\/\/adventistoltenia.ro\/site\/wp-content\/uploads\/2020\/02\/IMG-2568-150x150.jpg\" class=\"attachment-thumbnail size-thumbnail\" alt=\"\" srcset=\"http:\/\/adventistoltenia.ro\/site\/wp-content\/uploads\/2020\/02\/IMG-2568-150x150.jpg 150w, https:\/\/www.adventist.ro\/index\/wp-content\/uploads\/2020\/02\/IMG-2568-250x250.jpg 250w, https:\/\/www.adventist.ro\/index\/wp-content\/uploads\/2020\/02\/IMG-2568-400x400.jpg 400w, https:\/\/www.adventist.ro\/index\/wp-content\/uploads\/2020\/02\/IMG-2568-700x700.jpg 700w, https:\/\/www.adventist.ro\/index\/wp-content\/uploads\/2020\/02\/IMG-2568-900x900.jpg 900w, https:\/\/www.adventist.ro\/index\/wp-content\/uploads\/2020\/02\/IMG-2568-96x96.jpg 96w\" sizes=\"(max-width: 150px) 100vw, 150px\"><\/a><br \/>\n<a href=\"https:\/\/www.adventist.ro\/index\/botosaniul-beneficiaza-de-transport-gratuit-pentru-persoanele-cu-dizabilitati\/img-2567\/\"><img decoding=\"async\" loading=\"lazy\" width=\"150\" height=\"150\" src=\"http:\/\/adventistoltenia.ro\/site\/wp-content\/uploads\/2020\/02\/IMG-2567-150x150.jpg\" class=\"attachment-thumbnail size-thumbnail\" alt=\"\" srcset=\"http:\/\/adventistoltenia.ro\/site\/wp-content\/uploads\/2020\/02\/IMG-2567-150x150.jpg 150w, https:\/\/www.adventist.ro\/index\/wp-content\/uploads\/2020\/02\/IMG-2567-250x250.jpg 250w, https:\/\/www.adventist.ro\/index\/wp-content\/uploads\/2020\/02\/IMG-2567-400x400.jpg 400w, https:\/\/www.adventist.ro\/index\/wp-content\/uploads\/2020\/02\/IMG-2567-700x700.jpg 700w, https:\/\/www.adventist.ro\/index\/wp-content\/uploads\/2020\/02\/IMG-2567-900x900.jpg 900w, https:\/\/www.adventist.ro\/index\/wp-content\/uploads\/2020\/02\/IMG-2567-96x96.jpg 96w\" sizes=\"(max-width: 150px) 100vw, 150px\"><\/a><br \/>\n<a href=\"https:\/\/www.adventist.ro\/index\/botosaniul-beneficiaza-de-transport-gratuit-pentru-persoanele-cu-dizabilitati\/img-2565\/\"><img decoding=\"async\" loading=\"lazy\" width=\"150\" height=\"150\" src=\"http:\/\/adventistoltenia.ro\/site\/wp-content\/uploads\/2020\/02\/IMG-2565-150x150.jpg\" class=\"attachment-thumbnail size-thumbnail\" alt=\"\" srcset=\"http:\/\/adventistoltenia.ro\/site\/wp-content\/uploads\/2020\/02\/IMG-2565-150x150.jpg 150w, https:\/\/www.adventist.ro\/index\/wp-content\/uploads\/2020\/02\/IMG-2565-250x250.jpg 250w, https:\/\/www.adventist.ro\/index\/wp-content\/uploads\/2020\/02\/IMG-2565-400x400.jpg 400w, https:\/\/www.adventist.ro\/index\/wp-content\/uploads\/2020\/02\/IMG-2565-700x700.jpg 700w, https:\/\/www.adventist.ro\/index\/wp-content\/uploads\/2020\/02\/IMG-2565-900x900.jpg 900w, https:\/\/www.adventist.ro\/index\/wp-content\/uploads\/2020\/02\/IMG-2565-96x96.jpg 96w\" sizes=\"(max-width: 150px) 100vw, 150px\"><\/a><br \/>\n<a href=\"https:\/\/www.adventist.ro\/index\/botosaniul-beneficiaza-de-transport-gratuit-pentru-persoanele-cu-dizabilitati\/img-2563\/\"><img decoding=\"async\" loading=\"lazy\" width=\"150\" height=\"150\" src=\"http:\/\/adventistoltenia.ro\/site\/wp-content\/uploads\/2020\/02\/IMG-2563-150x150.jpg\" class=\"attachment-thumbnail size-thumbnail\" alt=\"\" srcset=\"http:\/\/adventistoltenia.ro\/site\/wp-content\/uploads\/2020\/02\/IMG-2563-150x150.jpg 150w, https:\/\/www.adventist.ro\/index\/wp-content\/uploads\/2020\/02\/IMG-2563-250x250.jpg 250w, https:\/\/www.adventist.ro\/index\/wp-content\/uploads\/2020\/02\/IMG-2563-400x400.jpg 400w, https:\/\/www.adventist.ro\/index\/wp-content\/uploads\/2020\/02\/IMG-2563-700x700.jpg 700w, https:\/\/www.adventist.ro\/index\/wp-content\/uploads\/2020\/02\/IMG-2563-900x900.jpg 900w, https:\/\/www.adventist.ro\/index\/wp-content\/uploads\/2020\/02\/IMG-2563-96x96.jpg 96w\" sizes=\"(max-width: 150px) 100vw, 150px\"><\/a><br \/>\n<a href=\"https:\/\/www.adventist.ro\/index\/botosaniul-beneficiaza-de-transport-gratuit-pentru-persoanele-cu-dizabilitati\/img-2560\/\"><img decoding=\"async\" loading=\"lazy\" width=\"150\" height=\"150\" src=\"http:\/\/adventistoltenia.ro\/site\/wp-content\/uploads\/2020\/02\/IMG-2560-150x150.jpg\" class=\"attachment-thumbnail size-thumbnail\" alt=\"\" srcset=\"http:\/\/adventistoltenia.ro\/site\/wp-content\/uploads\/2020\/02\/IMG-2560-150x150.jpg 150w, https:\/\/www.adventist.ro\/index\/wp-content\/uploads\/2020\/02\/IMG-2560-250x250.jpg 250w, https:\/\/www.adventist.ro\/index\/wp-content\/uploads\/2020\/02\/IMG-2560-400x400.jpg 400w, https:\/\/www.adventist.ro\/index\/wp-content\/uploads\/2020\/02\/IMG-2560-700x700.jpg 700w, https:\/\/www.adventist.ro\/index\/wp-content\/uploads\/2020\/02\/IMG-2560-900x900.jpg 900w, https:\/\/www.adventist.ro\/index\/wp-content\/uploads\/2020\/02\/IMG-2560-96x96.jpg 96w\" sizes=\"(max-width: 150px) 100vw, 150px\"><\/a><\/p>\n<div id=\"gtx-anchor\" style=\"position: absolute; visibility: hidden; left: -3.35544e+07px; top: 500px; width: 369px; height: 19px;\"><\/div>\n<div class=\"jfk-bubble gtx-bubble\" style=\"visibility: visible; left: -6.71087e+07px; top: 321px; opacity: 1;\" role=\"alertdialog\" aria-describedby=\"bubble-2\">\n<div id=\"bubble-2\" class=\"jfk-bubble-content-id\">\n<div id=\"gtx-host\" style=\"min-width: 200px; max-width: 400px;\"><\/div>\n<\/div>\n<div class=\"jfk-bubble-closebtn-id jfk-bubble-closebtn\" tabindex=\"0\" role=\"button\" aria-label=\"Close\"><\/div>\n<div class=\"jfk-bubble-arrow-id jfk-bubble-arrow jfk-bubble-arrowdown\" style=\"left: 15px;\">\n<div class=\"jfk-bubble-arrowimplbefore\"><\/div>\n<div class=\"jfk-bubble-arrowimplafter\"><\/div>\n<\/div>\n<\/div>\n<\/div>\n<p class=\"wpematico_credit\"><small>Powered by <a href=\"http:\/\/www.wpematico.com\" target=\"_blank\" rel=\"noopener noreferrer\">WPeMatico<\/a><\/small><\/p>\n ","protected":false},"excerpt":{"rendered":"<p>Asocia\u0163ia \u201eRidic\u0103-te \u015fi umbl\u0103\u201d a lansat al treilea Centru de mobilitate la Boto\u015fani. Dup\u0103 Bucure\u015fti \u015fi Arad, Boto\u015faniul este a treia localitate care beneficiaz\u0103 de serviciul gratuit accesibilizat pentru persoane dependente de scaun rulant. \u00cen urma unui efort sus\u0163inut al voluntarilor \u015fi al sponsorilor Asocia\u0163iei, persoanele cu dizabilit\u0103\u0163i din Boto\u015fani \u015fi \u00eemprejurimi pot beneficia de &hellip; <a href=\"https:\/\/adventistoltenia.ro\/site\/botosaniul-beneficiaza-de-transport-gratuit-pentru-persoanele-cu-dizabilitati\/\">Continued<\/a><\/p>\n","protected":false},"author":2,"featured_media":3193,"comment_status":"open","ping_status":"closed","sticky":false,"template":"","format":"standard","meta":[],"categories":[71],"tags":[],"yoast_head":"<!-- This site is optimized with the Yoast SEO plugin v20.3 - https:\/\/yoast.com\/wordpress\/plugins\/seo\/ -->\n<title>Boto\u0219aniul beneficiaz\u0103 de transport gratuit pentru persoanele cu dizabilit\u0103\u021bi - Conferinta Oltenia<\/title>\n<meta name=\"robots\" content=\"index, follow, max-snippet:-1, max-image-preview:large, max-video-preview:-1\" \/>\n<link rel=\"canonical\" href=\"https:\/\/adventistoltenia.ro\/site\/botosaniul-beneficiaza-de-transport-gratuit-pentru-persoanele-cu-dizabilitati\/\" \/>\n<meta property=\"og:locale\" content=\"en_US\" \/>\n<meta property=\"og:type\" content=\"article\" \/>\n<meta property=\"og:title\" content=\"Boto\u0219aniul beneficiaz\u0103 de transport gratuit pentru persoanele cu dizabilit\u0103\u021bi - Conferinta Oltenia\" \/>\n<meta property=\"og:description\" content=\"Asocia\u0163ia \u201eRidic\u0103-te \u015fi umbl\u0103\u201d a lansat al treilea Centru de mobilitate la Boto\u015fani. Dup\u0103 Bucure\u015fti \u015fi Arad, Boto\u015faniul este a treia localitate care beneficiaz\u0103 de serviciul gratuit accesibilizat pentru persoane dependente de scaun rulant. \u00cen urma unui efort sus\u0163inut al voluntarilor \u015fi al sponsorilor Asocia\u0163iei, persoanele cu dizabilit\u0103\u0163i din Boto\u015fani \u015fi \u00eemprejurimi pot beneficia de &hellip; Continued\" \/>\n<meta property=\"og:url\" content=\"https:\/\/adventistoltenia.ro\/site\/botosaniul-beneficiaza-de-transport-gratuit-pentru-persoanele-cu-dizabilitati\/\" \/>\n<meta property=\"og:site_name\" content=\"Conferinta Oltenia\" \/>\n<meta property=\"article:published_time\" content=\"2020-02-12T01:05:05+00:00\" \/>\n<meta property=\"og:image\" content=\"https:\/\/adventistoltenia.ro\/site\/wp-content\/uploads\/2020\/02\/IMG-2568-150x150.jpg\" \/>\n\t<meta property=\"og:image:width\" content=\"150\" \/>\n\t<meta property=\"og:image:height\" content=\"150\" \/>\n\t<meta property=\"og:image:type\" content=\"image\/jpeg\" \/>\n<meta name=\"author\" content=\"Conferinta Oltenia\" \/>\n<meta name=\"twitter:card\" content=\"summary_large_image\" \/>\n<meta name=\"twitter:label1\" content=\"Written by\" \/>\n\t<meta name=\"twitter:data1\" content=\"Conferinta Oltenia\" \/>\n\t<meta name=\"twitter:label2\" content=\"Est. reading time\" \/>\n\t<meta name=\"twitter:data2\" content=\"1 minute\" \/>\n<script type=\"application\/ld+json\" class=\"yoast-schema-graph\">{\"@context\":\"https:\/\/schema.org\",\"@graph\":[{\"@type\":\"WebPage\",\"@id\":\"https:\/\/adventistoltenia.ro\/site\/botosaniul-beneficiaza-de-transport-gratuit-pentru-persoanele-cu-dizabilitati\/\",\"url\":\"https:\/\/adventistoltenia.ro\/site\/botosaniul-beneficiaza-de-transport-gratuit-pentru-persoanele-cu-dizabilitati\/\",\"name\":\"Boto\u0219aniul beneficiaz\u0103 de transport gratuit pentru persoanele cu dizabilit\u0103\u021bi - Conferinta Oltenia\",\"isPartOf\":{\"@id\":\"https:\/\/adventistoltenia.ro\/site\/#website\"},\"datePublished\":\"2020-02-12T01:05:05+00:00\",\"dateModified\":\"2020-02-12T01:05:05+00:00\",\"author\":{\"@id\":\"https:\/\/adventistoltenia.ro\/site\/#\/schema\/person\/81972d6ddcec064fcb37a129240ef9d7\"},\"breadcrumb\":{\"@id\":\"https:\/\/adventistoltenia.ro\/site\/botosaniul-beneficiaza-de-transport-gratuit-pentru-persoanele-cu-dizabilitati\/#breadcrumb\"},\"inLanguage\":\"en-US\",\"potentialAction\":[{\"@type\":\"ReadAction\",\"target\":[\"https:\/\/adventistoltenia.ro\/site\/botosaniul-beneficiaza-de-transport-gratuit-pentru-persoanele-cu-dizabilitati\/\"]}]},{\"@type\":\"BreadcrumbList\",\"@id\":\"https:\/\/adventistoltenia.ro\/site\/botosaniul-beneficiaza-de-transport-gratuit-pentru-persoanele-cu-dizabilitati\/#breadcrumb\",\"itemListElement\":[{\"@type\":\"ListItem\",\"position\":1,\"name\":\"Home\",\"item\":\"https:\/\/adventistoltenia.ro\/site\/\"},{\"@type\":\"ListItem\",\"position\":2,\"name\":\"Boto\u0219aniul beneficiaz\u0103 de transport gratuit pentru persoanele cu dizabilit\u0103\u021bi\"}]},{\"@type\":\"WebSite\",\"@id\":\"https:\/\/adventistoltenia.ro\/site\/#website\",\"url\":\"https:\/\/adventistoltenia.ro\/site\/\",\"name\":\"Conferinta Oltenia\",\"description\":\"Biserica Adventista de Ziua a Saptea\",\"potentialAction\":[{\"@type\":\"SearchAction\",\"target\":{\"@type\":\"EntryPoint\",\"urlTemplate\":\"https:\/\/adventistoltenia.ro\/site\/?s={search_term_string}\"},\"query-input\":\"required name=search_term_string\"}],\"inLanguage\":\"en-US\"},{\"@type\":\"Person\",\"@id\":\"https:\/\/adventistoltenia.ro\/site\/#\/schema\/person\/81972d6ddcec064fcb37a129240ef9d7\",\"name\":\"Conferinta Oltenia\",\"image\":{\"@type\":\"ImageObject\",\"inLanguage\":\"en-US\",\"@id\":\"https:\/\/adventistoltenia.ro\/site\/#\/schema\/person\/image\/\",\"url\":\"https:\/\/secure.gravatar.com\/avatar\/ebe92ec22e2e53a8eb79d6b52b724e27?s=96&d=mm&r=g\",\"contentUrl\":\"https:\/\/secure.gravatar.com\/avatar\/ebe92ec22e2e53a8eb79d6b52b724e27?s=96&d=mm&r=g\",\"caption\":\"Conferinta Oltenia\"},\"url\":\"https:\/\/adventistoltenia.ro\/site\/author\/adm1n\/\"}]}<\/script>\n<!-- \/ Yoast SEO plugin. -->","yoast_head_json":{"title":"Boto\u0219aniul beneficiaz\u0103 de transport gratuit pentru persoanele cu dizabilit\u0103\u021bi - Conferinta Oltenia","robots":{"index":"index","follow":"follow","max-snippet":"max-snippet:-1","max-image-preview":"max-image-preview:large","max-video-preview":"max-video-preview:-1"},"canonical":"https:\/\/adventistoltenia.ro\/site\/botosaniul-beneficiaza-de-transport-gratuit-pentru-persoanele-cu-dizabilitati\/","og_locale":"en_US","og_type":"article","og_title":"Boto\u0219aniul beneficiaz\u0103 de transport gratuit pentru persoanele cu dizabilit\u0103\u021bi - Conferinta Oltenia","og_description":"Asocia\u0163ia \u201eRidic\u0103-te \u015fi umbl\u0103\u201d a lansat al treilea Centru de mobilitate la Boto\u015fani. Dup\u0103 Bucure\u015fti \u015fi Arad, Boto\u015faniul este a treia localitate care beneficiaz\u0103 de serviciul gratuit accesibilizat pentru persoane dependente de scaun rulant. \u00cen urma unui efort sus\u0163inut al voluntarilor \u015fi al sponsorilor Asocia\u0163iei, persoanele cu dizabilit\u0103\u0163i din Boto\u015fani \u015fi \u00eemprejurimi pot beneficia de &hellip; Continued","og_url":"https:\/\/adventistoltenia.ro\/site\/botosaniul-beneficiaza-de-transport-gratuit-pentru-persoanele-cu-dizabilitati\/","og_site_name":"Conferinta Oltenia","article_published_time":"2020-02-12T01:05:05+00:00","og_image":[{"width":150,"height":150,"url":"https:\/\/adventistoltenia.ro\/site\/wp-content\/uploads\/2020\/02\/IMG-2568-150x150.jpg","type":"image\/jpeg"}],"author":"Conferinta Oltenia","twitter_card":"summary_large_image","twitter_misc":{"Written by":"Conferinta Oltenia","Est. reading time":"1 minute"},"schema":{"@context":"https:\/\/schema.org","@graph":[{"@type":"WebPage","@id":"https:\/\/adventistoltenia.ro\/site\/botosaniul-beneficiaza-de-transport-gratuit-pentru-persoanele-cu-dizabilitati\/","url":"https:\/\/adventistoltenia.ro\/site\/botosaniul-beneficiaza-de-transport-gratuit-pentru-persoanele-cu-dizabilitati\/","name":"Boto\u0219aniul beneficiaz\u0103 de transport gratuit pentru persoanele cu dizabilit\u0103\u021bi - Conferinta Oltenia","isPartOf":{"@id":"https:\/\/adventistoltenia.ro\/site\/#website"},"datePublished":"2020-02-12T01:05:05+00:00","dateModified":"2020-02-12T01:05:05+00:00","author":{"@id":"https:\/\/adventistoltenia.ro\/site\/#\/schema\/person\/81972d6ddcec064fcb37a129240ef9d7"},"breadcrumb":{"@id":"https:\/\/adventistoltenia.ro\/site\/botosaniul-beneficiaza-de-transport-gratuit-pentru-persoanele-cu-dizabilitati\/#breadcrumb"},"inLanguage":"en-US","potentialAction":[{"@type":"ReadAction","target":["https:\/\/adventistoltenia.ro\/site\/botosaniul-beneficiaza-de-transport-gratuit-pentru-persoanele-cu-dizabilitati\/"]}]},{"@type":"BreadcrumbList","@id":"https:\/\/adventistoltenia.ro\/site\/botosaniul-beneficiaza-de-transport-gratuit-pentru-persoanele-cu-dizabilitati\/#breadcrumb","itemListElement":[{"@type":"ListItem","position":1,"name":"Home","item":"https:\/\/adventistoltenia.ro\/site\/"},{"@type":"ListItem","position":2,"name":"Boto\u0219aniul beneficiaz\u0103 de transport gratuit pentru persoanele cu dizabilit\u0103\u021bi"}]},{"@type":"WebSite","@id":"https:\/\/adventistoltenia.ro\/site\/#website","url":"https:\/\/adventistoltenia.ro\/site\/","name":"Conferinta Oltenia","description":"Biserica Adventista de Ziua a Saptea","potentialAction":[{"@type":"SearchAction","target":{"@type":"EntryPoint","urlTemplate":"https:\/\/adventistoltenia.ro\/site\/?s={search_term_string}"},"query-input":"required name=search_term_string"}],"inLanguage":"en-US"},{"@type":"Person","@id":"https:\/\/adventistoltenia.ro\/site\/#\/schema\/person\/81972d6ddcec064fcb37a129240ef9d7","name":"Conferinta Oltenia","image":{"@type":"ImageObject","inLanguage":"en-US","@id":"https:\/\/adventistoltenia.ro\/site\/#\/schema\/person\/image\/","url":"https:\/\/secure.gravatar.com\/avatar\/ebe92ec22e2e53a8eb79d6b52b724e27?s=96&d=mm&r=g","contentUrl":"https:\/\/secure.gravatar.com\/avatar\/ebe92ec22e2e53a8eb79d6b52b724e27?s=96&d=mm&r=g","caption":"Conferinta Oltenia"},"url":"https:\/\/adventistoltenia.ro\/site\/author\/adm1n\/"}]}},"_links":{"self":[{"href":"https:\/\/adventistoltenia.ro\/site\/wp-json\/wp\/v2\/posts\/3192"}],"collection":[{"href":"https:\/\/adventistoltenia.ro\/site\/wp-json\/wp\/v2\/posts"}],"about":[{"href":"https:\/\/adventistoltenia.ro\/site\/wp-json\/wp\/v2\/types\/post"}],"author":[{"embeddable":true,"href":"https:\/\/adventistoltenia.ro\/site\/wp-json\/wp\/v2\/users\/2"}],"replies":[{"embeddable":true,"href":"https:\/\/adventistoltenia.ro\/site\/wp-json\/wp\/v2\/comments?post=3192"}],"version-history":[{"count":0,"href":"https:\/\/adventistoltenia.ro\/site\/wp-json\/wp\/v2\/posts\/3192\/revisions"}],"wp:featuredmedia":[{"embeddable":true,"href":"https:\/\/adventistoltenia.ro\/site\/wp-json\/wp\/v2\/media\/3193"}],"wp:attachment":[{"href":"https:\/\/adventistoltenia.ro\/site\/wp-json\/wp\/v2\/media?parent=3192"}],"wp:term":[{"taxonomy":"category","embeddable":true,"href":"https:\/\/adventistoltenia.ro\/site\/wp-json\/wp\/v2\/categories?post=3192"},{"taxonomy":"post_tag","embeddable":true,"href":"https:\/\/adventistoltenia.ro\/site\/wp-json\/wp\/v2\/tags?post=3192"}],"curies":[{"name":"wp","href":"https:\/\/api.w.org\/{rel}","templated":true}]}}