{"id":3198,"date":"2020-02-14T01:15:28","date_gmt":"2020-02-14T01:15:28","guid":{"rendered":"http:\/\/adventistoltenia.ro\/site\/coronavirusul-face-prima-victima-adventista\/"},"modified":"2020-02-14T01:15:28","modified_gmt":"2020-02-14T01:15:28","slug":"coronavirusul-face-prima-victima-adventista","status":"publish","type":"post","link":"https:\/\/adventistoltenia.ro\/site\/coronavirusul-face-prima-victima-adventista\/","title":{"rendered":"Coronavirusul face prima victim\u0103 adventist\u0103"},"content":{"rendered":"<div>\n<p><span lang=\"RO\">Credincio\u0219ii adventi\u0219tii de ziua a \u0219aptea sunt \u00eendemna\u021bi s\u0103 se roage \u0219i s\u0103 manifeste o compasiune asemenea celei a lui Hristos, \u00een ce priveste situa\u021bia coronavirusului, nu doar \u00een China, ci la nivel mondial. De cur\u00e2nd acesta coronavirusul a f\u0103cut prima victim\u0103 adventist\u0103 \u00een China \u0219i amenin\u021b\u0103 cu perturbarea activit\u0103\u021bilor misionare publice din diferite regiuni ale lumii.<\/span><\/p>\n<p><span lang=\"RO\">Agen\u021bia Adventist\u0103 pentru Dezvoltare, Refacere \u0219i Ajutor din China furnizeaz\u0103 echipamente de protec\u021bie pentru a ajuta autorit\u0103\u021bile din domeniul s\u0103n\u0103t\u0103\u021bii publice s\u0103 fac\u0103 fa\u021b\u0103 focarului care a ucis mai mult de 1000 de persoane \u2013 dintre care doar dou\u0103 din afara Chinei \u2013 \u0219i a infectat mai mult de 45.000 din toat\u0103 lumea, a declarat Robert Folkenberg Jr., Pre\u0219edintele Uniunii de Misiuni din China a Bisericii Adventiste.<\/span><\/p>\n<p><span lang=\"RO\">\u00cen plus, membrii bisericii asist\u0103 profesioni\u0219tii chinezi din domeniul medical prin toate mijloacele posibile, a ad\u0103ugat el.<\/span><\/p>\n<p><span lang=\"RO\">\u201eFra\u021bii \u0219i surorile noastre din China se \u00eencred zilnic \u00een puterea lui Dumnezeu\u201d, a transmis acesta. \u201eEi fac, de asemenea, tot ce pot pentru a sus\u021bine spitalele \u0219i profesioni\u0219tii din domeniul medical direct implica\u021bi \u00een combaterea virusului \u00een aceste momente dificile. Rug\u0103ciunile dumneavoastr\u0103 de sus\u021binere \u00eenseamn\u0103 foarte mult pentru ei.\u201d<\/span><\/p>\n<p><span lang=\"RO\">Sunt disponibile pu\u021bine detalii cu privire la credinciosul adventist care s-a stins din via\u021b\u0103, \u0219i se \u0219tie c\u0103 cel pu\u021bin al\u021bi cinci membri ai bisericii se lupt\u0103 cu boala, a spus Folkenberg. Numeroase biserici adventiste se g\u0103sesc chiar \u00een Hubei, provincia chinez\u0103 din care a izbucnit focarul.<\/span><\/p>\n<p><span lang=\"RO\">Se \u0219tie pu\u021bin despre coronavirus. Se crede c\u0103 \u00eencepe cu o febr\u0103 urmat\u0103 de o tuse seac\u0103, iar dup\u0103 o s\u0103pt\u0103m\u00e2n\u0103 apar dificult\u0103\u021bi de respira\u021bie, potrivit BBC. Pentru a evita infec\u021bia cu noul coronavirus, agen\u021bia de \u0219tiri recomand\u0103 sp\u0103larea m\u00e2inilor cu s\u0103pun sau gel de m\u00e2ini, evitarea atingerii ochilor, nasului \u0219i gurii \u0219i p\u0103strarea unei distan\u021be de un metru de persoanele care tu\u0219esc.<\/span><\/p>\n<p><span lang=\"RO\">Pre\u0219edintele Bisericii Adventiste Ted N.C. Wilson, care a f\u0103cut joi, 30 ianuarie, un\u00a0<\/span><span lang=\"EN-GB\"><a href=\"https:\/\/www.adventist.ro\/index\/apel-la-rugaciune-din-partea-presedintelui-bisericii-adventiste-de-ziua-a-saptea-pentru-coronavirusul-din-china\/\" target=\"_blank\" rel=\"noopener noreferrer\" data-saferedirecturl=\"https:\/\/www.google.com\/url?q=https:\/\/www.adventist.ro\/index\/apel-la-rugaciune-din-partea-presedintelui-bisericii-adventiste-de-ziua-a-saptea-pentru-coronavirusul-din-china\/&#038;source=gmail&#038;ust=1581667549296000&#038;usg=AFQjCNF6tc7Wzg1_8aUAmG_LhRCJt5ukEA\"><span lang=\"RO\">apel la rug\u0103ciune<\/span><\/a><\/span><span lang=\"RO\">\u00a0pentru China \u0219i pentru celelalte regiuni ale lumii afectate de coronavirus, a spus c\u0103 noile restric\u021bii impuse de izbucnirea epidemiei ar putea duce la perturbarea activit\u0103\u021bilor misionare.<\/span><\/p>\n<p><span lang=\"RO\">\u201ePoate ap\u0103rea o \u00eentrerupere a activit\u0103\u021bii misionare \u00een orice zon\u0103 \u00een care apar restric\u021bii ca urmare a dezastrelor sau a unor situa\u021bii neobi\u0219nuite\u201d, a spus acesta.<\/span><\/p>\n<p><span lang=\"RO\">\u00a0Cu toate acestea, pastorul Wilson spune c\u0103 \u201emembrii bisericii au oportunitatea de a manifesta compasiunea lui Hristos \u00een ajutarea celor care se tem sau \u00een a \u00eendeplini nevoile celor afla\u021bi \u00een aceste situa\u021bii dificile.\u201d<\/span><\/p>\n<p><span lang=\"RO\">\u201e\u00cen orice parte a globului ne-am afla, este important s\u0103 ne d\u0103m seama de faptul c\u0103 fiecare situa\u021bie reprezint\u0103 o oportunitate pentru misiune \u0219i pentru a le sluji oamenilor prin implicarea tuturor membrilor \u0219i \u00een numele lui Isus\u201d, a ad\u0103ugat el.<\/span><\/p>\n<p><span lang=\"RO\">Wilson i-a aten\u021bionat pe credincio\u0219i cu privire la necesitatea rug\u0103ciunii \u00eenainte de a ac\u021biona.<\/span><\/p>\n<p><span lang=\"RO\">\u201eV\u0103 \u00eendemn s\u0103 v\u0103 ruga\u021bi pentru \u021binerea sub control \u0219i eradicarea acestei boli grave, pentru siguran\u021ba tuturor celor afecta\u021bi, at\u00e2t din China c\u00e2t \u0219i din afara ei, \u0219i pentru cei care au pierdut persoane dragi\u201d, a spus pastorul Wilson. \u201eAcum, c\u00e2nd ne apropiem de sf\u00e2r\u0219itul istoriei acestui P\u0103m\u00e2nt \u0219i de revenirea lui Hristos, folosi\u021bi orice ocazie pe care o ave\u021bi la dispozi\u021bie pentru a-I permite Duhului Sf\u00e2nt s\u0103 lucreze prin intermediul dumneavoastr\u0103 \u0219i s\u0103 ating\u0103 vie\u021bile oamenilor.<\/span><\/p>\n<p><span lang=\"RO\">Sursa:\u00a0<\/span><span lang=\"EN-GB\"><a href=\"https:\/\/www.adventistmission.org\/coronavirus-claims-first-adventist\" target=\"_blank\" rel=\"noopener noreferrer\" data-saferedirecturl=\"https:\/\/www.google.com\/url?q=https:\/\/www.adventistmission.org\/coronavirus-claims-first-adventist&#038;source=gmail&#038;ust=1581667549296000&#038;usg=AFQjCNFx0XGDRBsRiGt548recV1YRmw3BA\"><i><span lang=\"RO\">Adventist Mission<\/span><\/i><\/a><\/span><\/p>\n<\/div>\n<p class=\"wpematico_credit\"><small>Powered by <a href=\"http:\/\/www.wpematico.com\" target=\"_blank\" rel=\"noopener noreferrer\">WPeMatico<\/a><\/small><\/p>\n ","protected":false},"excerpt":{"rendered":"<p>Credincio\u0219ii adventi\u0219tii de ziua a \u0219aptea sunt \u00eendemna\u021bi s\u0103 se roage \u0219i s\u0103 manifeste o compasiune asemenea celei a lui Hristos, \u00een ce priveste situa\u021bia coronavirusului, nu doar \u00een China, ci la nivel mondial. De cur\u00e2nd acesta coronavirusul a f\u0103cut prima victim\u0103 adventist\u0103 \u00een China \u0219i amenin\u021b\u0103 cu perturbarea activit\u0103\u021bilor misionare publice din diferite regiuni &hellip; <a href=\"https:\/\/adventistoltenia.ro\/site\/coronavirusul-face-prima-victima-adventista\/\">Continued<\/a><\/p>\n","protected":false},"author":2,"featured_media":0,"comment_status":"open","ping_status":"closed","sticky":false,"template":"","format":"standard","meta":[],"categories":[71],"tags":[],"yoast_head":"<!-- This site is optimized with the Yoast SEO plugin v20.3 - https:\/\/yoast.com\/wordpress\/plugins\/seo\/ -->\n<title>Coronavirusul face prima victim\u0103 adventist\u0103 - Conferinta Oltenia<\/title>\n<meta name=\"robots\" content=\"index, follow, max-snippet:-1, max-image-preview:large, max-video-preview:-1\" \/>\n<link rel=\"canonical\" href=\"https:\/\/adventistoltenia.ro\/site\/coronavirusul-face-prima-victima-adventista\/\" \/>\n<meta property=\"og:locale\" content=\"en_US\" \/>\n<meta property=\"og:type\" content=\"article\" \/>\n<meta property=\"og:title\" content=\"Coronavirusul face prima victim\u0103 adventist\u0103 - Conferinta Oltenia\" \/>\n<meta property=\"og:description\" content=\"Credincio\u0219ii adventi\u0219tii de ziua a \u0219aptea sunt \u00eendemna\u021bi s\u0103 se roage \u0219i s\u0103 manifeste o compasiune asemenea celei a lui Hristos, \u00een ce priveste situa\u021bia coronavirusului, nu doar \u00een China, ci la nivel mondial. De cur\u00e2nd acesta coronavirusul a f\u0103cut prima victim\u0103 adventist\u0103 \u00een China \u0219i amenin\u021b\u0103 cu perturbarea activit\u0103\u021bilor misionare publice din diferite regiuni &hellip; Continued\" \/>\n<meta property=\"og:url\" content=\"https:\/\/adventistoltenia.ro\/site\/coronavirusul-face-prima-victima-adventista\/\" \/>\n<meta property=\"og:site_name\" content=\"Conferinta Oltenia\" \/>\n<meta property=\"article:published_time\" content=\"2020-02-14T01:15:28+00:00\" \/>\n<meta name=\"author\" content=\"Conferinta Oltenia\" \/>\n<meta name=\"twitter:card\" content=\"summary_large_image\" \/>\n<meta name=\"twitter:label1\" content=\"Written by\" \/>\n\t<meta name=\"twitter:data1\" content=\"Conferinta Oltenia\" \/>\n\t<meta name=\"twitter:label2\" content=\"Est. reading time\" \/>\n\t<meta name=\"twitter:data2\" content=\"3 minutes\" \/>\n<script type=\"application\/ld+json\" class=\"yoast-schema-graph\">{\"@context\":\"https:\/\/schema.org\",\"@graph\":[{\"@type\":\"WebPage\",\"@id\":\"https:\/\/adventistoltenia.ro\/site\/coronavirusul-face-prima-victima-adventista\/\",\"url\":\"https:\/\/adventistoltenia.ro\/site\/coronavirusul-face-prima-victima-adventista\/\",\"name\":\"Coronavirusul face prima victim\u0103 adventist\u0103 - Conferinta Oltenia\",\"isPartOf\":{\"@id\":\"https:\/\/adventistoltenia.ro\/site\/#website\"},\"datePublished\":\"2020-02-14T01:15:28+00:00\",\"dateModified\":\"2020-02-14T01:15:28+00:00\",\"author\":{\"@id\":\"https:\/\/adventistoltenia.ro\/site\/#\/schema\/person\/81972d6ddcec064fcb37a129240ef9d7\"},\"breadcrumb\":{\"@id\":\"https:\/\/adventistoltenia.ro\/site\/coronavirusul-face-prima-victima-adventista\/#breadcrumb\"},\"inLanguage\":\"en-US\",\"potentialAction\":[{\"@type\":\"ReadAction\",\"target\":[\"https:\/\/adventistoltenia.ro\/site\/coronavirusul-face-prima-victima-adventista\/\"]}]},{\"@type\":\"BreadcrumbList\",\"@id\":\"https:\/\/adventistoltenia.ro\/site\/coronavirusul-face-prima-victima-adventista\/#breadcrumb\",\"itemListElement\":[{\"@type\":\"ListItem\",\"position\":1,\"name\":\"Home\",\"item\":\"https:\/\/adventistoltenia.ro\/site\/\"},{\"@type\":\"ListItem\",\"position\":2,\"name\":\"Coronavirusul face prima victim\u0103 adventist\u0103\"}]},{\"@type\":\"WebSite\",\"@id\":\"https:\/\/adventistoltenia.ro\/site\/#website\",\"url\":\"https:\/\/adventistoltenia.ro\/site\/\",\"name\":\"Conferinta Oltenia\",\"description\":\"Biserica Adventista de Ziua a Saptea\",\"potentialAction\":[{\"@type\":\"SearchAction\",\"target\":{\"@type\":\"EntryPoint\",\"urlTemplate\":\"https:\/\/adventistoltenia.ro\/site\/?s={search_term_string}\"},\"query-input\":\"required name=search_term_string\"}],\"inLanguage\":\"en-US\"},{\"@type\":\"Person\",\"@id\":\"https:\/\/adventistoltenia.ro\/site\/#\/schema\/person\/81972d6ddcec064fcb37a129240ef9d7\",\"name\":\"Conferinta Oltenia\",\"image\":{\"@type\":\"ImageObject\",\"inLanguage\":\"en-US\",\"@id\":\"https:\/\/adventistoltenia.ro\/site\/#\/schema\/person\/image\/\",\"url\":\"https:\/\/secure.gravatar.com\/avatar\/ebe92ec22e2e53a8eb79d6b52b724e27?s=96&d=mm&r=g\",\"contentUrl\":\"https:\/\/secure.gravatar.com\/avatar\/ebe92ec22e2e53a8eb79d6b52b724e27?s=96&d=mm&r=g\",\"caption\":\"Conferinta Oltenia\"},\"url\":\"https:\/\/adventistoltenia.ro\/site\/author\/adm1n\/\"}]}<\/script>\n<!-- \/ Yoast SEO plugin. -->","yoast_head_json":{"title":"Coronavirusul face prima victim\u0103 adventist\u0103 - Conferinta Oltenia","robots":{"index":"index","follow":"follow","max-snippet":"max-snippet:-1","max-image-preview":"max-image-preview:large","max-video-preview":"max-video-preview:-1"},"canonical":"https:\/\/adventistoltenia.ro\/site\/coronavirusul-face-prima-victima-adventista\/","og_locale":"en_US","og_type":"article","og_title":"Coronavirusul face prima victim\u0103 adventist\u0103 - Conferinta Oltenia","og_description":"Credincio\u0219ii adventi\u0219tii de ziua a \u0219aptea sunt \u00eendemna\u021bi s\u0103 se roage \u0219i s\u0103 manifeste o compasiune asemenea celei a lui Hristos, \u00een ce priveste situa\u021bia coronavirusului, nu doar \u00een China, ci la nivel mondial. De cur\u00e2nd acesta coronavirusul a f\u0103cut prima victim\u0103 adventist\u0103 \u00een China \u0219i amenin\u021b\u0103 cu perturbarea activit\u0103\u021bilor misionare publice din diferite regiuni &hellip; Continued","og_url":"https:\/\/adventistoltenia.ro\/site\/coronavirusul-face-prima-victima-adventista\/","og_site_name":"Conferinta Oltenia","article_published_time":"2020-02-14T01:15:28+00:00","author":"Conferinta Oltenia","twitter_card":"summary_large_image","twitter_misc":{"Written by":"Conferinta Oltenia","Est. reading time":"3 minutes"},"schema":{"@context":"https:\/\/schema.org","@graph":[{"@type":"WebPage","@id":"https:\/\/adventistoltenia.ro\/site\/coronavirusul-face-prima-victima-adventista\/","url":"https:\/\/adventistoltenia.ro\/site\/coronavirusul-face-prima-victima-adventista\/","name":"Coronavirusul face prima victim\u0103 adventist\u0103 - Conferinta Oltenia","isPartOf":{"@id":"https:\/\/adventistoltenia.ro\/site\/#website"},"datePublished":"2020-02-14T01:15:28+00:00","dateModified":"2020-02-14T01:15:28+00:00","author":{"@id":"https:\/\/adventistoltenia.ro\/site\/#\/schema\/person\/81972d6ddcec064fcb37a129240ef9d7"},"breadcrumb":{"@id":"https:\/\/adventistoltenia.ro\/site\/coronavirusul-face-prima-victima-adventista\/#breadcrumb"},"inLanguage":"en-US","potentialAction":[{"@type":"ReadAction","target":["https:\/\/adventistoltenia.ro\/site\/coronavirusul-face-prima-victima-adventista\/"]}]},{"@type":"BreadcrumbList","@id":"https:\/\/adventistoltenia.ro\/site\/coronavirusul-face-prima-victima-adventista\/#breadcrumb","itemListElement":[{"@type":"ListItem","position":1,"name":"Home","item":"https:\/\/adventistoltenia.ro\/site\/"},{"@type":"ListItem","position":2,"name":"Coronavirusul face prima victim\u0103 adventist\u0103"}]},{"@type":"WebSite","@id":"https:\/\/adventistoltenia.ro\/site\/#website","url":"https:\/\/adventistoltenia.ro\/site\/","name":"Conferinta Oltenia","description":"Biserica Adventista de Ziua a Saptea","potentialAction":[{"@type":"SearchAction","target":{"@type":"EntryPoint","urlTemplate":"https:\/\/adventistoltenia.ro\/site\/?s={search_term_string}"},"query-input":"required name=search_term_string"}],"inLanguage":"en-US"},{"@type":"Person","@id":"https:\/\/adventistoltenia.ro\/site\/#\/schema\/person\/81972d6ddcec064fcb37a129240ef9d7","name":"Conferinta Oltenia","image":{"@type":"ImageObject","inLanguage":"en-US","@id":"https:\/\/adventistoltenia.ro\/site\/#\/schema\/person\/image\/","url":"https:\/\/secure.gravatar.com\/avatar\/ebe92ec22e2e53a8eb79d6b52b724e27?s=96&d=mm&r=g","contentUrl":"https:\/\/secure.gravatar.com\/avatar\/ebe92ec22e2e53a8eb79d6b52b724e27?s=96&d=mm&r=g","caption":"Conferinta Oltenia"},"url":"https:\/\/adventistoltenia.ro\/site\/author\/adm1n\/"}]}},"_links":{"self":[{"href":"https:\/\/adventistoltenia.ro\/site\/wp-json\/wp\/v2\/posts\/3198"}],"collection":[{"href":"https:\/\/adventistoltenia.ro\/site\/wp-json\/wp\/v2\/posts"}],"about":[{"href":"https:\/\/adventistoltenia.ro\/site\/wp-json\/wp\/v2\/types\/post"}],"author":[{"embeddable":true,"href":"https:\/\/adventistoltenia.ro\/site\/wp-json\/wp\/v2\/users\/2"}],"replies":[{"embeddable":true,"href":"https:\/\/adventistoltenia.ro\/site\/wp-json\/wp\/v2\/comments?post=3198"}],"version-history":[{"count":0,"href":"https:\/\/adventistoltenia.ro\/site\/wp-json\/wp\/v2\/posts\/3198\/revisions"}],"wp:attachment":[{"href":"https:\/\/adventistoltenia.ro\/site\/wp-json\/wp\/v2\/media?parent=3198"}],"wp:term":[{"taxonomy":"category","embeddable":true,"href":"https:\/\/adventistoltenia.ro\/site\/wp-json\/wp\/v2\/categories?post=3198"},{"taxonomy":"post_tag","embeddable":true,"href":"https:\/\/adventistoltenia.ro\/site\/wp-json\/wp\/v2\/tags?post=3198"}],"curies":[{"name":"wp","href":"https:\/\/api.w.org\/{rel}","templated":true}]}}