{"id":3199,"date":"2020-02-15T01:08:11","date_gmt":"2020-02-15T01:08:11","guid":{"rendered":"http:\/\/adventistoltenia.ro\/site\/credeam-ca-sunt-prea-batrana-pentru-a-fi-misionar\/"},"modified":"2020-02-15T01:08:11","modified_gmt":"2020-02-15T01:08:11","slug":"credeam-ca-sunt-prea-batrana-pentru-a-fi-misionar","status":"publish","type":"post","link":"https:\/\/adventistoltenia.ro\/site\/credeam-ca-sunt-prea-batrana-pentru-a-fi-misionar\/","title":{"rendered":"\u201eCredeam c\u0103 sunt prea b\u0103tr\u00e2n\u0103 pentru a fi misionar\u201d"},"content":{"rendered":"<div>\n<p><span lang=\"RO\">\u201eCredeam c\u0103 Dumnezeu nu m\u0103 mai putea folosi dup\u0103 ce am predat timp de 34 de ani\u201d, a spus Belinda Ennes, \u201e\u00eens\u0103 mi-a oferit aventura vie\u021bii mele!\u201d<\/span><\/p>\n<p><span lang=\"RO\">Ennes este directoarea unei \u0219coli adventiste de ziua a \u0219aptea din insula Yap, arhipelagul Carolinelor, din Pacificul de Vest.<\/span><\/p>\n<p><span lang=\"RO\">Yap este cunoscut\u0103 mai ales pentru diavolii de mare, uria\u0219ii prieteno\u0219i care alunec\u0103 prin apele sale limpezi ca cristalul, pentru c\u0103 locuitorii obi\u0219nuiau s\u0103 utilizeze monede uria\u0219e de piatr\u0103 ca monede de schimb \u0219i pentru istoria bogat\u0103 legat\u0103 de cel de-al Doilea R\u0103zboi Mondial.<\/span><\/p>\n<p><span lang=\"RO\">\u201eYap mi-a dep\u0103\u0219it cu mult a\u0219tept\u0103rile\u201d, a declarat Ennes. \u201ecu excep\u021bia faptului c\u0103 nu exist\u0103 animale periculoase\u201d, a glumit ea. \u201eCredeam c\u0103 e normal s\u0103 existe.\u201d<\/span><\/p>\n<p><span lang=\"RO\">\u201eIubesc copiii \u0219i cultura insulei\u201d, a ad\u0103ugat Ennes. \u201ePe Yap nu \u00eei pas\u0103 nim\u0103nui de statut, copiii nu vin la \u0219coal\u0103 cu iPhone-ul \u0219i nu avem probleme cu atacurile armate la \u0219coal\u0103, pentru c\u0103 pe insul\u0103 nu exist\u0103 arme. Totul este at\u00e2t de diferit de \u0219coala de ora\u0219 la care am lucrat timp de 14 ani \u00eenainte de a m\u0103 pensiona la v\u00e2rsta de 70 de ani.\u201d<\/span><\/p>\n<p><span lang=\"RO\">Cu toate acestea, exist\u0103 \u0219i unele asem\u0103n\u0103ri, a spus Ennes.<\/span><\/p>\n<p><span lang=\"RO\">\u201eCopii de aici, asemenea celor din ora\u0219ele americane, doresc cu disperare s\u0103 aib\u0103 speran\u021b\u0103\u201d, a spus ea. \u201eFaptul c\u0103 le pot oferi acea speran\u021b\u0103 prin credin\u021ba \u00een Isus Hristos este cel mai satisf\u0103c\u0103tor aspect al vie\u021bii mele aici.\u201d<\/span><\/p>\n<p><span lang=\"RO\">Yap face parte din Statele Federate ale Microneziei, o \u021bar\u0103 independent\u0103 care are leg\u0103turi str\u00e2nse cu Statele Unite. Locuitorii insulelor au dreptul s\u0103 tr\u0103iasc\u0103 \u0219i s\u0103 lucreze \u00een Statele Unite, folosesc dolarul american ca moned\u0103 de schimb, iar \u021bara are un acord de securitate cu Statele Unite.<\/span><\/p>\n<p><span lang=\"RO\">\u201eDatorit\u0103 leg\u0103turilor apropiate cu Statele Unite, cet\u0103\u021benilor americani le este foarte simplu s\u0103 tr\u0103iasc\u0103 \u0219i s\u0103 lucreze aici\u201d, a spus Ennes. \u201eAm completat formularul prin\u00a0<i>Adventist Volunteer Services<\/i>\u00a0[Serviciul Adventist de Voluntariat] \u00eentr-o zi de miercuri, iar \u00een urm\u0103toarea duminic\u0103 am primit un telefon de pe insul\u0103, fiind informat\u0103 c\u0103 voi fi noua directoare. Trei luni mai t\u00e2rziu participam la o \u00eent\u00e2lnire \u00een Honolulu cu ceilal\u021bi directori ai \u0219colilor noastre din Micronezia.\u201d<\/span><\/p>\n<p><span lang=\"RO\">\u201e\u00cemi place faptul c\u0103 majoritatea profesorilor no\u0219tri sunt studen\u021bi misionari. Sunt ni\u0219te tineri minuna\u021bi, pozitivi \u0219i dedica\u021bi cum rar \u00ee\u021bi e dat s\u0103 \u00eent\u00e2lne\u0219ti\u201d, a spus Ennes. \u201eEu trebuie s\u0103 \u00eei instruiesc \u0219i s\u0103 le fiu mentor \u0219i apreciez dragostea \u0219i respectul pe care le primesc din partea lor.\u201d<\/span><\/p>\n<p><span lang=\"RO\">Apropierea lui Ennes de studen\u021bii misionari \u00eencepe s\u0103 aib\u0103 sens c\u00e2nd afli c\u0103 se afl\u0103 pe insul\u0103 pentru unul dintre el. \u201eEste vina nepoatei mele\u201d, a spus Ennes chicotind \u0219i cu o lic\u0103rire \u00een ochii alba\u0219tri. \u201eAm sus\u021binut-o pentru a studia \u00een \u0219coli \u0219i \u00een universit\u0103\u021bi adventiste. Este singura adventist\u0103 dintre nepo\u021bii mei \u0219i am v\u0103zut \u00een via\u021ba ei importan\u021ba educa\u021biei adventiste. Sluje\u0219te ca student misionar \u00een Micronezia \u0219i m-a \u00eencurajat s\u0103 vin \u0219i eu. M\u0103 aflu aici din cauza ei.\u201d<\/span><\/p>\n<p><span lang=\"RO\">Leah Lauzon din Port Heron, Michigan, Statele Unite, se afl\u0103 \u00een Yap pentru al doilea an consecutiv.<\/span><\/p>\n<p><span lang=\"RO\">\u201ePrin modul \u00een care se comport\u0103 cu elevii \u0219i cu noi, Ennes m-a inspirat s\u0103 \u00eemi schimb planurile de viitor. Astfel, nu \u00eemi mai doresc s\u0103 devin designer grafic, ci profesor\u201d, a spus Lauzon. \u201eMi-a ar\u0103tat c\u0103 educa\u021bia \u00eenseamn\u0103 s\u0103 te apropii de copii, s\u0103 cl\u0103de\u0219ti rela\u021bii \u0219i s\u0103 \u00eei aju\u021bi \u00een via\u021b\u0103. Nu este vorba doar despre educa\u021bie, ci \u0219i despre m\u00e2ntuirea lor. Ne-a demonstrat zi de zi ce \u00eenseamn\u0103 s\u0103 fii profesor adventist.\u201d<\/span><\/p>\n<p><span lang=\"RO\">Nathan Moravetz, care a cunoscut-o pe Leah \u00een Camp au Sable, \u00een Michigan, \u00eenainte de a veni pe insul\u0103, \u00eei \u00eemp\u0103rt\u0103\u0219e\u0219te opinia.<\/span><\/p>\n<p><span lang=\"RO\">\u201eAici avem nevoie de profesori pensiona\u021bi deoarece ei au at\u00e2t experien\u021b\u0103 c\u00e2t \u0219i motiva\u021bie pentru misiune\u201d, a spus Moravetz. \u201eEnnes este dedicat\u0103 \u0219i este pasionat\u0103 de lucrarea cu tinerii. Avem, cu adev\u0103rat, nevoie de experien\u021ba ei. \u00cen plus, ea ne face s\u0103 ne sim\u021bim \u00een familie, ceea ce apreciem foarte mult. Noi, studen\u021bii misionari, avem energie, \u00eens\u0103 ne lipse\u0219te experien\u021ba. Ea ne binecuv\u00e2nteaz\u0103 cu experien\u021ba ei bogat\u0103.\u201d<\/span><\/p>\n<p><span lang=\"RO\">Ennes, care s-a mutat din Gentry, Arkansas, pentru a fi aproape de surorile \u0219i de fratele ei, a adus un suflu nou \u0219i a oferit o direc\u021bie \u0219colii de pe insula Yap. Doi dintre fra\u021bii ei au venit pe insul\u0103 pentru a experimenta aventura \u0219i pentru a o sus\u021bine. \u201eSlujirea pe insula Yap a fost o binecuv\u00e2ntare pentru noi to\u021bi\u201d, a spus ea.<\/span><\/p>\n<p><span lang=\"RO\">\u201eObi\u0219nuiam s\u0103 stau \u00een biseric\u0103 ascult\u00e2nd povestirile misionarilor \u0219i g\u00e2ndindu-m\u0103 c\u0103 mi-ar pl\u0103cea ca \u00eentr-o zi s\u0103 fiu \u0219i eu unul\u201d, a continuat Ennes. \u201eDar odat\u0103 cu trecerea timpului am ajuns s\u0103 cred c\u0103 eram prea b\u0103tr\u00e2n\u0103. Presupun c\u0103 Dumnezeu a fost de alt\u0103 p\u0103rere, pentru c\u0103 m\u0103 aflu aici \u0219i \u00eemi place.\u201d<\/span><\/p>\n<p><span lang=\"RO\">\u201e\u00cei suntem recunosc\u0103tori lui Dumnezeu pentru c\u0103 a trimis-o pe Belinda pe insula Yap\u201d, a spus Arne Nielsen, Vice-pre\u0219edinte pentru educa\u021bie \u00een cadrul Diviziunii Nord-americane. \u201eExperien\u021ba \u0219i bun\u0103tatea ei sunt mai valoroase dec\u00e2t \u00ee\u0219i poate imagina.\u201d<\/span><\/p>\n<p><span lang=\"RO\">Dac\u0103 sunte\u021bi profesor pensionar sau v\u0103 pricepe\u021bi la renovarea cl\u0103dirilor \u0219i Dumnezeu \u00eenc\u0103 v\u0103 mai poate folosi, de ce nu r\u0103spunde\u021bi chem\u0103rii Lui de a experimenta aventura misiunii \u00een Micronezia? Ve\u021bi fi iubit, respectat \u0219i necesar \u00een fiecare zi petrecut\u0103 acolo. Iar dup\u0103 o zi \u00een care \u00eemp\u0103rt\u0103\u0219i\u021bi dragostea lui Hristos cu familiile de pe insula Yap, pute\u021bi oric\u00e2nd ceda ispitei de a \u00eenota cu diavolii de mare sau de a merge \u00eentr-o drume\u021bie prin jungl\u0103 pentru explora epavele avioanelor de lupt\u0103 d\u0103r\u00e2mate \u00een timpul celui de-al Doilea R\u0103zboi Mondial. Poate c\u0103 Dumnezeu v-a preg\u0103tit aventura misiunii \u00een Micronezia.<\/span><\/p>\n<p><span lang=\"RO\">Sursa:\u00a0<\/span><span lang=\"EN-GB\"><a href=\"https:\/\/www.adventistreview.org\/i-thought-i-was-too-old-for-mission-service\" target=\"_blank\" rel=\"noopener noreferrer\" data-saferedirecturl=\"https:\/\/www.google.com\/url?q=https:\/\/www.adventistreview.org\/i-thought-i-was-too-old-for-mission-service&#038;source=gmail&#038;ust=1581667549304000&#038;usg=AFQjCNF6XmjLwH2g06sx6zXEa31M-gnkAw\"><span lang=\"RO\">Adventist Review<\/span><\/a><\/span><\/p>\n<\/div>\n<p class=\"wpematico_credit\"><small>Powered by <a href=\"http:\/\/www.wpematico.com\" target=\"_blank\" rel=\"noopener noreferrer\">WPeMatico<\/a><\/small><\/p>\n ","protected":false},"excerpt":{"rendered":"<p>\u201eCredeam c\u0103 Dumnezeu nu m\u0103 mai putea folosi dup\u0103 ce am predat timp de 34 de ani\u201d, a spus Belinda Ennes, \u201e\u00eens\u0103 mi-a oferit aventura vie\u021bii mele!\u201d Ennes este directoarea unei \u0219coli adventiste de ziua a \u0219aptea din insula Yap, arhipelagul Carolinelor, din Pacificul de Vest. Yap este cunoscut\u0103 mai ales pentru diavolii de mare, &hellip; <a href=\"https:\/\/adventistoltenia.ro\/site\/credeam-ca-sunt-prea-batrana-pentru-a-fi-misionar\/\">Continued<\/a><\/p>\n","protected":false},"author":2,"featured_media":0,"comment_status":"open","ping_status":"closed","sticky":false,"template":"","format":"standard","meta":[],"categories":[71],"tags":[],"yoast_head":"<!-- This site is optimized with the Yoast SEO plugin v20.3 - https:\/\/yoast.com\/wordpress\/plugins\/seo\/ -->\n<title>\u201eCredeam c\u0103 sunt prea b\u0103tr\u00e2n\u0103 pentru a fi misionar\u201d - Conferinta Oltenia<\/title>\n<meta name=\"robots\" content=\"index, follow, max-snippet:-1, max-image-preview:large, max-video-preview:-1\" \/>\n<link rel=\"canonical\" href=\"https:\/\/adventistoltenia.ro\/site\/credeam-ca-sunt-prea-batrana-pentru-a-fi-misionar\/\" \/>\n<meta property=\"og:locale\" content=\"en_US\" \/>\n<meta property=\"og:type\" content=\"article\" \/>\n<meta property=\"og:title\" content=\"\u201eCredeam c\u0103 sunt prea b\u0103tr\u00e2n\u0103 pentru a fi misionar\u201d - Conferinta Oltenia\" \/>\n<meta property=\"og:description\" content=\"\u201eCredeam c\u0103 Dumnezeu nu m\u0103 mai putea folosi dup\u0103 ce am predat timp de 34 de ani\u201d, a spus Belinda Ennes, \u201e\u00eens\u0103 mi-a oferit aventura vie\u021bii mele!\u201d Ennes este directoarea unei \u0219coli adventiste de ziua a \u0219aptea din insula Yap, arhipelagul Carolinelor, din Pacificul de Vest. Yap este cunoscut\u0103 mai ales pentru diavolii de mare, &hellip; Continued\" \/>\n<meta property=\"og:url\" content=\"https:\/\/adventistoltenia.ro\/site\/credeam-ca-sunt-prea-batrana-pentru-a-fi-misionar\/\" \/>\n<meta property=\"og:site_name\" content=\"Conferinta Oltenia\" \/>\n<meta property=\"article:published_time\" content=\"2020-02-15T01:08:11+00:00\" \/>\n<meta name=\"author\" content=\"Conferinta Oltenia\" \/>\n<meta name=\"twitter:card\" content=\"summary_large_image\" \/>\n<meta name=\"twitter:label1\" content=\"Written by\" \/>\n\t<meta name=\"twitter:data1\" content=\"Conferinta Oltenia\" \/>\n\t<meta name=\"twitter:label2\" content=\"Est. reading time\" \/>\n\t<meta name=\"twitter:data2\" content=\"5 minutes\" \/>\n<script type=\"application\/ld+json\" class=\"yoast-schema-graph\">{\"@context\":\"https:\/\/schema.org\",\"@graph\":[{\"@type\":\"WebPage\",\"@id\":\"https:\/\/adventistoltenia.ro\/site\/credeam-ca-sunt-prea-batrana-pentru-a-fi-misionar\/\",\"url\":\"https:\/\/adventistoltenia.ro\/site\/credeam-ca-sunt-prea-batrana-pentru-a-fi-misionar\/\",\"name\":\"\u201eCredeam c\u0103 sunt prea b\u0103tr\u00e2n\u0103 pentru a fi misionar\u201d - Conferinta Oltenia\",\"isPartOf\":{\"@id\":\"https:\/\/adventistoltenia.ro\/site\/#website\"},\"datePublished\":\"2020-02-15T01:08:11+00:00\",\"dateModified\":\"2020-02-15T01:08:11+00:00\",\"author\":{\"@id\":\"https:\/\/adventistoltenia.ro\/site\/#\/schema\/person\/81972d6ddcec064fcb37a129240ef9d7\"},\"breadcrumb\":{\"@id\":\"https:\/\/adventistoltenia.ro\/site\/credeam-ca-sunt-prea-batrana-pentru-a-fi-misionar\/#breadcrumb\"},\"inLanguage\":\"en-US\",\"potentialAction\":[{\"@type\":\"ReadAction\",\"target\":[\"https:\/\/adventistoltenia.ro\/site\/credeam-ca-sunt-prea-batrana-pentru-a-fi-misionar\/\"]}]},{\"@type\":\"BreadcrumbList\",\"@id\":\"https:\/\/adventistoltenia.ro\/site\/credeam-ca-sunt-prea-batrana-pentru-a-fi-misionar\/#breadcrumb\",\"itemListElement\":[{\"@type\":\"ListItem\",\"position\":1,\"name\":\"Home\",\"item\":\"https:\/\/adventistoltenia.ro\/site\/\"},{\"@type\":\"ListItem\",\"position\":2,\"name\":\"\u201eCredeam c\u0103 sunt prea b\u0103tr\u00e2n\u0103 pentru a fi misionar\u201d\"}]},{\"@type\":\"WebSite\",\"@id\":\"https:\/\/adventistoltenia.ro\/site\/#website\",\"url\":\"https:\/\/adventistoltenia.ro\/site\/\",\"name\":\"Conferinta Oltenia\",\"description\":\"Biserica Adventista de Ziua a Saptea\",\"potentialAction\":[{\"@type\":\"SearchAction\",\"target\":{\"@type\":\"EntryPoint\",\"urlTemplate\":\"https:\/\/adventistoltenia.ro\/site\/?s={search_term_string}\"},\"query-input\":\"required name=search_term_string\"}],\"inLanguage\":\"en-US\"},{\"@type\":\"Person\",\"@id\":\"https:\/\/adventistoltenia.ro\/site\/#\/schema\/person\/81972d6ddcec064fcb37a129240ef9d7\",\"name\":\"Conferinta Oltenia\",\"image\":{\"@type\":\"ImageObject\",\"inLanguage\":\"en-US\",\"@id\":\"https:\/\/adventistoltenia.ro\/site\/#\/schema\/person\/image\/\",\"url\":\"https:\/\/secure.gravatar.com\/avatar\/ebe92ec22e2e53a8eb79d6b52b724e27?s=96&d=mm&r=g\",\"contentUrl\":\"https:\/\/secure.gravatar.com\/avatar\/ebe92ec22e2e53a8eb79d6b52b724e27?s=96&d=mm&r=g\",\"caption\":\"Conferinta Oltenia\"},\"url\":\"https:\/\/adventistoltenia.ro\/site\/author\/adm1n\/\"}]}<\/script>\n<!-- \/ Yoast SEO plugin. -->","yoast_head_json":{"title":"\u201eCredeam c\u0103 sunt prea b\u0103tr\u00e2n\u0103 pentru a fi misionar\u201d - Conferinta Oltenia","robots":{"index":"index","follow":"follow","max-snippet":"max-snippet:-1","max-image-preview":"max-image-preview:large","max-video-preview":"max-video-preview:-1"},"canonical":"https:\/\/adventistoltenia.ro\/site\/credeam-ca-sunt-prea-batrana-pentru-a-fi-misionar\/","og_locale":"en_US","og_type":"article","og_title":"\u201eCredeam c\u0103 sunt prea b\u0103tr\u00e2n\u0103 pentru a fi misionar\u201d - Conferinta Oltenia","og_description":"\u201eCredeam c\u0103 Dumnezeu nu m\u0103 mai putea folosi dup\u0103 ce am predat timp de 34 de ani\u201d, a spus Belinda Ennes, \u201e\u00eens\u0103 mi-a oferit aventura vie\u021bii mele!\u201d Ennes este directoarea unei \u0219coli adventiste de ziua a \u0219aptea din insula Yap, arhipelagul Carolinelor, din Pacificul de Vest. Yap este cunoscut\u0103 mai ales pentru diavolii de mare, &hellip; Continued","og_url":"https:\/\/adventistoltenia.ro\/site\/credeam-ca-sunt-prea-batrana-pentru-a-fi-misionar\/","og_site_name":"Conferinta Oltenia","article_published_time":"2020-02-15T01:08:11+00:00","author":"Conferinta Oltenia","twitter_card":"summary_large_image","twitter_misc":{"Written by":"Conferinta Oltenia","Est. reading time":"5 minutes"},"schema":{"@context":"https:\/\/schema.org","@graph":[{"@type":"WebPage","@id":"https:\/\/adventistoltenia.ro\/site\/credeam-ca-sunt-prea-batrana-pentru-a-fi-misionar\/","url":"https:\/\/adventistoltenia.ro\/site\/credeam-ca-sunt-prea-batrana-pentru-a-fi-misionar\/","name":"\u201eCredeam c\u0103 sunt prea b\u0103tr\u00e2n\u0103 pentru a fi misionar\u201d - Conferinta Oltenia","isPartOf":{"@id":"https:\/\/adventistoltenia.ro\/site\/#website"},"datePublished":"2020-02-15T01:08:11+00:00","dateModified":"2020-02-15T01:08:11+00:00","author":{"@id":"https:\/\/adventistoltenia.ro\/site\/#\/schema\/person\/81972d6ddcec064fcb37a129240ef9d7"},"breadcrumb":{"@id":"https:\/\/adventistoltenia.ro\/site\/credeam-ca-sunt-prea-batrana-pentru-a-fi-misionar\/#breadcrumb"},"inLanguage":"en-US","potentialAction":[{"@type":"ReadAction","target":["https:\/\/adventistoltenia.ro\/site\/credeam-ca-sunt-prea-batrana-pentru-a-fi-misionar\/"]}]},{"@type":"BreadcrumbList","@id":"https:\/\/adventistoltenia.ro\/site\/credeam-ca-sunt-prea-batrana-pentru-a-fi-misionar\/#breadcrumb","itemListElement":[{"@type":"ListItem","position":1,"name":"Home","item":"https:\/\/adventistoltenia.ro\/site\/"},{"@type":"ListItem","position":2,"name":"\u201eCredeam c\u0103 sunt prea b\u0103tr\u00e2n\u0103 pentru a fi misionar\u201d"}]},{"@type":"WebSite","@id":"https:\/\/adventistoltenia.ro\/site\/#website","url":"https:\/\/adventistoltenia.ro\/site\/","name":"Conferinta Oltenia","description":"Biserica Adventista de Ziua a Saptea","potentialAction":[{"@type":"SearchAction","target":{"@type":"EntryPoint","urlTemplate":"https:\/\/adventistoltenia.ro\/site\/?s={search_term_string}"},"query-input":"required name=search_term_string"}],"inLanguage":"en-US"},{"@type":"Person","@id":"https:\/\/adventistoltenia.ro\/site\/#\/schema\/person\/81972d6ddcec064fcb37a129240ef9d7","name":"Conferinta Oltenia","image":{"@type":"ImageObject","inLanguage":"en-US","@id":"https:\/\/adventistoltenia.ro\/site\/#\/schema\/person\/image\/","url":"https:\/\/secure.gravatar.com\/avatar\/ebe92ec22e2e53a8eb79d6b52b724e27?s=96&d=mm&r=g","contentUrl":"https:\/\/secure.gravatar.com\/avatar\/ebe92ec22e2e53a8eb79d6b52b724e27?s=96&d=mm&r=g","caption":"Conferinta Oltenia"},"url":"https:\/\/adventistoltenia.ro\/site\/author\/adm1n\/"}]}},"_links":{"self":[{"href":"https:\/\/adventistoltenia.ro\/site\/wp-json\/wp\/v2\/posts\/3199"}],"collection":[{"href":"https:\/\/adventistoltenia.ro\/site\/wp-json\/wp\/v2\/posts"}],"about":[{"href":"https:\/\/adventistoltenia.ro\/site\/wp-json\/wp\/v2\/types\/post"}],"author":[{"embeddable":true,"href":"https:\/\/adventistoltenia.ro\/site\/wp-json\/wp\/v2\/users\/2"}],"replies":[{"embeddable":true,"href":"https:\/\/adventistoltenia.ro\/site\/wp-json\/wp\/v2\/comments?post=3199"}],"version-history":[{"count":0,"href":"https:\/\/adventistoltenia.ro\/site\/wp-json\/wp\/v2\/posts\/3199\/revisions"}],"wp:attachment":[{"href":"https:\/\/adventistoltenia.ro\/site\/wp-json\/wp\/v2\/media?parent=3199"}],"wp:term":[{"taxonomy":"category","embeddable":true,"href":"https:\/\/adventistoltenia.ro\/site\/wp-json\/wp\/v2\/categories?post=3199"},{"taxonomy":"post_tag","embeddable":true,"href":"https:\/\/adventistoltenia.ro\/site\/wp-json\/wp\/v2\/tags?post=3199"}],"curies":[{"name":"wp","href":"https:\/\/api.w.org\/{rel}","templated":true}]}}