{"id":3201,"date":"2020-02-15T01:08:11","date_gmt":"2020-02-15T01:08:11","guid":{"rendered":"http:\/\/adventistoltenia.ro\/site\/merita-sa-investim-in-tinerii-nostri\/"},"modified":"2020-02-15T01:08:11","modified_gmt":"2020-02-15T01:08:11","slug":"merita-sa-investim-in-tinerii-nostri","status":"publish","type":"post","link":"https:\/\/adventistoltenia.ro\/site\/merita-sa-investim-in-tinerii-nostri\/","title":{"rendered":"Merit\u0103 s\u0103 investim \u00een tinerii no\u0219tri"},"content":{"rendered":"<div>\n<p>Timp de mai mult de 10 ani, biserica adventist\u0103 din Laurel, Mississippi, Statele Unite, a depus \u00een mod con\u0219tient eforturi pentru a-i c\u00e2\u0219tiga pe tineri pentru Isus. Acestea au devenit parte integrant\u0103 a identit\u0103\u021bii membrilor \u0219i a bisericii locale, \u0219i dau rezultate.<\/p>\n<p>Tinerii afilia\u021bi bisericii au parte de o experien\u021b\u0103 cu Dumnezeu pe care cu greu o pot uita. Copiii, adolescen\u021bii \u0219i tinerii dezvolt\u0103 o rela\u021bie cu Isus pe care o vor lua cu ei oriunde vor merge.<\/p>\n<p>\u201eMembrii nu numai c\u0103 ne fac s\u0103 ne sim\u021bim bine, ci ni-L prezint\u0103 pe Isus astfel \u00eenc\u00e2t este u\u0219or s\u0103 \u00cel cunoa\u0219tem \u0219i s\u0103 ne \u00eendr\u0103gostim de El\u201d, spune Laken Mirritt, o t\u00e2n\u0103r\u0103 instructoare a bisericii din Laurel. Tinerii iau cu ei ceea ce \u00eenva\u021b\u0103 despre Isus chiar dac\u0103 se \u00eendep\u0103rteaz\u0103 de biseric\u0103. De\u0219i e posibil s\u0103 nu mai frecventeze biserica sau s\u0103 se \u00eendep\u0103rteze de Dumnezeu, Biserica Adventist\u0103 r\u0103m\u00e2ne casa lor, iar la timpul potrivit se \u00eentorc.<\/p>\n<p>\u00cen tinere\u021be, Merritt a frecventat biserica, a plecat pentru un timp, dup\u0103 care s-a \u00eentors. \u201eDup\u0103 ce l-am cunoscut pe so\u021bul meu, acesta a dorit s\u0103 afle mai multe despre Biserica Adventist\u0103, a\u0219a c\u0103 am \u00eenceput studiile biblice cu unchiul Renny \u0219i cu m\u0103tu\u0219a Judy, iar c\u00e2nd participam la ele \u0219tiam c\u0103 Dumnezeu m-a adus \u00eenapoi unde trebuia s\u0103 fiu\u201d, a \u00eemp\u0103rt\u0103\u0219it aceasta.<\/p>\n<p>Acum, Merritt spune c\u0103 propriilor copii \u201ele place \u0219i abia a\u0219teapt\u0103 s\u0103 mearg\u0103 la biseric\u0103 \u0219i povestesc despre ceea ce \u00eenva\u021b\u0103\u201d.<\/p>\n<p>Experien\u021ba lui Merritt a inspirat-o s\u0103 devin\u0103 instructor al tinerilor \u00eempreun\u0103 cu so\u021bul ei Rick. \u201eVreau s\u0103 produc o schimbare \u00een vie\u021bile lor, a\u0219a cum au f\u0103cut dna Kathy \u0219i dnul Kelly \u00een dreptul meu.<\/p>\n<p>Merritt nu este un caz singular. \u0218i al\u021bii care au frecventat programele de tineret ale bisericii s-au \u00eentors \u00eempreun\u0103 cu familiile lor, iar acum se ocup\u0103 de coordonarea clubului de exploratori, a programului s\u0103pt\u0103m\u00e2nal \u00een stilul \u0218colii Biblice de Vacan\u021b\u0103 dedicat comunit\u0103\u021bii locale, \u0219i de alte activit\u0103\u021bi.<\/p>\n<p>Biserica a acordat prioritate acestor programe, iar sc\u0103derea mediei de v\u00e2rst\u0103 a membrilor este evident\u0103 dac\u0103 privim la centrul de stil de via\u021b\u0103 dedicat familiilor, \u00een care s-a alocat un spa\u021biu considerabil unei s\u0103li de sport, dar care g\u0103zduie\u0219te \u0219i s\u0103li de clas\u0103 \u0219i o buc\u0103t\u0103rie comercial\u0103. Un program regulat care are loc o dat\u0103 pe s\u0103pt\u0103m\u00e2n\u0103 le permite copiilor din localitate s\u0103 participe la activit\u0103\u021bi, s\u0103 joace jocuri, s\u0103 ia o gustare \u0219i s\u0103 \u00eenve\u021be despre Isus. Biserica asigur\u0103 adesea transportul copiilor pentru a le permite s\u0103 participe la activit\u0103\u021bi.<\/p>\n<p>\u00cen acela\u0219i timp, biserica din Laurel nu a l\u0103sat povara return\u0103rii \u00eemprumutului pentru construirea centrului pe umerii genera\u021biilor viitoare, ci face eforturi pentru a-l returna c\u00e2t mai repede. De dou\u0103 ori pe an se organizeaz\u0103 t\u00e2rguri de vechituri, iar banii ob\u021binu\u021bi astfel sunt folosi\u021bi pentru returnarea \u00eemprumutului \u0219i sponsorizarea tinerilor pentru a putea merge \u00een tab\u0103ra de var\u0103 din Alamisco, statul Alabama. Membrii str\u00e2ng anual mii de dolari, astfel \u00eenc\u00e2t suma \u00eemprumutat\u0103 s-a diminuat repede.<\/p>\n<p>C\u00e2nd Jim Stewart, pastorul local, a ajuns aici \u00een 2017, a apreciat accentul pus de biseric\u0103 pe tineri \u0219i pe programele \u00een folosul comunit\u0103\u021bii locale. La scurt timp, copiii lui au devenit beneficiari ai programelor pentru tineri, iar la finalul anului 2019, doi dintre fii lui \u0219i al\u021bi patru tineri s-au al\u0103turat oficial bisericii prin botez. C\u00e2nd a fost \u00eentrebat cum se simte s\u0103 \u00ee\u0219i boteze copiii, Stewart a spus: \u201eDe obicei nu m\u0103 emo\u021bionez u\u0219or, \u00eens\u0103 atunci am cedat. A fost minunat.\u201d<\/p>\n<p>Cu programe precum clubul de exploratori, \u0218coala Biblic\u0103 de Vacan\u021b\u0103 \u0219i programele s\u0103pt\u0103m\u00e2nale pentru comunitatea local\u0103, membrii bisericii petrec nenum\u0103rate ore \u00eenv\u0103\u021b\u00e2nd, conduc\u00e2nd, g\u0103tind, rug\u00e2ndu-se \u0219i iubind copiii. Ace\u0219tia le arat\u0103 copiilor cine este Isus \u0219i c\u00e2t de iubi\u021bi sunt. Nu este o sarcin\u0103 u\u0219oar\u0103, \u00eens\u0103 numero\u0219i voluntari au fost credincio\u0219i slujbei lor ani la r\u00e2nd. Cu toate acestea, investi\u021bia lor nu se pierde, deoarece rezultatele arat\u0103 c\u0103 fiecare impresie l\u0103sat\u0103 \u00een inima copiilor este pre\u021buit\u0103, iar \u00een cele din urm\u0103 poate contribui la schimbarea destinului lor ve\u0219nic.<\/p>\n<p>Sursa: <a href=\"https:\/\/www.adventistreview.org\/investing-in-our-youth-is-energy-well-spent\">Adventist Review<\/a><\/p>\n<\/div>\n<p class=\"wpematico_credit\"><small>Powered by <a href=\"http:\/\/www.wpematico.com\" target=\"_blank\" rel=\"noopener noreferrer\">WPeMatico<\/a><\/small><\/p>\n ","protected":false},"excerpt":{"rendered":"<p>Timp de mai mult de 10 ani, biserica adventist\u0103 din Laurel, Mississippi, Statele Unite, a depus \u00een mod con\u0219tient eforturi pentru a-i c\u00e2\u0219tiga pe tineri pentru Isus. Acestea au devenit parte integrant\u0103 a identit\u0103\u021bii membrilor \u0219i a bisericii locale, \u0219i dau rezultate. Tinerii afilia\u021bi bisericii au parte de o experien\u021b\u0103 cu Dumnezeu pe care cu &hellip; <a href=\"https:\/\/adventistoltenia.ro\/site\/merita-sa-investim-in-tinerii-nostri\/\">Continued<\/a><\/p>\n","protected":false},"author":2,"featured_media":0,"comment_status":"open","ping_status":"closed","sticky":false,"template":"","format":"standard","meta":[],"categories":[71],"tags":[],"yoast_head":"<!-- This site is optimized with the Yoast SEO plugin v20.3 - https:\/\/yoast.com\/wordpress\/plugins\/seo\/ -->\n<title>Merit\u0103 s\u0103 investim \u00een tinerii no\u0219tri - Conferinta Oltenia<\/title>\n<meta name=\"robots\" content=\"index, follow, max-snippet:-1, max-image-preview:large, max-video-preview:-1\" \/>\n<link rel=\"canonical\" href=\"https:\/\/adventistoltenia.ro\/site\/merita-sa-investim-in-tinerii-nostri\/\" \/>\n<meta property=\"og:locale\" content=\"en_US\" \/>\n<meta property=\"og:type\" content=\"article\" \/>\n<meta property=\"og:title\" content=\"Merit\u0103 s\u0103 investim \u00een tinerii no\u0219tri - Conferinta Oltenia\" \/>\n<meta property=\"og:description\" content=\"Timp de mai mult de 10 ani, biserica adventist\u0103 din Laurel, Mississippi, Statele Unite, a depus \u00een mod con\u0219tient eforturi pentru a-i c\u00e2\u0219tiga pe tineri pentru Isus. Acestea au devenit parte integrant\u0103 a identit\u0103\u021bii membrilor \u0219i a bisericii locale, \u0219i dau rezultate. Tinerii afilia\u021bi bisericii au parte de o experien\u021b\u0103 cu Dumnezeu pe care cu &hellip; Continued\" \/>\n<meta property=\"og:url\" content=\"https:\/\/adventistoltenia.ro\/site\/merita-sa-investim-in-tinerii-nostri\/\" \/>\n<meta property=\"og:site_name\" content=\"Conferinta Oltenia\" \/>\n<meta property=\"article:published_time\" content=\"2020-02-15T01:08:11+00:00\" \/>\n<meta name=\"author\" content=\"Conferinta Oltenia\" \/>\n<meta name=\"twitter:card\" content=\"summary_large_image\" \/>\n<meta name=\"twitter:label1\" content=\"Written by\" \/>\n\t<meta name=\"twitter:data1\" content=\"Conferinta Oltenia\" \/>\n\t<meta name=\"twitter:label2\" content=\"Est. reading time\" \/>\n\t<meta name=\"twitter:data2\" content=\"4 minutes\" \/>\n<script type=\"application\/ld+json\" class=\"yoast-schema-graph\">{\"@context\":\"https:\/\/schema.org\",\"@graph\":[{\"@type\":\"WebPage\",\"@id\":\"https:\/\/adventistoltenia.ro\/site\/merita-sa-investim-in-tinerii-nostri\/\",\"url\":\"https:\/\/adventistoltenia.ro\/site\/merita-sa-investim-in-tinerii-nostri\/\",\"name\":\"Merit\u0103 s\u0103 investim \u00een tinerii no\u0219tri - Conferinta Oltenia\",\"isPartOf\":{\"@id\":\"https:\/\/adventistoltenia.ro\/site\/#website\"},\"datePublished\":\"2020-02-15T01:08:11+00:00\",\"dateModified\":\"2020-02-15T01:08:11+00:00\",\"author\":{\"@id\":\"https:\/\/adventistoltenia.ro\/site\/#\/schema\/person\/81972d6ddcec064fcb37a129240ef9d7\"},\"breadcrumb\":{\"@id\":\"https:\/\/adventistoltenia.ro\/site\/merita-sa-investim-in-tinerii-nostri\/#breadcrumb\"},\"inLanguage\":\"en-US\",\"potentialAction\":[{\"@type\":\"ReadAction\",\"target\":[\"https:\/\/adventistoltenia.ro\/site\/merita-sa-investim-in-tinerii-nostri\/\"]}]},{\"@type\":\"BreadcrumbList\",\"@id\":\"https:\/\/adventistoltenia.ro\/site\/merita-sa-investim-in-tinerii-nostri\/#breadcrumb\",\"itemListElement\":[{\"@type\":\"ListItem\",\"position\":1,\"name\":\"Home\",\"item\":\"https:\/\/adventistoltenia.ro\/site\/\"},{\"@type\":\"ListItem\",\"position\":2,\"name\":\"Merit\u0103 s\u0103 investim \u00een tinerii no\u0219tri\"}]},{\"@type\":\"WebSite\",\"@id\":\"https:\/\/adventistoltenia.ro\/site\/#website\",\"url\":\"https:\/\/adventistoltenia.ro\/site\/\",\"name\":\"Conferinta Oltenia\",\"description\":\"Biserica Adventista de Ziua a Saptea\",\"potentialAction\":[{\"@type\":\"SearchAction\",\"target\":{\"@type\":\"EntryPoint\",\"urlTemplate\":\"https:\/\/adventistoltenia.ro\/site\/?s={search_term_string}\"},\"query-input\":\"required name=search_term_string\"}],\"inLanguage\":\"en-US\"},{\"@type\":\"Person\",\"@id\":\"https:\/\/adventistoltenia.ro\/site\/#\/schema\/person\/81972d6ddcec064fcb37a129240ef9d7\",\"name\":\"Conferinta Oltenia\",\"image\":{\"@type\":\"ImageObject\",\"inLanguage\":\"en-US\",\"@id\":\"https:\/\/adventistoltenia.ro\/site\/#\/schema\/person\/image\/\",\"url\":\"https:\/\/secure.gravatar.com\/avatar\/ebe92ec22e2e53a8eb79d6b52b724e27?s=96&d=mm&r=g\",\"contentUrl\":\"https:\/\/secure.gravatar.com\/avatar\/ebe92ec22e2e53a8eb79d6b52b724e27?s=96&d=mm&r=g\",\"caption\":\"Conferinta Oltenia\"},\"url\":\"https:\/\/adventistoltenia.ro\/site\/author\/adm1n\/\"}]}<\/script>\n<!-- \/ Yoast SEO plugin. -->","yoast_head_json":{"title":"Merit\u0103 s\u0103 investim \u00een tinerii no\u0219tri - Conferinta Oltenia","robots":{"index":"index","follow":"follow","max-snippet":"max-snippet:-1","max-image-preview":"max-image-preview:large","max-video-preview":"max-video-preview:-1"},"canonical":"https:\/\/adventistoltenia.ro\/site\/merita-sa-investim-in-tinerii-nostri\/","og_locale":"en_US","og_type":"article","og_title":"Merit\u0103 s\u0103 investim \u00een tinerii no\u0219tri - Conferinta Oltenia","og_description":"Timp de mai mult de 10 ani, biserica adventist\u0103 din Laurel, Mississippi, Statele Unite, a depus \u00een mod con\u0219tient eforturi pentru a-i c\u00e2\u0219tiga pe tineri pentru Isus. Acestea au devenit parte integrant\u0103 a identit\u0103\u021bii membrilor \u0219i a bisericii locale, \u0219i dau rezultate. Tinerii afilia\u021bi bisericii au parte de o experien\u021b\u0103 cu Dumnezeu pe care cu &hellip; Continued","og_url":"https:\/\/adventistoltenia.ro\/site\/merita-sa-investim-in-tinerii-nostri\/","og_site_name":"Conferinta Oltenia","article_published_time":"2020-02-15T01:08:11+00:00","author":"Conferinta Oltenia","twitter_card":"summary_large_image","twitter_misc":{"Written by":"Conferinta Oltenia","Est. reading time":"4 minutes"},"schema":{"@context":"https:\/\/schema.org","@graph":[{"@type":"WebPage","@id":"https:\/\/adventistoltenia.ro\/site\/merita-sa-investim-in-tinerii-nostri\/","url":"https:\/\/adventistoltenia.ro\/site\/merita-sa-investim-in-tinerii-nostri\/","name":"Merit\u0103 s\u0103 investim \u00een tinerii no\u0219tri - Conferinta Oltenia","isPartOf":{"@id":"https:\/\/adventistoltenia.ro\/site\/#website"},"datePublished":"2020-02-15T01:08:11+00:00","dateModified":"2020-02-15T01:08:11+00:00","author":{"@id":"https:\/\/adventistoltenia.ro\/site\/#\/schema\/person\/81972d6ddcec064fcb37a129240ef9d7"},"breadcrumb":{"@id":"https:\/\/adventistoltenia.ro\/site\/merita-sa-investim-in-tinerii-nostri\/#breadcrumb"},"inLanguage":"en-US","potentialAction":[{"@type":"ReadAction","target":["https:\/\/adventistoltenia.ro\/site\/merita-sa-investim-in-tinerii-nostri\/"]}]},{"@type":"BreadcrumbList","@id":"https:\/\/adventistoltenia.ro\/site\/merita-sa-investim-in-tinerii-nostri\/#breadcrumb","itemListElement":[{"@type":"ListItem","position":1,"name":"Home","item":"https:\/\/adventistoltenia.ro\/site\/"},{"@type":"ListItem","position":2,"name":"Merit\u0103 s\u0103 investim \u00een tinerii no\u0219tri"}]},{"@type":"WebSite","@id":"https:\/\/adventistoltenia.ro\/site\/#website","url":"https:\/\/adventistoltenia.ro\/site\/","name":"Conferinta Oltenia","description":"Biserica Adventista de Ziua a Saptea","potentialAction":[{"@type":"SearchAction","target":{"@type":"EntryPoint","urlTemplate":"https:\/\/adventistoltenia.ro\/site\/?s={search_term_string}"},"query-input":"required name=search_term_string"}],"inLanguage":"en-US"},{"@type":"Person","@id":"https:\/\/adventistoltenia.ro\/site\/#\/schema\/person\/81972d6ddcec064fcb37a129240ef9d7","name":"Conferinta Oltenia","image":{"@type":"ImageObject","inLanguage":"en-US","@id":"https:\/\/adventistoltenia.ro\/site\/#\/schema\/person\/image\/","url":"https:\/\/secure.gravatar.com\/avatar\/ebe92ec22e2e53a8eb79d6b52b724e27?s=96&d=mm&r=g","contentUrl":"https:\/\/secure.gravatar.com\/avatar\/ebe92ec22e2e53a8eb79d6b52b724e27?s=96&d=mm&r=g","caption":"Conferinta Oltenia"},"url":"https:\/\/adventistoltenia.ro\/site\/author\/adm1n\/"}]}},"_links":{"self":[{"href":"https:\/\/adventistoltenia.ro\/site\/wp-json\/wp\/v2\/posts\/3201"}],"collection":[{"href":"https:\/\/adventistoltenia.ro\/site\/wp-json\/wp\/v2\/posts"}],"about":[{"href":"https:\/\/adventistoltenia.ro\/site\/wp-json\/wp\/v2\/types\/post"}],"author":[{"embeddable":true,"href":"https:\/\/adventistoltenia.ro\/site\/wp-json\/wp\/v2\/users\/2"}],"replies":[{"embeddable":true,"href":"https:\/\/adventistoltenia.ro\/site\/wp-json\/wp\/v2\/comments?post=3201"}],"version-history":[{"count":0,"href":"https:\/\/adventistoltenia.ro\/site\/wp-json\/wp\/v2\/posts\/3201\/revisions"}],"wp:attachment":[{"href":"https:\/\/adventistoltenia.ro\/site\/wp-json\/wp\/v2\/media?parent=3201"}],"wp:term":[{"taxonomy":"category","embeddable":true,"href":"https:\/\/adventistoltenia.ro\/site\/wp-json\/wp\/v2\/categories?post=3201"},{"taxonomy":"post_tag","embeddable":true,"href":"https:\/\/adventistoltenia.ro\/site\/wp-json\/wp\/v2\/tags?post=3201"}],"curies":[{"name":"wp","href":"https:\/\/api.w.org\/{rel}","templated":true}]}}