{"id":3202,"date":"2020-02-15T01:08:11","date_gmt":"2020-02-15T01:08:11","guid":{"rendered":"http:\/\/adventistoltenia.ro\/site\/sunt-foarte-fericit-ca-ati-realizat-acest-vis-al-meu-multumesc-o-noua-casa-sociala-inaugurata-de-adra-romania-in-cadrul-proiectului-in-sfarsit-acasa\/"},"modified":"2020-02-15T01:08:11","modified_gmt":"2020-02-15T01:08:11","slug":"sunt-foarte-fericit-ca-ati-realizat-acest-vis-al-meu-multumesc-o-noua-casa-sociala-inaugurata-de-adra-romania-in-cadrul-proiectului-in-sfarsit-acasa","status":"publish","type":"post","link":"https:\/\/adventistoltenia.ro\/site\/sunt-foarte-fericit-ca-ati-realizat-acest-vis-al-meu-multumesc-o-noua-casa-sociala-inaugurata-de-adra-romania-in-cadrul-proiectului-in-sfarsit-acasa\/","title":{"rendered":"\u201dSunt foarte fericit c\u0103 a\u021bi realizat acest vis al meu. Mul\u021bumesc!\u201d \u2013 o nou\u0103 cas\u0103 social\u0103 inaugurat\u0103 de ADRA Rom\u00e2nia \u00een cadrul proiectului \u201d\u00cen sf\u00e2r\u0219it, acas\u0103!\u201d"},"content":{"rendered":"<div>\n<div>\n<p>Mar\u021bi, 11 februarie 2020,\u00a0<strong>Agen\u021bia Adventist\u0103 pentru Dezvoltare, Refacere \u0219i Ajutor \u2013 ADRA Rom\u00e2nia<\/strong> a inaugurat \u00een ora\u0219ul \u00censur\u0103\u021bei, jude\u021bul Br\u0103ila, o nou\u0103 cas\u0103 social\u0103 construit\u0103 \u00een cadrul proiectului <strong>\u201d\u00cen sf\u00e2r\u0219it, acas\u0103!\u201d<\/strong> pentru familia Ciuperc\u0103 Marian \u0219i Daniela \u0219i pentru cei trei copii minori ai lor.<\/p>\n<figure class=\"wp-block-image size-large\"><\/figure>\n<p>\u00cen urma primirii cererii de ajutor \u0219i a evalu\u0103rii situa\u021biei, ADRA Rom\u00e2nia a luat decizia de a se implica \u00een acest caz construind o nou\u0103 cas\u0103 social\u0103 pentru aceast\u0103 familie greu \u00eencercat\u0103, proiectul fiind coordonat de c\u0103tre Daniel Neac\u0219u, Manager proiect \/ Coordonator proiecte ADRA Rom\u00e2nia \u00een zonele Muntenia \u0219i Dobrogea, \u00eempreun\u0103 cu Doru \u021aecu \u0219i Valentin Moise, voluntari ADRA Rom\u00e2nia. <\/p>\n<p>Proiectul noii locuin\u021be s-a desf\u0103\u0219urat pe o perioad\u0103 de aproximativ 5 luni de zile, demar\u00e2nd pe data de 01 septembrie 2019 \u0219i finaliz\u00e2ndu-se pe data de 11 februarie 2020. Pentru finalizarea noii locuin\u021be de 81 m2, compus\u0103 din dou\u0103 dormitoare decomandate, o buc\u0103t\u0103rie, o baie \u0219i un hol, cu o valoare a investi\u021biei de peste 10.000 EURO, au fost implica\u021bi peste 25 de voluntari \u0219i 20 sponsori care \u0219i-au adus contribu\u021bia financiar\u0103 sau prin materiale de construc\u021bie.<\/p>\n<figure class=\"wp-block-image size-large\"><a href=\"http:\/\/adra.ro\/wp-content\/uploads\/2020\/02\/ADRA-DSC_9700-scaled.jpg\" rel=\"lightbox[8334]\"><img decoding=\"async\" src=\"http:\/\/adventistoltenia.ro\/site\/wp-content\/uploads\/2020\/02\/ADRA-DSC_9700-1024x680-1.jpg\" alt=\"\" class=\"wp-image-8368\" srcset=\"http:\/\/adventistoltenia.ro\/site\/wp-content\/uploads\/2020\/02\/ADRA-DSC_9700-1024x680-1.jpg 1024w, http:\/\/adra.ro\/wp-content\/uploads\/2020\/02\/ADRA-DSC_9700-265x176.jpg 265w, http:\/\/adra.ro\/wp-content\/uploads\/2020\/02\/ADRA-DSC_9700-768x510.jpg 768w, http:\/\/adra.ro\/wp-content\/uploads\/2020\/02\/ADRA-DSC_9700-1536x1020.jpg 1536w, http:\/\/adra.ro\/wp-content\/uploads\/2020\/02\/ADRA-DSC_9700-2048x1360.jpg 2048w\" sizes=\"(max-width: 1024px) 100vw, 1024px\"><\/a><\/figure>\n<div class=\"wp-block-image\">\n<figure class=\"alignleft size-medium\"><a href=\"http:\/\/adra.ro\/wp-content\/uploads\/2020\/02\/ADRA-DSC_9737-scaled.jpg\" rel=\"lightbox[8334]\"><img decoding=\"async\" src=\"http:\/\/adventistoltenia.ro\/site\/wp-content\/uploads\/2020\/02\/ADRA-DSC_9737-265x176-1.jpg\" alt=\"\" class=\"wp-image-8369\" srcset=\"http:\/\/adventistoltenia.ro\/site\/wp-content\/uploads\/2020\/02\/ADRA-DSC_9737-265x176-1.jpg 265w, http:\/\/adra.ro\/wp-content\/uploads\/2020\/02\/ADRA-DSC_9737-1024x680.jpg 1024w, http:\/\/adra.ro\/wp-content\/uploads\/2020\/02\/ADRA-DSC_9737-768x510.jpg 768w, http:\/\/adra.ro\/wp-content\/uploads\/2020\/02\/ADRA-DSC_9737-1536x1020.jpg 1536w, http:\/\/adra.ro\/wp-content\/uploads\/2020\/02\/ADRA-DSC_9737-2048x1360.jpg 2048w\" sizes=\"(max-width: 265px) 100vw, 265px\"><\/a><\/figure>\n<\/div>\n<p>\u201dEste foarte u\u0219or s\u0103 dai idei de departe, este foarte u\u0219or s\u0103 critici atunci c\u00e2nd cineva dore\u0219te s\u0103 fac\u0103 ceva sau c\u00e2nd realizeaz\u0103 un obiectiv, \u00eens\u0103 pu\u021bini sunt, din p\u0103cate, ast\u0103zi, aici \u0219i \u00een Rom\u00e2nia, care pot s\u0103 se implice indiferent de condi\u021biile meteo, indiferent de resursele materiale sau de timpul de care dispun pentru a veni \u00een ajutorul celorlal\u021bi. Atunci c\u00e2nd om se a\u0219az\u0103 l\u00e2ng\u0103 alt om cu inim\u0103 mare \u0219i c\u00e2nd ei \u00ee\u0219i unesc eforturile, se poate realiza ceea ce vede\u021bi \u00eenaintea dumneavoastr\u0103: \u0219ase suflete binecuv\u00e2ntate. Agen\u021bia Adventist\u0103 pentru Dezvoltare, Refacere \u0219i Ajutor \u2013 ADRA Rom\u00e2nia, prin proiectul <strong>\u201d\u00cen sf\u00e2r\u0219it acas\u0103!\u201d<\/strong>, unul dintre cele 27 de proiecte pe care le implementeaz\u0103, are ca obiectiv \u00eembun\u0103t\u0103\u021birea condi\u021biilor de via\u021b\u0103 prin construirea sau reconstruirea unui spa\u021biu locativ. Ne bucur\u0103m de faptul c\u0103 aici, \u00een ora\u0219ul \u00censur\u0103\u021bei, ca urmare a parteneriatului dintre Prim\u0103rie, Biserica Adventist\u0103 de Ziua a \u0218aptea, donatori \u0219i voluntari cu inim\u0103 mare am putut s\u0103 realiz\u0103m acest obiectiv. Nu spunem ca am f\u0103cut totul, \u00eens\u0103 spunem c\u0103 am f\u0103cut ceva. Locul acesta este sigur, util \u0219i frumos pentru familia Ciuperc\u0103 Marian \u0219i Daniela. Doresc din toat\u0103 inima s\u0103 aduc mul\u021bumiri din partea ADRA Rom\u00e2nia pentru to\u021bi cei ce s-au implicat \u00eentr-un fel sau altul \u00een acest obiectiv frumos. Pre\u021buirea noastr\u0103 \u0219i r\u0103splata de sus!\u201d a declarat Robert Georgescu, Director Executiv ADRA Rom\u00e2nia. <\/p>\n<div class=\"wp-block-image\">\n<figure class=\"alignright size-medium\"><a href=\"http:\/\/adra.ro\/wp-content\/uploads\/2020\/02\/ADRA-DSC_9739-scaled.jpg\" rel=\"lightbox[8334]\"><img decoding=\"async\" src=\"http:\/\/adventistoltenia.ro\/site\/wp-content\/uploads\/2020\/02\/ADRA-DSC_9739-265x176-1.jpg\" alt=\"\" class=\"wp-image-8370\" srcset=\"http:\/\/adventistoltenia.ro\/site\/wp-content\/uploads\/2020\/02\/ADRA-DSC_9739-265x176-1.jpg 265w, http:\/\/adra.ro\/wp-content\/uploads\/2020\/02\/ADRA-DSC_9739-1024x680.jpg 1024w, http:\/\/adra.ro\/wp-content\/uploads\/2020\/02\/ADRA-DSC_9739-768x510.jpg 768w, http:\/\/adra.ro\/wp-content\/uploads\/2020\/02\/ADRA-DSC_9739-1536x1020.jpg 1536w, http:\/\/adra.ro\/wp-content\/uploads\/2020\/02\/ADRA-DSC_9739-2048x1360.jpg 2048w\" sizes=\"(max-width: 265px) 100vw, 265px\"><\/a><\/figure>\n<\/div>\n<p>\u201d\u00cemi exprim bucuria c\u0103 suntem la al treilea proiect de acest gen \u00een ora\u0219ul \u00censur\u0103\u021bei. Se vede c\u0103 lucruri bune se \u00eent\u00e2mpl\u0103 aici. Ast\u0103zi nu am venit singur\u0103, am venit \u0219i cu echipa de m\u00e2ini dibace care a contribuit la construc\u021bia casei. Mul\u021bumim domnului \u021aecu Doru c\u0103 am \u021binut aproape \u0219i am realizat \u00eempreun\u0103 proiecte frumoase \u00een parteneriat cu ADRA \u0219i cu Biserica Adventist\u0103. S\u0103 v\u0103 dea Dumnezeu s\u0103n\u0103tate s\u0103 realiza\u021bi \u00een continuare ce v-a\u021bi propus. Doresc s\u0103 v\u0103 transmit din partea Prim\u0103riei ora\u0219ului \u00censur\u0103\u021bei toate g\u00e2ndurile bune \u0219i c\u0103 v\u0103 suntem aproape pentru urm\u0103toarele proiecte. V\u0103 mul\u021bumesc!\u201d a declarat Florentina Carsote, Viceprimar Ora\u0219ul \u00censur\u0103\u021bei, jude\u021bul Br\u0103ila. <\/p>\n<figure class=\"wp-block-image size-large\"><a href=\"http:\/\/adra.ro\/wp-content\/uploads\/2020\/02\/ADRA-DSC_9686-scaled.jpg\" rel=\"lightbox[8334]\"><img decoding=\"async\" src=\"http:\/\/adventistoltenia.ro\/site\/wp-content\/uploads\/2020\/02\/ADRA-DSC_9686-1024x680-1.jpg\" alt=\"\" class=\"wp-image-8365\" srcset=\"http:\/\/adventistoltenia.ro\/site\/wp-content\/uploads\/2020\/02\/ADRA-DSC_9686-1024x680-1.jpg 1024w, http:\/\/adra.ro\/wp-content\/uploads\/2020\/02\/ADRA-DSC_9686-265x176.jpg 265w, http:\/\/adra.ro\/wp-content\/uploads\/2020\/02\/ADRA-DSC_9686-768x510.jpg 768w, http:\/\/adra.ro\/wp-content\/uploads\/2020\/02\/ADRA-DSC_9686-1536x1020.jpg 1536w, http:\/\/adra.ro\/wp-content\/uploads\/2020\/02\/ADRA-DSC_9686-2048x1360.jpg 2048w\" sizes=\"(max-width: 1024px) 100vw, 1024px\"><\/a><\/figure>\n<div class=\"wp-block-image\">\n<figure class=\"alignleft size-medium\"><a href=\"http:\/\/adra.ro\/wp-content\/uploads\/2020\/02\/ADRA-DSC_9756-scaled.jpg\" rel=\"lightbox[8334]\"><img decoding=\"async\" src=\"http:\/\/adventistoltenia.ro\/site\/wp-content\/uploads\/2020\/02\/ADRA-DSC_9756-265x176-1.jpg\" alt=\"\" class=\"wp-image-8376\" srcset=\"http:\/\/adventistoltenia.ro\/site\/wp-content\/uploads\/2020\/02\/ADRA-DSC_9756-265x176-1.jpg 265w, http:\/\/adra.ro\/wp-content\/uploads\/2020\/02\/ADRA-DSC_9756-1024x680.jpg 1024w, http:\/\/adra.ro\/wp-content\/uploads\/2020\/02\/ADRA-DSC_9756-768x510.jpg 768w, http:\/\/adra.ro\/wp-content\/uploads\/2020\/02\/ADRA-DSC_9756-1536x1020.jpg 1536w, http:\/\/adra.ro\/wp-content\/uploads\/2020\/02\/ADRA-DSC_9756-2048x1360.jpg 2048w\" sizes=\"(max-width: 265px) 100vw, 265px\"><\/a><\/figure>\n<\/div>\n<p>\u201dM\u0103 bucur s\u0103 fiu al\u0103turi de dumneavoastr\u0103. Am venit \u00een urm\u0103 cu trei ani la prima inaugurare. \u00centre timp, m\u0103 uit aici \u00een dreapta \u0219i v\u0103d c\u0103 a mai ap\u0103rut o cas\u0103 pe l\u00e2ng\u0103 cea care este inaugurat\u0103 ast\u0103zi \u0219i a\u0219 putea sumariza toate aceste lucruri \u00eentr-o singur\u0103 expresie: \u201dSe poate!\u201d. De cele mai multe ori, noi g\u00e2ndim \u00een mintea noastr\u0103 \u0219i ne lament\u0103m c\u0103 dac\u0103 ar veni cineva cu o putere extraordinar\u0103 \u0219i, ca \u00een legendele vechi, ar transforma totul \u00een aur prin atingerea lui, poate atunci am putea s\u0103 schimb\u0103m \u021bara noastr\u0103 \u0219i atunci am putea s\u0103 \u00eembun\u0103t\u0103\u021bim via\u021ba tuturor, dar acest lucru r\u0103m\u00e2ne doar la nivelul ipotetic \u0219i doar la nivelul idealist. \u00cens\u0103, c\u00e2nd oameni de bun\u0103 credin\u021b\u0103 iau \u00een serios chemarea pe care o au \u0219i \u00ee\u0219i folosesc darurile \u0219i talentele pe care le au \u0219i \u00eei conving \u0219i pe al\u021bii \u2013 autorit\u0103\u021bi, agen\u021bii, ONG-uri \u2013 uite c\u0103 se poate. A\u0219adar, este un mare lucru pe care \u00eel vedem aici. Nu este doar o cas\u0103, ci este o declara\u021bie. Este o declara\u021bie de misiune c\u0103 se poate, c\u0103 putem s\u0103 facem foarte multe lucruri dac\u0103 doar urm\u0103rim ceea ce M\u00e2ntuitorul ne-a \u00eenv\u0103\u021bat \u0219i anume: \u201dtot ce dori\u021bi s\u0103 v\u0103 fac\u0103 vou\u0103 oamenii, face\u021bi-le voi mai \u00eent\u00e2i\u201d. C\u00e2nd lucrul acesta se \u00eent\u00e2mpl\u0103, de fapt se realizeaz\u0103 lucruri m\u0103re\u021be. Apreciez ceea ce s-a \u00eent\u00e2mplat \u0219i m\u0103 bucur de faptul c\u0103 Biserica Adventist\u0103 de Ziua a \u0218aptea poate s\u0103 fie implicat\u0103 de c\u0103tre Agen\u021bia ADRA Rom\u00e2nia \u00een asemenea proiecte care schimb\u0103 vie\u021bi \u0219i probabil nu doar o via\u021b\u0103 a unei familii, ci probabil \u0219i o via\u021b\u0103 schimbat\u0103 \u00een bine a genera\u021biilor urm\u0103toare. Dumnezeu s\u0103 v\u0103 binecuvinteze! Dumnezeu s\u0103 v\u0103 binecuvinteze pe to\u021bi cei care s-au implicat \u00een acest proiect! Gustul acesta frumos al ajutorului celorlal\u021bi s\u0103 se \u00eenmul\u021beasc\u0103 pentru ca alte vie\u021bi s\u0103 fie schimbate. V\u0103 mul\u021bumesc!\u201d a declarat Gabriel I\u0219van, Secretar Executiv al Bisericii Adventiste de Ziua a \u0218aptea din zona Muntenia \u0219i Dobrogea \u0219i Responsabil ADRA \u00een zonele Muntenia \u0219i Dobrogea. <\/p>\n<div class=\"wp-block-image\">\n<figure class=\"alignright size-medium\"><a href=\"http:\/\/adra.ro\/wp-content\/uploads\/2020\/02\/ADRA-DSC_9889-scaled.jpg\" rel=\"lightbox[8334]\"><img decoding=\"async\" src=\"http:\/\/adventistoltenia.ro\/site\/wp-content\/uploads\/2020\/02\/ADRA-DSC_9889-265x176-1.jpg\" alt=\"\" class=\"wp-image-8378\" srcset=\"http:\/\/adventistoltenia.ro\/site\/wp-content\/uploads\/2020\/02\/ADRA-DSC_9889-265x176-1.jpg 265w, http:\/\/adra.ro\/wp-content\/uploads\/2020\/02\/ADRA-DSC_9889-1024x680.jpg 1024w, http:\/\/adra.ro\/wp-content\/uploads\/2020\/02\/ADRA-DSC_9889-768x510.jpg 768w, http:\/\/adra.ro\/wp-content\/uploads\/2020\/02\/ADRA-DSC_9889-1536x1020.jpg 1536w, http:\/\/adra.ro\/wp-content\/uploads\/2020\/02\/ADRA-DSC_9889-2048x1360.jpg 2048w\" sizes=\"(max-width: 265px) 100vw, 265px\"><\/a><\/figure>\n<\/div>\n<p>\u201dSalut \u00een mod special muncitorii din ora\u0219ul \u00censur\u0103\u021bei care au lucrat aici. Vreau s\u0103 v\u0103 spun c\u0103 m\u0103 aflu la 12 km de locul \u00een care s-a n\u0103scut tat\u0103l meu \u0219i sunt foarte fericit c\u0103 exist\u0103 astfel de proiecte aici. Sper ca aceste proiecte s\u0103 r\u0103m\u00e2n\u0103 vizibile. Vreau s\u0103 amintesc, g\u00e2ndindu-m\u0103 la doamna \u021aecu Georgeta care lipse\u0219te \u0219i care va avea de lucru mai departe zic eu \u00een acest proiect, c\u0103 va avea de mentorat aceast\u0103 familie. Sper ca fiecare dintre noi s\u0103 r\u0103m\u00e2nem aproape de aceast\u0103 familie. Aceste momente unice ar fi bine s\u0103 nu le pierdem. Ar fi bine s\u0103 fim aproape de cei care sunt la limit\u0103. Sunt multe lucruri care m-au \u00eenc\u00e2ntat, inclusiv traseul miraculos al acestui proiect, viteza cu care s-a realizat, colaborarea foarte bun\u0103 \u00eentre autorit\u0103\u021bi, beneficiari \u0219i voluntarii Vasile Voicu \u0219i Doru \u021aecu. Sper s\u0103 mai existe astfel de lucruri care s\u0103 ne fac\u0103 ferici\u021bi, adic\u0103 s\u0103 vedem beneficiari, autorit\u0103\u021bi \u0219i voluntari ADRA care colaboreaz\u0103 \u0219i care se mi\u0219c\u0103 \u00eentr-un ritm demn de admirat. Dumnezeu s\u0103 binecuvinteze aceast\u0103 familie \u0219i pe to\u021bi cei care vor continua s\u0103-i ajute\u201d a declarat Daniel Neac\u0219u, Manager proiect \/ Coordonator proiecte ADRA Rom\u00e2nia \u00een zonele Muntenia \u0219i Dobrogea. <\/p>\n<figure class=\"wp-block-image size-large\"><a href=\"http:\/\/adra.ro\/wp-content\/uploads\/2020\/02\/ADRA-DSC_9682-scaled.jpg\" rel=\"lightbox[8334]\"><img decoding=\"async\" src=\"http:\/\/adventistoltenia.ro\/site\/wp-content\/uploads\/2020\/02\/ADRA-DSC_9682-680x1024-1.jpg\" alt=\"\" class=\"wp-image-8364\" srcset=\"http:\/\/adventistoltenia.ro\/site\/wp-content\/uploads\/2020\/02\/ADRA-DSC_9682-680x1024-1.jpg 680w, http:\/\/adra.ro\/wp-content\/uploads\/2020\/02\/ADRA-DSC_9682-166x250.jpg 166w, http:\/\/adra.ro\/wp-content\/uploads\/2020\/02\/ADRA-DSC_9682-768x1156.jpg 768w, http:\/\/adra.ro\/wp-content\/uploads\/2020\/02\/ADRA-DSC_9682-1020x1536.jpg 1020w, http:\/\/adra.ro\/wp-content\/uploads\/2020\/02\/ADRA-DSC_9682-1360x2048.jpg 1360w, http:\/\/adra.ro\/wp-content\/uploads\/2020\/02\/ADRA-DSC_9682-scaled.jpg 1700w\" sizes=\"(max-width: 680px) 100vw, 680px\"><\/a><\/figure>\n<div class=\"wp-block-image\">\n<figure class=\"alignleft size-medium\"><a href=\"http:\/\/adra.ro\/wp-content\/uploads\/2020\/02\/ADRA-DSC_9747-scaled.jpg\" rel=\"lightbox[8334]\"><img decoding=\"async\" src=\"http:\/\/adventistoltenia.ro\/site\/wp-content\/uploads\/2020\/02\/ADRA-DSC_9747-265x176-1.jpg\" alt=\"\" class=\"wp-image-8372\" srcset=\"http:\/\/adventistoltenia.ro\/site\/wp-content\/uploads\/2020\/02\/ADRA-DSC_9747-265x176-1.jpg 265w, http:\/\/adra.ro\/wp-content\/uploads\/2020\/02\/ADRA-DSC_9747-1024x680.jpg 1024w, http:\/\/adra.ro\/wp-content\/uploads\/2020\/02\/ADRA-DSC_9747-768x510.jpg 768w, http:\/\/adra.ro\/wp-content\/uploads\/2020\/02\/ADRA-DSC_9747-1536x1020.jpg 1536w, http:\/\/adra.ro\/wp-content\/uploads\/2020\/02\/ADRA-DSC_9747-2048x1360.jpg 2048w\" sizes=\"(max-width: 265px) 100vw, 265px\"><\/a><\/figure>\n<\/div>\n<p>\u201dCeea ce avem aici este o dovad\u0103 a credin\u021bei \u0219i v\u0103 mul\u021bumesc tuturor pentru aceasta. Proiectul ADRA <strong>\u201d\u00cen sf\u00e2r\u0219it, acas\u0103!\u201d<\/strong> a pornit cu mari \u00eentreb\u0103ri din partea noastr\u0103. N-am crezut c\u0103 se va realiza. V\u0103 spun sincer c\u0103 am avut multe, multe \u00eendoieli, dar, la sf\u00e2r\u0219it, vreau s\u0103 spun doar at\u00e2t: Dumnezeu ne ajut\u0103. Aici s-a realizat o minune care mi-a \u00eent\u0103rit personal credin\u021ba. Atunci c\u00e2nd m\u0103 g\u00e2ndeam cu voluntarii de unde vom scoate urm\u0103toarele fonduri, de unde vom cump\u0103ra urm\u0103toarele materiale, \u00eentotdeauna Dumnezeu a f\u0103cut o minune. Vreau s\u0103 mul\u021bumesc \u00een mod special bisericilor adventiste de ziua a \u0219aptea din zon\u0103: Viziru, Bordei Verde \u0219i Peri\u0219oru. Bisericile adventiste s-au implicat, au donat \u0219i au ajutat. Dumnezeu s\u0103 ne \u00eent\u0103reasc\u0103 credin\u021ba. Cel mai bun lucru pe care ar trebui s\u0103-l \u00eenv\u0103\u021b\u0103m din proiectul acesta este acela c\u0103 se poate, \u00eens\u0103 doar cu Dumnezeu\u201d a declarat Valentin Moise, Pastor Biserica Adventist\u0103 de Ziua a \u0218aptea Viziru \u0219i Voluntar ADRA Rom\u00e2nia. <\/p>\n<div class=\"wp-block-image\">\n<figure class=\"alignright size-medium\"><a href=\"http:\/\/adra.ro\/wp-content\/uploads\/2020\/02\/ADRA-DSC_9752-scaled.jpg\" rel=\"lightbox[8334]\"><img decoding=\"async\" src=\"http:\/\/adventistoltenia.ro\/site\/wp-content\/uploads\/2020\/02\/ADRA-DSC_9752-265x176-1.jpg\" alt=\"\" class=\"wp-image-8374\" srcset=\"http:\/\/adventistoltenia.ro\/site\/wp-content\/uploads\/2020\/02\/ADRA-DSC_9752-265x176-1.jpg 265w, http:\/\/adra.ro\/wp-content\/uploads\/2020\/02\/ADRA-DSC_9752-1024x680.jpg 1024w, http:\/\/adra.ro\/wp-content\/uploads\/2020\/02\/ADRA-DSC_9752-768x510.jpg 768w, http:\/\/adra.ro\/wp-content\/uploads\/2020\/02\/ADRA-DSC_9752-1536x1020.jpg 1536w, http:\/\/adra.ro\/wp-content\/uploads\/2020\/02\/ADRA-DSC_9752-2048x1360.jpg 2048w\" sizes=\"(max-width: 265px) 100vw, 265px\"><\/a><\/figure>\n<\/div>\n<p>\u201dAnul acesta a fost un an \u00een care am tr\u0103it prin credin\u021b\u0103. Un an \u00een care am v\u0103zut cum Dumnezeu conduce fiecare pas \u0219i fiecare lucrare \u00een parte. Nu m-am temut pentru c\u0103 Dumnezeu mi-a promis c\u0103 m\u0103 va ajuta. Nu \u0219tiam cum, dar am v\u0103zut. \u00cei mul\u021bumesc lui Dumnezeu pentru c\u0103 El a condus totul. Vreau s\u0103 mul\u021bumesc iubitei mele so\u021bii care nu este aici \u0219i care a \u00eeng\u0103duit ca timp de un an de zile eu s\u0103 nu prea stau pe acas\u0103 \u0219i s\u0103 stau mai mult pe aici. Voluntarii care au venit au fost g\u0103zdui\u021bi la mine \u0219i au m\u00e2ncat. \u00cei mul\u021bumesc so\u021biei mele \u0219i pentru sacrificiul acesta. Vreau s\u0103 mul\u021bumesc domnului primar, doamnei viceprimar \u0219i doamnei secretar a ora\u0219ului \u00censur\u0103\u021bei care au depus tot efortul ca s\u0103 fac\u0103 aceast\u0103 lucrare. Eu am fost \u00eencurajat de ei, prietenii mei, din partea prim\u0103riei care au lucrat cot la cot cu mine. Ceea ce mi-a pl\u0103cut la ace\u0219ti oameni este faptul c\u0103 au lucrat cu toat\u0103 dragostea. Tot ce au f\u0103cut au f\u0103cut bine \u0219i frumos. Dumnezeu dore\u0219te ca fiecare lucru s\u0103 fie f\u0103cut la vremea lui bine. Au venit \u0219i descuraj\u0103ri. Atunci c\u00e2nd eram descurajat \u0219i ajungeam acas\u0103, so\u021bia \u00eemi spunea: \u201dNu uita ce spune Dumnezeu. Dumnezeu spune a\u0219a: cine \u00eencepe un lucru trebuie s\u0103-l duc\u0103 la bun sf\u00e2r\u0219it, indiferent dac\u0103 va c\u00e2\u0219tiga sau va pierde\u201d. \u00cei mul\u021bumesc lui Dumnezeu pentru ajutor \u0219i mul\u021bumesc prim\u0103riei pentru implicare. Dac\u0103 prim\u0103riile din Rom\u00e2nia s-ar implica, cel pu\u021bin o dat\u0103 la 4 ani, imagina\u021bi-v\u0103 c\u00e2te case ar fi construite \u00een Rom\u00e2nia \u00een fiecare jude\u021b. Cred c\u0103 aceast\u0103 prietenie \u0219i colaborare \u00eentre noi \u0219i prim\u0103rie va continua \u0219i toate proiectele pe care le vom \u00eencepe vor fi duse la bun sf\u00e2r\u0219it. Mul\u021bumesc \u00eenc\u0103 o dat\u0103 ADRA Rom\u00e2nia \u0219i prin ADRA mul\u021bumesc totodat\u0103 sponsorilor care sunt cunoscu\u021bi \u0219i necunoscu\u021bi. Aceasta este a zecea cas\u0103 construit\u0103. Nu \u0219tiu ce va fi \u00een continuare\u201d a declarat Doru \u021aecu, Voluntar ADRA Rom\u00e2nia.<\/p>\n<figure class=\"wp-block-image size-large\"><a href=\"http:\/\/adra.ro\/wp-content\/uploads\/2020\/02\/ADRA-DSC_9645-scaled.jpg\" rel=\"lightbox[8334]\"><img decoding=\"async\" src=\"http:\/\/adventistoltenia.ro\/site\/wp-content\/uploads\/2020\/02\/ADRA-DSC_9645-680x1024-1.jpg\" alt=\"\" class=\"wp-image-8361\" srcset=\"http:\/\/adventistoltenia.ro\/site\/wp-content\/uploads\/2020\/02\/ADRA-DSC_9645-680x1024-1.jpg 680w, http:\/\/adra.ro\/wp-content\/uploads\/2020\/02\/ADRA-DSC_9645-166x250.jpg 166w, http:\/\/adra.ro\/wp-content\/uploads\/2020\/02\/ADRA-DSC_9645-768x1156.jpg 768w, http:\/\/adra.ro\/wp-content\/uploads\/2020\/02\/ADRA-DSC_9645-1020x1536.jpg 1020w, http:\/\/adra.ro\/wp-content\/uploads\/2020\/02\/ADRA-DSC_9645-1360x2048.jpg 1360w, http:\/\/adra.ro\/wp-content\/uploads\/2020\/02\/ADRA-DSC_9645-scaled.jpg 1700w\" sizes=\"(max-width: 680px) 100vw, 680px\"><\/a><\/figure>\n<div class=\"wp-block-image\">\n<figure class=\"alignleft size-medium\"><a href=\"http:\/\/adra.ro\/wp-content\/uploads\/2020\/02\/ADRA-DSC_9751-scaled.jpg\" rel=\"lightbox[8334]\"><img decoding=\"async\" src=\"http:\/\/adventistoltenia.ro\/site\/wp-content\/uploads\/2020\/02\/ADRA-DSC_9751-265x176-1.jpg\" alt=\"\" class=\"wp-image-8373\" srcset=\"http:\/\/adventistoltenia.ro\/site\/wp-content\/uploads\/2020\/02\/ADRA-DSC_9751-265x176-1.jpg 265w, http:\/\/adra.ro\/wp-content\/uploads\/2020\/02\/ADRA-DSC_9751-1024x680.jpg 1024w, http:\/\/adra.ro\/wp-content\/uploads\/2020\/02\/ADRA-DSC_9751-768x510.jpg 768w, http:\/\/adra.ro\/wp-content\/uploads\/2020\/02\/ADRA-DSC_9751-1536x1020.jpg 1536w, http:\/\/adra.ro\/wp-content\/uploads\/2020\/02\/ADRA-DSC_9751-2048x1360.jpg 2048w\" sizes=\"(max-width: 265px) 100vw, 265px\"><\/a><\/figure>\n<\/div>\n<p>\u201dM\u0103 bucur c\u0103 sunt \u00eempreun\u0103 cu dumneavoastr\u0103 \u0219i pentru c\u0103 ne bucur\u0103m \u00een fa\u021ba unui obiectiv \u00eemplinit, un lucru terminat, bine f\u0103cut, pentru familia lui Marius, pe care l-am cunoscut cu 4-5 ani \u00een urm\u0103. Nu-i cuno\u0219team situa\u021bia de acas\u0103. Acum mai bine de un an, domnul Doru \u021aecu m-a contactat \u0219i m-a invitat dac\u0103 vreau s\u0103 mai particip la \u00censur\u0103\u021bei la \u00eenc\u0103 un obiectiv ADRA. Mai participasem la \u00eenc\u0103 dou\u0103 \u00eenainte \u0219i am spus da, dar s\u0103 vedem despre ce e vorba. Am mers acas\u0103 la Marius \u0219i am v\u0103zut acolo bun\u0103voin\u021ba unor oameni care \u00eei puseser\u0103 la dispozi\u021bie un ad\u0103post provizoriu pentru a nu sta sub cerul liber. Astfel c\u0103 am zis da, trebuie s\u0103 ne implic\u0103m. Urm\u0103torul ajutor a venit de la ADRA prin confirmarea c\u0103 aici este nevoie de implicare \u0219i a promis c\u0103 se implic\u0103. Am luat leg\u0103tura cu prim\u0103ria care, de asemenea, \u0219i-a dat acordul, iar, ca urmare a acestui triumvirat format din voluntari, ADRA Rom\u00e2nia \u0219i Prim\u0103ria \u00censur\u0103\u021bei, s-a putut realiza acest obiectiv. Dac\u0103 lipsea una dintre aceste roti\u021be, mecanismul nu func\u021biona. Proiectul ADRA <strong>\u201d\u00cen sf\u00e2r\u0219it, acas\u0103!\u201d<\/strong> a mers bine \u0219i s-a v\u0103zut c\u0103 se poate. Voluntari cu inim\u0103 mare, donatori din spatele nostru \u0219i a celor de la ADRA, sponsori, Prim\u0103ria cu ini\u021biativ\u0103 \u0219i cu interes, to\u021bi s-au ocupat foarte bine. Dac\u0103 \u0219i alte prim\u0103rii din Rom\u00e2nia s-ar ocupa a\u0219a se vor face multe lucruri bune \u00een folosul celor \u00een nevoie. M\u0103 bucur c\u0103 familia lui Marius Ciuperc\u0103 are un ad\u0103post bun, condi\u021bii bune pentru ca familia lui s\u0103 tr\u0103iasc\u0103 \u00een condi\u021bii normale \u0219i m\u0103 rog s\u0103 \u00eei dea Dumnezeu s\u0103n\u0103tate lui s\u0103-\u0219i poat\u0103 \u00eentre\u021bine familia, s\u0103-i binecuvinteze familia \u0219i economiile s\u0103 le foloseasc\u0103 pentru familie. Ce s-a \u00eent\u00e2mplat aici poate fi un exemplu de multiplicat \u00een ora\u0219ul \u00censur\u0103\u021bei, ca s\u0103 se vad\u0103 c\u0103 se poate. Am v\u0103zut c\u0103 Prim\u0103ria este \u00eentotdeauna la dispozi\u021bie pentru ini\u021biative bune, ca aceasta. Felicit\u0103ri!\u201d a declarat Valeriu Neac\u0219u, donator \u0219i voluntar ADRA Rom\u00e2nia. <\/p>\n<div class=\"wp-block-image\">\n<figure class=\"alignright size-medium\"><a href=\"http:\/\/adra.ro\/wp-content\/uploads\/2020\/02\/ADRA-DSC_9755-scaled.jpg\" rel=\"lightbox[8334]\"><img decoding=\"async\" src=\"http:\/\/adventistoltenia.ro\/site\/wp-content\/uploads\/2020\/02\/ADRA-DSC_9755-265x176-1.jpg\" alt=\"\" class=\"wp-image-8375\" srcset=\"http:\/\/adventistoltenia.ro\/site\/wp-content\/uploads\/2020\/02\/ADRA-DSC_9755-265x176-1.jpg 265w, http:\/\/adra.ro\/wp-content\/uploads\/2020\/02\/ADRA-DSC_9755-1024x680.jpg 1024w, http:\/\/adra.ro\/wp-content\/uploads\/2020\/02\/ADRA-DSC_9755-768x510.jpg 768w, http:\/\/adra.ro\/wp-content\/uploads\/2020\/02\/ADRA-DSC_9755-1536x1020.jpg 1536w, http:\/\/adra.ro\/wp-content\/uploads\/2020\/02\/ADRA-DSC_9755-2048x1360.jpg 2048w\" sizes=\"(max-width: 265px) 100vw, 265px\"><\/a><\/figure>\n<\/div>\n<p>\u201dBun\u0103 ziua \u0219i bine a\u021bi venit! Sunt foarte fericit c\u0103 a\u021bi realizat acest vis al meu. Mul\u021bumesc mult Asocia\u021biei ADRA, Prim\u0103riei ora\u0219ului \u00censur\u0103\u021bei, echipei de voluntari \u0219i tuturor celor care au sus\u021binut acest proiect. V\u0103 mul\u021bumim mult!\u201d a declarat Marian Ciuperc\u0103, beneficiar ADRA Rom\u00e2nia. <\/p>\n<p>Proiectul <strong>\u201e\u00cen sf\u00e2r\u0219it, acas\u0103!\u201d<\/strong> este modalitatea prin care <strong>ADRA Rom\u00e2nia<\/strong> se implic\u0103 \u00een sus\u021binerea familiilor defavorizate, construind locuin\u021be familiale pentru cei care tr\u0103iesc \u00een condi\u021bii grele, dar av\u00e2nd dorin\u021ba de a munci. \u00cenc\u0103 de la \u00eenfiin\u021bare, \u00een fiecare an, ADRA identific\u0103 \u0219i sprijin\u0103 persoane nevoia\u0219e care nu au un spa\u021biu potrivit de locuit, prin construirea de locuin\u021be \u0219i oferirea de asisten\u021b\u0103 competent\u0103. Acest proiect se desf\u0103\u0219oar\u0103 \u00een parteneriat cu autorit\u0103\u021bile locale, iar finan\u021barea vine at\u00e2t de la persoane fizice, c\u00e2t \u0219i de la persoane juridice. Implementarea proiectului se realizeaz\u0103 cu ajutorul  voluntarilor din \u021bar\u0103 \u0219i din str\u0103in\u0103tate.<strong> <\/strong><\/p>\n<figure class=\"wp-block-image size-large\"><a href=\"http:\/\/adra.ro\/wp-content\/uploads\/2020\/02\/ADRA-DSC_9655-scaled.jpg\" rel=\"lightbox[8334]\"><img decoding=\"async\" src=\"http:\/\/adventistoltenia.ro\/site\/wp-content\/uploads\/2020\/02\/ADRA-DSC_9655-1024x680-1.jpg\" alt=\"\" class=\"wp-image-8363\" srcset=\"http:\/\/adventistoltenia.ro\/site\/wp-content\/uploads\/2020\/02\/ADRA-DSC_9655-1024x680-1.jpg 1024w, http:\/\/adra.ro\/wp-content\/uploads\/2020\/02\/ADRA-DSC_9655-265x176.jpg 265w, http:\/\/adra.ro\/wp-content\/uploads\/2020\/02\/ADRA-DSC_9655-768x510.jpg 768w, http:\/\/adra.ro\/wp-content\/uploads\/2020\/02\/ADRA-DSC_9655-1536x1020.jpg 1536w, http:\/\/adra.ro\/wp-content\/uploads\/2020\/02\/ADRA-DSC_9655-2048x1360.jpg 2048w\" sizes=\"(max-width: 1024px) 100vw, 1024px\"><\/a><\/figure>\n<p>\u00cencep\u00e2nd cu anul 1990, <strong>Agen\u0163ia Adventist\u0103 pentru Dezvoltare, Refacere \u015fi Ajutor \u2013 ADRA Rom\u00e2nia<\/strong>  se implic\u0103 \u00een special \u00een proiecte de dezvoltare de care beneficiaz\u0103  \u00eentreaga popula\u021bie. Conduc\u00e2ndu-se \u00een proiectele asumate dup\u0103 motoul <strong>\u201dDreptate. Compasiune. Dragoste.\u201d,<\/strong>  ADRA Rom\u00e2nia aduce bucurie \u0219i speran\u021b\u0103 \u00een vie\u021bile beneficiarilor prin  promovarea unui viitor mai bun, a valorilor \u0219i a demnit\u0103\u021bii umane. <strong>ADRA Rom\u00e2nia<\/strong> face parte din re\u021beaua <a rel=\"noreferrer noopener\" href=\"https:\/\/adra.org\/\" target=\"_blank\">ADRA Interna\u021bional<\/a>, organiza\u021bia umanitar\u0103 global\u0103 a Bisericii Adventiste de Ziua a \u0218aptea,  una dintre cele mai r\u0103sp\u00e2ndite organiza\u021bii neguvernamentale din lume,  fiind activ\u0103 \u00een peste 130 de \u021b\u0103ri \u0219i conduc\u00e2ndu-se dup\u0103 o filosofie care \u00eembin\u0103 compasiunea cu spiritul practic, adres\u00e2ndu-se oamenilor \u00een nevoie, f\u0103r\u0103 s\u0103 fac\u0103 deosebiri de ordin rasial, etnic, politic sau religios, cu scopul de a sluji umanit\u0103\u021bii astfel \u00eenc\u00e2t to\u021bi s\u0103 convie\u021buiasc\u0103 a\u0219a cum Dumnezeu a pl\u0103nuit.<\/p>\n<figure class=\"wp-block-image size-large\"><a href=\"http:\/\/adra.ro\/wp-content\/uploads\/2020\/02\/ADRA-DSC_9773-scaled.jpg\" rel=\"lightbox[8334]\"><img decoding=\"async\" src=\"http:\/\/adventistoltenia.ro\/site\/wp-content\/uploads\/2020\/02\/ADRA-DSC_9773-1024x680-1.jpg\" alt=\"\" class=\"wp-image-8377\" srcset=\"http:\/\/adventistoltenia.ro\/site\/wp-content\/uploads\/2020\/02\/ADRA-DSC_9773-1024x680-1.jpg 1024w, http:\/\/adra.ro\/wp-content\/uploads\/2020\/02\/ADRA-DSC_9773-265x176.jpg 265w, http:\/\/adra.ro\/wp-content\/uploads\/2020\/02\/ADRA-DSC_9773-768x510.jpg 768w, http:\/\/adra.ro\/wp-content\/uploads\/2020\/02\/ADRA-DSC_9773-1536x1020.jpg 1536w, http:\/\/adra.ro\/wp-content\/uploads\/2020\/02\/ADRA-DSC_9773-2048x1360.jpg 2048w\" sizes=\"(max-width: 1024px) 100vw, 1024px\"><\/a><\/figure>\n<figure class=\"wp-block-image size-large\"><a href=\"http:\/\/adra.ro\/wp-content\/uploads\/2020\/02\/ADRA-DSC_9696-scaled.jpg\" rel=\"lightbox[8334]\"><img decoding=\"async\" src=\"http:\/\/adventistoltenia.ro\/site\/wp-content\/uploads\/2020\/02\/ADRA-DSC_9696-1024x680-1.jpg\" alt=\"\" class=\"wp-image-8367\" srcset=\"http:\/\/adventistoltenia.ro\/site\/wp-content\/uploads\/2020\/02\/ADRA-DSC_9696-1024x680-1.jpg 1024w, http:\/\/adra.ro\/wp-content\/uploads\/2020\/02\/ADRA-DSC_9696-265x176.jpg 265w, http:\/\/adra.ro\/wp-content\/uploads\/2020\/02\/ADRA-DSC_9696-768x510.jpg 768w, http:\/\/adra.ro\/wp-content\/uploads\/2020\/02\/ADRA-DSC_9696-1536x1020.jpg 1536w, http:\/\/adra.ro\/wp-content\/uploads\/2020\/02\/ADRA-DSC_9696-2048x1360.jpg 2048w\" sizes=\"(max-width: 1024px) 100vw, 1024px\"><\/a><\/figure>\n<figure class=\"wp-block-image size-large\"><a href=\"http:\/\/adra.ro\/wp-content\/uploads\/2020\/02\/ADRA-DSC_9649-scaled.jpg\" rel=\"lightbox[8334]\"><img decoding=\"async\" src=\"http:\/\/adventistoltenia.ro\/site\/wp-content\/uploads\/2020\/02\/ADRA-DSC_9649-1024x680-1.jpg\" alt=\"\" class=\"wp-image-8362\" srcset=\"http:\/\/adventistoltenia.ro\/site\/wp-content\/uploads\/2020\/02\/ADRA-DSC_9649-1024x680-1.jpg 1024w, http:\/\/adra.ro\/wp-content\/uploads\/2020\/02\/ADRA-DSC_9649-265x176.jpg 265w, http:\/\/adra.ro\/wp-content\/uploads\/2020\/02\/ADRA-DSC_9649-768x510.jpg 768w, http:\/\/adra.ro\/wp-content\/uploads\/2020\/02\/ADRA-DSC_9649-1536x1020.jpg 1536w, http:\/\/adra.ro\/wp-content\/uploads\/2020\/02\/ADRA-DSC_9649-2048x1360.jpg 2048w\" sizes=\"(max-width: 1024px) 100vw, 1024px\"><\/a><\/figure>\n<figure class=\"wp-block-image size-large\"><a href=\"http:\/\/adra.ro\/wp-content\/uploads\/2020\/02\/ADRA-DSC_9641-scaled.jpg\" rel=\"lightbox[8334]\"><img decoding=\"async\" src=\"http:\/\/adventistoltenia.ro\/site\/wp-content\/uploads\/2020\/02\/ADRA-DSC_9641-1024x680-1.jpg\" alt=\"\" class=\"wp-image-8360\" srcset=\"http:\/\/adventistoltenia.ro\/site\/wp-content\/uploads\/2020\/02\/ADRA-DSC_9641-1024x680-1.jpg 1024w, http:\/\/adra.ro\/wp-content\/uploads\/2020\/02\/ADRA-DSC_9641-265x176.jpg 265w, http:\/\/adra.ro\/wp-content\/uploads\/2020\/02\/ADRA-DSC_9641-768x510.jpg 768w, http:\/\/adra.ro\/wp-content\/uploads\/2020\/02\/ADRA-DSC_9641-1536x1020.jpg 1536w, http:\/\/adra.ro\/wp-content\/uploads\/2020\/02\/ADRA-DSC_9641-2048x1360.jpg 2048w\" sizes=\"(max-width: 1024px) 100vw, 1024px\"><\/a><\/figure>\n<figure class=\"wp-block-image size-large\"><a href=\"http:\/\/adra.ro\/wp-content\/uploads\/2020\/02\/ADRA-DSC_9691-scaled.jpg\" rel=\"lightbox[8334]\"><img decoding=\"async\" src=\"http:\/\/adventistoltenia.ro\/site\/wp-content\/uploads\/2020\/02\/ADRA-DSC_9691-1024x680-1.jpg\" alt=\"\" class=\"wp-image-8366\" srcset=\"http:\/\/adventistoltenia.ro\/site\/wp-content\/uploads\/2020\/02\/ADRA-DSC_9691-1024x680-1.jpg 1024w, http:\/\/adra.ro\/wp-content\/uploads\/2020\/02\/ADRA-DSC_9691-265x176.jpg 265w, http:\/\/adra.ro\/wp-content\/uploads\/2020\/02\/ADRA-DSC_9691-768x510.jpg 768w, http:\/\/adra.ro\/wp-content\/uploads\/2020\/02\/ADRA-DSC_9691-1536x1020.jpg 1536w, http:\/\/adra.ro\/wp-content\/uploads\/2020\/02\/ADRA-DSC_9691-2048x1360.jpg 2048w\" sizes=\"(max-width: 1024px) 100vw, 1024px\"><\/a><\/figure>\n<figure class=\"wp-block-image size-large\"><a href=\"http:\/\/adra.ro\/wp-content\/uploads\/2020\/02\/ADRA-DSC_9638-scaled.jpg\" rel=\"lightbox[8334]\"><img decoding=\"async\" src=\"http:\/\/adventistoltenia.ro\/site\/wp-content\/uploads\/2020\/02\/ADRA-DSC_9638-1024x680-1.jpg\" alt=\"\" class=\"wp-image-8359\" srcset=\"http:\/\/adventistoltenia.ro\/site\/wp-content\/uploads\/2020\/02\/ADRA-DSC_9638-1024x680-1.jpg 1024w, http:\/\/adra.ro\/wp-content\/uploads\/2020\/02\/ADRA-DSC_9638-265x176.jpg 265w, http:\/\/adra.ro\/wp-content\/uploads\/2020\/02\/ADRA-DSC_9638-768x510.jpg 768w, http:\/\/adra.ro\/wp-content\/uploads\/2020\/02\/ADRA-DSC_9638-1536x1020.jpg 1536w, http:\/\/adra.ro\/wp-content\/uploads\/2020\/02\/ADRA-DSC_9638-2048x1360.jpg 2048w\" sizes=\"(max-width: 1024px) 100vw, 1024px\"><\/a><\/figure>\n<figure class=\"wp-block-image size-large\"><img decoding=\"async\" src=\"http:\/\/adventistoltenia.ro\/site\/wp-content\/uploads\/2020\/02\/ADRA-DSC_9637-680x1024-1.jpg\" alt=\"\" class=\"wp-image-8358\" srcset=\"http:\/\/adventistoltenia.ro\/site\/wp-content\/uploads\/2020\/02\/ADRA-DSC_9637-680x1024-1.jpg 680w, http:\/\/adra.ro\/wp-content\/uploads\/2020\/02\/ADRA-DSC_9637-166x250.jpg 166w, http:\/\/adra.ro\/wp-content\/uploads\/2020\/02\/ADRA-DSC_9637-768x1156.jpg 768w, http:\/\/adra.ro\/wp-content\/uploads\/2020\/02\/ADRA-DSC_9637-1020x1536.jpg 1020w, http:\/\/adra.ro\/wp-content\/uploads\/2020\/02\/ADRA-DSC_9637-1360x2048.jpg 1360w, http:\/\/adra.ro\/wp-content\/uploads\/2020\/02\/ADRA-DSC_9637-scaled.jpg 1700w\" sizes=\"(max-width: 680px) 100vw, 680px\"><\/figure>\n<figure class=\"wp-block-image size-large\"><a href=\"http:\/\/adra.ro\/wp-content\/uploads\/2020\/02\/ADRA-DSC_9636-scaled.jpg\" rel=\"lightbox[8334]\"><img decoding=\"async\" src=\"http:\/\/adventistoltenia.ro\/site\/wp-content\/uploads\/2020\/02\/ADRA-DSC_9636-680x1024-1.jpg\" alt=\"\" class=\"wp-image-8357\" srcset=\"http:\/\/adventistoltenia.ro\/site\/wp-content\/uploads\/2020\/02\/ADRA-DSC_9636-680x1024-1.jpg 680w, http:\/\/adra.ro\/wp-content\/uploads\/2020\/02\/ADRA-DSC_9636-166x250.jpg 166w, http:\/\/adra.ro\/wp-content\/uploads\/2020\/02\/ADRA-DSC_9636-768x1156.jpg 768w, http:\/\/adra.ro\/wp-content\/uploads\/2020\/02\/ADRA-DSC_9636-1020x1536.jpg 1020w, http:\/\/adra.ro\/wp-content\/uploads\/2020\/02\/ADRA-DSC_9636-1360x2048.jpg 1360w, http:\/\/adra.ro\/wp-content\/uploads\/2020\/02\/ADRA-DSC_9636-scaled.jpg 1700w\" sizes=\"(max-width: 680px) 100vw, 680px\"><\/a><\/figure>\n<figure class=\"wp-block-image size-large\"><a href=\"http:\/\/adra.ro\/wp-content\/uploads\/2020\/02\/ADRA-DSC_0062-scaled.jpg\" rel=\"lightbox[8334]\"><img decoding=\"async\" src=\"http:\/\/adventistoltenia.ro\/site\/wp-content\/uploads\/2020\/02\/ADRA-DSC_0062-680x1024-1.jpg\" alt=\"\" class=\"wp-image-8355\" srcset=\"http:\/\/adventistoltenia.ro\/site\/wp-content\/uploads\/2020\/02\/ADRA-DSC_0062-680x1024-1.jpg 680w, http:\/\/adra.ro\/wp-content\/uploads\/2020\/02\/ADRA-DSC_0062-166x250.jpg 166w, http:\/\/adra.ro\/wp-content\/uploads\/2020\/02\/ADRA-DSC_0062-768x1156.jpg 768w, http:\/\/adra.ro\/wp-content\/uploads\/2020\/02\/ADRA-DSC_0062-1020x1536.jpg 1020w, http:\/\/adra.ro\/wp-content\/uploads\/2020\/02\/ADRA-DSC_0062-1360x2048.jpg 1360w, http:\/\/adra.ro\/wp-content\/uploads\/2020\/02\/ADRA-DSC_0062-scaled.jpg 1700w\" sizes=\"(max-width: 680px) 100vw, 680px\"><\/a><\/figure>\n<figure class=\"wp-block-image size-large\"><a href=\"http:\/\/adra.ro\/wp-content\/uploads\/2020\/02\/ADRA-DSC_9635-scaled.jpg\" rel=\"lightbox[8334]\"><img decoding=\"async\" src=\"http:\/\/adventistoltenia.ro\/site\/wp-content\/uploads\/2020\/02\/ADRA-DSC_9635-680x1024-1.jpg\" alt=\"\" class=\"wp-image-8356\" srcset=\"http:\/\/adventistoltenia.ro\/site\/wp-content\/uploads\/2020\/02\/ADRA-DSC_9635-680x1024-1.jpg 680w, http:\/\/adra.ro\/wp-content\/uploads\/2020\/02\/ADRA-DSC_9635-166x250.jpg 166w, http:\/\/adra.ro\/wp-content\/uploads\/2020\/02\/ADRA-DSC_9635-768x1156.jpg 768w, http:\/\/adra.ro\/wp-content\/uploads\/2020\/02\/ADRA-DSC_9635-1020x1536.jpg 1020w, http:\/\/adra.ro\/wp-content\/uploads\/2020\/02\/ADRA-DSC_9635-1360x2048.jpg 1360w, http:\/\/adra.ro\/wp-content\/uploads\/2020\/02\/ADRA-DSC_9635-scaled.jpg 1700w\" sizes=\"(max-width: 680px) 100vw, 680px\"><\/a><\/figure>\n<figure class=\"wp-block-image size-large\"><a href=\"http:\/\/adra.ro\/wp-content\/uploads\/2020\/02\/ADRA-DSC_0044-scaled.jpg\" rel=\"lightbox[8334]\"><img decoding=\"async\" src=\"http:\/\/adventistoltenia.ro\/site\/wp-content\/uploads\/2020\/02\/ADRA-DSC_0044-680x1024-1.jpg\" alt=\"\" class=\"wp-image-8354\" srcset=\"http:\/\/adventistoltenia.ro\/site\/wp-content\/uploads\/2020\/02\/ADRA-DSC_0044-680x1024-1.jpg 680w, http:\/\/adra.ro\/wp-content\/uploads\/2020\/02\/ADRA-DSC_0044-166x250.jpg 166w, http:\/\/adra.ro\/wp-content\/uploads\/2020\/02\/ADRA-DSC_0044-768x1156.jpg 768w, http:\/\/adra.ro\/wp-content\/uploads\/2020\/02\/ADRA-DSC_0044-1020x1536.jpg 1020w, http:\/\/adra.ro\/wp-content\/uploads\/2020\/02\/ADRA-DSC_0044-1360x2048.jpg 1360w, http:\/\/adra.ro\/wp-content\/uploads\/2020\/02\/ADRA-DSC_0044-scaled.jpg 1700w\" sizes=\"(max-width: 680px) 100vw, 680px\"><\/a><\/figure>\n<p>ADRA Rom\u00e2nia<\/p>\n<\/div>\n<p>Material preluat de pe  <a href=\"http:\/\/adra.ro\/stiri\/sunt-foarte-fericit-ca-ati-realizat-acest-vis-al-meu-multumesc-o-noua-casa-sociala-inaugurata-de-adra-romania-in-cadrul-proiectului-in-sfarsit-acasa.html\" target=\"_blank\" rel=\"noopener noreferrer\">adra.ro\/stiri<\/a>.<\/p>\n<\/div>\n<p class=\"wpematico_credit\"><small>Powered by <a href=\"http:\/\/www.wpematico.com\" target=\"_blank\" rel=\"noopener noreferrer\">WPeMatico<\/a><\/small><\/p>\n ","protected":false},"excerpt":{"rendered":"<p>Mar\u021bi, 11 februarie 2020,\u00a0Agen\u021bia Adventist\u0103 pentru Dezvoltare, Refacere \u0219i Ajutor \u2013 ADRA Rom\u00e2nia a inaugurat \u00een ora\u0219ul \u00censur\u0103\u021bei, jude\u021bul Br\u0103ila, o nou\u0103 cas\u0103 social\u0103 construit\u0103 \u00een cadrul proiectului \u201d\u00cen sf\u00e2r\u0219it, acas\u0103!\u201d pentru familia Ciuperc\u0103 Marian \u0219i Daniela \u0219i pentru cei trei copii minori ai lor. \u00cen urma primirii cererii de ajutor \u0219i a evalu\u0103rii situa\u021biei, &hellip; <a href=\"https:\/\/adventistoltenia.ro\/site\/sunt-foarte-fericit-ca-ati-realizat-acest-vis-al-meu-multumesc-o-noua-casa-sociala-inaugurata-de-adra-romania-in-cadrul-proiectului-in-sfarsit-acasa\/\">Continued<\/a><\/p>\n","protected":false},"author":2,"featured_media":3203,"comment_status":"open","ping_status":"closed","sticky":false,"template":"","format":"standard","meta":[],"categories":[71],"tags":[],"yoast_head":"<!-- This site is optimized with the Yoast SEO plugin v20.3 - https:\/\/yoast.com\/wordpress\/plugins\/seo\/ -->\n<title>\u201dSunt foarte fericit c\u0103 a\u021bi realizat acest vis al meu. Mul\u021bumesc!\u201d \u2013 o nou\u0103 cas\u0103 social\u0103 inaugurat\u0103 de ADRA Rom\u00e2nia \u00een cadrul proiectului \u201d\u00cen sf\u00e2r\u0219it, acas\u0103!\u201d - Conferinta Oltenia<\/title>\n<meta name=\"robots\" content=\"index, follow, max-snippet:-1, max-image-preview:large, max-video-preview:-1\" \/>\n<link rel=\"canonical\" href=\"https:\/\/adventistoltenia.ro\/site\/sunt-foarte-fericit-ca-ati-realizat-acest-vis-al-meu-multumesc-o-noua-casa-sociala-inaugurata-de-adra-romania-in-cadrul-proiectului-in-sfarsit-acasa\/\" \/>\n<meta property=\"og:locale\" content=\"en_US\" \/>\n<meta property=\"og:type\" content=\"article\" \/>\n<meta property=\"og:title\" content=\"\u201dSunt foarte fericit c\u0103 a\u021bi realizat acest vis al meu. Mul\u021bumesc!\u201d \u2013 o nou\u0103 cas\u0103 social\u0103 inaugurat\u0103 de ADRA Rom\u00e2nia \u00een cadrul proiectului \u201d\u00cen sf\u00e2r\u0219it, acas\u0103!\u201d - Conferinta Oltenia\" \/>\n<meta property=\"og:description\" content=\"Mar\u021bi, 11 februarie 2020,\u00a0Agen\u021bia Adventist\u0103 pentru Dezvoltare, Refacere \u0219i Ajutor \u2013 ADRA Rom\u00e2nia a inaugurat \u00een ora\u0219ul \u00censur\u0103\u021bei, jude\u021bul Br\u0103ila, o nou\u0103 cas\u0103 social\u0103 construit\u0103 \u00een cadrul proiectului \u201d\u00cen sf\u00e2r\u0219it, acas\u0103!\u201d pentru familia Ciuperc\u0103 Marian \u0219i Daniela \u0219i pentru cei trei copii minori ai lor. \u00cen urma primirii cererii de ajutor \u0219i a evalu\u0103rii situa\u021biei, &hellip; Continued\" \/>\n<meta property=\"og:url\" content=\"https:\/\/adventistoltenia.ro\/site\/sunt-foarte-fericit-ca-ati-realizat-acest-vis-al-meu-multumesc-o-noua-casa-sociala-inaugurata-de-adra-romania-in-cadrul-proiectului-in-sfarsit-acasa\/\" \/>\n<meta property=\"og:site_name\" content=\"Conferinta Oltenia\" \/>\n<meta property=\"article:published_time\" content=\"2020-02-15T01:08:11+00:00\" \/>\n<meta property=\"og:image\" content=\"https:\/\/adventistoltenia.ro\/site\/wp-content\/uploads\/2020\/02\/ADRA-DSC_9700-1024x680-1.jpg\" \/>\n\t<meta property=\"og:image:width\" content=\"1024\" \/>\n\t<meta property=\"og:image:height\" content=\"680\" \/>\n\t<meta property=\"og:image:type\" content=\"image\/jpeg\" \/>\n<meta name=\"author\" content=\"Conferinta Oltenia\" \/>\n<meta name=\"twitter:card\" content=\"summary_large_image\" \/>\n<meta name=\"twitter:label1\" content=\"Written by\" \/>\n\t<meta name=\"twitter:data1\" content=\"Conferinta Oltenia\" \/>\n\t<meta name=\"twitter:label2\" content=\"Est. reading time\" \/>\n\t<meta name=\"twitter:data2\" content=\"12 minutes\" \/>\n<script type=\"application\/ld+json\" class=\"yoast-schema-graph\">{\"@context\":\"https:\/\/schema.org\",\"@graph\":[{\"@type\":\"WebPage\",\"@id\":\"https:\/\/adventistoltenia.ro\/site\/sunt-foarte-fericit-ca-ati-realizat-acest-vis-al-meu-multumesc-o-noua-casa-sociala-inaugurata-de-adra-romania-in-cadrul-proiectului-in-sfarsit-acasa\/\",\"url\":\"https:\/\/adventistoltenia.ro\/site\/sunt-foarte-fericit-ca-ati-realizat-acest-vis-al-meu-multumesc-o-noua-casa-sociala-inaugurata-de-adra-romania-in-cadrul-proiectului-in-sfarsit-acasa\/\",\"name\":\"\u201dSunt foarte fericit c\u0103 a\u021bi realizat acest vis al meu. Mul\u021bumesc!\u201d \u2013 o nou\u0103 cas\u0103 social\u0103 inaugurat\u0103 de ADRA Rom\u00e2nia \u00een cadrul proiectului \u201d\u00cen sf\u00e2r\u0219it, acas\u0103!\u201d - Conferinta Oltenia\",\"isPartOf\":{\"@id\":\"https:\/\/adventistoltenia.ro\/site\/#website\"},\"datePublished\":\"2020-02-15T01:08:11+00:00\",\"dateModified\":\"2020-02-15T01:08:11+00:00\",\"author\":{\"@id\":\"https:\/\/adventistoltenia.ro\/site\/#\/schema\/person\/81972d6ddcec064fcb37a129240ef9d7\"},\"breadcrumb\":{\"@id\":\"https:\/\/adventistoltenia.ro\/site\/sunt-foarte-fericit-ca-ati-realizat-acest-vis-al-meu-multumesc-o-noua-casa-sociala-inaugurata-de-adra-romania-in-cadrul-proiectului-in-sfarsit-acasa\/#breadcrumb\"},\"inLanguage\":\"en-US\",\"potentialAction\":[{\"@type\":\"ReadAction\",\"target\":[\"https:\/\/adventistoltenia.ro\/site\/sunt-foarte-fericit-ca-ati-realizat-acest-vis-al-meu-multumesc-o-noua-casa-sociala-inaugurata-de-adra-romania-in-cadrul-proiectului-in-sfarsit-acasa\/\"]}]},{\"@type\":\"BreadcrumbList\",\"@id\":\"https:\/\/adventistoltenia.ro\/site\/sunt-foarte-fericit-ca-ati-realizat-acest-vis-al-meu-multumesc-o-noua-casa-sociala-inaugurata-de-adra-romania-in-cadrul-proiectului-in-sfarsit-acasa\/#breadcrumb\",\"itemListElement\":[{\"@type\":\"ListItem\",\"position\":1,\"name\":\"Home\",\"item\":\"https:\/\/adventistoltenia.ro\/site\/\"},{\"@type\":\"ListItem\",\"position\":2,\"name\":\"\u201dSunt foarte fericit c\u0103 a\u021bi realizat acest vis al meu. Mul\u021bumesc!\u201d \u2013 o nou\u0103 cas\u0103 social\u0103 inaugurat\u0103 de ADRA Rom\u00e2nia \u00een cadrul proiectului \u201d\u00cen sf\u00e2r\u0219it, acas\u0103!\u201d\"}]},{\"@type\":\"WebSite\",\"@id\":\"https:\/\/adventistoltenia.ro\/site\/#website\",\"url\":\"https:\/\/adventistoltenia.ro\/site\/\",\"name\":\"Conferinta Oltenia\",\"description\":\"Biserica Adventista de Ziua a Saptea\",\"potentialAction\":[{\"@type\":\"SearchAction\",\"target\":{\"@type\":\"EntryPoint\",\"urlTemplate\":\"https:\/\/adventistoltenia.ro\/site\/?s={search_term_string}\"},\"query-input\":\"required name=search_term_string\"}],\"inLanguage\":\"en-US\"},{\"@type\":\"Person\",\"@id\":\"https:\/\/adventistoltenia.ro\/site\/#\/schema\/person\/81972d6ddcec064fcb37a129240ef9d7\",\"name\":\"Conferinta Oltenia\",\"image\":{\"@type\":\"ImageObject\",\"inLanguage\":\"en-US\",\"@id\":\"https:\/\/adventistoltenia.ro\/site\/#\/schema\/person\/image\/\",\"url\":\"https:\/\/secure.gravatar.com\/avatar\/ebe92ec22e2e53a8eb79d6b52b724e27?s=96&d=mm&r=g\",\"contentUrl\":\"https:\/\/secure.gravatar.com\/avatar\/ebe92ec22e2e53a8eb79d6b52b724e27?s=96&d=mm&r=g\",\"caption\":\"Conferinta Oltenia\"},\"url\":\"https:\/\/adventistoltenia.ro\/site\/author\/adm1n\/\"}]}<\/script>\n<!-- \/ Yoast SEO plugin. -->","yoast_head_json":{"title":"\u201dSunt foarte fericit c\u0103 a\u021bi realizat acest vis al meu. Mul\u021bumesc!\u201d \u2013 o nou\u0103 cas\u0103 social\u0103 inaugurat\u0103 de ADRA Rom\u00e2nia \u00een cadrul proiectului \u201d\u00cen sf\u00e2r\u0219it, acas\u0103!\u201d - Conferinta Oltenia","robots":{"index":"index","follow":"follow","max-snippet":"max-snippet:-1","max-image-preview":"max-image-preview:large","max-video-preview":"max-video-preview:-1"},"canonical":"https:\/\/adventistoltenia.ro\/site\/sunt-foarte-fericit-ca-ati-realizat-acest-vis-al-meu-multumesc-o-noua-casa-sociala-inaugurata-de-adra-romania-in-cadrul-proiectului-in-sfarsit-acasa\/","og_locale":"en_US","og_type":"article","og_title":"\u201dSunt foarte fericit c\u0103 a\u021bi realizat acest vis al meu. Mul\u021bumesc!\u201d \u2013 o nou\u0103 cas\u0103 social\u0103 inaugurat\u0103 de ADRA Rom\u00e2nia \u00een cadrul proiectului \u201d\u00cen sf\u00e2r\u0219it, acas\u0103!\u201d - Conferinta Oltenia","og_description":"Mar\u021bi, 11 februarie 2020,\u00a0Agen\u021bia Adventist\u0103 pentru Dezvoltare, Refacere \u0219i Ajutor \u2013 ADRA Rom\u00e2nia a inaugurat \u00een ora\u0219ul \u00censur\u0103\u021bei, jude\u021bul Br\u0103ila, o nou\u0103 cas\u0103 social\u0103 construit\u0103 \u00een cadrul proiectului \u201d\u00cen sf\u00e2r\u0219it, acas\u0103!\u201d pentru familia Ciuperc\u0103 Marian \u0219i Daniela \u0219i pentru cei trei copii minori ai lor. \u00cen urma primirii cererii de ajutor \u0219i a evalu\u0103rii situa\u021biei, &hellip; Continued","og_url":"https:\/\/adventistoltenia.ro\/site\/sunt-foarte-fericit-ca-ati-realizat-acest-vis-al-meu-multumesc-o-noua-casa-sociala-inaugurata-de-adra-romania-in-cadrul-proiectului-in-sfarsit-acasa\/","og_site_name":"Conferinta Oltenia","article_published_time":"2020-02-15T01:08:11+00:00","og_image":[{"width":1024,"height":680,"url":"https:\/\/adventistoltenia.ro\/site\/wp-content\/uploads\/2020\/02\/ADRA-DSC_9700-1024x680-1.jpg","type":"image\/jpeg"}],"author":"Conferinta Oltenia","twitter_card":"summary_large_image","twitter_misc":{"Written by":"Conferinta Oltenia","Est. reading time":"12 minutes"},"schema":{"@context":"https:\/\/schema.org","@graph":[{"@type":"WebPage","@id":"https:\/\/adventistoltenia.ro\/site\/sunt-foarte-fericit-ca-ati-realizat-acest-vis-al-meu-multumesc-o-noua-casa-sociala-inaugurata-de-adra-romania-in-cadrul-proiectului-in-sfarsit-acasa\/","url":"https:\/\/adventistoltenia.ro\/site\/sunt-foarte-fericit-ca-ati-realizat-acest-vis-al-meu-multumesc-o-noua-casa-sociala-inaugurata-de-adra-romania-in-cadrul-proiectului-in-sfarsit-acasa\/","name":"\u201dSunt foarte fericit c\u0103 a\u021bi realizat acest vis al meu. Mul\u021bumesc!\u201d \u2013 o nou\u0103 cas\u0103 social\u0103 inaugurat\u0103 de ADRA Rom\u00e2nia \u00een cadrul proiectului \u201d\u00cen sf\u00e2r\u0219it, acas\u0103!\u201d - Conferinta Oltenia","isPartOf":{"@id":"https:\/\/adventistoltenia.ro\/site\/#website"},"datePublished":"2020-02-15T01:08:11+00:00","dateModified":"2020-02-15T01:08:11+00:00","author":{"@id":"https:\/\/adventistoltenia.ro\/site\/#\/schema\/person\/81972d6ddcec064fcb37a129240ef9d7"},"breadcrumb":{"@id":"https:\/\/adventistoltenia.ro\/site\/sunt-foarte-fericit-ca-ati-realizat-acest-vis-al-meu-multumesc-o-noua-casa-sociala-inaugurata-de-adra-romania-in-cadrul-proiectului-in-sfarsit-acasa\/#breadcrumb"},"inLanguage":"en-US","potentialAction":[{"@type":"ReadAction","target":["https:\/\/adventistoltenia.ro\/site\/sunt-foarte-fericit-ca-ati-realizat-acest-vis-al-meu-multumesc-o-noua-casa-sociala-inaugurata-de-adra-romania-in-cadrul-proiectului-in-sfarsit-acasa\/"]}]},{"@type":"BreadcrumbList","@id":"https:\/\/adventistoltenia.ro\/site\/sunt-foarte-fericit-ca-ati-realizat-acest-vis-al-meu-multumesc-o-noua-casa-sociala-inaugurata-de-adra-romania-in-cadrul-proiectului-in-sfarsit-acasa\/#breadcrumb","itemListElement":[{"@type":"ListItem","position":1,"name":"Home","item":"https:\/\/adventistoltenia.ro\/site\/"},{"@type":"ListItem","position":2,"name":"\u201dSunt foarte fericit c\u0103 a\u021bi realizat acest vis al meu. Mul\u021bumesc!\u201d \u2013 o nou\u0103 cas\u0103 social\u0103 inaugurat\u0103 de ADRA Rom\u00e2nia \u00een cadrul proiectului \u201d\u00cen sf\u00e2r\u0219it, acas\u0103!\u201d"}]},{"@type":"WebSite","@id":"https:\/\/adventistoltenia.ro\/site\/#website","url":"https:\/\/adventistoltenia.ro\/site\/","name":"Conferinta Oltenia","description":"Biserica Adventista de Ziua a Saptea","potentialAction":[{"@type":"SearchAction","target":{"@type":"EntryPoint","urlTemplate":"https:\/\/adventistoltenia.ro\/site\/?s={search_term_string}"},"query-input":"required name=search_term_string"}],"inLanguage":"en-US"},{"@type":"Person","@id":"https:\/\/adventistoltenia.ro\/site\/#\/schema\/person\/81972d6ddcec064fcb37a129240ef9d7","name":"Conferinta Oltenia","image":{"@type":"ImageObject","inLanguage":"en-US","@id":"https:\/\/adventistoltenia.ro\/site\/#\/schema\/person\/image\/","url":"https:\/\/secure.gravatar.com\/avatar\/ebe92ec22e2e53a8eb79d6b52b724e27?s=96&d=mm&r=g","contentUrl":"https:\/\/secure.gravatar.com\/avatar\/ebe92ec22e2e53a8eb79d6b52b724e27?s=96&d=mm&r=g","caption":"Conferinta Oltenia"},"url":"https:\/\/adventistoltenia.ro\/site\/author\/adm1n\/"}]}},"_links":{"self":[{"href":"https:\/\/adventistoltenia.ro\/site\/wp-json\/wp\/v2\/posts\/3202"}],"collection":[{"href":"https:\/\/adventistoltenia.ro\/site\/wp-json\/wp\/v2\/posts"}],"about":[{"href":"https:\/\/adventistoltenia.ro\/site\/wp-json\/wp\/v2\/types\/post"}],"author":[{"embeddable":true,"href":"https:\/\/adventistoltenia.ro\/site\/wp-json\/wp\/v2\/users\/2"}],"replies":[{"embeddable":true,"href":"https:\/\/adventistoltenia.ro\/site\/wp-json\/wp\/v2\/comments?post=3202"}],"version-history":[{"count":0,"href":"https:\/\/adventistoltenia.ro\/site\/wp-json\/wp\/v2\/posts\/3202\/revisions"}],"wp:featuredmedia":[{"embeddable":true,"href":"https:\/\/adventistoltenia.ro\/site\/wp-json\/wp\/v2\/media\/3203"}],"wp:attachment":[{"href":"https:\/\/adventistoltenia.ro\/site\/wp-json\/wp\/v2\/media?parent=3202"}],"wp:term":[{"taxonomy":"category","embeddable":true,"href":"https:\/\/adventistoltenia.ro\/site\/wp-json\/wp\/v2\/categories?post=3202"},{"taxonomy":"post_tag","embeddable":true,"href":"https:\/\/adventistoltenia.ro\/site\/wp-json\/wp\/v2\/tags?post=3202"}],"curies":[{"name":"wp","href":"https:\/\/api.w.org\/{rel}","templated":true}]}}