{"id":3228,"date":"2020-02-18T01:18:16","date_gmt":"2020-02-18T01:18:16","guid":{"rendered":"http:\/\/adventistoltenia.ro\/site\/100-de-ani-de-adventism-in-comuna-matca-judetul-galati\/"},"modified":"2020-02-18T01:18:16","modified_gmt":"2020-02-18T01:18:16","slug":"100-de-ani-de-adventism-in-comuna-matca-judetul-galati","status":"publish","type":"post","link":"https:\/\/adventistoltenia.ro\/site\/100-de-ani-de-adventism-in-comuna-matca-judetul-galati\/","title":{"rendered":"100 de ani de adventism \u00een comuna Matca, jude\u021bul Gala\u021bi"},"content":{"rendered":"<div>\n<p>S\u0103rb\u0103toare mare \u00een comuna Matca din jude\u021bul Gala\u021bi. La 100 de ani de la primul moment de c\u00e2nd mesajul Evangheliei, prezentat de Biserica Adventist\u0103 de Ziua a \u0218aptea a ajuns \u00een localitate, ambele Biserici Adventiste de Ziua a \u0218aptea s-au adunat pentru un Sabat de recuno\u0219tin\u021b\u0103.<\/p>\n<p>\u00cen Sabatul din 01 Februarie 2020 peste 1000 de persoane s-au \u00eent\u00e2lnit \u00een cl\u0103direa Bisericii Adventiste de Ziua a \u0218aptea \u201eMatca 1\u201d cu scopul de a aduce laud\u0103 \u0219i mul\u021bumire la adresa lui Dumnezeu pentru modul minunat \u00een care Acesta i-a c\u0103l\u0103uzit timp de 100 de ani. Dumnezeu a fost l\u0103udat de membri prin cuv\u00e2nt \u0219i c\u00e2ntare. Ei \u0219i-au adus aminte de momentele grele prin care au trecut la \u00eenceputuri \u0219i au re\u00eennoit leg\u0103m\u00e2ntul de a r\u0103m\u00e2ne credincio\u0219i lui Dumnezeu p\u00e2n\u0103 \u00een ve\u0219nicie.<\/p>\n<p>Serviciile divine din Sabat au cuprins momente de istorie prezentate de membri \u0219i de pastori care au tr\u0103it \u0219i slujit biserica \u00een perioada respectiv\u0103. Cuv\u00e2ntul lui Dumnezeu a fost deschis \u00een cadrul evenimentului, iar ideea principal\u0103 pe care a fost construit \u00eentreg programul a fost: \u201e Aduce\u0163i-v\u0103 aminte de mai marii vo\u015ftri, care v-au vestit Cuv\u00e2ntul lui Dumnezeu; uita\u0163i-v\u0103 cu b\u0103gare de seam\u0103 la sf\u00e2r\u015fitul felului lor de vie\u0163uire \u015fi urma\u0163i-le credin\u0163a!\u201d (Evrei 13:7, Versiunea Dumitru Cornilescu). Muzica a fost un alt element important din cadrul Sabatului. Corurile reunite ale celor dou\u0103 biserici au c\u00e2ntat spre slava lui Dumnezeu fiind dirija\u021bi de Andrei Lucaci, Narcis Pohrib, Adrian Rarinca \u0219i acompania\u021bi de orchestra condus\u0103 de Mugurel Iacob. Imnul evenimentului a fost \u201eS\u0103 ne-aducem aminte azi\u201d (versuri: Benone Catan\u0103; muzica: Andrei Lucaci).<\/p>\n<figure id=\"attachment_6229\" class=\"figure wp-caption aligncenter\" style=\"width: 710px\"><a href=\"https:\/\/www.facebook.com\/pg\/AdventistMatca1\/photos\/?tab=album&#038;album_id=2458756717710207&#038;__xts__%5B0%5D=68.ARAWliKIXzPqnQDdOqMgZ3rQQI0yVeS7DmUtiJxkRgwFNCklSkaCLJ0ZtV_-D2pPqpL4AJhA_HQbZ0ezdloA8Z1yI1lanvfhApl9Ai9QX2QwlL2KNkA_QrVcw-I0Bep8BueCihjf6xYrDYeeEYIbuTnkOhoXIrIlVGA20F0yFPuNTQf25H3n5x4UjB99l4pRzksyrzx1urTrhGoZFSSXFUXJZiSINMFfJyzcHPSM0tq-4jWgjK8oIziDxJZvKq7-N3N-txnjOVha-gbe5yUb9e1WriYG6_WmD6xfqbIAQ2WRuegdwOU7mDCowxE1-zH9ydw8gtX_0v0HrxQ84fQqo28LQvUX59TgTHOuBE3nmUZSN9EL52g_7efRHeHeODvSEE75094cftLghanlIyjNvbw1aEGflJEbrukVjhKKzrlqeh84Vl0ddiUnsJrgNEhMw1kw-e7jSnoGgL-zn2_VzpgBs7H2nP7Fr4N0GZEYoRMjVT7sovtmMX9m7IyjXHO86lfgfgWlkPg2s6dHzUYYa_quKY0if_KpvjmoaWFSymWf&#038;__tn__=-UC-R\" target=\"_blank\" rel=\"noopener noreferrer\"><img decoding=\"async\" loading=\"lazy\" class=\"wp-image-6229\" src=\"https:\/\/www.adventist.ro\/index\/wp-content\/uploads\/2020\/02\/%C8%98tire_Site_BAZ%C8%98_17feb2020_3.jpg\" alt=\"\" width=\"700\" height=\"467\" srcset=\"http:\/\/adventistoltenia.ro\/site\/wp-content\/uploads\/2020\/02\/C898tire_Site_BAZC898_17feb2020_3.jpg 960w, https:\/\/www.adventist.ro\/index\/wp-content\/uploads\/2020\/02\/\u0218tire_Site_BAZ\u0218_17feb2020_3-768x512.jpg 768w, https:\/\/www.adventist.ro\/index\/wp-content\/uploads\/2020\/02\/\u0218tire_Site_BAZ\u0218_17feb2020_3-350x233.jpg 350w, https:\/\/www.adventist.ro\/index\/wp-content\/uploads\/2020\/02\/\u0218tire_Site_BAZ\u0218_17feb2020_3-700x467.jpg 700w, https:\/\/www.adventist.ro\/index\/wp-content\/uploads\/2020\/02\/\u0218tire_Site_BAZ\u0218_17feb2020_3-800x533.jpg 800w\" sizes=\"(max-width: 700px) 100vw, 700px\"><\/a><figcaption class=\"figcaption\">\n<p class=\"font--secondary--xs\">Corul reunit al Bisericii Adventiste de Ziua a \u0218aptea \u201eMatca 1\u201d \u0219i \u201eMatca 2\u201d, \u00eempreun\u0103 cu orchestra condus\u0103 de Iacob Mugurel.<\/p>\n<\/figcaption><\/figure>\n<p>Invita\u021bii speciali ai evenimentului au fost reprezentan\u021bi at\u00e2t ai administra\u021biei locale, c\u00e2t \u0219i ai Bisericii Adventiste de Ziua a \u0218aptea. Primarul \u0219i viceprimarul comunei Matca \u0219i reprezentan\u021bi ai Poli\u021biei au fost invita\u021bi s\u0103 vorbeasc\u0103 \u00eenaintea membrilor aduna\u021bi cu aceast\u0103 ocazie. Nelu Costea, primarul comunei Matca, \u0219i-a \u00eencheiat discursul prin urm\u0103toarele cuvinte: \u201eMul\u021bumim foarte mult de invita\u021bie. Avem speran\u021ba c\u0103 \u00eempreun\u0103 putem duce comunitatea noastr\u0103 [\u2026] pe un piedestal al recuno\u0219tin\u021bei noastre fa\u021b\u0103 de Dumnezeu \u0219i de iubire a Domnului nostru Isus Hristos.\u201d De asemenea, \u0218coala Gimnazial\u0103 nr. 1 din Matca a fost reprezentat\u0103 de doamna director Dafina Georgeta, care a apreciat perseveren\u021ba \u0219i reu\u0219itele elevilor adventi\u0219ti pe plan academic.<\/p>\n<figure id=\"attachment_6230\" class=\"figure wp-caption aligncenter\" style=\"width: 710px\"><a href=\"https:\/\/www.facebook.com\/pg\/AdventistMatca1\/photos\/?tab=album&#038;album_id=2458756717710207&#038;__xts__%5B0%5D=68.ARAWliKIXzPqnQDdOqMgZ3rQQI0yVeS7DmUtiJxkRgwFNCklSkaCLJ0ZtV_-D2pPqpL4AJhA_HQbZ0ezdloA8Z1yI1lanvfhApl9Ai9QX2QwlL2KNkA_QrVcw-I0Bep8BueCihjf6xYrDYeeEYIbuTnkOhoXIrIlVGA20F0yFPuNTQf25H3n5x4UjB99l4pRzksyrzx1urTrhGoZFSSXFUXJZiSINMFfJyzcHPSM0tq-4jWgjK8oIziDxJZvKq7-N3N-txnjOVha-gbe5yUb9e1WriYG6_WmD6xfqbIAQ2WRuegdwOU7mDCowxE1-zH9ydw8gtX_0v0HrxQ84fQqo28LQvUX59TgTHOuBE3nmUZSN9EL52g_7efRHeHeODvSEE75094cftLghanlIyjNvbw1aEGflJEbrukVjhKKzrlqeh84Vl0ddiUnsJrgNEhMw1kw-e7jSnoGgL-zn2_VzpgBs7H2nP7Fr4N0GZEYoRMjVT7sovtmMX9m7IyjXHO86lfgfgWlkPg2s6dHzUYYa_quKY0if_KpvjmoaWFSymWf&#038;__tn__=-UC-R\" target=\"_blank\" rel=\"noopener noreferrer\"><img decoding=\"async\" loading=\"lazy\" class=\"wp-image-6230\" src=\"https:\/\/www.adventist.ro\/index\/wp-content\/uploads\/2020\/02\/%C8%98tire_Site_BAZ%C8%98_17feb2020_5.jpg\" alt=\"\" width=\"700\" height=\"467\" srcset=\"http:\/\/adventistoltenia.ro\/site\/wp-content\/uploads\/2020\/02\/C898tire_Site_BAZC898_17feb2020_5.jpg 960w, https:\/\/www.adventist.ro\/index\/wp-content\/uploads\/2020\/02\/\u0218tire_Site_BAZ\u0218_17feb2020_5-768x512.jpg 768w, https:\/\/www.adventist.ro\/index\/wp-content\/uploads\/2020\/02\/\u0218tire_Site_BAZ\u0218_17feb2020_5-350x233.jpg 350w, https:\/\/www.adventist.ro\/index\/wp-content\/uploads\/2020\/02\/\u0218tire_Site_BAZ\u0218_17feb2020_5-700x467.jpg 700w, https:\/\/www.adventist.ro\/index\/wp-content\/uploads\/2020\/02\/\u0218tire_Site_BAZ\u0218_17feb2020_5-800x533.jpg 800w\" sizes=\"(max-width: 700px) 100vw, 700px\"><\/a><figcaption class=\"figcaption\">\n<p class=\"font--secondary--xs\">Nelu Costea,\u00a0primarul comunei Matca (mijloc); D\u0103nil\u0103 Gigi,\u00a0viceprimarul comunei Matca, (st\u00e2nga); Drago\u0219 Apostol,\u00a0pastorul Bisericii Adventiste de Ziua a \u0218aptea \u201eMatca 1\u201d (dreapta)<\/p>\n<\/figcaption><\/figure>\n<p>Cuv\u00e2ntul lui Dumnezeu a fost deschis de reprezentan\u021bi ai Diviziunii Inter-Europene, a Uniunii de Conferin\u021be a Bisericii Adventiste de Ziua a \u0218aptea \u0219i a Conferin\u021bei Moldova. Pastorul Georgel P\u00eerlitu a prezentat o viziune pe care membrii advenit\u0219ti din Matca s\u0103 o urmeze. Acesta a accentuat ideea c\u0103 \u201eN-am fost trimi\u0219i \u00een mijlocul lupilor care pot fi bolile, moartea, alcoolul, viciile \u0219i a\u0219a mai departe ca s\u0103 ne expunem degeaba! Ci ca [Dumnezeu] s\u0103 salveze ni\u0219te oi, trimite ni\u0219te oi; ba chiar ni\u0219te miei. Cred c\u0103 obiectivul pentru urm\u0103torii ani ai acestei comunit\u0103\u021bi ar trebui s\u0103 fie acesta.\u201d<\/p>\n<p>De asemenea, invita\u021bi la eveniment au fost to\u021bi pastorii care au slujit \u00een districtul Matca de la inaugurarea primei biserici \u00een 1984 p\u00e2n\u0103 la momentul evenimentului. Ace\u0219tia s-au \u00eent\u00e2lnit cu membrii bisericii \u0219i au avut posibilitatea s\u0103 prezinte at\u00e2t ceea ce au \u00eenv\u0103\u021bat \u00een timpul slujirii lor \u00een districtul Matca, c\u00e2t \u0219i un \u00eendemn pentru Biserica Adventist\u0103 de Ziua a \u0218aptea din comun\u0103.<\/p>\n<p>Evenimentul \u00een \u00eentregime a fost transmis pe pagina de Facebook a Bisericii Adventiste de Ziua a \u0218aptea \u201eMatca 1\u201d, \u0219i a fost urm\u0103rit de mii de persoane.<\/p>\n<figure id=\"attachment_6231\" class=\"figure wp-caption aligncenter\" style=\"width: 710px\"><a href=\"https:\/\/www.facebook.com\/pg\/AdventistMatca1\/photos\/?tab=album&#038;album_id=2458756717710207&#038;__xts__%5B0%5D=68.ARAWliKIXzPqnQDdOqMgZ3rQQI0yVeS7DmUtiJxkRgwFNCklSkaCLJ0ZtV_-D2pPqpL4AJhA_HQbZ0ezdloA8Z1yI1lanvfhApl9Ai9QX2QwlL2KNkA_QrVcw-I0Bep8BueCihjf6xYrDYeeEYIbuTnkOhoXIrIlVGA20F0yFPuNTQf25H3n5x4UjB99l4pRzksyrzx1urTrhGoZFSSXFUXJZiSINMFfJyzcHPSM0tq-4jWgjK8oIziDxJZvKq7-N3N-txnjOVha-gbe5yUb9e1WriYG6_WmD6xfqbIAQ2WRuegdwOU7mDCowxE1-zH9ydw8gtX_0v0HrxQ84fQqo28LQvUX59TgTHOuBE3nmUZSN9EL52g_7efRHeHeODvSEE75094cftLghanlIyjNvbw1aEGflJEbrukVjhKKzrlqeh84Vl0ddiUnsJrgNEhMw1kw-e7jSnoGgL-zn2_VzpgBs7H2nP7Fr4N0GZEYoRMjVT7sovtmMX9m7IyjXHO86lfgfgWlkPg2s6dHzUYYa_quKY0if_KpvjmoaWFSymWf&#038;__tn__=-UC-R\" target=\"_blank\" rel=\"noopener noreferrer\"><img decoding=\"async\" loading=\"lazy\" class=\"wp-image-6231\" src=\"https:\/\/www.adventist.ro\/index\/wp-content\/uploads\/2020\/02\/%C8%98tire_Site_BAZ%C8%98_17feb2020_2.jpg\" alt=\"\" width=\"700\" height=\"467\" srcset=\"http:\/\/adventistoltenia.ro\/site\/wp-content\/uploads\/2020\/02\/C898tire_Site_BAZC898_17feb2020_2.jpg 960w, https:\/\/www.adventist.ro\/index\/wp-content\/uploads\/2020\/02\/\u0218tire_Site_BAZ\u0218_17feb2020_2-768x512.jpg 768w, https:\/\/www.adventist.ro\/index\/wp-content\/uploads\/2020\/02\/\u0218tire_Site_BAZ\u0218_17feb2020_2-350x233.jpg 350w, https:\/\/www.adventist.ro\/index\/wp-content\/uploads\/2020\/02\/\u0218tire_Site_BAZ\u0218_17feb2020_2-700x467.jpg 700w, https:\/\/www.adventist.ro\/index\/wp-content\/uploads\/2020\/02\/\u0218tire_Site_BAZ\u0218_17feb2020_2-800x533.jpg 800w\" sizes=\"(max-width: 700px) 100vw, 700px\"><\/a><figcaption class=\"figcaption\">\n<p class=\"font--secondary--xs\">Pastorii care au slujit \u00een Biserica Adventist\u0103 de Ziua a \u0218aptea din Matca \u00eempreun\u0103 cu reprezentan\u021bi ai\u00a0Diviziunii\u00a0Inter-Europene, ai Uniunii de Conferin\u021be \u0219i ai Conferin\u021bei Moldova<\/p>\n<\/figcaption><\/figure>\n<figure id=\"attachment_6232\" class=\"figure wp-caption aligncenter\" style=\"width: 710px\"><a href=\"https:\/\/www.facebook.com\/pg\/AdventistMatca1\/photos\/?tab=album&#038;album_id=2458756717710207&#038;__xts__%5B0%5D=68.ARAWliKIXzPqnQDdOqMgZ3rQQI0yVeS7DmUtiJxkRgwFNCklSkaCLJ0ZtV_-D2pPqpL4AJhA_HQbZ0ezdloA8Z1yI1lanvfhApl9Ai9QX2QwlL2KNkA_QrVcw-I0Bep8BueCihjf6xYrDYeeEYIbuTnkOhoXIrIlVGA20F0yFPuNTQf25H3n5x4UjB99l4pRzksyrzx1urTrhGoZFSSXFUXJZiSINMFfJyzcHPSM0tq-4jWgjK8oIziDxJZvKq7-N3N-txnjOVha-gbe5yUb9e1WriYG6_WmD6xfqbIAQ2WRuegdwOU7mDCowxE1-zH9ydw8gtX_0v0HrxQ84fQqo28LQvUX59TgTHOuBE3nmUZSN9EL52g_7efRHeHeODvSEE75094cftLghanlIyjNvbw1aEGflJEbrukVjhKKzrlqeh84Vl0ddiUnsJrgNEhMw1kw-e7jSnoGgL-zn2_VzpgBs7H2nP7Fr4N0GZEYoRMjVT7sovtmMX9m7IyjXHO86lfgfgWlkPg2s6dHzUYYa_quKY0if_KpvjmoaWFSymWf&#038;__tn__=-UC-R\" target=\"_blank\" rel=\"noopener noreferrer\"><img decoding=\"async\" loading=\"lazy\" class=\"wp-image-6232\" src=\"https:\/\/www.adventist.ro\/index\/wp-content\/uploads\/2020\/02\/%C8%98tire_Site_BAZ%C8%98_17feb2020_7.jpg\" alt=\"\" width=\"700\" height=\"467\" srcset=\"http:\/\/adventistoltenia.ro\/site\/wp-content\/uploads\/2020\/02\/C898tire_Site_BAZC898_17feb2020_7.jpg 960w, https:\/\/www.adventist.ro\/index\/wp-content\/uploads\/2020\/02\/\u0218tire_Site_BAZ\u0218_17feb2020_7-768x512.jpg 768w, https:\/\/www.adventist.ro\/index\/wp-content\/uploads\/2020\/02\/\u0218tire_Site_BAZ\u0218_17feb2020_7-350x233.jpg 350w, https:\/\/www.adventist.ro\/index\/wp-content\/uploads\/2020\/02\/\u0218tire_Site_BAZ\u0218_17feb2020_7-700x467.jpg 700w, https:\/\/www.adventist.ro\/index\/wp-content\/uploads\/2020\/02\/\u0218tire_Site_BAZ\u0218_17feb2020_7-800x533.jpg 800w\" sizes=\"(max-width: 700px) 100vw, 700px\"><\/a><figcaption class=\"figcaption\">\n<p class=\"font--secondary--xs\">Oficialit\u0103\u021bi prezente la eveniment<\/p>\n<\/figcaption><\/figure>\n<h3>Scurt istoric<\/h3>\n<p>Istoria adventismului \u00een comuna Matca, jude\u021bul Gala\u021bi, a \u00eenceput \u00een anul 1919, imediat dup\u0103 terminarea Primului R\u0103zboi Mondial. Un soldat este internat \u00een spital acolo unde g\u0103se\u0219te un asistent medical care \u00eei vorbe\u0219te din Sf\u00e2nta Scriptur\u0103. Uimit de Cuvintele C\u0103r\u021bii, acesta ajunge acas\u0103, discut\u0103 cu so\u021bia sa \u0219i se hot\u0103r\u0103sc s\u0103 \u021bin\u0103 S\u00e2mb\u0103ta ca zi de odihn\u0103. C\u0103ut\u00e2nd alte persoane care aveau acelea\u0219i convingeri ca ei, g\u0103sesc \u00een Tecuci membri ai Bisericii Adventiste de Ziua a \u0218aptea. Astfel, Chiriac Toader, Marghioala \u0219i feti\u021ba lor, Fr\u0103sina primesc botezul prin scufundare \u00een vara anului 1919.<\/p>\n<p>P\u00e2n\u0103 \u00een anul 1948 Duhul Sf\u00e2nt convinge de adev\u0103rurile Sfintei Scripturi \u00eenc\u0103 58 de persoane, acestea adun\u00e2ndu-se \u00een casa lui Ilie Istrate. Un an mai t\u00e2rziu, \u00een 1949, membrii bisericii preg\u0103tesc un loc de \u00eenchinare care urma s\u0103 fie inaugurat \u00een toamna anului 1950. Construc\u021bia urma s\u0103 slujeasc\u0103 ca biseric\u0103 timp de 32 de ani, p\u00e2n\u0103 \u00een 1981.<\/p>\n<p>Datorit\u0103 faptului c\u0103 num\u0103rul membrilor a crescut la c\u00e2teva sute \u0219i datorit\u0103 activit\u0103\u021bilor care nu puteau fi realizate din cauza spa\u021biului mic, membrii bisericii s-au hot\u0103r\u00e2t ca \u00eempreun\u0103 cu pastorul Pi\u021burlea Gheorghe s\u0103 construiasc\u0103 o alt\u0103 biseric\u0103. Ace\u0219tia au trimis cereri c\u0103tre toate forurile de conducere de la vremea respectiv\u0103. \u00cen ciuda r\u0103spunsului negativ primit, fra\u021bii din Matca \u00eencep construc\u021bia. Totu\u0219i, lucrul care a \u00eenceput pe 10 august 1979 a fost oprit de autorit\u0103\u021bile statului.<\/p>\n<p>Construc\u021bia a fost reluat\u0103 dup\u0103 ce membrii Bisericii Adventiste de Ziua a \u0218aptea au primit aprobare \u00een luna octombrie a anului 1981. Preluat de pastorul Viorel Dima, proiectul a fost modificat, construindu-se o alt\u0103 cl\u0103dire mai \u00eenc\u0103p\u0103toare. Cl\u0103direa a fost inaugurat\u0103 pe data de 04 februarie 1984 \u0219i reprezenta cea mai mare cl\u0103dire din comun\u0103 de la vremea respectiv\u0103.<\/p>\n<figure id=\"attachment_6233\" class=\"figure wp-caption aligncenter\" style=\"width: 710px\"><a href=\"https:\/\/www.facebook.com\/pg\/AdventistMatca1\/photos\/?tab=album&#038;album_id=2458756717710207&#038;__xts__%5B0%5D=68.ARAWliKIXzPqnQDdOqMgZ3rQQI0yVeS7DmUtiJxkRgwFNCklSkaCLJ0ZtV_-D2pPqpL4AJhA_HQbZ0ezdloA8Z1yI1lanvfhApl9Ai9QX2QwlL2KNkA_QrVcw-I0Bep8BueCihjf6xYrDYeeEYIbuTnkOhoXIrIlVGA20F0yFPuNTQf25H3n5x4UjB99l4pRzksyrzx1urTrhGoZFSSXFUXJZiSINMFfJyzcHPSM0tq-4jWgjK8oIziDxJZvKq7-N3N-txnjOVha-gbe5yUb9e1WriYG6_WmD6xfqbIAQ2WRuegdwOU7mDCowxE1-zH9ydw8gtX_0v0HrxQ84fQqo28LQvUX59TgTHOuBE3nmUZSN9EL52g_7efRHeHeODvSEE75094cftLghanlIyjNvbw1aEGflJEbrukVjhKKzrlqeh84Vl0ddiUnsJrgNEhMw1kw-e7jSnoGgL-zn2_VzpgBs7H2nP7Fr4N0GZEYoRMjVT7sovtmMX9m7IyjXHO86lfgfgWlkPg2s6dHzUYYa_quKY0if_KpvjmoaWFSymWf&#038;__tn__=-UC-R\" target=\"_blank\" rel=\"noopener noreferrer\"><img decoding=\"async\" loading=\"lazy\" class=\"wp-image-6233\" src=\"https:\/\/www.adventist.ro\/index\/wp-content\/uploads\/2020\/02\/%C8%98tire_Site_BAZ%C8%98_17feb2020_8.jpg\" alt=\"\" width=\"700\" height=\"525\" srcset=\"http:\/\/adventistoltenia.ro\/site\/wp-content\/uploads\/2020\/02\/C898tire_Site_BAZC898_17feb2020_8.jpg 960w, https:\/\/www.adventist.ro\/index\/wp-content\/uploads\/2020\/02\/\u0218tire_Site_BAZ\u0218_17feb2020_8-768x576.jpg 768w, https:\/\/www.adventist.ro\/index\/wp-content\/uploads\/2020\/02\/\u0218tire_Site_BAZ\u0218_17feb2020_8-500x375.jpg 500w, https:\/\/www.adventist.ro\/index\/wp-content\/uploads\/2020\/02\/\u0218tire_Site_BAZ\u0218_17feb2020_8-800x600.jpg 800w, https:\/\/www.adventist.ro\/index\/wp-content\/uploads\/2020\/02\/\u0218tire_Site_BAZ\u0218_17feb2020_8-350x263.jpg 350w, https:\/\/www.adventist.ro\/index\/wp-content\/uploads\/2020\/02\/\u0218tire_Site_BAZ\u0218_17feb2020_8-700x525.jpg 700w\" sizes=\"(max-width: 700px) 100vw, 700px\"><\/a><figcaption class=\"figcaption\">\n<p class=\"font--secondary--xs\">Construirea Bisericii Adventiste de Ziua a \u0218aptea \u201eMatca 1\u201d<\/p>\n<\/figcaption><\/figure>\n<p>\u00a0<\/p>\n<figure id=\"attachment_6234\" class=\"figure wp-caption aligncenter\" style=\"width: 710px\"><a href=\"https:\/\/www.facebook.com\/pg\/AdventistMatca1\/photos\/?tab=album&#038;album_id=2458756717710207&#038;__xts__%5B0%5D=68.ARAWliKIXzPqnQDdOqMgZ3rQQI0yVeS7DmUtiJxkRgwFNCklSkaCLJ0ZtV_-D2pPqpL4AJhA_HQbZ0ezdloA8Z1yI1lanvfhApl9Ai9QX2QwlL2KNkA_QrVcw-I0Bep8BueCihjf6xYrDYeeEYIbuTnkOhoXIrIlVGA20F0yFPuNTQf25H3n5x4UjB99l4pRzksyrzx1urTrhGoZFSSXFUXJZiSINMFfJyzcHPSM0tq-4jWgjK8oIziDxJZvKq7-N3N-txnjOVha-gbe5yUb9e1WriYG6_WmD6xfqbIAQ2WRuegdwOU7mDCowxE1-zH9ydw8gtX_0v0HrxQ84fQqo28LQvUX59TgTHOuBE3nmUZSN9EL52g_7efRHeHeODvSEE75094cftLghanlIyjNvbw1aEGflJEbrukVjhKKzrlqeh84Vl0ddiUnsJrgNEhMw1kw-e7jSnoGgL-zn2_VzpgBs7H2nP7Fr4N0GZEYoRMjVT7sovtmMX9m7IyjXHO86lfgfgWlkPg2s6dHzUYYa_quKY0if_KpvjmoaWFSymWf&#038;__tn__=-UC-R\" target=\"_blank\" rel=\"noopener noreferrer\"><img decoding=\"async\" loading=\"lazy\" class=\"wp-image-6234\" src=\"https:\/\/www.adventist.ro\/index\/wp-content\/uploads\/2020\/02\/%C8%98tire_Site_BAZ%C8%98_17feb2020_9.jpg\" alt=\"\" width=\"700\" height=\"513\" srcset=\"http:\/\/adventistoltenia.ro\/site\/wp-content\/uploads\/2020\/02\/C898tire_Site_BAZC898_17feb2020_9.jpg 960w, https:\/\/www.adventist.ro\/index\/wp-content\/uploads\/2020\/02\/\u0218tire_Site_BAZ\u0218_17feb2020_9-768x562.jpg 768w, https:\/\/www.adventist.ro\/index\/wp-content\/uploads\/2020\/02\/\u0218tire_Site_BAZ\u0218_17feb2020_9-350x256.jpg 350w, https:\/\/www.adventist.ro\/index\/wp-content\/uploads\/2020\/02\/\u0218tire_Site_BAZ\u0218_17feb2020_9-700x513.jpg 700w, https:\/\/www.adventist.ro\/index\/wp-content\/uploads\/2020\/02\/\u0218tire_Site_BAZ\u0218_17feb2020_9-800x586.jpg 800w\" sizes=\"(max-width: 700px) 100vw, 700px\"><\/a><figcaption class=\"figcaption\">\n<p class=\"font--secondary--xs\">Fotografie de la Inaugurarea Bisericii Adventiste de Ziua a \u0218aptea \u201eMatca 1\u201d, 04 Februarie 1984<\/p>\n<\/figcaption><\/figure>\n<p>De la inaugurarea din 1984 p\u00e2n\u0103 \u00een prezent, membrii Bisericii Adventiste de Ziua a \u0218aptea s-au \u00eenchinat \u00een noua biseric\u0103 dezvolt\u00e2ndu-se pe plan social \u0219i spiritual. Proiecte au fost create \u0219i realizate \u00een colaborare cu autorit\u0103\u021bile locale iar campanii de evanghelizare au fost \u021binute cu ajutorul pastorilor care au slujit de-a lungul timpului.<\/p>\n<p>\u00cen anul 1998, pe 28 februarie are loc inaugurarea unei alte Biserici Adventiste de Ziua a \u0218aptea \u00een localitate. Acest eveniment a reprezentat un moment dureros, a\u0219a cum \u0219i-l amintesc cei care au tr\u0103it \u00een perioada respectiv\u0103.<\/p>\n<figure id=\"attachment_6235\" class=\"figure wp-caption aligncenter\" style=\"width: 710px\"><a href=\"https:\/\/www.facebook.com\/pg\/AdventistMatca1\/photos\/?tab=album&#038;album_id=2458756717710207&#038;__xts__%5B0%5D=68.ARAWliKIXzPqnQDdOqMgZ3rQQI0yVeS7DmUtiJxkRgwFNCklSkaCLJ0ZtV_-D2pPqpL4AJhA_HQbZ0ezdloA8Z1yI1lanvfhApl9Ai9QX2QwlL2KNkA_QrVcw-I0Bep8BueCihjf6xYrDYeeEYIbuTnkOhoXIrIlVGA20F0yFPuNTQf25H3n5x4UjB99l4pRzksyrzx1urTrhGoZFSSXFUXJZiSINMFfJyzcHPSM0tq-4jWgjK8oIziDxJZvKq7-N3N-txnjOVha-gbe5yUb9e1WriYG6_WmD6xfqbIAQ2WRuegdwOU7mDCowxE1-zH9ydw8gtX_0v0HrxQ84fQqo28LQvUX59TgTHOuBE3nmUZSN9EL52g_7efRHeHeODvSEE75094cftLghanlIyjNvbw1aEGflJEbrukVjhKKzrlqeh84Vl0ddiUnsJrgNEhMw1kw-e7jSnoGgL-zn2_VzpgBs7H2nP7Fr4N0GZEYoRMjVT7sovtmMX9m7IyjXHO86lfgfgWlkPg2s6dHzUYYa_quKY0if_KpvjmoaWFSymWf&#038;__tn__=-UC-R\" target=\"_blank\" rel=\"noopener noreferrer\"><img decoding=\"async\" loading=\"lazy\" class=\"wp-image-6235\" src=\"https:\/\/www.adventist.ro\/index\/wp-content\/uploads\/2020\/02\/%C8%98tire_Site_BAZ%C8%98_17feb2020_10.jpg\" alt=\"\" width=\"700\" height=\"505\" srcset=\"http:\/\/adventistoltenia.ro\/site\/wp-content\/uploads\/2020\/02\/C898tire_Site_BAZC898_17feb2020_10.jpg 960w, https:\/\/www.adventist.ro\/index\/wp-content\/uploads\/2020\/02\/\u0218tire_Site_BAZ\u0218_17feb2020_10-768x554.jpg 768w, https:\/\/www.adventist.ro\/index\/wp-content\/uploads\/2020\/02\/\u0218tire_Site_BAZ\u0218_17feb2020_10-350x253.jpg 350w, https:\/\/www.adventist.ro\/index\/wp-content\/uploads\/2020\/02\/\u0218tire_Site_BAZ\u0218_17feb2020_10-700x505.jpg 700w, https:\/\/www.adventist.ro\/index\/wp-content\/uploads\/2020\/02\/\u0218tire_Site_BAZ\u0218_17feb2020_10-800x578.jpg 800w\" sizes=\"(max-width: 700px) 100vw, 700px\"><\/a><figcaption class=\"figcaption\">\n<p class=\"font--secondary--xs\">Botez \u00een Biserica Adventist\u0103 de Ziua a \u0218aptea \u201eMatca 1\u201d<\/p>\n<\/figcaption><\/figure>\n<figure id=\"attachment_6237\" class=\"figure wp-caption aligncenter\" style=\"width: 710px\"><a href=\"https:\/\/www.facebook.com\/pg\/AdventistMatca1\/photos\/?tab=album&#038;album_id=2458756717710207&#038;__xts__%5B0%5D=68.ARAWliKIXzPqnQDdOqMgZ3rQQI0yVeS7DmUtiJxkRgwFNCklSkaCLJ0ZtV_-D2pPqpL4AJhA_HQbZ0ezdloA8Z1yI1lanvfhApl9Ai9QX2QwlL2KNkA_QrVcw-I0Bep8BueCihjf6xYrDYeeEYIbuTnkOhoXIrIlVGA20F0yFPuNTQf25H3n5x4UjB99l4pRzksyrzx1urTrhGoZFSSXFUXJZiSINMFfJyzcHPSM0tq-4jWgjK8oIziDxJZvKq7-N3N-txnjOVha-gbe5yUb9e1WriYG6_WmD6xfqbIAQ2WRuegdwOU7mDCowxE1-zH9ydw8gtX_0v0HrxQ84fQqo28LQvUX59TgTHOuBE3nmUZSN9EL52g_7efRHeHeODvSEE75094cftLghanlIyjNvbw1aEGflJEbrukVjhKKzrlqeh84Vl0ddiUnsJrgNEhMw1kw-e7jSnoGgL-zn2_VzpgBs7H2nP7Fr4N0GZEYoRMjVT7sovtmMX9m7IyjXHO86lfgfgWlkPg2s6dHzUYYa_quKY0if_KpvjmoaWFSymWf&#038;__tn__=-UC-R\" target=\"_blank\" rel=\"noopener noreferrer\"><img decoding=\"async\" loading=\"lazy\" class=\"wp-image-6237\" src=\"https:\/\/www.adventist.ro\/index\/wp-content\/uploads\/2020\/02\/%C8%98tire_Site_BAZ%C8%98_17feb2020_13.jpg\" alt=\"\" width=\"700\" height=\"475\" srcset=\"http:\/\/adventistoltenia.ro\/site\/wp-content\/uploads\/2020\/02\/C898tire_Site_BAZC898_17feb2020_13.jpg 960w, https:\/\/www.adventist.ro\/index\/wp-content\/uploads\/2020\/02\/\u0218tire_Site_BAZ\u0218_17feb2020_13-768x522.jpg 768w, https:\/\/www.adventist.ro\/index\/wp-content\/uploads\/2020\/02\/\u0218tire_Site_BAZ\u0218_17feb2020_13-350x238.jpg 350w, https:\/\/www.adventist.ro\/index\/wp-content\/uploads\/2020\/02\/\u0218tire_Site_BAZ\u0218_17feb2020_13-700x475.jpg 700w, https:\/\/www.adventist.ro\/index\/wp-content\/uploads\/2020\/02\/\u0218tire_Site_BAZ\u0218_17feb2020_13-800x543.jpg 800w\" sizes=\"(max-width: 700px) 100vw, 700px\"><\/a><figcaption class=\"figcaption\">\n<p class=\"font--secondary--xs\">Botez \u00een Biserica Adventist\u0103 de Ziua a \u0218aptea \u201eMatca 2\u201d<\/p>\n<\/figcaption><\/figure>\n<p>\u00cen prezent, dup\u0103 100 de ani de adventism, Biserica Adventist\u0103 de Ziua a \u0218aptea din comuna Matca, jude\u021bul Gala\u021bi, are un num\u0103r de 625 de membri care se adun\u0103 Sabat de Sabat \u00een cele dou\u0103 biserici. Proiectul principal pentru care ace\u0219tia s-au rugat mult \u0219i \u00een care au investit este \u0218coala Adventist\u0103 Matca\u201d acolo unde \u00eenva\u021b\u0103 \u00een prezent un num\u0103r de aproximativ 100 de copii repartiza\u021bi pe ciclurile de \u00eenv\u0103\u021b\u0103m\u00e2nt \u00eencep\u00e2nd cu gr\u0103dini\u021ba \u0219i termin\u00e2nd cu ciclul gimnazial.<\/p>\n<figure id=\"attachment_6238\" class=\"figure wp-caption aligncenter\" style=\"width: 710px\"><a href=\"https:\/\/www.facebook.com\/pg\/AdventistMatca1\/photos\/?tab=album&#038;album_id=2458756717710207&#038;__xts__%5B0%5D=68.ARAWliKIXzPqnQDdOqMgZ3rQQI0yVeS7DmUtiJxkRgwFNCklSkaCLJ0ZtV_-D2pPqpL4AJhA_HQbZ0ezdloA8Z1yI1lanvfhApl9Ai9QX2QwlL2KNkA_QrVcw-I0Bep8BueCihjf6xYrDYeeEYIbuTnkOhoXIrIlVGA20F0yFPuNTQf25H3n5x4UjB99l4pRzksyrzx1urTrhGoZFSSXFUXJZiSINMFfJyzcHPSM0tq-4jWgjK8oIziDxJZvKq7-N3N-txnjOVha-gbe5yUb9e1WriYG6_WmD6xfqbIAQ2WRuegdwOU7mDCowxE1-zH9ydw8gtX_0v0HrxQ84fQqo28LQvUX59TgTHOuBE3nmUZSN9EL52g_7efRHeHeODvSEE75094cftLghanlIyjNvbw1aEGflJEbrukVjhKKzrlqeh84Vl0ddiUnsJrgNEhMw1kw-e7jSnoGgL-zn2_VzpgBs7H2nP7Fr4N0GZEYoRMjVT7sovtmMX9m7IyjXHO86lfgfgWlkPg2s6dHzUYYa_quKY0if_KpvjmoaWFSymWf&#038;__tn__=-UC-R\" target=\"_blank\" rel=\"noopener noreferrer\"><img decoding=\"async\" loading=\"lazy\" class=\"wp-image-6238\" src=\"https:\/\/www.adventist.ro\/index\/wp-content\/uploads\/2020\/02\/%C8%98tire_Site_BAZ%C8%98_17feb2020_11-1.jpg\" alt=\"\" width=\"700\" height=\"467\" srcset=\"http:\/\/adventistoltenia.ro\/site\/wp-content\/uploads\/2020\/02\/C898tire_Site_BAZC898_17feb2020_11-1.jpg 960w, https:\/\/www.adventist.ro\/index\/wp-content\/uploads\/2020\/02\/\u0218tire_Site_BAZ\u0218_17feb2020_11-1-768x512.jpg 768w, https:\/\/www.adventist.ro\/index\/wp-content\/uploads\/2020\/02\/\u0218tire_Site_BAZ\u0218_17feb2020_11-1-350x233.jpg 350w, https:\/\/www.adventist.ro\/index\/wp-content\/uploads\/2020\/02\/\u0218tire_Site_BAZ\u0218_17feb2020_11-1-700x467.jpg 700w, https:\/\/www.adventist.ro\/index\/wp-content\/uploads\/2020\/02\/\u0218tire_Site_BAZ\u0218_17feb2020_11-1-800x533.jpg 800w\" sizes=\"(max-width: 700px) 100vw, 700px\"><\/a><figcaption class=\"figcaption\">\n<p class=\"font--secondary--xs\">O parte dintre elevii \u0218colii Adventiste Matca c\u00e2nt\u00e2nd spre slava lui Dumnezeu la eveniment<\/p>\n<\/figcaption><\/figure>\n<p><em>Autor: Elisei Florea<\/em><\/p>\n<p><em><b>Surs\u0103 Imagini:\u00a0<\/b><a href=\"https:\/\/www.facebook.com\/AdventistMatca1\/\" target=\"_blank\" rel=\"noopener noreferrer\" data-saferedirecturl=\"https:\/\/www.google.com\/url?q=https:\/\/www.facebook.com\/AdventistMatca1\/&#038;source=gmail&#038;ust=1582036700449000&#038;usg=AFQjCNFkNceLU1Q6FRWQvmxyYXhRCpfz5Q\">Pagina de Facebook a Bisericii Adventist\u0103 de Ziua a \u0218aptea \u201eMatca 1\u201d<\/a>.<\/em><\/p>\n<\/div>\n<p class=\"wpematico_credit\"><small>Powered by <a href=\"http:\/\/www.wpematico.com\" target=\"_blank\" rel=\"noopener noreferrer\">WPeMatico<\/a><\/small><\/p>\n ","protected":false},"excerpt":{"rendered":"<p>S\u0103rb\u0103toare mare \u00een comuna Matca din jude\u021bul Gala\u021bi. La 100 de ani de la primul moment de c\u00e2nd mesajul Evangheliei, prezentat de Biserica Adventist\u0103 de Ziua a \u0218aptea a ajuns \u00een localitate, ambele Biserici Adventiste de Ziua a \u0218aptea s-au adunat pentru un Sabat de recuno\u0219tin\u021b\u0103. \u00cen Sabatul din 01 Februarie 2020 peste 1000 de &hellip; <a href=\"https:\/\/adventistoltenia.ro\/site\/100-de-ani-de-adventism-in-comuna-matca-judetul-galati\/\">Continued<\/a><\/p>\n","protected":false},"author":2,"featured_media":3229,"comment_status":"open","ping_status":"closed","sticky":false,"template":"","format":"standard","meta":[],"categories":[71],"tags":[],"yoast_head":"<!-- This site is optimized with the Yoast SEO plugin v20.3 - https:\/\/yoast.com\/wordpress\/plugins\/seo\/ -->\n<title>100 de ani de adventism \u00een comuna Matca, jude\u021bul Gala\u021bi - Conferinta Oltenia<\/title>\n<meta name=\"robots\" content=\"index, follow, max-snippet:-1, max-image-preview:large, max-video-preview:-1\" \/>\n<link rel=\"canonical\" href=\"https:\/\/adventistoltenia.ro\/site\/100-de-ani-de-adventism-in-comuna-matca-judetul-galati\/\" \/>\n<meta property=\"og:locale\" content=\"en_US\" \/>\n<meta property=\"og:type\" content=\"article\" \/>\n<meta property=\"og:title\" content=\"100 de ani de adventism \u00een comuna Matca, jude\u021bul Gala\u021bi - Conferinta Oltenia\" \/>\n<meta property=\"og:description\" content=\"S\u0103rb\u0103toare mare \u00een comuna Matca din jude\u021bul Gala\u021bi. La 100 de ani de la primul moment de c\u00e2nd mesajul Evangheliei, prezentat de Biserica Adventist\u0103 de Ziua a \u0218aptea a ajuns \u00een localitate, ambele Biserici Adventiste de Ziua a \u0218aptea s-au adunat pentru un Sabat de recuno\u0219tin\u021b\u0103. \u00cen Sabatul din 01 Februarie 2020 peste 1000 de &hellip; Continued\" \/>\n<meta property=\"og:url\" content=\"https:\/\/adventistoltenia.ro\/site\/100-de-ani-de-adventism-in-comuna-matca-judetul-galati\/\" \/>\n<meta property=\"og:site_name\" content=\"Conferinta Oltenia\" \/>\n<meta property=\"article:published_time\" content=\"2020-02-18T01:18:16+00:00\" \/>\n<meta property=\"og:image\" content=\"https:\/\/adventistoltenia.ro\/site\/wp-content\/uploads\/2020\/02\/C898tire_Site_BAZC898_17feb2020_3.jpg\" \/>\n\t<meta property=\"og:image:width\" content=\"960\" \/>\n\t<meta property=\"og:image:height\" content=\"640\" \/>\n\t<meta property=\"og:image:type\" content=\"image\/jpeg\" \/>\n<meta name=\"author\" content=\"Conferinta Oltenia\" \/>\n<meta name=\"twitter:card\" content=\"summary_large_image\" \/>\n<meta name=\"twitter:label1\" content=\"Written by\" \/>\n\t<meta name=\"twitter:data1\" content=\"Conferinta Oltenia\" \/>\n\t<meta name=\"twitter:label2\" content=\"Est. reading time\" \/>\n\t<meta name=\"twitter:data2\" content=\"6 minutes\" \/>\n<script type=\"application\/ld+json\" class=\"yoast-schema-graph\">{\"@context\":\"https:\/\/schema.org\",\"@graph\":[{\"@type\":\"WebPage\",\"@id\":\"https:\/\/adventistoltenia.ro\/site\/100-de-ani-de-adventism-in-comuna-matca-judetul-galati\/\",\"url\":\"https:\/\/adventistoltenia.ro\/site\/100-de-ani-de-adventism-in-comuna-matca-judetul-galati\/\",\"name\":\"100 de ani de adventism \u00een comuna Matca, jude\u021bul Gala\u021bi - Conferinta Oltenia\",\"isPartOf\":{\"@id\":\"https:\/\/adventistoltenia.ro\/site\/#website\"},\"datePublished\":\"2020-02-18T01:18:16+00:00\",\"dateModified\":\"2020-02-18T01:18:16+00:00\",\"author\":{\"@id\":\"https:\/\/adventistoltenia.ro\/site\/#\/schema\/person\/81972d6ddcec064fcb37a129240ef9d7\"},\"breadcrumb\":{\"@id\":\"https:\/\/adventistoltenia.ro\/site\/100-de-ani-de-adventism-in-comuna-matca-judetul-galati\/#breadcrumb\"},\"inLanguage\":\"en-US\",\"potentialAction\":[{\"@type\":\"ReadAction\",\"target\":[\"https:\/\/adventistoltenia.ro\/site\/100-de-ani-de-adventism-in-comuna-matca-judetul-galati\/\"]}]},{\"@type\":\"BreadcrumbList\",\"@id\":\"https:\/\/adventistoltenia.ro\/site\/100-de-ani-de-adventism-in-comuna-matca-judetul-galati\/#breadcrumb\",\"itemListElement\":[{\"@type\":\"ListItem\",\"position\":1,\"name\":\"Home\",\"item\":\"https:\/\/adventistoltenia.ro\/site\/\"},{\"@type\":\"ListItem\",\"position\":2,\"name\":\"100 de ani de adventism \u00een comuna Matca, jude\u021bul Gala\u021bi\"}]},{\"@type\":\"WebSite\",\"@id\":\"https:\/\/adventistoltenia.ro\/site\/#website\",\"url\":\"https:\/\/adventistoltenia.ro\/site\/\",\"name\":\"Conferinta Oltenia\",\"description\":\"Biserica Adventista de Ziua a Saptea\",\"potentialAction\":[{\"@type\":\"SearchAction\",\"target\":{\"@type\":\"EntryPoint\",\"urlTemplate\":\"https:\/\/adventistoltenia.ro\/site\/?s={search_term_string}\"},\"query-input\":\"required name=search_term_string\"}],\"inLanguage\":\"en-US\"},{\"@type\":\"Person\",\"@id\":\"https:\/\/adventistoltenia.ro\/site\/#\/schema\/person\/81972d6ddcec064fcb37a129240ef9d7\",\"name\":\"Conferinta Oltenia\",\"image\":{\"@type\":\"ImageObject\",\"inLanguage\":\"en-US\",\"@id\":\"https:\/\/adventistoltenia.ro\/site\/#\/schema\/person\/image\/\",\"url\":\"https:\/\/secure.gravatar.com\/avatar\/ebe92ec22e2e53a8eb79d6b52b724e27?s=96&d=mm&r=g\",\"contentUrl\":\"https:\/\/secure.gravatar.com\/avatar\/ebe92ec22e2e53a8eb79d6b52b724e27?s=96&d=mm&r=g\",\"caption\":\"Conferinta Oltenia\"},\"url\":\"https:\/\/adventistoltenia.ro\/site\/author\/adm1n\/\"}]}<\/script>\n<!-- \/ Yoast SEO plugin. -->","yoast_head_json":{"title":"100 de ani de adventism \u00een comuna Matca, jude\u021bul Gala\u021bi - Conferinta Oltenia","robots":{"index":"index","follow":"follow","max-snippet":"max-snippet:-1","max-image-preview":"max-image-preview:large","max-video-preview":"max-video-preview:-1"},"canonical":"https:\/\/adventistoltenia.ro\/site\/100-de-ani-de-adventism-in-comuna-matca-judetul-galati\/","og_locale":"en_US","og_type":"article","og_title":"100 de ani de adventism \u00een comuna Matca, jude\u021bul Gala\u021bi - Conferinta Oltenia","og_description":"S\u0103rb\u0103toare mare \u00een comuna Matca din jude\u021bul Gala\u021bi. La 100 de ani de la primul moment de c\u00e2nd mesajul Evangheliei, prezentat de Biserica Adventist\u0103 de Ziua a \u0218aptea a ajuns \u00een localitate, ambele Biserici Adventiste de Ziua a \u0218aptea s-au adunat pentru un Sabat de recuno\u0219tin\u021b\u0103. \u00cen Sabatul din 01 Februarie 2020 peste 1000 de &hellip; Continued","og_url":"https:\/\/adventistoltenia.ro\/site\/100-de-ani-de-adventism-in-comuna-matca-judetul-galati\/","og_site_name":"Conferinta Oltenia","article_published_time":"2020-02-18T01:18:16+00:00","og_image":[{"width":960,"height":640,"url":"https:\/\/adventistoltenia.ro\/site\/wp-content\/uploads\/2020\/02\/C898tire_Site_BAZC898_17feb2020_3.jpg","type":"image\/jpeg"}],"author":"Conferinta Oltenia","twitter_card":"summary_large_image","twitter_misc":{"Written by":"Conferinta Oltenia","Est. reading time":"6 minutes"},"schema":{"@context":"https:\/\/schema.org","@graph":[{"@type":"WebPage","@id":"https:\/\/adventistoltenia.ro\/site\/100-de-ani-de-adventism-in-comuna-matca-judetul-galati\/","url":"https:\/\/adventistoltenia.ro\/site\/100-de-ani-de-adventism-in-comuna-matca-judetul-galati\/","name":"100 de ani de adventism \u00een comuna Matca, jude\u021bul Gala\u021bi - Conferinta Oltenia","isPartOf":{"@id":"https:\/\/adventistoltenia.ro\/site\/#website"},"datePublished":"2020-02-18T01:18:16+00:00","dateModified":"2020-02-18T01:18:16+00:00","author":{"@id":"https:\/\/adventistoltenia.ro\/site\/#\/schema\/person\/81972d6ddcec064fcb37a129240ef9d7"},"breadcrumb":{"@id":"https:\/\/adventistoltenia.ro\/site\/100-de-ani-de-adventism-in-comuna-matca-judetul-galati\/#breadcrumb"},"inLanguage":"en-US","potentialAction":[{"@type":"ReadAction","target":["https:\/\/adventistoltenia.ro\/site\/100-de-ani-de-adventism-in-comuna-matca-judetul-galati\/"]}]},{"@type":"BreadcrumbList","@id":"https:\/\/adventistoltenia.ro\/site\/100-de-ani-de-adventism-in-comuna-matca-judetul-galati\/#breadcrumb","itemListElement":[{"@type":"ListItem","position":1,"name":"Home","item":"https:\/\/adventistoltenia.ro\/site\/"},{"@type":"ListItem","position":2,"name":"100 de ani de adventism \u00een comuna Matca, jude\u021bul Gala\u021bi"}]},{"@type":"WebSite","@id":"https:\/\/adventistoltenia.ro\/site\/#website","url":"https:\/\/adventistoltenia.ro\/site\/","name":"Conferinta Oltenia","description":"Biserica Adventista de Ziua a Saptea","potentialAction":[{"@type":"SearchAction","target":{"@type":"EntryPoint","urlTemplate":"https:\/\/adventistoltenia.ro\/site\/?s={search_term_string}"},"query-input":"required name=search_term_string"}],"inLanguage":"en-US"},{"@type":"Person","@id":"https:\/\/adventistoltenia.ro\/site\/#\/schema\/person\/81972d6ddcec064fcb37a129240ef9d7","name":"Conferinta Oltenia","image":{"@type":"ImageObject","inLanguage":"en-US","@id":"https:\/\/adventistoltenia.ro\/site\/#\/schema\/person\/image\/","url":"https:\/\/secure.gravatar.com\/avatar\/ebe92ec22e2e53a8eb79d6b52b724e27?s=96&d=mm&r=g","contentUrl":"https:\/\/secure.gravatar.com\/avatar\/ebe92ec22e2e53a8eb79d6b52b724e27?s=96&d=mm&r=g","caption":"Conferinta Oltenia"},"url":"https:\/\/adventistoltenia.ro\/site\/author\/adm1n\/"}]}},"_links":{"self":[{"href":"https:\/\/adventistoltenia.ro\/site\/wp-json\/wp\/v2\/posts\/3228"}],"collection":[{"href":"https:\/\/adventistoltenia.ro\/site\/wp-json\/wp\/v2\/posts"}],"about":[{"href":"https:\/\/adventistoltenia.ro\/site\/wp-json\/wp\/v2\/types\/post"}],"author":[{"embeddable":true,"href":"https:\/\/adventistoltenia.ro\/site\/wp-json\/wp\/v2\/users\/2"}],"replies":[{"embeddable":true,"href":"https:\/\/adventistoltenia.ro\/site\/wp-json\/wp\/v2\/comments?post=3228"}],"version-history":[{"count":0,"href":"https:\/\/adventistoltenia.ro\/site\/wp-json\/wp\/v2\/posts\/3228\/revisions"}],"wp:featuredmedia":[{"embeddable":true,"href":"https:\/\/adventistoltenia.ro\/site\/wp-json\/wp\/v2\/media\/3229"}],"wp:attachment":[{"href":"https:\/\/adventistoltenia.ro\/site\/wp-json\/wp\/v2\/media?parent=3228"}],"wp:term":[{"taxonomy":"category","embeddable":true,"href":"https:\/\/adventistoltenia.ro\/site\/wp-json\/wp\/v2\/categories?post=3228"},{"taxonomy":"post_tag","embeddable":true,"href":"https:\/\/adventistoltenia.ro\/site\/wp-json\/wp\/v2\/tags?post=3228"}],"curies":[{"name":"wp","href":"https:\/\/api.w.org\/{rel}","templated":true}]}}