{"id":3239,"date":"2020-02-22T01:07:26","date_gmt":"2020-02-22T01:07:26","guid":{"rendered":"http:\/\/adventistoltenia.ro\/site\/liderii-angolei-raspund-pozitiv-la-cererea-reprogramarii-examenelor-din-sabat\/"},"modified":"2020-02-22T01:07:26","modified_gmt":"2020-02-22T01:07:26","slug":"liderii-angolei-raspund-pozitiv-la-cererea-reprogramarii-examenelor-din-sabat","status":"publish","type":"post","link":"https:\/\/adventistoltenia.ro\/site\/liderii-angolei-raspund-pozitiv-la-cererea-reprogramarii-examenelor-din-sabat\/","title":{"rendered":"Liderii Angolei r\u0103spund pozitiv la cererea reprogram\u0103rii examenelor din Sabat"},"content":{"rendered":"<div>\n<p>La cererea pastorului Ted N.C. Wilson, pre\u0219edintele Bisericii Adventiste de Ziua a \u0218aptea la nivel mondial, pre\u0219edintele Angolei \u0219i reprezentantul Parlamentului au acceptat s\u0103 se g\u00e2ndeasc\u0103 la scutirea studen\u021bilor adventi\u0219ti de examenele universit\u0103\u021bilor \u0219i \u0219colilor publice care erau programate S\u00e2mb\u0103ta.<\/p>\n<p>35 000 de membri adventi\u0219ti au strigat \u0219i au aplaudat de bucurie atunci c\u00e2nd pastorul Wilson a anun\u021bat angajamentul guvernului \u00eentr-una din predicile din Sabat, pe care acesta le-a \u021binut pe un stadion din capitala Angolei, Luanda. Respectarea Sabatului este o provocare major\u0103 pentru mul\u021bi dintre studen\u021bii adventi\u0219ti din \u021bara african\u0103.<\/p>\n<p>Wilson a adus \u00een discu\u021bie problema examenelor programate \u00een Sabat \u00een timpul \u00eent\u00e2lnirii de 30 de minute cu pre\u0219edintele Angolei, Jo\u00e3o Louren\u00e7o, \u00een Palatul Preziden\u021bial pe data de 13 februarie. Mul\u021bumind pre\u0219edintelui pentru libertatea religioas\u0103 de care se bucur\u0103 locuitorii Angolei, el a punctat faptul c\u0103 \u021bara ar contribui mai mult la dezvoltarea societ\u0103\u021bii dac\u0103 ar fi extins\u0103 libertatea de alegere a fiec\u0103rei persoane.<\/p>\n<p>\u201eEste o problem\u0103 a moralei \u0219i a libert\u0103\u021bii de alegere\u201d, a spus el.<\/p>\n<p>El a eviden\u021biat faptul c\u0103 mul\u021bi dintre cei 650 000 de membri ai Bisericii Adventiste de Ziua a \u0218aptea sunt tineri. Aproximativ 80% din cei 210 000 de persoane botezate \u00een Luanda aveau v\u00e2rsta mai mic\u0103 de 30 de ani.<\/p>\n<p>Louren\u00e7o, care deschisese \u00eent\u00e2lnirea mul\u021bumind pastorului Ted N.C. Wilson pentru eforturile Bisericii Adventiste de Ziua a \u0218aptea pentru a \u00eembun\u0103t\u0103\u021bi societatea, a acceptat s\u0103 acorde o mai mare aten\u021bie reprogram\u0103rii examenelor din Sabat. Cre\u0219tin fiind, el a sugerat ca examenele s\u0103 fie mutate vineri sau luni pentru studen\u021bii adventi\u0219ti.<\/p>\n<p>Pre\u0219edintele Ted N.C. Wilson a f\u0103cut un doilea apel privind cursurile care aveau loc S\u00e2mb\u0103ta la \u00eent\u00e2lnirea din cl\u0103direa Parlamentului, cu Fernando da Piedade Dias dos Santos, pre\u0219edintele Uniunii Na\u021bionale. \u00cen timpul discu\u021biei din 14 februarie 2020, pastorul Wilson a men\u021bionat discu\u021bia pe care o avusese anterior cu Louren\u00e7o.<\/p>\n<p>\u201eNe vom str\u0103dui s\u0103 facem tot ce putem\u201d, a r\u0103spuns Piedale, un politician cu vechime. \u201eDa\u021bi-ne pu\u021bin timp\u201d.<\/p>\n<p>\u00cen cadrul unui interviu, Ted N.C. Wilson a spus c\u0103 a fost \u00eencurajat de r\u0103spunsul primit din partea liderilor din Angola, \u0219i a oferit credit Duhului Sf\u00e2nt pentru faptul c\u0103 l-a inspirat s\u0103 aduc\u0103 problema \u00een discu\u021bie. Examenele programate \u00een Sabat nu ap\u0103reau pe agenda nici uneia dintre \u00eent\u00e2lniri, scopul lor ini\u021bial fiind altul.<\/p>\n<p><em><a href=\"https:\/\/www.adventistreview.org\/church-news\/story14504-on-adventist-appeal,-angola-reviews-status-of-saturday-exams\" target=\"_blank\" rel=\"noopener noreferrer\">Surs\u0103 Articol: Adventist Review.<\/a><\/em><br \/>\n<em><a href=\"https:\/\/www.facebook.com\/PastorTedWilson\/\" target=\"_blank\" rel=\"noopener noreferrer\">Surs\u0103 Imagine: Pagina oficial\u0103 de Facebook, Pastor Ted Wilson.<\/a><\/em><\/p>\n<\/div>\n<p class=\"wpematico_credit\"><small>Powered by <a href=\"http:\/\/www.wpematico.com\" target=\"_blank\" rel=\"noopener noreferrer\">WPeMatico<\/a><\/small><\/p>\n ","protected":false},"excerpt":{"rendered":"<p>La cererea pastorului Ted N.C. Wilson, pre\u0219edintele Bisericii Adventiste de Ziua a \u0218aptea la nivel mondial, pre\u0219edintele Angolei \u0219i reprezentantul Parlamentului au acceptat s\u0103 se g\u00e2ndeasc\u0103 la scutirea studen\u021bilor adventi\u0219ti de examenele universit\u0103\u021bilor \u0219i \u0219colilor publice care erau programate S\u00e2mb\u0103ta. 35 000 de membri adventi\u0219ti au strigat \u0219i au aplaudat de bucurie atunci c\u00e2nd pastorul &hellip; <a href=\"https:\/\/adventistoltenia.ro\/site\/liderii-angolei-raspund-pozitiv-la-cererea-reprogramarii-examenelor-din-sabat\/\">Continued<\/a><\/p>\n","protected":false},"author":2,"featured_media":0,"comment_status":"open","ping_status":"closed","sticky":false,"template":"","format":"standard","meta":[],"categories":[71],"tags":[],"yoast_head":"<!-- This site is optimized with the Yoast SEO plugin v20.3 - https:\/\/yoast.com\/wordpress\/plugins\/seo\/ -->\n<title>Liderii Angolei r\u0103spund pozitiv la cererea reprogram\u0103rii examenelor din Sabat - Conferinta Oltenia<\/title>\n<meta name=\"robots\" content=\"index, follow, max-snippet:-1, max-image-preview:large, max-video-preview:-1\" \/>\n<link rel=\"canonical\" href=\"https:\/\/adventistoltenia.ro\/site\/liderii-angolei-raspund-pozitiv-la-cererea-reprogramarii-examenelor-din-sabat\/\" \/>\n<meta property=\"og:locale\" content=\"en_US\" \/>\n<meta property=\"og:type\" content=\"article\" \/>\n<meta property=\"og:title\" content=\"Liderii Angolei r\u0103spund pozitiv la cererea reprogram\u0103rii examenelor din Sabat - Conferinta Oltenia\" \/>\n<meta property=\"og:description\" content=\"La cererea pastorului Ted N.C. Wilson, pre\u0219edintele Bisericii Adventiste de Ziua a \u0218aptea la nivel mondial, pre\u0219edintele Angolei \u0219i reprezentantul Parlamentului au acceptat s\u0103 se g\u00e2ndeasc\u0103 la scutirea studen\u021bilor adventi\u0219ti de examenele universit\u0103\u021bilor \u0219i \u0219colilor publice care erau programate S\u00e2mb\u0103ta. 35 000 de membri adventi\u0219ti au strigat \u0219i au aplaudat de bucurie atunci c\u00e2nd pastorul &hellip; Continued\" \/>\n<meta property=\"og:url\" content=\"https:\/\/adventistoltenia.ro\/site\/liderii-angolei-raspund-pozitiv-la-cererea-reprogramarii-examenelor-din-sabat\/\" \/>\n<meta property=\"og:site_name\" content=\"Conferinta Oltenia\" \/>\n<meta property=\"article:published_time\" content=\"2020-02-22T01:07:26+00:00\" \/>\n<meta name=\"author\" content=\"Conferinta Oltenia\" \/>\n<meta name=\"twitter:card\" content=\"summary_large_image\" \/>\n<meta name=\"twitter:label1\" content=\"Written by\" \/>\n\t<meta name=\"twitter:data1\" content=\"Conferinta Oltenia\" \/>\n\t<meta name=\"twitter:label2\" content=\"Est. reading time\" \/>\n\t<meta name=\"twitter:data2\" content=\"2 minutes\" \/>\n<script type=\"application\/ld+json\" class=\"yoast-schema-graph\">{\"@context\":\"https:\/\/schema.org\",\"@graph\":[{\"@type\":\"WebPage\",\"@id\":\"https:\/\/adventistoltenia.ro\/site\/liderii-angolei-raspund-pozitiv-la-cererea-reprogramarii-examenelor-din-sabat\/\",\"url\":\"https:\/\/adventistoltenia.ro\/site\/liderii-angolei-raspund-pozitiv-la-cererea-reprogramarii-examenelor-din-sabat\/\",\"name\":\"Liderii Angolei r\u0103spund pozitiv la cererea reprogram\u0103rii examenelor din Sabat - Conferinta Oltenia\",\"isPartOf\":{\"@id\":\"https:\/\/adventistoltenia.ro\/site\/#website\"},\"datePublished\":\"2020-02-22T01:07:26+00:00\",\"dateModified\":\"2020-02-22T01:07:26+00:00\",\"author\":{\"@id\":\"https:\/\/adventistoltenia.ro\/site\/#\/schema\/person\/81972d6ddcec064fcb37a129240ef9d7\"},\"breadcrumb\":{\"@id\":\"https:\/\/adventistoltenia.ro\/site\/liderii-angolei-raspund-pozitiv-la-cererea-reprogramarii-examenelor-din-sabat\/#breadcrumb\"},\"inLanguage\":\"en-US\",\"potentialAction\":[{\"@type\":\"ReadAction\",\"target\":[\"https:\/\/adventistoltenia.ro\/site\/liderii-angolei-raspund-pozitiv-la-cererea-reprogramarii-examenelor-din-sabat\/\"]}]},{\"@type\":\"BreadcrumbList\",\"@id\":\"https:\/\/adventistoltenia.ro\/site\/liderii-angolei-raspund-pozitiv-la-cererea-reprogramarii-examenelor-din-sabat\/#breadcrumb\",\"itemListElement\":[{\"@type\":\"ListItem\",\"position\":1,\"name\":\"Home\",\"item\":\"https:\/\/adventistoltenia.ro\/site\/\"},{\"@type\":\"ListItem\",\"position\":2,\"name\":\"Liderii Angolei r\u0103spund pozitiv la cererea reprogram\u0103rii examenelor din Sabat\"}]},{\"@type\":\"WebSite\",\"@id\":\"https:\/\/adventistoltenia.ro\/site\/#website\",\"url\":\"https:\/\/adventistoltenia.ro\/site\/\",\"name\":\"Conferinta Oltenia\",\"description\":\"Biserica Adventista de Ziua a Saptea\",\"potentialAction\":[{\"@type\":\"SearchAction\",\"target\":{\"@type\":\"EntryPoint\",\"urlTemplate\":\"https:\/\/adventistoltenia.ro\/site\/?s={search_term_string}\"},\"query-input\":\"required name=search_term_string\"}],\"inLanguage\":\"en-US\"},{\"@type\":\"Person\",\"@id\":\"https:\/\/adventistoltenia.ro\/site\/#\/schema\/person\/81972d6ddcec064fcb37a129240ef9d7\",\"name\":\"Conferinta Oltenia\",\"image\":{\"@type\":\"ImageObject\",\"inLanguage\":\"en-US\",\"@id\":\"https:\/\/adventistoltenia.ro\/site\/#\/schema\/person\/image\/\",\"url\":\"https:\/\/secure.gravatar.com\/avatar\/ebe92ec22e2e53a8eb79d6b52b724e27?s=96&d=mm&r=g\",\"contentUrl\":\"https:\/\/secure.gravatar.com\/avatar\/ebe92ec22e2e53a8eb79d6b52b724e27?s=96&d=mm&r=g\",\"caption\":\"Conferinta Oltenia\"},\"url\":\"https:\/\/adventistoltenia.ro\/site\/author\/adm1n\/\"}]}<\/script>\n<!-- \/ Yoast SEO plugin. -->","yoast_head_json":{"title":"Liderii Angolei r\u0103spund pozitiv la cererea reprogram\u0103rii examenelor din Sabat - Conferinta Oltenia","robots":{"index":"index","follow":"follow","max-snippet":"max-snippet:-1","max-image-preview":"max-image-preview:large","max-video-preview":"max-video-preview:-1"},"canonical":"https:\/\/adventistoltenia.ro\/site\/liderii-angolei-raspund-pozitiv-la-cererea-reprogramarii-examenelor-din-sabat\/","og_locale":"en_US","og_type":"article","og_title":"Liderii Angolei r\u0103spund pozitiv la cererea reprogram\u0103rii examenelor din Sabat - Conferinta Oltenia","og_description":"La cererea pastorului Ted N.C. Wilson, pre\u0219edintele Bisericii Adventiste de Ziua a \u0218aptea la nivel mondial, pre\u0219edintele Angolei \u0219i reprezentantul Parlamentului au acceptat s\u0103 se g\u00e2ndeasc\u0103 la scutirea studen\u021bilor adventi\u0219ti de examenele universit\u0103\u021bilor \u0219i \u0219colilor publice care erau programate S\u00e2mb\u0103ta. 35 000 de membri adventi\u0219ti au strigat \u0219i au aplaudat de bucurie atunci c\u00e2nd pastorul &hellip; Continued","og_url":"https:\/\/adventistoltenia.ro\/site\/liderii-angolei-raspund-pozitiv-la-cererea-reprogramarii-examenelor-din-sabat\/","og_site_name":"Conferinta Oltenia","article_published_time":"2020-02-22T01:07:26+00:00","author":"Conferinta Oltenia","twitter_card":"summary_large_image","twitter_misc":{"Written by":"Conferinta Oltenia","Est. reading time":"2 minutes"},"schema":{"@context":"https:\/\/schema.org","@graph":[{"@type":"WebPage","@id":"https:\/\/adventistoltenia.ro\/site\/liderii-angolei-raspund-pozitiv-la-cererea-reprogramarii-examenelor-din-sabat\/","url":"https:\/\/adventistoltenia.ro\/site\/liderii-angolei-raspund-pozitiv-la-cererea-reprogramarii-examenelor-din-sabat\/","name":"Liderii Angolei r\u0103spund pozitiv la cererea reprogram\u0103rii examenelor din Sabat - Conferinta Oltenia","isPartOf":{"@id":"https:\/\/adventistoltenia.ro\/site\/#website"},"datePublished":"2020-02-22T01:07:26+00:00","dateModified":"2020-02-22T01:07:26+00:00","author":{"@id":"https:\/\/adventistoltenia.ro\/site\/#\/schema\/person\/81972d6ddcec064fcb37a129240ef9d7"},"breadcrumb":{"@id":"https:\/\/adventistoltenia.ro\/site\/liderii-angolei-raspund-pozitiv-la-cererea-reprogramarii-examenelor-din-sabat\/#breadcrumb"},"inLanguage":"en-US","potentialAction":[{"@type":"ReadAction","target":["https:\/\/adventistoltenia.ro\/site\/liderii-angolei-raspund-pozitiv-la-cererea-reprogramarii-examenelor-din-sabat\/"]}]},{"@type":"BreadcrumbList","@id":"https:\/\/adventistoltenia.ro\/site\/liderii-angolei-raspund-pozitiv-la-cererea-reprogramarii-examenelor-din-sabat\/#breadcrumb","itemListElement":[{"@type":"ListItem","position":1,"name":"Home","item":"https:\/\/adventistoltenia.ro\/site\/"},{"@type":"ListItem","position":2,"name":"Liderii Angolei r\u0103spund pozitiv la cererea reprogram\u0103rii examenelor din Sabat"}]},{"@type":"WebSite","@id":"https:\/\/adventistoltenia.ro\/site\/#website","url":"https:\/\/adventistoltenia.ro\/site\/","name":"Conferinta Oltenia","description":"Biserica Adventista de Ziua a Saptea","potentialAction":[{"@type":"SearchAction","target":{"@type":"EntryPoint","urlTemplate":"https:\/\/adventistoltenia.ro\/site\/?s={search_term_string}"},"query-input":"required name=search_term_string"}],"inLanguage":"en-US"},{"@type":"Person","@id":"https:\/\/adventistoltenia.ro\/site\/#\/schema\/person\/81972d6ddcec064fcb37a129240ef9d7","name":"Conferinta Oltenia","image":{"@type":"ImageObject","inLanguage":"en-US","@id":"https:\/\/adventistoltenia.ro\/site\/#\/schema\/person\/image\/","url":"https:\/\/secure.gravatar.com\/avatar\/ebe92ec22e2e53a8eb79d6b52b724e27?s=96&d=mm&r=g","contentUrl":"https:\/\/secure.gravatar.com\/avatar\/ebe92ec22e2e53a8eb79d6b52b724e27?s=96&d=mm&r=g","caption":"Conferinta Oltenia"},"url":"https:\/\/adventistoltenia.ro\/site\/author\/adm1n\/"}]}},"_links":{"self":[{"href":"https:\/\/adventistoltenia.ro\/site\/wp-json\/wp\/v2\/posts\/3239"}],"collection":[{"href":"https:\/\/adventistoltenia.ro\/site\/wp-json\/wp\/v2\/posts"}],"about":[{"href":"https:\/\/adventistoltenia.ro\/site\/wp-json\/wp\/v2\/types\/post"}],"author":[{"embeddable":true,"href":"https:\/\/adventistoltenia.ro\/site\/wp-json\/wp\/v2\/users\/2"}],"replies":[{"embeddable":true,"href":"https:\/\/adventistoltenia.ro\/site\/wp-json\/wp\/v2\/comments?post=3239"}],"version-history":[{"count":0,"href":"https:\/\/adventistoltenia.ro\/site\/wp-json\/wp\/v2\/posts\/3239\/revisions"}],"wp:attachment":[{"href":"https:\/\/adventistoltenia.ro\/site\/wp-json\/wp\/v2\/media?parent=3239"}],"wp:term":[{"taxonomy":"category","embeddable":true,"href":"https:\/\/adventistoltenia.ro\/site\/wp-json\/wp\/v2\/categories?post=3239"},{"taxonomy":"post_tag","embeddable":true,"href":"https:\/\/adventistoltenia.ro\/site\/wp-json\/wp\/v2\/tags?post=3239"}],"curies":[{"name":"wp","href":"https:\/\/api.w.org\/{rel}","templated":true}]}}