{"id":3240,"date":"2020-02-22T01:07:26","date_gmt":"2020-02-22T01:07:26","guid":{"rendered":"http:\/\/adventistoltenia.ro\/site\/congresul-international-pentru-surzi-si-surzi-nevazatori\/"},"modified":"2020-02-22T01:07:26","modified_gmt":"2020-02-22T01:07:26","slug":"congresul-international-pentru-surzi-si-surzi-nevazatori","status":"publish","type":"post","link":"https:\/\/adventistoltenia.ro\/site\/congresul-international-pentru-surzi-si-surzi-nevazatori\/","title":{"rendered":"Congresul Interna\u021bional pentru surzi \u0219i surzi-nev\u0103z\u0103tori"},"content":{"rendered":"<div>\n<p>Departamentul pentru surzi al Diviziunii Inter-Europene al Bisericii Adventiste de Ziua a \u0218aptea este bucuros s\u0103 v\u0103 informeze c\u0103 \u00een perioada 29 mai \u2013 1 iunie 2020 se va desf\u0103\u0219ura al doilea Congres Interna\u021bional pentru surzi \u0219i surzi-nev\u0103z\u0103tori. Acesta va avea loc \u00een Italia la Lignano Sabbiadoro, la c\u00e2\u021biva pa\u0219i de Marea Adriatic\u0103 \u0219i la o or\u0103 distan\u021b\u0103 fa\u021b\u0103 de Vene\u021bia.<\/p>\n<p>Motto-ul Congresului va fi: <strong>THROUGH MY HANDS 2.0.<\/strong> (\u201ePrin m\u00e2inile mele 2.0.\u201d)<\/p>\n<p>Vei fi binevenit s\u0103:<\/p>\n<ul>\n<li>\u00eemp\u0103rt\u0103\u0219e\u0219ti experien\u021bele tale spirituale \u0219i sociale.<\/li>\n<li>s\u0103 \u00ee\u021bi faci noi prieteni surzi din diferite culturi.<\/li>\n<li>s\u0103 te \u00eent\u00e2lne\u0219ti cu Christos prin \u00eenchinare \u0219i rug\u0103ciune.<\/li>\n<li>s\u0103 vizitezi Italia \u0219i s\u0103 te familiarizezi cu istoria \u0219i cultura Italiei.<\/li>\n<li>s\u0103 descoperi \u00eenc\u0103 o dat\u0103 c\u00e2t de mult este prezent Christos \u00een via\u021ba ta.<\/li>\n<li>s\u0103 \u00ee\u021bi re\u00eennoie\u0219ti viziunea cu privire la via\u021b\u0103 \u00eempreun\u0103 cu Dumnezeu.<\/li>\n<\/ul>\n<p>Dac\u0103 dore\u0219ti s\u0103 afli mai multe detalii despre programul Congresului acceseaz\u0103 acest link: <a href=\"https:\/\/admi.adventist.eu\/programme\">https:\/\/admi.adventist.eu\/programme<\/a><\/p>\n<p>Probabil v\u0103 aduce\u021bi aminte de teribilul Congres din Milano care a decis \u00eempotriva educa\u021biei surzilor prin interzicerea limbajului semnelor. Se \u00eemplinesc 140 de ani de atunci \u0219i limbajul semnelor nu a putut fi stopat. De aceea ne vom \u00eent\u00e2lni \u00een Italia ca s\u0103 ar\u0103t\u0103m Europei \u0219i \u00eentregii lumi c\u0103:<\/p>\n<ul>\n<li>vom comunica \u00eempreun\u0103 \u00een limbajul semnelor.<\/li>\n<li>vom primi mesaje spirituale \u00een limbajul semnelor.<\/li>\n<li>\u00cel vom l\u0103uda pe Dumnezeu \u0219i ne vom \u00eenchina \u00een limbajul semnelor.<\/li>\n<li>Dumnezeu vrea s\u0103 se \u00eent\u00e2lneasc\u0103 cu noi prin limbajul semnelor.<\/li>\n<\/ul>\n<p>Hai s\u0103 fim \u00eempreun\u0103 la aceast\u0103 s\u0103rb\u0103toare a limbajului semnelor. Comunic\u0103 prin semne cu al\u021bi cre\u0219tini \u0219i vei cre\u0219te \u00een credin\u021ba personal\u0103. \u00censcrie-te, \u0219i te vom a\u0219tepta \u00een Lignano Sabbiadoro la Bella Italia: <a href=\"https:\/\/admi.adventist.eu\/forms\/3972\/form_submissions\/new\">https:\/\/admi.adventist.eu\/forms\/3972\/form_submissions\/new<\/a><\/p>\n<p>Pentru participan\u021bii din Rom\u00e2nia se va asigura traducere \u00een limbajul rom\u00e2nesc al semnelor. Pentru mai multe detalii \u00ee\u021bi va sta la dispozi\u021bie Cristian Ro\u0219u 0741 171 358.<\/p>\n<p><a href=\"http:\/\/adventistoltenia.ro\/site\/wp-content\/uploads\/2020\/02\/2020-Deaf-Congress-Poster-scaled.jpg\"><img decoding=\"async\" loading=\"lazy\" class=\"aligncenter size-full wp-image-6260\" src=\"http:\/\/adventistoltenia.ro\/site\/wp-content\/uploads\/2020\/02\/2020-Deaf-Congress-Poster-scaled.jpg\" alt=\"\" width=\"1810\" height=\"2560\" srcset=\"http:\/\/adventistoltenia.ro\/site\/wp-content\/uploads\/2020\/02\/2020-Deaf-Congress-Poster-scaled.jpg 1810w, https:\/\/www.adventist.ro\/index\/wp-content\/uploads\/2020\/02\/2020-Deaf-Congress-Poster-768x1086.jpg 768w, https:\/\/www.adventist.ro\/index\/wp-content\/uploads\/2020\/02\/2020-Deaf-Congress-Poster-1086x1536.jpg 1086w, https:\/\/www.adventist.ro\/index\/wp-content\/uploads\/2020\/02\/2020-Deaf-Congress-Poster-1448x2048.jpg 1448w, https:\/\/www.adventist.ro\/index\/wp-content\/uploads\/2020\/02\/2020-Deaf-Congress-Poster-350x495.jpg 350w, https:\/\/www.adventist.ro\/index\/wp-content\/uploads\/2020\/02\/2020-Deaf-Congress-Poster-700x990.jpg 700w, https:\/\/www.adventist.ro\/index\/wp-content\/uploads\/2020\/02\/2020-Deaf-Congress-Poster-800x1131.jpg 800w, https:\/\/www.adventist.ro\/index\/wp-content\/uploads\/2020\/02\/2020-Deaf-Congress-Poster-1100x1556.jpg 1100w\" sizes=\"(max-width: 1810px) 100vw, 1810px\"><\/a><\/p>\n<\/div>\n<p class=\"wpematico_credit\"><small>Powered by <a href=\"http:\/\/www.wpematico.com\" target=\"_blank\" rel=\"noopener noreferrer\">WPeMatico<\/a><\/small><\/p>\n ","protected":false},"excerpt":{"rendered":"<p>Departamentul pentru surzi al Diviziunii Inter-Europene al Bisericii Adventiste de Ziua a \u0218aptea este bucuros s\u0103 v\u0103 informeze c\u0103 \u00een perioada 29 mai \u2013 1 iunie 2020 se va desf\u0103\u0219ura al doilea Congres Interna\u021bional pentru surzi \u0219i surzi-nev\u0103z\u0103tori. Acesta va avea loc \u00een Italia la Lignano Sabbiadoro, la c\u00e2\u021biva pa\u0219i de Marea Adriatic\u0103 \u0219i la &hellip; <a href=\"https:\/\/adventistoltenia.ro\/site\/congresul-international-pentru-surzi-si-surzi-nevazatori\/\">Continued<\/a><\/p>\n","protected":false},"author":2,"featured_media":3241,"comment_status":"open","ping_status":"closed","sticky":false,"template":"","format":"standard","meta":[],"categories":[71],"tags":[],"yoast_head":"<!-- This site is optimized with the Yoast SEO plugin v20.3 - https:\/\/yoast.com\/wordpress\/plugins\/seo\/ -->\n<title>Congresul Interna\u021bional pentru surzi \u0219i surzi-nev\u0103z\u0103tori - Conferinta Oltenia<\/title>\n<meta name=\"robots\" content=\"index, follow, max-snippet:-1, max-image-preview:large, max-video-preview:-1\" \/>\n<link rel=\"canonical\" href=\"https:\/\/adventistoltenia.ro\/site\/congresul-international-pentru-surzi-si-surzi-nevazatori\/\" \/>\n<meta property=\"og:locale\" content=\"en_US\" \/>\n<meta property=\"og:type\" content=\"article\" \/>\n<meta property=\"og:title\" content=\"Congresul Interna\u021bional pentru surzi \u0219i surzi-nev\u0103z\u0103tori - Conferinta Oltenia\" \/>\n<meta property=\"og:description\" content=\"Departamentul pentru surzi al Diviziunii Inter-Europene al Bisericii Adventiste de Ziua a \u0218aptea este bucuros s\u0103 v\u0103 informeze c\u0103 \u00een perioada 29 mai \u2013 1 iunie 2020 se va desf\u0103\u0219ura al doilea Congres Interna\u021bional pentru surzi \u0219i surzi-nev\u0103z\u0103tori. Acesta va avea loc \u00een Italia la Lignano Sabbiadoro, la c\u00e2\u021biva pa\u0219i de Marea Adriatic\u0103 \u0219i la &hellip; Continued\" \/>\n<meta property=\"og:url\" content=\"https:\/\/adventistoltenia.ro\/site\/congresul-international-pentru-surzi-si-surzi-nevazatori\/\" \/>\n<meta property=\"og:site_name\" content=\"Conferinta Oltenia\" \/>\n<meta property=\"article:published_time\" content=\"2020-02-22T01:07:26+00:00\" \/>\n<meta property=\"og:image\" content=\"https:\/\/adventistoltenia.ro\/site\/wp-content\/uploads\/2020\/02\/2020-Deaf-Congress-Poster-scaled.jpg\" \/>\n\t<meta property=\"og:image:width\" content=\"1810\" \/>\n\t<meta property=\"og:image:height\" content=\"2560\" \/>\n\t<meta property=\"og:image:type\" content=\"image\/jpeg\" \/>\n<meta name=\"author\" content=\"Conferinta Oltenia\" \/>\n<meta name=\"twitter:card\" content=\"summary_large_image\" \/>\n<meta name=\"twitter:label1\" content=\"Written by\" \/>\n\t<meta name=\"twitter:data1\" content=\"Conferinta Oltenia\" \/>\n\t<meta name=\"twitter:label2\" content=\"Est. reading time\" \/>\n\t<meta name=\"twitter:data2\" content=\"2 minutes\" \/>\n<script type=\"application\/ld+json\" class=\"yoast-schema-graph\">{\"@context\":\"https:\/\/schema.org\",\"@graph\":[{\"@type\":\"WebPage\",\"@id\":\"https:\/\/adventistoltenia.ro\/site\/congresul-international-pentru-surzi-si-surzi-nevazatori\/\",\"url\":\"https:\/\/adventistoltenia.ro\/site\/congresul-international-pentru-surzi-si-surzi-nevazatori\/\",\"name\":\"Congresul Interna\u021bional pentru surzi \u0219i surzi-nev\u0103z\u0103tori - Conferinta Oltenia\",\"isPartOf\":{\"@id\":\"https:\/\/adventistoltenia.ro\/site\/#website\"},\"datePublished\":\"2020-02-22T01:07:26+00:00\",\"dateModified\":\"2020-02-22T01:07:26+00:00\",\"author\":{\"@id\":\"https:\/\/adventistoltenia.ro\/site\/#\/schema\/person\/81972d6ddcec064fcb37a129240ef9d7\"},\"breadcrumb\":{\"@id\":\"https:\/\/adventistoltenia.ro\/site\/congresul-international-pentru-surzi-si-surzi-nevazatori\/#breadcrumb\"},\"inLanguage\":\"en-US\",\"potentialAction\":[{\"@type\":\"ReadAction\",\"target\":[\"https:\/\/adventistoltenia.ro\/site\/congresul-international-pentru-surzi-si-surzi-nevazatori\/\"]}]},{\"@type\":\"BreadcrumbList\",\"@id\":\"https:\/\/adventistoltenia.ro\/site\/congresul-international-pentru-surzi-si-surzi-nevazatori\/#breadcrumb\",\"itemListElement\":[{\"@type\":\"ListItem\",\"position\":1,\"name\":\"Home\",\"item\":\"https:\/\/adventistoltenia.ro\/site\/\"},{\"@type\":\"ListItem\",\"position\":2,\"name\":\"Congresul Interna\u021bional pentru surzi \u0219i surzi-nev\u0103z\u0103tori\"}]},{\"@type\":\"WebSite\",\"@id\":\"https:\/\/adventistoltenia.ro\/site\/#website\",\"url\":\"https:\/\/adventistoltenia.ro\/site\/\",\"name\":\"Conferinta Oltenia\",\"description\":\"Biserica Adventista de Ziua a Saptea\",\"potentialAction\":[{\"@type\":\"SearchAction\",\"target\":{\"@type\":\"EntryPoint\",\"urlTemplate\":\"https:\/\/adventistoltenia.ro\/site\/?s={search_term_string}\"},\"query-input\":\"required name=search_term_string\"}],\"inLanguage\":\"en-US\"},{\"@type\":\"Person\",\"@id\":\"https:\/\/adventistoltenia.ro\/site\/#\/schema\/person\/81972d6ddcec064fcb37a129240ef9d7\",\"name\":\"Conferinta Oltenia\",\"image\":{\"@type\":\"ImageObject\",\"inLanguage\":\"en-US\",\"@id\":\"https:\/\/adventistoltenia.ro\/site\/#\/schema\/person\/image\/\",\"url\":\"https:\/\/secure.gravatar.com\/avatar\/ebe92ec22e2e53a8eb79d6b52b724e27?s=96&d=mm&r=g\",\"contentUrl\":\"https:\/\/secure.gravatar.com\/avatar\/ebe92ec22e2e53a8eb79d6b52b724e27?s=96&d=mm&r=g\",\"caption\":\"Conferinta Oltenia\"},\"url\":\"https:\/\/adventistoltenia.ro\/site\/author\/adm1n\/\"}]}<\/script>\n<!-- \/ Yoast SEO plugin. -->","yoast_head_json":{"title":"Congresul Interna\u021bional pentru surzi \u0219i surzi-nev\u0103z\u0103tori - Conferinta Oltenia","robots":{"index":"index","follow":"follow","max-snippet":"max-snippet:-1","max-image-preview":"max-image-preview:large","max-video-preview":"max-video-preview:-1"},"canonical":"https:\/\/adventistoltenia.ro\/site\/congresul-international-pentru-surzi-si-surzi-nevazatori\/","og_locale":"en_US","og_type":"article","og_title":"Congresul Interna\u021bional pentru surzi \u0219i surzi-nev\u0103z\u0103tori - Conferinta Oltenia","og_description":"Departamentul pentru surzi al Diviziunii Inter-Europene al Bisericii Adventiste de Ziua a \u0218aptea este bucuros s\u0103 v\u0103 informeze c\u0103 \u00een perioada 29 mai \u2013 1 iunie 2020 se va desf\u0103\u0219ura al doilea Congres Interna\u021bional pentru surzi \u0219i surzi-nev\u0103z\u0103tori. Acesta va avea loc \u00een Italia la Lignano Sabbiadoro, la c\u00e2\u021biva pa\u0219i de Marea Adriatic\u0103 \u0219i la &hellip; Continued","og_url":"https:\/\/adventistoltenia.ro\/site\/congresul-international-pentru-surzi-si-surzi-nevazatori\/","og_site_name":"Conferinta Oltenia","article_published_time":"2020-02-22T01:07:26+00:00","og_image":[{"width":1810,"height":2560,"url":"https:\/\/adventistoltenia.ro\/site\/wp-content\/uploads\/2020\/02\/2020-Deaf-Congress-Poster-scaled.jpg","type":"image\/jpeg"}],"author":"Conferinta Oltenia","twitter_card":"summary_large_image","twitter_misc":{"Written by":"Conferinta Oltenia","Est. reading time":"2 minutes"},"schema":{"@context":"https:\/\/schema.org","@graph":[{"@type":"WebPage","@id":"https:\/\/adventistoltenia.ro\/site\/congresul-international-pentru-surzi-si-surzi-nevazatori\/","url":"https:\/\/adventistoltenia.ro\/site\/congresul-international-pentru-surzi-si-surzi-nevazatori\/","name":"Congresul Interna\u021bional pentru surzi \u0219i surzi-nev\u0103z\u0103tori - Conferinta Oltenia","isPartOf":{"@id":"https:\/\/adventistoltenia.ro\/site\/#website"},"datePublished":"2020-02-22T01:07:26+00:00","dateModified":"2020-02-22T01:07:26+00:00","author":{"@id":"https:\/\/adventistoltenia.ro\/site\/#\/schema\/person\/81972d6ddcec064fcb37a129240ef9d7"},"breadcrumb":{"@id":"https:\/\/adventistoltenia.ro\/site\/congresul-international-pentru-surzi-si-surzi-nevazatori\/#breadcrumb"},"inLanguage":"en-US","potentialAction":[{"@type":"ReadAction","target":["https:\/\/adventistoltenia.ro\/site\/congresul-international-pentru-surzi-si-surzi-nevazatori\/"]}]},{"@type":"BreadcrumbList","@id":"https:\/\/adventistoltenia.ro\/site\/congresul-international-pentru-surzi-si-surzi-nevazatori\/#breadcrumb","itemListElement":[{"@type":"ListItem","position":1,"name":"Home","item":"https:\/\/adventistoltenia.ro\/site\/"},{"@type":"ListItem","position":2,"name":"Congresul Interna\u021bional pentru surzi \u0219i surzi-nev\u0103z\u0103tori"}]},{"@type":"WebSite","@id":"https:\/\/adventistoltenia.ro\/site\/#website","url":"https:\/\/adventistoltenia.ro\/site\/","name":"Conferinta Oltenia","description":"Biserica Adventista de Ziua a Saptea","potentialAction":[{"@type":"SearchAction","target":{"@type":"EntryPoint","urlTemplate":"https:\/\/adventistoltenia.ro\/site\/?s={search_term_string}"},"query-input":"required name=search_term_string"}],"inLanguage":"en-US"},{"@type":"Person","@id":"https:\/\/adventistoltenia.ro\/site\/#\/schema\/person\/81972d6ddcec064fcb37a129240ef9d7","name":"Conferinta Oltenia","image":{"@type":"ImageObject","inLanguage":"en-US","@id":"https:\/\/adventistoltenia.ro\/site\/#\/schema\/person\/image\/","url":"https:\/\/secure.gravatar.com\/avatar\/ebe92ec22e2e53a8eb79d6b52b724e27?s=96&d=mm&r=g","contentUrl":"https:\/\/secure.gravatar.com\/avatar\/ebe92ec22e2e53a8eb79d6b52b724e27?s=96&d=mm&r=g","caption":"Conferinta Oltenia"},"url":"https:\/\/adventistoltenia.ro\/site\/author\/adm1n\/"}]}},"_links":{"self":[{"href":"https:\/\/adventistoltenia.ro\/site\/wp-json\/wp\/v2\/posts\/3240"}],"collection":[{"href":"https:\/\/adventistoltenia.ro\/site\/wp-json\/wp\/v2\/posts"}],"about":[{"href":"https:\/\/adventistoltenia.ro\/site\/wp-json\/wp\/v2\/types\/post"}],"author":[{"embeddable":true,"href":"https:\/\/adventistoltenia.ro\/site\/wp-json\/wp\/v2\/users\/2"}],"replies":[{"embeddable":true,"href":"https:\/\/adventistoltenia.ro\/site\/wp-json\/wp\/v2\/comments?post=3240"}],"version-history":[{"count":0,"href":"https:\/\/adventistoltenia.ro\/site\/wp-json\/wp\/v2\/posts\/3240\/revisions"}],"wp:featuredmedia":[{"embeddable":true,"href":"https:\/\/adventistoltenia.ro\/site\/wp-json\/wp\/v2\/media\/3241"}],"wp:attachment":[{"href":"https:\/\/adventistoltenia.ro\/site\/wp-json\/wp\/v2\/media?parent=3240"}],"wp:term":[{"taxonomy":"category","embeddable":true,"href":"https:\/\/adventistoltenia.ro\/site\/wp-json\/wp\/v2\/categories?post=3240"},{"taxonomy":"post_tag","embeddable":true,"href":"https:\/\/adventistoltenia.ro\/site\/wp-json\/wp\/v2\/tags?post=3240"}],"curies":[{"name":"wp","href":"https:\/\/api.w.org\/{rel}","templated":true}]}}