{"id":3243,"date":"2020-02-22T01:07:29","date_gmt":"2020-02-22T01:07:29","guid":{"rendered":"http:\/\/adventistoltenia.ro\/site\/eveniment-caritabil-de-parenting-destinat-tatilor-invata-si-ajuta\/"},"modified":"2020-02-22T01:07:29","modified_gmt":"2020-02-22T01:07:29","slug":"eveniment-caritabil-de-parenting-destinat-tatilor-invata-si-ajuta","status":"publish","type":"post","link":"https:\/\/adventistoltenia.ro\/site\/eveniment-caritabil-de-parenting-destinat-tatilor-invata-si-ajuta\/","title":{"rendered":"Eveniment caritabil de parenting, destinat ta\u021bilor! \u2013 \u201d\u00cenva\u021b\u0103 \u0219i ajut\u0103\u201d"},"content":{"rendered":"<div>\n<p><a href=\"http:\/\/adventistoltenia.ro\/site\/wp-content\/uploads\/2020\/02\/WhatsApp-Image-2020-02-21-at-19.54.54.jpeg\"><img decoding=\"async\" loading=\"lazy\" class=\"aligncenter size-full wp-image-6276\" src=\"http:\/\/adventistoltenia.ro\/site\/wp-content\/uploads\/2020\/02\/WhatsApp-Image-2020-02-21-at-19.54.54.jpeg\" alt=\"\" width=\"1600\" height=\"900\" srcset=\"http:\/\/adventistoltenia.ro\/site\/wp-content\/uploads\/2020\/02\/WhatsApp-Image-2020-02-21-at-19.54.54.jpeg 1600w, https:\/\/www.adventist.ro\/index\/wp-content\/uploads\/2020\/02\/WhatsApp-Image-2020-02-21-at-19.54.54-768x432.jpeg 768w, https:\/\/www.adventist.ro\/index\/wp-content\/uploads\/2020\/02\/WhatsApp-Image-2020-02-21-at-19.54.54-1536x864.jpeg 1536w, https:\/\/www.adventist.ro\/index\/wp-content\/uploads\/2020\/02\/WhatsApp-Image-2020-02-21-at-19.54.54-500x280.jpeg 500w, https:\/\/www.adventist.ro\/index\/wp-content\/uploads\/2020\/02\/WhatsApp-Image-2020-02-21-at-19.54.54-800x450.jpeg 800w, https:\/\/www.adventist.ro\/index\/wp-content\/uploads\/2020\/02\/WhatsApp-Image-2020-02-21-at-19.54.54-1100x619.jpeg 1100w, https:\/\/www.adventist.ro\/index\/wp-content\/uploads\/2020\/02\/WhatsApp-Image-2020-02-21-at-19.54.54-350x197.jpeg 350w, https:\/\/www.adventist.ro\/index\/wp-content\/uploads\/2020\/02\/WhatsApp-Image-2020-02-21-at-19.54.54-700x394.jpeg 700w\" sizes=\"(max-width: 1600px) 100vw, 1600px\"><\/a><\/p>\n<p>Duminic\u0103, 23 februarie, va avea loc <strong>Conferin\u021ba \u201dFathers\u201d<\/strong>, un eveniment de parenting \u0219i familie, coordonat de Biserica Adventist\u0103 de Ziua a \u0218aptea Cluj-Napoca \u201dSperan\u021ba\u201d. Daniel David, Alexandra Ilie\u0219, Lorand Soares Szasz, Norel Iacob \u0219i \u0218tefan Tomoiag\u0103 sunt vorbitorii principali ai Conferin\u021bei \u201dFathers\u201d. Evenimentul are at\u00e2t scop educa\u021bional, c\u00e2t \u0219i caritabil, <strong>Asocia\u021bia \u201dExist\u0103 via\u021b\u0103 dup\u0103 doliu\u201d <\/strong>beneficiind de o dona\u021bie \u00een urma v\u00e2nz\u0103rii biletelor. Biletele se gasesc in format electronic pe <a href=\"https:\/\/l.facebook.com\/l.php?u=http%3A%2F%2Fwww.iabilet.ro%2F%3Ffbclid%3DIwAR2p1gFaseFRUne5yspUTDf2AS6n2WG2t6iPZc_4NdEamjm66pEDsZsUDYI&#038;h=AT3YdYVEhEZ_q9co1V7o7S174bXxFkk7xqSEMJrryO78_vfPEeeyqtdgwet63GhKyp-MnkRycOf7eLMQmejh0iIbPhq2DobI5k8ybFv_Bmu8VNJpwcAhHCmJHpW4ngioFT90KGAWCcKxa3Acqpk\">www.iabilet.ro<\/a>.<\/p>\n<p>Evenimentul se adreseaz\u0103 p\u0103rin\u021bilor \u0219i cuplurilor tinere care \u00ee\u0219i doresc s\u0103 \u00een\u021beleag\u0103 mai bine rolul tat\u0103lui \u00een secolul XXI. Deoarece societatea actual\u0103, \u00een \u00eencercarea de a clarifica rolurile p\u0103rin\u021bilor, este marcat\u0103 de contradic\u021bii \u0219i instabilit\u0103\u021bi, sub aspect educa\u021bional familia rom\u00e2neasc\u0103 continu\u0103 s\u0103 se confrunte cu incertitudini \u0219i dizarmonii. Poate \u0219i pentru c\u0103 nu s-a reu\u0219it identificarea necesit\u0103\u021bilor \u00eenainte de conturarea rolului sau poate pentru c\u0103 s-a trecut pe \u201dpilot automat\u201d, consider\u00e2ndu-se c\u0103 lucrurile merg de la sine iar timpul le rezolv\u0103 pe toate. Aceast\u0103 conferin\u021b\u0103 \u00ee\u0219i dore\u0219te s\u0103 \u00eenceap\u0103 s\u0103 repare nevoia. S\u0103 consolideze rolul. S\u0103 \u00eent\u0103reasc\u0103 familia. De ce? Pentru c\u0103 \u201dDin toate ce sunt, cel mai greu e s\u0103 fii\/ Nu copil de p\u0103rin\u021bi, ci p\u0103rinte de fii\u201d (Adrian P\u0103unescu, <em>Repetabila povar\u0103).<\/em><\/p>\n<p><strong>\u00a0<\/strong><strong>Daniel David<\/strong>, profesor \u201eAaron T. Beck\u201d de psihologie clinic\u0103 \u0219i psihoterapie, va aborda tema \u201dCum modific\u0103 tehnologia comportamentul copiilor no\u0219tri\u201d. <strong>Alexandra Ilie\u0219<\/strong>, parenting coach \u0219i fondatoarea \u201eParenting prin iubire\u201d, va vorbi despre \u201dLimite ferme impuse cu bl\u00e2nde\u021be\u201d. <strong>Lorand Soares Szasz<\/strong>, antreprenor, business coach \u0219i trainer, va aborda subiectul tat\u0103lui \u00een calitate de antreprenor. <strong>Norel Iacob<\/strong>, redactor-\u0219ef al revistei Semnele Timpului, va prezenta c\u00e2teva surprize \u0219tiin\u021bifice despre ta\u021bi<em>. <\/em><strong>\u0218tefan Tomoiag\u0103<\/strong>, formator, consilier, pastor \u0219i fost pre\u0219edinte al bisericii Adventiste de Ziua a \u0218aptea din Rom\u00e2nia, va aborda tema valorilor transmise de la p\u0103rin\u021bi c\u0103tre copii.<\/p>\n<p>Asocia\u021bia \u201eExist\u0103 via\u021b\u0103 dup\u0103 doliu!\u201d este o comunitate a p\u0103rin\u021bilor v\u0103duvi din Rom\u00e2nia, comunitate care reune\u0219te familiile monoparentale \u0219i ajut\u0103, anual, p\u0103rin\u021bi \u0219i copii de v\u00e2rste diferite s\u0103 se adapteze mai u\u0219or la via\u021ba f\u0103r\u0103 persoana drag\u0103.<\/p>\n<p>Biserica Adventist\u0103 de Ziua a \u0218aptea Cluj-Napoca \u201dSperan\u021ba\u201d face parte din <strong>Conferin\u021ba Transilvania de Nord. <\/strong>Biserica Adventist\u0103 \u201dSperan\u021ba\u201d organizeaz\u0103 anual evenimente pe teme social-educa\u021bionale, prin care contribuie at\u00e2t la sprijinirea libert\u0103\u021bii religioase, c\u00e2t \u0219i la ajutarea unor categorii sociale defavorizate, precum \u0219i la ridicarea unor semnale de alarm\u0103 privind diferite cauze sociale. <strong>Numele Bisericii Adventiste de Ziua a Saptea evidentiaza doua credinte fundamentale<\/strong>: astfel\u00a0<strong>\u201cAdventista\u201d<\/strong>\u00a0reflecta convingerea \u00een revenirea lui Isus Hristos (lat. adventus = venire). <strong>\u201eDe ziua a saptea\u201d<\/strong>\u00a0se refera la respectarea zilei a \u0219aptea a ss\u0103pt\u0103m\u00e2nii, s\u00e2mb\u0103ta, ca zi de odihn\u0103 \u0219i \u00eenchinare.<\/p>\n<p><em>Biletele se pot achizi\u021biona pe site-ul: <a href=\"https:\/\/www.iabilet.ro\/bilete-cluj-napoca-fathers-invata-si-ajuta-50833\/\">https:\/\/www.iabilet.ro\/bilete-cluj-napoca-fathers-invata-si-ajuta-50833\/<\/a> .<\/em><\/p>\n<p><em>Mai multe detalii cu privire la eveniment se pot g\u0103si pe site-ul: <a href=\"https:\/\/fathers.ro\/\">https:\/\/fathers.ro\/<\/a> \u0219i la num\u0103rul de telefon 0743 006 361 ( Marian Pop).<\/em><\/p>\n<p><em>Comunicatul integral poate fi desc\u0103rcat de <a href=\"https:\/\/www.adventist.ro\/index\/wp-content\/uploads\/2020\/02\/Comunicat-de-presa-Fathers.pdf\" target=\"_blank\" rel=\"noopener noreferrer\">aici<\/a>.<\/em><\/p>\n<\/div>\n<p class=\"wpematico_credit\"><small>Powered by <a href=\"http:\/\/www.wpematico.com\" target=\"_blank\" rel=\"noopener noreferrer\">WPeMatico<\/a><\/small><\/p>\n ","protected":false},"excerpt":{"rendered":"<p>Duminic\u0103, 23 februarie, va avea loc Conferin\u021ba \u201dFathers\u201d, un eveniment de parenting \u0219i familie, coordonat de Biserica Adventist\u0103 de Ziua a \u0218aptea Cluj-Napoca \u201dSperan\u021ba\u201d. Daniel David, Alexandra Ilie\u0219, Lorand Soares Szasz, Norel Iacob \u0219i \u0218tefan Tomoiag\u0103 sunt vorbitorii principali ai Conferin\u021bei \u201dFathers\u201d. Evenimentul are at\u00e2t scop educa\u021bional, c\u00e2t \u0219i caritabil, Asocia\u021bia \u201dExist\u0103 via\u021b\u0103 dup\u0103 doliu\u201d &hellip; <a href=\"https:\/\/adventistoltenia.ro\/site\/eveniment-caritabil-de-parenting-destinat-tatilor-invata-si-ajuta\/\">Continued<\/a><\/p>\n","protected":false},"author":2,"featured_media":3244,"comment_status":"open","ping_status":"closed","sticky":false,"template":"","format":"standard","meta":[],"categories":[71],"tags":[],"yoast_head":"<!-- This site is optimized with the Yoast SEO plugin v20.3 - https:\/\/yoast.com\/wordpress\/plugins\/seo\/ -->\n<title>Eveniment caritabil de parenting, destinat ta\u021bilor! \u2013 \u201d\u00cenva\u021b\u0103 \u0219i ajut\u0103\u201d - Conferinta Oltenia<\/title>\n<meta name=\"robots\" content=\"index, follow, max-snippet:-1, max-image-preview:large, max-video-preview:-1\" \/>\n<link rel=\"canonical\" href=\"https:\/\/adventistoltenia.ro\/site\/eveniment-caritabil-de-parenting-destinat-tatilor-invata-si-ajuta\/\" \/>\n<meta property=\"og:locale\" content=\"en_US\" \/>\n<meta property=\"og:type\" content=\"article\" \/>\n<meta property=\"og:title\" content=\"Eveniment caritabil de parenting, destinat ta\u021bilor! \u2013 \u201d\u00cenva\u021b\u0103 \u0219i ajut\u0103\u201d - Conferinta Oltenia\" \/>\n<meta property=\"og:description\" content=\"Duminic\u0103, 23 februarie, va avea loc Conferin\u021ba \u201dFathers\u201d, un eveniment de parenting \u0219i familie, coordonat de Biserica Adventist\u0103 de Ziua a \u0218aptea Cluj-Napoca \u201dSperan\u021ba\u201d. Daniel David, Alexandra Ilie\u0219, Lorand Soares Szasz, Norel Iacob \u0219i \u0218tefan Tomoiag\u0103 sunt vorbitorii principali ai Conferin\u021bei \u201dFathers\u201d. Evenimentul are at\u00e2t scop educa\u021bional, c\u00e2t \u0219i caritabil, Asocia\u021bia \u201dExist\u0103 via\u021b\u0103 dup\u0103 doliu\u201d &hellip; Continued\" \/>\n<meta property=\"og:url\" content=\"https:\/\/adventistoltenia.ro\/site\/eveniment-caritabil-de-parenting-destinat-tatilor-invata-si-ajuta\/\" \/>\n<meta property=\"og:site_name\" content=\"Conferinta Oltenia\" \/>\n<meta property=\"article:published_time\" content=\"2020-02-22T01:07:29+00:00\" \/>\n<meta property=\"og:image\" content=\"https:\/\/adventistoltenia.ro\/site\/wp-content\/uploads\/2020\/02\/WhatsApp-Image-2020-02-21-at-19.54.54.jpeg\" \/>\n\t<meta property=\"og:image:width\" content=\"1600\" \/>\n\t<meta property=\"og:image:height\" content=\"900\" \/>\n\t<meta property=\"og:image:type\" content=\"image\/jpeg\" \/>\n<meta name=\"author\" content=\"Conferinta Oltenia\" \/>\n<meta name=\"twitter:card\" content=\"summary_large_image\" \/>\n<meta name=\"twitter:label1\" content=\"Written by\" \/>\n\t<meta name=\"twitter:data1\" content=\"Conferinta Oltenia\" \/>\n\t<meta name=\"twitter:label2\" content=\"Est. reading time\" \/>\n\t<meta name=\"twitter:data2\" content=\"3 minutes\" \/>\n<script type=\"application\/ld+json\" class=\"yoast-schema-graph\">{\"@context\":\"https:\/\/schema.org\",\"@graph\":[{\"@type\":\"WebPage\",\"@id\":\"https:\/\/adventistoltenia.ro\/site\/eveniment-caritabil-de-parenting-destinat-tatilor-invata-si-ajuta\/\",\"url\":\"https:\/\/adventistoltenia.ro\/site\/eveniment-caritabil-de-parenting-destinat-tatilor-invata-si-ajuta\/\",\"name\":\"Eveniment caritabil de parenting, destinat ta\u021bilor! \u2013 \u201d\u00cenva\u021b\u0103 \u0219i ajut\u0103\u201d - Conferinta Oltenia\",\"isPartOf\":{\"@id\":\"https:\/\/adventistoltenia.ro\/site\/#website\"},\"datePublished\":\"2020-02-22T01:07:29+00:00\",\"dateModified\":\"2020-02-22T01:07:29+00:00\",\"author\":{\"@id\":\"https:\/\/adventistoltenia.ro\/site\/#\/schema\/person\/81972d6ddcec064fcb37a129240ef9d7\"},\"breadcrumb\":{\"@id\":\"https:\/\/adventistoltenia.ro\/site\/eveniment-caritabil-de-parenting-destinat-tatilor-invata-si-ajuta\/#breadcrumb\"},\"inLanguage\":\"en-US\",\"potentialAction\":[{\"@type\":\"ReadAction\",\"target\":[\"https:\/\/adventistoltenia.ro\/site\/eveniment-caritabil-de-parenting-destinat-tatilor-invata-si-ajuta\/\"]}]},{\"@type\":\"BreadcrumbList\",\"@id\":\"https:\/\/adventistoltenia.ro\/site\/eveniment-caritabil-de-parenting-destinat-tatilor-invata-si-ajuta\/#breadcrumb\",\"itemListElement\":[{\"@type\":\"ListItem\",\"position\":1,\"name\":\"Home\",\"item\":\"https:\/\/adventistoltenia.ro\/site\/\"},{\"@type\":\"ListItem\",\"position\":2,\"name\":\"Eveniment caritabil de parenting, destinat ta\u021bilor! \u2013 \u201d\u00cenva\u021b\u0103 \u0219i ajut\u0103\u201d\"}]},{\"@type\":\"WebSite\",\"@id\":\"https:\/\/adventistoltenia.ro\/site\/#website\",\"url\":\"https:\/\/adventistoltenia.ro\/site\/\",\"name\":\"Conferinta Oltenia\",\"description\":\"Biserica Adventista de Ziua a Saptea\",\"potentialAction\":[{\"@type\":\"SearchAction\",\"target\":{\"@type\":\"EntryPoint\",\"urlTemplate\":\"https:\/\/adventistoltenia.ro\/site\/?s={search_term_string}\"},\"query-input\":\"required name=search_term_string\"}],\"inLanguage\":\"en-US\"},{\"@type\":\"Person\",\"@id\":\"https:\/\/adventistoltenia.ro\/site\/#\/schema\/person\/81972d6ddcec064fcb37a129240ef9d7\",\"name\":\"Conferinta Oltenia\",\"image\":{\"@type\":\"ImageObject\",\"inLanguage\":\"en-US\",\"@id\":\"https:\/\/adventistoltenia.ro\/site\/#\/schema\/person\/image\/\",\"url\":\"https:\/\/secure.gravatar.com\/avatar\/ebe92ec22e2e53a8eb79d6b52b724e27?s=96&d=mm&r=g\",\"contentUrl\":\"https:\/\/secure.gravatar.com\/avatar\/ebe92ec22e2e53a8eb79d6b52b724e27?s=96&d=mm&r=g\",\"caption\":\"Conferinta Oltenia\"},\"url\":\"https:\/\/adventistoltenia.ro\/site\/author\/adm1n\/\"}]}<\/script>\n<!-- \/ Yoast SEO plugin. -->","yoast_head_json":{"title":"Eveniment caritabil de parenting, destinat ta\u021bilor! \u2013 \u201d\u00cenva\u021b\u0103 \u0219i ajut\u0103\u201d - Conferinta Oltenia","robots":{"index":"index","follow":"follow","max-snippet":"max-snippet:-1","max-image-preview":"max-image-preview:large","max-video-preview":"max-video-preview:-1"},"canonical":"https:\/\/adventistoltenia.ro\/site\/eveniment-caritabil-de-parenting-destinat-tatilor-invata-si-ajuta\/","og_locale":"en_US","og_type":"article","og_title":"Eveniment caritabil de parenting, destinat ta\u021bilor! \u2013 \u201d\u00cenva\u021b\u0103 \u0219i ajut\u0103\u201d - Conferinta Oltenia","og_description":"Duminic\u0103, 23 februarie, va avea loc Conferin\u021ba \u201dFathers\u201d, un eveniment de parenting \u0219i familie, coordonat de Biserica Adventist\u0103 de Ziua a \u0218aptea Cluj-Napoca \u201dSperan\u021ba\u201d. Daniel David, Alexandra Ilie\u0219, Lorand Soares Szasz, Norel Iacob \u0219i \u0218tefan Tomoiag\u0103 sunt vorbitorii principali ai Conferin\u021bei \u201dFathers\u201d. Evenimentul are at\u00e2t scop educa\u021bional, c\u00e2t \u0219i caritabil, Asocia\u021bia \u201dExist\u0103 via\u021b\u0103 dup\u0103 doliu\u201d &hellip; Continued","og_url":"https:\/\/adventistoltenia.ro\/site\/eveniment-caritabil-de-parenting-destinat-tatilor-invata-si-ajuta\/","og_site_name":"Conferinta Oltenia","article_published_time":"2020-02-22T01:07:29+00:00","og_image":[{"width":1600,"height":900,"url":"https:\/\/adventistoltenia.ro\/site\/wp-content\/uploads\/2020\/02\/WhatsApp-Image-2020-02-21-at-19.54.54.jpeg","type":"image\/jpeg"}],"author":"Conferinta Oltenia","twitter_card":"summary_large_image","twitter_misc":{"Written by":"Conferinta Oltenia","Est. reading time":"3 minutes"},"schema":{"@context":"https:\/\/schema.org","@graph":[{"@type":"WebPage","@id":"https:\/\/adventistoltenia.ro\/site\/eveniment-caritabil-de-parenting-destinat-tatilor-invata-si-ajuta\/","url":"https:\/\/adventistoltenia.ro\/site\/eveniment-caritabil-de-parenting-destinat-tatilor-invata-si-ajuta\/","name":"Eveniment caritabil de parenting, destinat ta\u021bilor! \u2013 \u201d\u00cenva\u021b\u0103 \u0219i ajut\u0103\u201d - Conferinta Oltenia","isPartOf":{"@id":"https:\/\/adventistoltenia.ro\/site\/#website"},"datePublished":"2020-02-22T01:07:29+00:00","dateModified":"2020-02-22T01:07:29+00:00","author":{"@id":"https:\/\/adventistoltenia.ro\/site\/#\/schema\/person\/81972d6ddcec064fcb37a129240ef9d7"},"breadcrumb":{"@id":"https:\/\/adventistoltenia.ro\/site\/eveniment-caritabil-de-parenting-destinat-tatilor-invata-si-ajuta\/#breadcrumb"},"inLanguage":"en-US","potentialAction":[{"@type":"ReadAction","target":["https:\/\/adventistoltenia.ro\/site\/eveniment-caritabil-de-parenting-destinat-tatilor-invata-si-ajuta\/"]}]},{"@type":"BreadcrumbList","@id":"https:\/\/adventistoltenia.ro\/site\/eveniment-caritabil-de-parenting-destinat-tatilor-invata-si-ajuta\/#breadcrumb","itemListElement":[{"@type":"ListItem","position":1,"name":"Home","item":"https:\/\/adventistoltenia.ro\/site\/"},{"@type":"ListItem","position":2,"name":"Eveniment caritabil de parenting, destinat ta\u021bilor! \u2013 \u201d\u00cenva\u021b\u0103 \u0219i ajut\u0103\u201d"}]},{"@type":"WebSite","@id":"https:\/\/adventistoltenia.ro\/site\/#website","url":"https:\/\/adventistoltenia.ro\/site\/","name":"Conferinta Oltenia","description":"Biserica Adventista de Ziua a Saptea","potentialAction":[{"@type":"SearchAction","target":{"@type":"EntryPoint","urlTemplate":"https:\/\/adventistoltenia.ro\/site\/?s={search_term_string}"},"query-input":"required name=search_term_string"}],"inLanguage":"en-US"},{"@type":"Person","@id":"https:\/\/adventistoltenia.ro\/site\/#\/schema\/person\/81972d6ddcec064fcb37a129240ef9d7","name":"Conferinta Oltenia","image":{"@type":"ImageObject","inLanguage":"en-US","@id":"https:\/\/adventistoltenia.ro\/site\/#\/schema\/person\/image\/","url":"https:\/\/secure.gravatar.com\/avatar\/ebe92ec22e2e53a8eb79d6b52b724e27?s=96&d=mm&r=g","contentUrl":"https:\/\/secure.gravatar.com\/avatar\/ebe92ec22e2e53a8eb79d6b52b724e27?s=96&d=mm&r=g","caption":"Conferinta Oltenia"},"url":"https:\/\/adventistoltenia.ro\/site\/author\/adm1n\/"}]}},"_links":{"self":[{"href":"https:\/\/adventistoltenia.ro\/site\/wp-json\/wp\/v2\/posts\/3243"}],"collection":[{"href":"https:\/\/adventistoltenia.ro\/site\/wp-json\/wp\/v2\/posts"}],"about":[{"href":"https:\/\/adventistoltenia.ro\/site\/wp-json\/wp\/v2\/types\/post"}],"author":[{"embeddable":true,"href":"https:\/\/adventistoltenia.ro\/site\/wp-json\/wp\/v2\/users\/2"}],"replies":[{"embeddable":true,"href":"https:\/\/adventistoltenia.ro\/site\/wp-json\/wp\/v2\/comments?post=3243"}],"version-history":[{"count":0,"href":"https:\/\/adventistoltenia.ro\/site\/wp-json\/wp\/v2\/posts\/3243\/revisions"}],"wp:featuredmedia":[{"embeddable":true,"href":"https:\/\/adventistoltenia.ro\/site\/wp-json\/wp\/v2\/media\/3244"}],"wp:attachment":[{"href":"https:\/\/adventistoltenia.ro\/site\/wp-json\/wp\/v2\/media?parent=3243"}],"wp:term":[{"taxonomy":"category","embeddable":true,"href":"https:\/\/adventistoltenia.ro\/site\/wp-json\/wp\/v2\/categories?post=3243"},{"taxonomy":"post_tag","embeddable":true,"href":"https:\/\/adventistoltenia.ro\/site\/wp-json\/wp\/v2\/tags?post=3243"}],"curies":[{"name":"wp","href":"https:\/\/api.w.org\/{rel}","templated":true}]}}