{"id":3245,"date":"2020-02-24T01:06:10","date_gmt":"2020-02-24T01:06:10","guid":{"rendered":"http:\/\/adventistoltenia.ro\/site\/sugestii-de-lectura-doctrina-justificarii-istoric-semnificatie-importanta\/"},"modified":"2020-02-24T01:06:10","modified_gmt":"2020-02-24T01:06:10","slug":"sugestii-de-lectura-doctrina-justificarii-istoric-semnificatie-importanta","status":"publish","type":"post","link":"https:\/\/adventistoltenia.ro\/site\/sugestii-de-lectura-doctrina-justificarii-istoric-semnificatie-importanta\/","title":{"rendered":"Sugestii de lectur\u0103 \u2013 Doctrina justific\u0103rii \u2013 istoric, semnifica\u021bie, importan\u021b\u0103"},"content":{"rendered":"<div>\n<p>\u00centrebarea fundamental\u0103 a cre\u0219tinismului \u0219i nu doar a cre\u0219tinismului, ci chiar a oric\u0103rui om credincios, este dac\u0103 \u0219i cum poate fi iertat \u0219i \u00eendrept\u0103\u021bit \u00eenaintea lui Dumnezeu\u2026<\/p>\n<p>DOCTRINA JUSTIFIC\u0102RII \u2013 ISTORIC, SEMNIFICA\u021aIE, IMPORTAN\u021a\u0102, de Alister McGrath, Editura Logos, Colec\u021bia Vreau s\u0103 \u00een\u021beleg, Cluj Napoca, 2006\u2026<\/p>\n<p><strong>AliesterMcGrath<\/strong> s-a n\u0103scut \u00een Belfast, Irlanda de Nord, \u00een 1953. Studiaz\u0103 matematica, fizica \u0219i chimia aplicat\u0103, iar din 1975 devine <em>cercet\u0103tor \u00een biofizic\u0103 molecular\u0103<\/em> la <em>Departamentul de Biochimie al Universit\u0103\u021bii Oxford<\/em>, absolvind \u00een paralel <em>Oxford University Final Honour School of Theology.<\/em> \u00cen 1977 dob\u00e2nde\u0219te titlul <em>Oxford D. Phil<\/em> pentru cercetare \u00een domeniul \u0219tiin\u021belor naturale, dup\u0103 care pred\u0103 o vreme teologia la <em>Colegiul Sf. Ioan,Universitatea Cambridge.<\/em> \u00cen 1983 este numit <em>lector de doctrin\u0103 cre\u0219tin\u0103 \u0219i etic\u0103<\/em> la <em>Wycliffe Hall, Oxford<\/em>, devenind \u0219i <em>membru al catedrei de teologie<\/em> a <em>Universit\u0103\u021bii Oxford<\/em>, iar \u00een 1993 este ales <em>lector universitar cercet\u0103tor<\/em>. \u00cen acela\u0219i an, devine <em>profesor de teologie sistematic\u0103<\/em> la <em>Regent College, Vancouver, Canada<\/em>. \u00cen 1995 este ales <em>decan<\/em> la <em>Wycliffe Hall<\/em>, iar din 1999 prime\u0219te titlul de <em>profesor universitar de teologie istoric\u0103<\/em> \u00een cadrul <em>Universit\u0103\u021bii Oxford<\/em>. \u00cen 2001 dob\u00e2nde\u0219te titlul <em>Oxford Doctorate of Divinity<\/em> pentru cercetare \u00een domeniul teologiei istorice \u0219i sistematice. \u00cen 2005 este ales membru al <em>Royal Society of Arts<\/em>.<\/p>\n<p>Printre c\u0103r\u021bile care i-au adus un prestigiu deosebit \u00een r\u00e2ndul cre\u0219tinilor se num\u0103r\u0103 <em>Iustitia Dei: o istorie a doctrinei cre\u0219tine\u00a0 justific\u0103rii <\/em>(adic\u0103 aceast\u0103 carte); <em>Teologia cre\u0219tin\u0103<\/em>; <em>Teologia crucii \u00een scrierile lui Luther<\/em>,etc.<\/p>\n<p>DOCTRINA JUSTIFIC\u0102RII \u2013 ISTORIC, SEMNIFICA\u021aIE, IMPORTAN\u021a\u0102 \u00ee\u0219i propune s\u0103 determine o nou\u0103 genera\u021bie de cititori s\u0103 se lupte cu ideile care i-au \u00eenfl\u0103c\u0103rat at\u00e2t de mult pe oameni ca Pavel \u0219i Luther, pentru ca, la r\u00e2ndul lor, s\u0103 \u00een\u021beleag\u0103 \u0219i s\u0103 predice unei lumi lipsite de credin\u021b\u0103 adev\u0103rul minunat \u0219i captivant al lucr\u0103rilor pe care Dumnezeu le-a f\u0103cut pentru noi, prin moartea \u0219i \u00eenvierea lui Isus Hristos.<\/p>\n<p>Zice autorul despre structura c\u0103r\u021bii: \u201eCartea are dou\u0103 p\u0103r\u021bi principale. Dup\u0103 introducere, prima parte abordeaz\u0103 contextul biblic \u0219i istoric al doctrinei despre justificarea prin credin\u021b\u0103. Ce-a de-a doua parte are \u00een vedere relevan\u021ba contemporan\u0103 a acestei doctrine \u0219i analizeaz\u0103 cu prec\u0103dere ideea c\u0103 justificarea prin credin\u021b\u0103 este o doctrin\u0103 \u00eenvechit\u0103 \u0219i lipsit\u0103 de relevan\u021b\u0103 pentru lumea de azi. Sper din toat\u0103 inima c\u0103 cititorul va fi \u00eencurajat s\u0103 dezvolte aceste idei \u00een propria g\u00e2ndire \u0219i lucrare cre\u0219tin\u0103. La sf\u00e2r\u0219itul c\u0103r\u021bii, \u00eentr-un apendice, voi dezbate dificila problem\u0103 a semnifica\u021biei teologice a doctrinei despre justificarea prin credin\u021b\u0103, evalu\u00e2nd locul ei \u00een cadrul teologiei sistematice.\u201d(p.8).<\/p>\n<p>Iat\u0103 \u0219i detalierea acestei \u00eemp\u0103r\u021biri a c\u0103r\u021bii:<\/p>\n<p><em>1 \u2013 Introducere;<\/em><\/p>\n<p><strong><em>Partea I \u2013 CONTEXTUL DOCTRINEI JUSTIFIC\u0102RII<\/em><\/strong><\/p>\n<p><em>2 \u2013 Temelia biblic\u0103;<\/em><\/p>\n<p><em>3 \u2013 Augustin \u0219i controversa pelagian\u0103;<\/em><\/p>\n<p><em>4 \u2013 Reforma;<\/em><\/p>\n<p><em>5 \u2013 Diferen\u021be confesionale.<\/em><\/p>\n<p><strong><em>Partea II \u2013SEMNIFICA\u021aIA CONTEMPORAN\u0102 A DOCTRINEI JUSTIFIC\u0102RII<\/em><\/strong><\/p>\n<p><em>6 \u2013 Dimensiunea existen\u021bial\u0103;<\/em><\/p>\n<p><em>7 \u2013 Dimensiunea personal\u0103;<\/em><\/p>\n<p><em>8 \u2013 Dimensiunea etic\u0103;<\/em><\/p>\n<p><em>9 \u2013 Concluzii.<\/em><\/p>\n<p><em>Apendice<\/em><\/p>\n<p><em>Bibliografie.<\/em><\/p>\n<p>Este o carte bine alc\u0103tuit\u0103, cu o documentare solid\u0103, at\u00e2t biblic\u0103 c\u00e2t \u0219i istoric\u0103. Limbajul este, \u00een general, inteligibil \u0219i u\u0219or de \u00een\u021beles de orice cititor interesat de astfel de subiecte.<\/p>\n<p>Lectur\u0103 util\u0103\u2026<\/p>\n<p>Dr. Valeriu Petrescu<\/p>\n<\/div>\n<p class=\"wpematico_credit\"><small>Powered by <a href=\"http:\/\/www.wpematico.com\" target=\"_blank\" rel=\"noopener noreferrer\">WPeMatico<\/a><\/small><\/p>\n ","protected":false},"excerpt":{"rendered":"<p>\u00centrebarea fundamental\u0103 a cre\u0219tinismului \u0219i nu doar a cre\u0219tinismului, ci chiar a oric\u0103rui om credincios, este dac\u0103 \u0219i cum poate fi iertat \u0219i \u00eendrept\u0103\u021bit \u00eenaintea lui Dumnezeu\u2026 DOCTRINA JUSTIFIC\u0102RII \u2013 ISTORIC, SEMNIFICA\u021aIE, IMPORTAN\u021a\u0102, de Alister McGrath, Editura Logos, Colec\u021bia Vreau s\u0103 \u00een\u021beleg, Cluj Napoca, 2006\u2026 AliesterMcGrath s-a n\u0103scut \u00een Belfast, Irlanda de Nord, \u00een 1953. &hellip; <a href=\"https:\/\/adventistoltenia.ro\/site\/sugestii-de-lectura-doctrina-justificarii-istoric-semnificatie-importanta\/\">Continued<\/a><\/p>\n","protected":false},"author":2,"featured_media":0,"comment_status":"open","ping_status":"closed","sticky":false,"template":"","format":"standard","meta":[],"categories":[71],"tags":[],"yoast_head":"<!-- This site is optimized with the Yoast SEO plugin v20.3 - https:\/\/yoast.com\/wordpress\/plugins\/seo\/ -->\n<title>Sugestii de lectur\u0103 \u2013 Doctrina justific\u0103rii \u2013 istoric, semnifica\u021bie, importan\u021b\u0103 - Conferinta Oltenia<\/title>\n<meta name=\"robots\" content=\"index, follow, max-snippet:-1, max-image-preview:large, max-video-preview:-1\" \/>\n<link rel=\"canonical\" href=\"https:\/\/adventistoltenia.ro\/site\/sugestii-de-lectura-doctrina-justificarii-istoric-semnificatie-importanta\/\" \/>\n<meta property=\"og:locale\" content=\"en_US\" \/>\n<meta property=\"og:type\" content=\"article\" \/>\n<meta property=\"og:title\" content=\"Sugestii de lectur\u0103 \u2013 Doctrina justific\u0103rii \u2013 istoric, semnifica\u021bie, importan\u021b\u0103 - Conferinta Oltenia\" \/>\n<meta property=\"og:description\" content=\"\u00centrebarea fundamental\u0103 a cre\u0219tinismului \u0219i nu doar a cre\u0219tinismului, ci chiar a oric\u0103rui om credincios, este dac\u0103 \u0219i cum poate fi iertat \u0219i \u00eendrept\u0103\u021bit \u00eenaintea lui Dumnezeu\u2026 DOCTRINA JUSTIFIC\u0102RII \u2013 ISTORIC, SEMNIFICA\u021aIE, IMPORTAN\u021a\u0102, de Alister McGrath, Editura Logos, Colec\u021bia Vreau s\u0103 \u00een\u021beleg, Cluj Napoca, 2006\u2026 AliesterMcGrath s-a n\u0103scut \u00een Belfast, Irlanda de Nord, \u00een 1953. &hellip; Continued\" \/>\n<meta property=\"og:url\" content=\"https:\/\/adventistoltenia.ro\/site\/sugestii-de-lectura-doctrina-justificarii-istoric-semnificatie-importanta\/\" \/>\n<meta property=\"og:site_name\" content=\"Conferinta Oltenia\" \/>\n<meta property=\"article:published_time\" content=\"2020-02-24T01:06:10+00:00\" \/>\n<meta name=\"author\" content=\"Conferinta Oltenia\" \/>\n<meta name=\"twitter:card\" content=\"summary_large_image\" \/>\n<meta name=\"twitter:label1\" content=\"Written by\" \/>\n\t<meta name=\"twitter:data1\" content=\"Conferinta Oltenia\" \/>\n\t<meta name=\"twitter:label2\" content=\"Est. reading time\" \/>\n\t<meta name=\"twitter:data2\" content=\"3 minutes\" \/>\n<script type=\"application\/ld+json\" class=\"yoast-schema-graph\">{\"@context\":\"https:\/\/schema.org\",\"@graph\":[{\"@type\":\"WebPage\",\"@id\":\"https:\/\/adventistoltenia.ro\/site\/sugestii-de-lectura-doctrina-justificarii-istoric-semnificatie-importanta\/\",\"url\":\"https:\/\/adventistoltenia.ro\/site\/sugestii-de-lectura-doctrina-justificarii-istoric-semnificatie-importanta\/\",\"name\":\"Sugestii de lectur\u0103 \u2013 Doctrina justific\u0103rii \u2013 istoric, semnifica\u021bie, importan\u021b\u0103 - Conferinta Oltenia\",\"isPartOf\":{\"@id\":\"https:\/\/adventistoltenia.ro\/site\/#website\"},\"datePublished\":\"2020-02-24T01:06:10+00:00\",\"dateModified\":\"2020-02-24T01:06:10+00:00\",\"author\":{\"@id\":\"https:\/\/adventistoltenia.ro\/site\/#\/schema\/person\/81972d6ddcec064fcb37a129240ef9d7\"},\"breadcrumb\":{\"@id\":\"https:\/\/adventistoltenia.ro\/site\/sugestii-de-lectura-doctrina-justificarii-istoric-semnificatie-importanta\/#breadcrumb\"},\"inLanguage\":\"en-US\",\"potentialAction\":[{\"@type\":\"ReadAction\",\"target\":[\"https:\/\/adventistoltenia.ro\/site\/sugestii-de-lectura-doctrina-justificarii-istoric-semnificatie-importanta\/\"]}]},{\"@type\":\"BreadcrumbList\",\"@id\":\"https:\/\/adventistoltenia.ro\/site\/sugestii-de-lectura-doctrina-justificarii-istoric-semnificatie-importanta\/#breadcrumb\",\"itemListElement\":[{\"@type\":\"ListItem\",\"position\":1,\"name\":\"Home\",\"item\":\"https:\/\/adventistoltenia.ro\/site\/\"},{\"@type\":\"ListItem\",\"position\":2,\"name\":\"Sugestii de lectur\u0103 \u2013 Doctrina justific\u0103rii \u2013 istoric, semnifica\u021bie, importan\u021b\u0103\"}]},{\"@type\":\"WebSite\",\"@id\":\"https:\/\/adventistoltenia.ro\/site\/#website\",\"url\":\"https:\/\/adventistoltenia.ro\/site\/\",\"name\":\"Conferinta Oltenia\",\"description\":\"Biserica Adventista de Ziua a Saptea\",\"potentialAction\":[{\"@type\":\"SearchAction\",\"target\":{\"@type\":\"EntryPoint\",\"urlTemplate\":\"https:\/\/adventistoltenia.ro\/site\/?s={search_term_string}\"},\"query-input\":\"required name=search_term_string\"}],\"inLanguage\":\"en-US\"},{\"@type\":\"Person\",\"@id\":\"https:\/\/adventistoltenia.ro\/site\/#\/schema\/person\/81972d6ddcec064fcb37a129240ef9d7\",\"name\":\"Conferinta Oltenia\",\"image\":{\"@type\":\"ImageObject\",\"inLanguage\":\"en-US\",\"@id\":\"https:\/\/adventistoltenia.ro\/site\/#\/schema\/person\/image\/\",\"url\":\"https:\/\/secure.gravatar.com\/avatar\/ebe92ec22e2e53a8eb79d6b52b724e27?s=96&d=mm&r=g\",\"contentUrl\":\"https:\/\/secure.gravatar.com\/avatar\/ebe92ec22e2e53a8eb79d6b52b724e27?s=96&d=mm&r=g\",\"caption\":\"Conferinta Oltenia\"},\"url\":\"https:\/\/adventistoltenia.ro\/site\/author\/adm1n\/\"}]}<\/script>\n<!-- \/ Yoast SEO plugin. -->","yoast_head_json":{"title":"Sugestii de lectur\u0103 \u2013 Doctrina justific\u0103rii \u2013 istoric, semnifica\u021bie, importan\u021b\u0103 - Conferinta Oltenia","robots":{"index":"index","follow":"follow","max-snippet":"max-snippet:-1","max-image-preview":"max-image-preview:large","max-video-preview":"max-video-preview:-1"},"canonical":"https:\/\/adventistoltenia.ro\/site\/sugestii-de-lectura-doctrina-justificarii-istoric-semnificatie-importanta\/","og_locale":"en_US","og_type":"article","og_title":"Sugestii de lectur\u0103 \u2013 Doctrina justific\u0103rii \u2013 istoric, semnifica\u021bie, importan\u021b\u0103 - Conferinta Oltenia","og_description":"\u00centrebarea fundamental\u0103 a cre\u0219tinismului \u0219i nu doar a cre\u0219tinismului, ci chiar a oric\u0103rui om credincios, este dac\u0103 \u0219i cum poate fi iertat \u0219i \u00eendrept\u0103\u021bit \u00eenaintea lui Dumnezeu\u2026 DOCTRINA JUSTIFIC\u0102RII \u2013 ISTORIC, SEMNIFICA\u021aIE, IMPORTAN\u021a\u0102, de Alister McGrath, Editura Logos, Colec\u021bia Vreau s\u0103 \u00een\u021beleg, Cluj Napoca, 2006\u2026 AliesterMcGrath s-a n\u0103scut \u00een Belfast, Irlanda de Nord, \u00een 1953. &hellip; Continued","og_url":"https:\/\/adventistoltenia.ro\/site\/sugestii-de-lectura-doctrina-justificarii-istoric-semnificatie-importanta\/","og_site_name":"Conferinta Oltenia","article_published_time":"2020-02-24T01:06:10+00:00","author":"Conferinta Oltenia","twitter_card":"summary_large_image","twitter_misc":{"Written by":"Conferinta Oltenia","Est. reading time":"3 minutes"},"schema":{"@context":"https:\/\/schema.org","@graph":[{"@type":"WebPage","@id":"https:\/\/adventistoltenia.ro\/site\/sugestii-de-lectura-doctrina-justificarii-istoric-semnificatie-importanta\/","url":"https:\/\/adventistoltenia.ro\/site\/sugestii-de-lectura-doctrina-justificarii-istoric-semnificatie-importanta\/","name":"Sugestii de lectur\u0103 \u2013 Doctrina justific\u0103rii \u2013 istoric, semnifica\u021bie, importan\u021b\u0103 - Conferinta Oltenia","isPartOf":{"@id":"https:\/\/adventistoltenia.ro\/site\/#website"},"datePublished":"2020-02-24T01:06:10+00:00","dateModified":"2020-02-24T01:06:10+00:00","author":{"@id":"https:\/\/adventistoltenia.ro\/site\/#\/schema\/person\/81972d6ddcec064fcb37a129240ef9d7"},"breadcrumb":{"@id":"https:\/\/adventistoltenia.ro\/site\/sugestii-de-lectura-doctrina-justificarii-istoric-semnificatie-importanta\/#breadcrumb"},"inLanguage":"en-US","potentialAction":[{"@type":"ReadAction","target":["https:\/\/adventistoltenia.ro\/site\/sugestii-de-lectura-doctrina-justificarii-istoric-semnificatie-importanta\/"]}]},{"@type":"BreadcrumbList","@id":"https:\/\/adventistoltenia.ro\/site\/sugestii-de-lectura-doctrina-justificarii-istoric-semnificatie-importanta\/#breadcrumb","itemListElement":[{"@type":"ListItem","position":1,"name":"Home","item":"https:\/\/adventistoltenia.ro\/site\/"},{"@type":"ListItem","position":2,"name":"Sugestii de lectur\u0103 \u2013 Doctrina justific\u0103rii \u2013 istoric, semnifica\u021bie, importan\u021b\u0103"}]},{"@type":"WebSite","@id":"https:\/\/adventistoltenia.ro\/site\/#website","url":"https:\/\/adventistoltenia.ro\/site\/","name":"Conferinta Oltenia","description":"Biserica Adventista de Ziua a Saptea","potentialAction":[{"@type":"SearchAction","target":{"@type":"EntryPoint","urlTemplate":"https:\/\/adventistoltenia.ro\/site\/?s={search_term_string}"},"query-input":"required name=search_term_string"}],"inLanguage":"en-US"},{"@type":"Person","@id":"https:\/\/adventistoltenia.ro\/site\/#\/schema\/person\/81972d6ddcec064fcb37a129240ef9d7","name":"Conferinta Oltenia","image":{"@type":"ImageObject","inLanguage":"en-US","@id":"https:\/\/adventistoltenia.ro\/site\/#\/schema\/person\/image\/","url":"https:\/\/secure.gravatar.com\/avatar\/ebe92ec22e2e53a8eb79d6b52b724e27?s=96&d=mm&r=g","contentUrl":"https:\/\/secure.gravatar.com\/avatar\/ebe92ec22e2e53a8eb79d6b52b724e27?s=96&d=mm&r=g","caption":"Conferinta Oltenia"},"url":"https:\/\/adventistoltenia.ro\/site\/author\/adm1n\/"}]}},"_links":{"self":[{"href":"https:\/\/adventistoltenia.ro\/site\/wp-json\/wp\/v2\/posts\/3245"}],"collection":[{"href":"https:\/\/adventistoltenia.ro\/site\/wp-json\/wp\/v2\/posts"}],"about":[{"href":"https:\/\/adventistoltenia.ro\/site\/wp-json\/wp\/v2\/types\/post"}],"author":[{"embeddable":true,"href":"https:\/\/adventistoltenia.ro\/site\/wp-json\/wp\/v2\/users\/2"}],"replies":[{"embeddable":true,"href":"https:\/\/adventistoltenia.ro\/site\/wp-json\/wp\/v2\/comments?post=3245"}],"version-history":[{"count":0,"href":"https:\/\/adventistoltenia.ro\/site\/wp-json\/wp\/v2\/posts\/3245\/revisions"}],"wp:attachment":[{"href":"https:\/\/adventistoltenia.ro\/site\/wp-json\/wp\/v2\/media?parent=3245"}],"wp:term":[{"taxonomy":"category","embeddable":true,"href":"https:\/\/adventistoltenia.ro\/site\/wp-json\/wp\/v2\/categories?post=3245"},{"taxonomy":"post_tag","embeddable":true,"href":"https:\/\/adventistoltenia.ro\/site\/wp-json\/wp\/v2\/tags?post=3245"}],"curies":[{"name":"wp","href":"https:\/\/api.w.org\/{rel}","templated":true}]}}