{"id":3247,"date":"2020-02-26T01:05:35","date_gmt":"2020-02-26T01:05:35","guid":{"rendered":"http:\/\/adventistoltenia.ro\/site\/slujirea-celor-din-departamentul-sanatatii-imbunatatita-prin-conventiile-globale-de-sanatate\/"},"modified":"2020-02-26T01:05:35","modified_gmt":"2020-02-26T01:05:35","slug":"slujirea-celor-din-departamentul-sanatatii-imbunatatita-prin-conventiile-globale-de-sanatate","status":"publish","type":"post","link":"https:\/\/adventistoltenia.ro\/site\/slujirea-celor-din-departamentul-sanatatii-imbunatatita-prin-conventiile-globale-de-sanatate\/","title":{"rendered":"Slujirea celor din departamentul s\u0103n\u0103t\u0103\u021bii \u00eembun\u0103t\u0103\u021bit\u0103 prin Conven\u021biile Globale de S\u0103n\u0103tate"},"content":{"rendered":"<div>\n<p>Universitatea Loma Linda, \u00eempreun\u0103 cu Adventist Health International, au desf\u0103\u0219urat Conferin\u021ba Global\u0103 a Liderilor \u00een India pentru prima dat\u0103, fiind invita\u021bi administratorii departamentului s\u0103n\u0103tate al Diviziunilor Asia de Sud \u0219i Asia de Sud-Pacific a Bisericii Adventiste de Ziua a \u0218aptea.<\/p>\n<p>Aproape 150 de lideri ai departamentului s\u0103n\u0103tate a Bisericii Adventiste de Ziua a \u0218aptea din India, Nepal, Bangladesh, Malaysia \u0219i Statele Unite ale Americii au participat la evenimentul care a durat patru zile (22-25 Ianuarie 2020) \u0219i care a avut loc \u00een Pune, statul Maharashtra.<\/p>\n<p><em>\u201eAceste evenimente \u00eencurajeaz\u0103 dialogul, \u0219i liderii \u00eemp\u0103rt\u0103\u0219esc provoc\u0103ri, succese \u0219i solu\u021bii practice\u201d<\/em>, afirma Richard H. Hart, pre\u0219edintele Universit\u0103\u021bii Loma Linda.<\/p>\n<p>La conferin\u021b\u0103 au fost discuta\u021bi cinci piloni ai sistemului de s\u0103n\u0103tate: planificare strategic\u0103, dezvoltarea personalului, informa\u021bii despre sistemul de s\u0103n\u0103tate, finan\u021be \u0219i conducere eficient\u0103.<\/p>\n<p>Ezras Lakra, pre\u0219edintele Diviziunii Asia de Sud a Bisericii Adventiste de Ziua a \u0218aptea, a spus \u00een timpul primei \u00eent\u00e2lniri c\u0103 acea conferin\u021b\u0103 avea scopul de a impulsiona pentru schimbare. \u201eNatura global\u0103 a bisericii noastre aduce al\u0103turi cei mai buni consultan\u021bi din domeniul s\u0103n\u0103t\u0103\u021bii precum cei de la Universitatea Loma Linda \u0219i Adventist Health International care \u00eempart din resursele lor.\u201d<\/p>\n<p>Biserica Adventist\u0103 de Ziua a \u0218aptea administreaz\u0103 un num\u0103r de 175 spitale \u0219i 450 de clinici la nivel mondial.<\/p>\n<p>Prima Conferin\u021b\u0103 Global\u0103 de S\u0103n\u0103tate a avut loc \u00een anul 2010 \u00een Honduras \u0219i s-a axat \u00een principal pe nevoile specifice ale liderilor departamentului s\u0103n\u0103tate din America Latin\u0103. Conferin\u021ba s-a \u021binut anual p\u00e2n\u0103 \u00een 2012. Acum, \u00een anii pari, conferin\u021ba este \u021binut\u0103 \u00een campusul Universit\u0103\u021bii Loma Linda. Conferin\u021be regionale au loc \u00een anii impari, evenimentele trecute fiind organizate \u00een Republica Dominican\u0103, Coasta de Azur \u0219i Zambia.<\/p>\n<p>Printre institu\u021biile care colaboreaz\u0103 \u00een organizarea evenimentului de anul acesta se num\u0103r\u0103 Adventist Health International, Diviziunea Asia de Sud, Departamentul S\u0103n\u0103tate al Conferin\u021bei Generale \u0219i Institutul de S\u0103n\u0103tate al Universit\u0103\u021bii Loma Linda.<\/p>\n<p>\u00cen perioada 15-18 Octombrie 2020, Universitatea Loma Linda va g\u0103zdui 350 lideri ai departamentului s\u0103n\u0103tate din \u00eentreaga lume care se vor aduna \u00een cea de-a cincea Conferin\u021b\u0103 Global\u0103 a S\u0103n\u0103t\u0103\u021bii.<\/p>\n<h3>Noi colabor\u0103ri \u00eentre institu\u021biile de s\u0103n\u0103tate<\/h3>\n<p>\u00cen India, Hart a semnat un parteneriat cu Christian Medical College Vellore (CMC) \u0219i International Christian Medical and Dental Association (ICMDA) pentru a oferi diplome \u00een medicin\u0103 de familie recunoscute la nivel interna\u021bional \u0219i validate de Universitatea Loma Linda.<\/p>\n<p><em>\u201eCu experien\u021ba celor de la CMC Vellore \u00een oferirea de educa\u021bie \u00een domeniul medicinei de familie, cu activit\u0103\u021bile celor de la ICMDA care se desf\u0103\u0219oar\u0103 \u00een 85 de \u021b\u0103ri \u0219i cu experien\u021ba celor de la Loma Linda \u00een dezvoltarea \u0219i desf\u0103\u0219urarea de programe academice \u00een toat\u0103 lumea, pl\u0103nuim s\u0103 ajungem la doctori interna\u021bionali din \u021b\u0103ri cu venituri mici \u0219i medii\u201d<\/em>, afirma Rebekah Zechariah, coordonator al programului de studii la distan\u021b\u0103 din CMC Vellore.<\/p>\n<p><em>Surs\u0103: <a href=\"https:\/\/www.adventistreview.org\/church-news\/story14517-in-india-global-health-care-conference-strengthens-adventist-health-care\" target=\"_blank\" rel=\"noopener noreferrer\">Adventist Review<\/a><\/em><\/p>\n<\/div>\n<p class=\"wpematico_credit\"><small>Powered by <a href=\"http:\/\/www.wpematico.com\" target=\"_blank\" rel=\"noopener noreferrer\">WPeMatico<\/a><\/small><\/p>\n ","protected":false},"excerpt":{"rendered":"<p>Universitatea Loma Linda, \u00eempreun\u0103 cu Adventist Health International, au desf\u0103\u0219urat Conferin\u021ba Global\u0103 a Liderilor \u00een India pentru prima dat\u0103, fiind invita\u021bi administratorii departamentului s\u0103n\u0103tate al Diviziunilor Asia de Sud \u0219i Asia de Sud-Pacific a Bisericii Adventiste de Ziua a \u0218aptea. Aproape 150 de lideri ai departamentului s\u0103n\u0103tate a Bisericii Adventiste de Ziua a \u0218aptea din &hellip; <a href=\"https:\/\/adventistoltenia.ro\/site\/slujirea-celor-din-departamentul-sanatatii-imbunatatita-prin-conventiile-globale-de-sanatate\/\">Continued<\/a><\/p>\n","protected":false},"author":2,"featured_media":0,"comment_status":"open","ping_status":"closed","sticky":false,"template":"","format":"standard","meta":[],"categories":[71],"tags":[],"yoast_head":"<!-- This site is optimized with the Yoast SEO plugin v20.3 - https:\/\/yoast.com\/wordpress\/plugins\/seo\/ -->\n<title>Slujirea celor din departamentul s\u0103n\u0103t\u0103\u021bii \u00eembun\u0103t\u0103\u021bit\u0103 prin Conven\u021biile Globale de S\u0103n\u0103tate - Conferinta Oltenia<\/title>\n<meta name=\"robots\" content=\"index, follow, max-snippet:-1, max-image-preview:large, max-video-preview:-1\" \/>\n<link rel=\"canonical\" href=\"https:\/\/adventistoltenia.ro\/site\/slujirea-celor-din-departamentul-sanatatii-imbunatatita-prin-conventiile-globale-de-sanatate\/\" \/>\n<meta property=\"og:locale\" content=\"en_US\" \/>\n<meta property=\"og:type\" content=\"article\" \/>\n<meta property=\"og:title\" content=\"Slujirea celor din departamentul s\u0103n\u0103t\u0103\u021bii \u00eembun\u0103t\u0103\u021bit\u0103 prin Conven\u021biile Globale de S\u0103n\u0103tate - Conferinta Oltenia\" \/>\n<meta property=\"og:description\" content=\"Universitatea Loma Linda, \u00eempreun\u0103 cu Adventist Health International, au desf\u0103\u0219urat Conferin\u021ba Global\u0103 a Liderilor \u00een India pentru prima dat\u0103, fiind invita\u021bi administratorii departamentului s\u0103n\u0103tate al Diviziunilor Asia de Sud \u0219i Asia de Sud-Pacific a Bisericii Adventiste de Ziua a \u0218aptea. Aproape 150 de lideri ai departamentului s\u0103n\u0103tate a Bisericii Adventiste de Ziua a \u0218aptea din &hellip; Continued\" \/>\n<meta property=\"og:url\" content=\"https:\/\/adventistoltenia.ro\/site\/slujirea-celor-din-departamentul-sanatatii-imbunatatita-prin-conventiile-globale-de-sanatate\/\" \/>\n<meta property=\"og:site_name\" content=\"Conferinta Oltenia\" \/>\n<meta property=\"article:published_time\" content=\"2020-02-26T01:05:35+00:00\" \/>\n<meta name=\"author\" content=\"Conferinta Oltenia\" \/>\n<meta name=\"twitter:card\" content=\"summary_large_image\" \/>\n<meta name=\"twitter:label1\" content=\"Written by\" \/>\n\t<meta name=\"twitter:data1\" content=\"Conferinta Oltenia\" \/>\n\t<meta name=\"twitter:label2\" content=\"Est. reading time\" \/>\n\t<meta name=\"twitter:data2\" content=\"3 minutes\" \/>\n<script type=\"application\/ld+json\" class=\"yoast-schema-graph\">{\"@context\":\"https:\/\/schema.org\",\"@graph\":[{\"@type\":\"WebPage\",\"@id\":\"https:\/\/adventistoltenia.ro\/site\/slujirea-celor-din-departamentul-sanatatii-imbunatatita-prin-conventiile-globale-de-sanatate\/\",\"url\":\"https:\/\/adventistoltenia.ro\/site\/slujirea-celor-din-departamentul-sanatatii-imbunatatita-prin-conventiile-globale-de-sanatate\/\",\"name\":\"Slujirea celor din departamentul s\u0103n\u0103t\u0103\u021bii \u00eembun\u0103t\u0103\u021bit\u0103 prin Conven\u021biile Globale de S\u0103n\u0103tate - Conferinta Oltenia\",\"isPartOf\":{\"@id\":\"https:\/\/adventistoltenia.ro\/site\/#website\"},\"datePublished\":\"2020-02-26T01:05:35+00:00\",\"dateModified\":\"2020-02-26T01:05:35+00:00\",\"author\":{\"@id\":\"https:\/\/adventistoltenia.ro\/site\/#\/schema\/person\/81972d6ddcec064fcb37a129240ef9d7\"},\"breadcrumb\":{\"@id\":\"https:\/\/adventistoltenia.ro\/site\/slujirea-celor-din-departamentul-sanatatii-imbunatatita-prin-conventiile-globale-de-sanatate\/#breadcrumb\"},\"inLanguage\":\"en-US\",\"potentialAction\":[{\"@type\":\"ReadAction\",\"target\":[\"https:\/\/adventistoltenia.ro\/site\/slujirea-celor-din-departamentul-sanatatii-imbunatatita-prin-conventiile-globale-de-sanatate\/\"]}]},{\"@type\":\"BreadcrumbList\",\"@id\":\"https:\/\/adventistoltenia.ro\/site\/slujirea-celor-din-departamentul-sanatatii-imbunatatita-prin-conventiile-globale-de-sanatate\/#breadcrumb\",\"itemListElement\":[{\"@type\":\"ListItem\",\"position\":1,\"name\":\"Home\",\"item\":\"https:\/\/adventistoltenia.ro\/site\/\"},{\"@type\":\"ListItem\",\"position\":2,\"name\":\"Slujirea celor din departamentul s\u0103n\u0103t\u0103\u021bii \u00eembun\u0103t\u0103\u021bit\u0103 prin Conven\u021biile Globale de S\u0103n\u0103tate\"}]},{\"@type\":\"WebSite\",\"@id\":\"https:\/\/adventistoltenia.ro\/site\/#website\",\"url\":\"https:\/\/adventistoltenia.ro\/site\/\",\"name\":\"Conferinta Oltenia\",\"description\":\"Biserica Adventista de Ziua a Saptea\",\"potentialAction\":[{\"@type\":\"SearchAction\",\"target\":{\"@type\":\"EntryPoint\",\"urlTemplate\":\"https:\/\/adventistoltenia.ro\/site\/?s={search_term_string}\"},\"query-input\":\"required name=search_term_string\"}],\"inLanguage\":\"en-US\"},{\"@type\":\"Person\",\"@id\":\"https:\/\/adventistoltenia.ro\/site\/#\/schema\/person\/81972d6ddcec064fcb37a129240ef9d7\",\"name\":\"Conferinta Oltenia\",\"image\":{\"@type\":\"ImageObject\",\"inLanguage\":\"en-US\",\"@id\":\"https:\/\/adventistoltenia.ro\/site\/#\/schema\/person\/image\/\",\"url\":\"https:\/\/secure.gravatar.com\/avatar\/ebe92ec22e2e53a8eb79d6b52b724e27?s=96&d=mm&r=g\",\"contentUrl\":\"https:\/\/secure.gravatar.com\/avatar\/ebe92ec22e2e53a8eb79d6b52b724e27?s=96&d=mm&r=g\",\"caption\":\"Conferinta Oltenia\"},\"url\":\"https:\/\/adventistoltenia.ro\/site\/author\/adm1n\/\"}]}<\/script>\n<!-- \/ Yoast SEO plugin. -->","yoast_head_json":{"title":"Slujirea celor din departamentul s\u0103n\u0103t\u0103\u021bii \u00eembun\u0103t\u0103\u021bit\u0103 prin Conven\u021biile Globale de S\u0103n\u0103tate - Conferinta Oltenia","robots":{"index":"index","follow":"follow","max-snippet":"max-snippet:-1","max-image-preview":"max-image-preview:large","max-video-preview":"max-video-preview:-1"},"canonical":"https:\/\/adventistoltenia.ro\/site\/slujirea-celor-din-departamentul-sanatatii-imbunatatita-prin-conventiile-globale-de-sanatate\/","og_locale":"en_US","og_type":"article","og_title":"Slujirea celor din departamentul s\u0103n\u0103t\u0103\u021bii \u00eembun\u0103t\u0103\u021bit\u0103 prin Conven\u021biile Globale de S\u0103n\u0103tate - Conferinta Oltenia","og_description":"Universitatea Loma Linda, \u00eempreun\u0103 cu Adventist Health International, au desf\u0103\u0219urat Conferin\u021ba Global\u0103 a Liderilor \u00een India pentru prima dat\u0103, fiind invita\u021bi administratorii departamentului s\u0103n\u0103tate al Diviziunilor Asia de Sud \u0219i Asia de Sud-Pacific a Bisericii Adventiste de Ziua a \u0218aptea. Aproape 150 de lideri ai departamentului s\u0103n\u0103tate a Bisericii Adventiste de Ziua a \u0218aptea din &hellip; Continued","og_url":"https:\/\/adventistoltenia.ro\/site\/slujirea-celor-din-departamentul-sanatatii-imbunatatita-prin-conventiile-globale-de-sanatate\/","og_site_name":"Conferinta Oltenia","article_published_time":"2020-02-26T01:05:35+00:00","author":"Conferinta Oltenia","twitter_card":"summary_large_image","twitter_misc":{"Written by":"Conferinta Oltenia","Est. reading time":"3 minutes"},"schema":{"@context":"https:\/\/schema.org","@graph":[{"@type":"WebPage","@id":"https:\/\/adventistoltenia.ro\/site\/slujirea-celor-din-departamentul-sanatatii-imbunatatita-prin-conventiile-globale-de-sanatate\/","url":"https:\/\/adventistoltenia.ro\/site\/slujirea-celor-din-departamentul-sanatatii-imbunatatita-prin-conventiile-globale-de-sanatate\/","name":"Slujirea celor din departamentul s\u0103n\u0103t\u0103\u021bii \u00eembun\u0103t\u0103\u021bit\u0103 prin Conven\u021biile Globale de S\u0103n\u0103tate - Conferinta Oltenia","isPartOf":{"@id":"https:\/\/adventistoltenia.ro\/site\/#website"},"datePublished":"2020-02-26T01:05:35+00:00","dateModified":"2020-02-26T01:05:35+00:00","author":{"@id":"https:\/\/adventistoltenia.ro\/site\/#\/schema\/person\/81972d6ddcec064fcb37a129240ef9d7"},"breadcrumb":{"@id":"https:\/\/adventistoltenia.ro\/site\/slujirea-celor-din-departamentul-sanatatii-imbunatatita-prin-conventiile-globale-de-sanatate\/#breadcrumb"},"inLanguage":"en-US","potentialAction":[{"@type":"ReadAction","target":["https:\/\/adventistoltenia.ro\/site\/slujirea-celor-din-departamentul-sanatatii-imbunatatita-prin-conventiile-globale-de-sanatate\/"]}]},{"@type":"BreadcrumbList","@id":"https:\/\/adventistoltenia.ro\/site\/slujirea-celor-din-departamentul-sanatatii-imbunatatita-prin-conventiile-globale-de-sanatate\/#breadcrumb","itemListElement":[{"@type":"ListItem","position":1,"name":"Home","item":"https:\/\/adventistoltenia.ro\/site\/"},{"@type":"ListItem","position":2,"name":"Slujirea celor din departamentul s\u0103n\u0103t\u0103\u021bii \u00eembun\u0103t\u0103\u021bit\u0103 prin Conven\u021biile Globale de S\u0103n\u0103tate"}]},{"@type":"WebSite","@id":"https:\/\/adventistoltenia.ro\/site\/#website","url":"https:\/\/adventistoltenia.ro\/site\/","name":"Conferinta Oltenia","description":"Biserica Adventista de Ziua a Saptea","potentialAction":[{"@type":"SearchAction","target":{"@type":"EntryPoint","urlTemplate":"https:\/\/adventistoltenia.ro\/site\/?s={search_term_string}"},"query-input":"required name=search_term_string"}],"inLanguage":"en-US"},{"@type":"Person","@id":"https:\/\/adventistoltenia.ro\/site\/#\/schema\/person\/81972d6ddcec064fcb37a129240ef9d7","name":"Conferinta Oltenia","image":{"@type":"ImageObject","inLanguage":"en-US","@id":"https:\/\/adventistoltenia.ro\/site\/#\/schema\/person\/image\/","url":"https:\/\/secure.gravatar.com\/avatar\/ebe92ec22e2e53a8eb79d6b52b724e27?s=96&d=mm&r=g","contentUrl":"https:\/\/secure.gravatar.com\/avatar\/ebe92ec22e2e53a8eb79d6b52b724e27?s=96&d=mm&r=g","caption":"Conferinta Oltenia"},"url":"https:\/\/adventistoltenia.ro\/site\/author\/adm1n\/"}]}},"_links":{"self":[{"href":"https:\/\/adventistoltenia.ro\/site\/wp-json\/wp\/v2\/posts\/3247"}],"collection":[{"href":"https:\/\/adventistoltenia.ro\/site\/wp-json\/wp\/v2\/posts"}],"about":[{"href":"https:\/\/adventistoltenia.ro\/site\/wp-json\/wp\/v2\/types\/post"}],"author":[{"embeddable":true,"href":"https:\/\/adventistoltenia.ro\/site\/wp-json\/wp\/v2\/users\/2"}],"replies":[{"embeddable":true,"href":"https:\/\/adventistoltenia.ro\/site\/wp-json\/wp\/v2\/comments?post=3247"}],"version-history":[{"count":0,"href":"https:\/\/adventistoltenia.ro\/site\/wp-json\/wp\/v2\/posts\/3247\/revisions"}],"wp:attachment":[{"href":"https:\/\/adventistoltenia.ro\/site\/wp-json\/wp\/v2\/media?parent=3247"}],"wp:term":[{"taxonomy":"category","embeddable":true,"href":"https:\/\/adventistoltenia.ro\/site\/wp-json\/wp\/v2\/categories?post=3247"},{"taxonomy":"post_tag","embeddable":true,"href":"https:\/\/adventistoltenia.ro\/site\/wp-json\/wp\/v2\/tags?post=3247"}],"curies":[{"name":"wp","href":"https:\/\/api.w.org\/{rel}","templated":true}]}}