{"id":3248,"date":"2020-02-27T01:06:44","date_gmt":"2020-02-27T01:06:44","guid":{"rendered":"http:\/\/adventistoltenia.ro\/site\/informatii-referitoare-la-coronavirus-si-bisericile-adventiste\/"},"modified":"2020-02-27T01:06:44","modified_gmt":"2020-02-27T01:06:44","slug":"informatii-referitoare-la-coronavirus-si-bisericile-adventiste","status":"publish","type":"post","link":"https:\/\/adventistoltenia.ro\/site\/informatii-referitoare-la-coronavirus-si-bisericile-adventiste\/","title":{"rendered":"Informa\u021bii referitoare la coronavirus \u0219i bisericile adventiste"},"content":{"rendered":"<div>\n<p>Dup\u0103 cum e posibil s\u0103 fi auzit, coronavirusul a p\u0103truns \u0219i \u00een Italia, f\u0103c\u00e2nd deja primele victime.<\/p>\n<p>\u00cen Rom\u00e2nia nu s-a \u00eenregistrat niciun caz de coronavirus, \u00eens\u0103 \u0219eful Departamentului pentru Situa\u021bii de Urgen\u021b\u0103, Raed Arafat, a declarat c\u0103 \u0219ansele ca \u00een Rom\u00e2nia s\u0103 nu fie \u00eenregistrate cazuri de infec\u021bii cu coronavirus \u00een perioada urmatoare sunt \u201efoarte slabe\u201d.<\/p>\n<p>Guvernul italian a luat m\u0103suri de precau\u021bie \u0219i a intervenit \u00een urma r\u0103sp\u00e2ndirii epidemiei.<\/p>\n<p>Biserica Adventist\u0103 de Ziua a \u0218aptea din Italia a luat \u0219i ea m\u0103suri de precau\u021bie \u0219i a transmis urm\u0103torul comunicat, preluat de Diviziunea Intereuropean\u0103 \u0219i pe care Biserica Adventist\u0103 de Ziua a \u0218aptea din Rom\u00e2nia dore\u0219te s\u0103-l pun\u0103 la dispozi\u021bia credincio\u0219ilor:<\/p>\n<p><em>Dragi fra\u021bi \u0219i surori,<\/em><\/p>\n<p><em>\u00cen primul r\u00e2nd, dorim s\u0103 \u00cei mul\u021bumim lui Dumnezeu pentru c\u0103 tr\u0103im \u00eentr-o \u021bar\u0103 interesat\u0103 de bun\u0103starea \u0219i s\u0103n\u0103tatea popula\u021biei \u0219i \u00eendemn\u0103m to\u021bi credincio\u0219ii s\u0103 respecte directivele autorit\u0103\u021bilor locale \u0219i regionale. S\u0103 ne rug\u0103m pentru familiile \u00een care exist\u0103 persoane infectate \u0219i s\u0103 ne amintim s\u0103 fim lumin\u0103 chiar \u0219i \u00een zile ca acestea, marcate de team\u0103 \u0219i confuzie.<\/em><\/p>\n<p><strong>Informa\u021bii pentru bisericile din regiunile afectate<\/strong><\/p>\n<p>Regiunile italiene cu privire la care au fost date directive oficiale sunt: <strong><em>Friuli Venezia Giulia, Emilia Romagna, Lombardia, Piemonte<\/em><\/strong><em> \u0219i<strong> Veneto<\/strong>.<\/em><\/p>\n<p>Ordonan\u021ba publicat\u0103 pentru \u00eentregul teritoriu al acestor regiuni dispune: \u201e\u00eenchiderea tuturor gr\u0103dini\u021belor \u0219i \u0219colilor de la toate nivelurile \u0219i suspendarea activit\u0103\u021bii didactice a universit\u0103\u021bilor (cursuri, examene, ceremonii de absolvire), a evenimentelor \u0219i a oric\u0103ror reuniuni \u00een locuri publice sau private, a excursiilor cu caracter educa\u021bional \u0219i a concursurilor culturale, recreative, sportive, <strong>religioase<\/strong> sau de alt\u0103 natur\u0103, ca \u0219i \u00eenchiderea discotecilor \u0219i cluburilor.<\/p>\n<p>\u00cen consecin\u021b\u0103, le cerem pastorilor din aceste regiuni s\u0103 suspende toate activit\u0103\u021bile bisericii (serviciile de \u00eenchinare din Sabat, \u00eent\u00e2lnirile din timpul s\u0103pt\u0103m\u00e2nii, ale cluburilor de exploratori \u0219i altele) p\u00e2n\u0103 la primirea altor instruc\u021biuni cu privire la regiunile respective.<\/p>\n<p>Le cerem pastorilor locali s\u0103 informeze membrii cu privire la posibilitatea de a urm\u0103ri serviciile de \u00eenchinare din Sabat cu ajutorul serviciilor de streaming audio sau video: unele comunit\u0103\u021bi italiene transmit serviciile de \u00eenchinare \u0219i \u0218coala de Sabat cu posibilitatea de a interveni telefonic.<\/p>\n<p>Pute\u021bi urm\u0103ri \u0218coala de Sabat \u00een direct prin intermediul RVS (Radio Voce della Speranza) \u0219i a Hope Channel Italia.<\/p>\n<p>\u0218coala de Sabat (audio):<\/p>\n<p>Acces\u00e2nd pagina: <a href=\"https:\/\/radiovocedellasperanza.it\/streaming\/\">https:\/\/radiovocedellasperanza.it\/streaming\/<\/a><\/p>\n<p>sau prin intermediul aplica\u021biei gratuite RVS Italia.<\/p>\n<p>\u0218coala de Sabat (video):<\/p>\n<p>Vizita\u021bi <a href=\"https:\/\/hopechannel.it\/diretta-firenze\/\">https:\/\/hopechannel.it\/diretta-firenze\/<\/a><\/p>\n<p>sau prin intermediul aplica\u021biei gratuite, pentru a urm\u0103ri programul bisericii adventiste de limba italian\u0103 din Floren\u021ba.<\/p>\n<p>Pe site-ul Hope Channel Italia, la <a href=\"https:\/\/hopechannel.it\/diretta\/\">https:\/\/hopechannel.it\/diretta\/<\/a> pute\u021bi g\u0103si alte comunit\u0103\u021bi dec\u00e2t Floren\u021ba, care transmit \u00een direct serviciile de \u00eenchinare de s\u00e2mb\u0103t\u0103 diminea\u021ba.<\/p>\n<p>V\u0103 vom informa cu privire la informa\u021biile suplimentare de care vom dispune.<\/p>\n<p>Ne rug\u0103m ca Dumnezeu s\u0103 \u00ce\u0219i protejeze copiii \u0219i ca totul s\u0103 revin\u0103 la normal c\u00e2t mai cur\u00e2nd posibil.<\/p>\n<p>\u00cen cazul \u00een care se va confirma vreun caz de coronavirus pe teritoriul Rom\u00e2niei, vom reveni cu informa\u021bii.<\/p>\n<\/div>\n<p class=\"wpematico_credit\"><small>Powered by <a href=\"http:\/\/www.wpematico.com\" target=\"_blank\" rel=\"noopener noreferrer\">WPeMatico<\/a><\/small><\/p>\n ","protected":false},"excerpt":{"rendered":"<p>Dup\u0103 cum e posibil s\u0103 fi auzit, coronavirusul a p\u0103truns \u0219i \u00een Italia, f\u0103c\u00e2nd deja primele victime. \u00cen Rom\u00e2nia nu s-a \u00eenregistrat niciun caz de coronavirus, \u00eens\u0103 \u0219eful Departamentului pentru Situa\u021bii de Urgen\u021b\u0103, Raed Arafat, a declarat c\u0103 \u0219ansele ca \u00een Rom\u00e2nia s\u0103 nu fie \u00eenregistrate cazuri de infec\u021bii cu coronavirus \u00een perioada urmatoare sunt &hellip; <a href=\"https:\/\/adventistoltenia.ro\/site\/informatii-referitoare-la-coronavirus-si-bisericile-adventiste\/\">Continued<\/a><\/p>\n","protected":false},"author":2,"featured_media":0,"comment_status":"open","ping_status":"closed","sticky":false,"template":"","format":"standard","meta":[],"categories":[71],"tags":[],"yoast_head":"<!-- This site is optimized with the Yoast SEO plugin v20.3 - https:\/\/yoast.com\/wordpress\/plugins\/seo\/ -->\n<title>Informa\u021bii referitoare la coronavirus \u0219i bisericile adventiste - Conferinta Oltenia<\/title>\n<meta name=\"robots\" content=\"index, follow, max-snippet:-1, max-image-preview:large, max-video-preview:-1\" \/>\n<link rel=\"canonical\" href=\"https:\/\/adventistoltenia.ro\/site\/informatii-referitoare-la-coronavirus-si-bisericile-adventiste\/\" \/>\n<meta property=\"og:locale\" content=\"en_US\" \/>\n<meta property=\"og:type\" content=\"article\" \/>\n<meta property=\"og:title\" content=\"Informa\u021bii referitoare la coronavirus \u0219i bisericile adventiste - Conferinta Oltenia\" \/>\n<meta property=\"og:description\" content=\"Dup\u0103 cum e posibil s\u0103 fi auzit, coronavirusul a p\u0103truns \u0219i \u00een Italia, f\u0103c\u00e2nd deja primele victime. \u00cen Rom\u00e2nia nu s-a \u00eenregistrat niciun caz de coronavirus, \u00eens\u0103 \u0219eful Departamentului pentru Situa\u021bii de Urgen\u021b\u0103, Raed Arafat, a declarat c\u0103 \u0219ansele ca \u00een Rom\u00e2nia s\u0103 nu fie \u00eenregistrate cazuri de infec\u021bii cu coronavirus \u00een perioada urmatoare sunt &hellip; Continued\" \/>\n<meta property=\"og:url\" content=\"https:\/\/adventistoltenia.ro\/site\/informatii-referitoare-la-coronavirus-si-bisericile-adventiste\/\" \/>\n<meta property=\"og:site_name\" content=\"Conferinta Oltenia\" \/>\n<meta property=\"article:published_time\" content=\"2020-02-27T01:06:44+00:00\" \/>\n<meta name=\"author\" content=\"Conferinta Oltenia\" \/>\n<meta name=\"twitter:card\" content=\"summary_large_image\" \/>\n<meta name=\"twitter:label1\" content=\"Written by\" \/>\n\t<meta name=\"twitter:data1\" content=\"Conferinta Oltenia\" \/>\n\t<meta name=\"twitter:label2\" content=\"Est. reading time\" \/>\n\t<meta name=\"twitter:data2\" content=\"3 minutes\" \/>\n<script type=\"application\/ld+json\" class=\"yoast-schema-graph\">{\"@context\":\"https:\/\/schema.org\",\"@graph\":[{\"@type\":\"WebPage\",\"@id\":\"https:\/\/adventistoltenia.ro\/site\/informatii-referitoare-la-coronavirus-si-bisericile-adventiste\/\",\"url\":\"https:\/\/adventistoltenia.ro\/site\/informatii-referitoare-la-coronavirus-si-bisericile-adventiste\/\",\"name\":\"Informa\u021bii referitoare la coronavirus \u0219i bisericile adventiste - Conferinta Oltenia\",\"isPartOf\":{\"@id\":\"https:\/\/adventistoltenia.ro\/site\/#website\"},\"datePublished\":\"2020-02-27T01:06:44+00:00\",\"dateModified\":\"2020-02-27T01:06:44+00:00\",\"author\":{\"@id\":\"https:\/\/adventistoltenia.ro\/site\/#\/schema\/person\/81972d6ddcec064fcb37a129240ef9d7\"},\"breadcrumb\":{\"@id\":\"https:\/\/adventistoltenia.ro\/site\/informatii-referitoare-la-coronavirus-si-bisericile-adventiste\/#breadcrumb\"},\"inLanguage\":\"en-US\",\"potentialAction\":[{\"@type\":\"ReadAction\",\"target\":[\"https:\/\/adventistoltenia.ro\/site\/informatii-referitoare-la-coronavirus-si-bisericile-adventiste\/\"]}]},{\"@type\":\"BreadcrumbList\",\"@id\":\"https:\/\/adventistoltenia.ro\/site\/informatii-referitoare-la-coronavirus-si-bisericile-adventiste\/#breadcrumb\",\"itemListElement\":[{\"@type\":\"ListItem\",\"position\":1,\"name\":\"Home\",\"item\":\"https:\/\/adventistoltenia.ro\/site\/\"},{\"@type\":\"ListItem\",\"position\":2,\"name\":\"Informa\u021bii referitoare la coronavirus \u0219i bisericile adventiste\"}]},{\"@type\":\"WebSite\",\"@id\":\"https:\/\/adventistoltenia.ro\/site\/#website\",\"url\":\"https:\/\/adventistoltenia.ro\/site\/\",\"name\":\"Conferinta Oltenia\",\"description\":\"Biserica Adventista de Ziua a Saptea\",\"potentialAction\":[{\"@type\":\"SearchAction\",\"target\":{\"@type\":\"EntryPoint\",\"urlTemplate\":\"https:\/\/adventistoltenia.ro\/site\/?s={search_term_string}\"},\"query-input\":\"required name=search_term_string\"}],\"inLanguage\":\"en-US\"},{\"@type\":\"Person\",\"@id\":\"https:\/\/adventistoltenia.ro\/site\/#\/schema\/person\/81972d6ddcec064fcb37a129240ef9d7\",\"name\":\"Conferinta Oltenia\",\"image\":{\"@type\":\"ImageObject\",\"inLanguage\":\"en-US\",\"@id\":\"https:\/\/adventistoltenia.ro\/site\/#\/schema\/person\/image\/\",\"url\":\"https:\/\/secure.gravatar.com\/avatar\/ebe92ec22e2e53a8eb79d6b52b724e27?s=96&d=mm&r=g\",\"contentUrl\":\"https:\/\/secure.gravatar.com\/avatar\/ebe92ec22e2e53a8eb79d6b52b724e27?s=96&d=mm&r=g\",\"caption\":\"Conferinta Oltenia\"},\"url\":\"https:\/\/adventistoltenia.ro\/site\/author\/adm1n\/\"}]}<\/script>\n<!-- \/ Yoast SEO plugin. -->","yoast_head_json":{"title":"Informa\u021bii referitoare la coronavirus \u0219i bisericile adventiste - Conferinta Oltenia","robots":{"index":"index","follow":"follow","max-snippet":"max-snippet:-1","max-image-preview":"max-image-preview:large","max-video-preview":"max-video-preview:-1"},"canonical":"https:\/\/adventistoltenia.ro\/site\/informatii-referitoare-la-coronavirus-si-bisericile-adventiste\/","og_locale":"en_US","og_type":"article","og_title":"Informa\u021bii referitoare la coronavirus \u0219i bisericile adventiste - Conferinta Oltenia","og_description":"Dup\u0103 cum e posibil s\u0103 fi auzit, coronavirusul a p\u0103truns \u0219i \u00een Italia, f\u0103c\u00e2nd deja primele victime. \u00cen Rom\u00e2nia nu s-a \u00eenregistrat niciun caz de coronavirus, \u00eens\u0103 \u0219eful Departamentului pentru Situa\u021bii de Urgen\u021b\u0103, Raed Arafat, a declarat c\u0103 \u0219ansele ca \u00een Rom\u00e2nia s\u0103 nu fie \u00eenregistrate cazuri de infec\u021bii cu coronavirus \u00een perioada urmatoare sunt &hellip; Continued","og_url":"https:\/\/adventistoltenia.ro\/site\/informatii-referitoare-la-coronavirus-si-bisericile-adventiste\/","og_site_name":"Conferinta Oltenia","article_published_time":"2020-02-27T01:06:44+00:00","author":"Conferinta Oltenia","twitter_card":"summary_large_image","twitter_misc":{"Written by":"Conferinta Oltenia","Est. reading time":"3 minutes"},"schema":{"@context":"https:\/\/schema.org","@graph":[{"@type":"WebPage","@id":"https:\/\/adventistoltenia.ro\/site\/informatii-referitoare-la-coronavirus-si-bisericile-adventiste\/","url":"https:\/\/adventistoltenia.ro\/site\/informatii-referitoare-la-coronavirus-si-bisericile-adventiste\/","name":"Informa\u021bii referitoare la coronavirus \u0219i bisericile adventiste - Conferinta Oltenia","isPartOf":{"@id":"https:\/\/adventistoltenia.ro\/site\/#website"},"datePublished":"2020-02-27T01:06:44+00:00","dateModified":"2020-02-27T01:06:44+00:00","author":{"@id":"https:\/\/adventistoltenia.ro\/site\/#\/schema\/person\/81972d6ddcec064fcb37a129240ef9d7"},"breadcrumb":{"@id":"https:\/\/adventistoltenia.ro\/site\/informatii-referitoare-la-coronavirus-si-bisericile-adventiste\/#breadcrumb"},"inLanguage":"en-US","potentialAction":[{"@type":"ReadAction","target":["https:\/\/adventistoltenia.ro\/site\/informatii-referitoare-la-coronavirus-si-bisericile-adventiste\/"]}]},{"@type":"BreadcrumbList","@id":"https:\/\/adventistoltenia.ro\/site\/informatii-referitoare-la-coronavirus-si-bisericile-adventiste\/#breadcrumb","itemListElement":[{"@type":"ListItem","position":1,"name":"Home","item":"https:\/\/adventistoltenia.ro\/site\/"},{"@type":"ListItem","position":2,"name":"Informa\u021bii referitoare la coronavirus \u0219i bisericile adventiste"}]},{"@type":"WebSite","@id":"https:\/\/adventistoltenia.ro\/site\/#website","url":"https:\/\/adventistoltenia.ro\/site\/","name":"Conferinta Oltenia","description":"Biserica Adventista de Ziua a Saptea","potentialAction":[{"@type":"SearchAction","target":{"@type":"EntryPoint","urlTemplate":"https:\/\/adventistoltenia.ro\/site\/?s={search_term_string}"},"query-input":"required name=search_term_string"}],"inLanguage":"en-US"},{"@type":"Person","@id":"https:\/\/adventistoltenia.ro\/site\/#\/schema\/person\/81972d6ddcec064fcb37a129240ef9d7","name":"Conferinta Oltenia","image":{"@type":"ImageObject","inLanguage":"en-US","@id":"https:\/\/adventistoltenia.ro\/site\/#\/schema\/person\/image\/","url":"https:\/\/secure.gravatar.com\/avatar\/ebe92ec22e2e53a8eb79d6b52b724e27?s=96&d=mm&r=g","contentUrl":"https:\/\/secure.gravatar.com\/avatar\/ebe92ec22e2e53a8eb79d6b52b724e27?s=96&d=mm&r=g","caption":"Conferinta Oltenia"},"url":"https:\/\/adventistoltenia.ro\/site\/author\/adm1n\/"}]}},"_links":{"self":[{"href":"https:\/\/adventistoltenia.ro\/site\/wp-json\/wp\/v2\/posts\/3248"}],"collection":[{"href":"https:\/\/adventistoltenia.ro\/site\/wp-json\/wp\/v2\/posts"}],"about":[{"href":"https:\/\/adventistoltenia.ro\/site\/wp-json\/wp\/v2\/types\/post"}],"author":[{"embeddable":true,"href":"https:\/\/adventistoltenia.ro\/site\/wp-json\/wp\/v2\/users\/2"}],"replies":[{"embeddable":true,"href":"https:\/\/adventistoltenia.ro\/site\/wp-json\/wp\/v2\/comments?post=3248"}],"version-history":[{"count":0,"href":"https:\/\/adventistoltenia.ro\/site\/wp-json\/wp\/v2\/posts\/3248\/revisions"}],"wp:attachment":[{"href":"https:\/\/adventistoltenia.ro\/site\/wp-json\/wp\/v2\/media?parent=3248"}],"wp:term":[{"taxonomy":"category","embeddable":true,"href":"https:\/\/adventistoltenia.ro\/site\/wp-json\/wp\/v2\/categories?post=3248"},{"taxonomy":"post_tag","embeddable":true,"href":"https:\/\/adventistoltenia.ro\/site\/wp-json\/wp\/v2\/tags?post=3248"}],"curies":[{"name":"wp","href":"https:\/\/api.w.org\/{rel}","templated":true}]}}