{"id":3249,"date":"2020-02-27T01:06:44","date_gmt":"2020-02-27T01:06:44","guid":{"rendered":"http:\/\/adventistoltenia.ro\/site\/ce-verdict-a-dat-curtea-suprema-a-sua-la-cererea-unui-credincios-adventist-de-a-nu-lucra-sambata\/"},"modified":"2020-02-27T01:06:44","modified_gmt":"2020-02-27T01:06:44","slug":"ce-verdict-a-dat-curtea-suprema-a-sua-la-cererea-unui-credincios-adventist-de-a-nu-lucra-sambata","status":"publish","type":"post","link":"https:\/\/adventistoltenia.ro\/site\/ce-verdict-a-dat-curtea-suprema-a-sua-la-cererea-unui-credincios-adventist-de-a-nu-lucra-sambata\/","title":{"rendered":"Ce verdict a dat Curtea Suprem\u0103 a SUA la cererea unui credincios adventist de a nu lucra s\u00e2mb\u0103ta"},"content":{"rendered":"<div>\n<p>Curtea Suprem\u0103 a Statelor Unite s-a pronun\u0163at luni \u00een favoarea lan\u0163ului de farmacii Walgreens \u00eentr-un proces intentat de un angajat care solicitase s\u0103 nu lucreze s\u00e2mb\u0103ta, pe motiv c\u0103 este adventist de ziua a \u015faptea, transmite Reuters, potrivit Agerpres.<\/p>\n<p>Biserica Adventist\u0103 de Ziua a \u015eaptea consider\u0103 c\u0103 Sabatul trebuie respectat ca s\u0103rb\u0103toare, de vineri de la apusul soarelui p\u00e2n\u0103 s\u00e2mb\u0103t\u0103 la aceea\u015fi or\u0103. Reclamantul Darrell Patterson, credincios adventist, a fost concediat \u00een 2011 dup\u0103 ce nu s-a prezentat la serviciu \u00eentr-o s\u00e2mb\u0103t\u0103.<\/p>\n<p>Patterson lucra ca instructor pentru reprezentan\u0163ii serviciului de rela\u0163ii cu clien\u0163ii la un centru telefonic Walgreens din Orlando, \u00een statul Florida. Concediat dup\u0103 ce nu s-a prezentat la o sesiune de instruire de urgen\u0163\u0103, el a dat \u00een judecat\u0103 compania Walgreens invoc\u00e2nd Titlul VII din Legea Drepturilor Civile din 1964.<\/p>\n<p>Reglementarea respectiv\u0103 interzice angajatorilor discriminarea din motive de ras\u0103, religie, sex sau origine na\u0163ional\u0103. Conform prevederilor legii, firmele trebuie s\u0103 se \u2018adapteze rezonabil\u2019 la practicile religioase ale angaja\u0163ilor, dac\u0103 acestea nu impun angajatorului \u2018dificult\u0103\u0163i nejustificate\u2019.<\/p>\n<p>Compania a sus\u0163inut c\u0103 a satisf\u0103cut de mai multe ori cerin\u0163ele credinciosului adventist, \u00eencep\u00e2nd de la angajarea acestuia \u00een 2005, inclusiv prin programarea activit\u0103\u0163ilor de formare conform necesit\u0103\u0163ilor lui. Walgreens a sus\u0163inut c\u0103 Titlul VII invocat \u00een spe\u0163\u0103 oblig\u0103 doar la o \u2018adaptare rezonabil\u0103\u2019 din partea angajatorului, nu la o \u2018adaptare complet\u0103\u2019.<\/p>\n<p>Al 11-lea Circuit de Cur\u0163i de Apel ale SUA, cu sediul \u00een Atlanta, a dat c\u00e2\u015ftig de cauz\u0103 Walgreens \u00een 2018, apreciind c\u0103 firma a f\u0103cut numeroase eforturi de a se adapta \u015fi nu putea fi obligat\u0103 s\u0103 \u00eei garanteze angajatului c\u0103 nu va trebui s\u0103 lucreze niciodat\u0103 s\u00e2mb\u0103ta. Curtea Suprem\u0103 a refuzat s\u0103 revizuiasc\u0103 aceast\u0103 sentin\u0163\u0103 \u00een urma recursului \u00eenaintat de Patterson, care pretindea c\u0103 o adaptare rezonabil\u0103 \u00eenseamn\u0103 c\u0103 angajatorul trebuie s\u0103 elimine complet orice conflict \u00eentre munc\u0103 \u015fi nevoile religioase. Reclamantul a ar\u0103tat c\u0103 instan\u0163ele inferioare au avut pozi\u0163ii diferite \u00een astfel de cazuri.<\/p>\n<p><em>Surs\u0103: stiripesurse.ro<\/em><\/p>\n<\/div>\n<p class=\"wpematico_credit\"><small>Powered by <a href=\"http:\/\/www.wpematico.com\" target=\"_blank\" rel=\"noopener noreferrer\">WPeMatico<\/a><\/small><\/p>\n ","protected":false},"excerpt":{"rendered":"<p>Curtea Suprem\u0103 a Statelor Unite s-a pronun\u0163at luni \u00een favoarea lan\u0163ului de farmacii Walgreens \u00eentr-un proces intentat de un angajat care solicitase s\u0103 nu lucreze s\u00e2mb\u0103ta, pe motiv c\u0103 este adventist de ziua a \u015faptea, transmite Reuters, potrivit Agerpres. Biserica Adventist\u0103 de Ziua a \u015eaptea consider\u0103 c\u0103 Sabatul trebuie respectat ca s\u0103rb\u0103toare, de vineri de &hellip; <a href=\"https:\/\/adventistoltenia.ro\/site\/ce-verdict-a-dat-curtea-suprema-a-sua-la-cererea-unui-credincios-adventist-de-a-nu-lucra-sambata\/\">Continued<\/a><\/p>\n","protected":false},"author":2,"featured_media":0,"comment_status":"open","ping_status":"closed","sticky":false,"template":"","format":"standard","meta":[],"categories":[71],"tags":[],"yoast_head":"<!-- This site is optimized with the Yoast SEO plugin v20.3 - https:\/\/yoast.com\/wordpress\/plugins\/seo\/ -->\n<title>Ce verdict a dat Curtea Suprem\u0103 a SUA la cererea unui credincios adventist de a nu lucra s\u00e2mb\u0103ta - Conferinta Oltenia<\/title>\n<meta name=\"robots\" content=\"index, follow, max-snippet:-1, max-image-preview:large, max-video-preview:-1\" \/>\n<link rel=\"canonical\" href=\"https:\/\/adventistoltenia.ro\/site\/ce-verdict-a-dat-curtea-suprema-a-sua-la-cererea-unui-credincios-adventist-de-a-nu-lucra-sambata\/\" \/>\n<meta property=\"og:locale\" content=\"en_US\" \/>\n<meta property=\"og:type\" content=\"article\" \/>\n<meta property=\"og:title\" content=\"Ce verdict a dat Curtea Suprem\u0103 a SUA la cererea unui credincios adventist de a nu lucra s\u00e2mb\u0103ta - Conferinta Oltenia\" \/>\n<meta property=\"og:description\" content=\"Curtea Suprem\u0103 a Statelor Unite s-a pronun\u0163at luni \u00een favoarea lan\u0163ului de farmacii Walgreens \u00eentr-un proces intentat de un angajat care solicitase s\u0103 nu lucreze s\u00e2mb\u0103ta, pe motiv c\u0103 este adventist de ziua a \u015faptea, transmite Reuters, potrivit Agerpres. Biserica Adventist\u0103 de Ziua a \u015eaptea consider\u0103 c\u0103 Sabatul trebuie respectat ca s\u0103rb\u0103toare, de vineri de &hellip; Continued\" \/>\n<meta property=\"og:url\" content=\"https:\/\/adventistoltenia.ro\/site\/ce-verdict-a-dat-curtea-suprema-a-sua-la-cererea-unui-credincios-adventist-de-a-nu-lucra-sambata\/\" \/>\n<meta property=\"og:site_name\" content=\"Conferinta Oltenia\" \/>\n<meta property=\"article:published_time\" content=\"2020-02-27T01:06:44+00:00\" \/>\n<meta name=\"author\" content=\"Conferinta Oltenia\" \/>\n<meta name=\"twitter:card\" content=\"summary_large_image\" \/>\n<meta name=\"twitter:label1\" content=\"Written by\" \/>\n\t<meta name=\"twitter:data1\" content=\"Conferinta Oltenia\" \/>\n\t<meta name=\"twitter:label2\" content=\"Est. reading time\" \/>\n\t<meta name=\"twitter:data2\" content=\"2 minutes\" \/>\n<script type=\"application\/ld+json\" class=\"yoast-schema-graph\">{\"@context\":\"https:\/\/schema.org\",\"@graph\":[{\"@type\":\"WebPage\",\"@id\":\"https:\/\/adventistoltenia.ro\/site\/ce-verdict-a-dat-curtea-suprema-a-sua-la-cererea-unui-credincios-adventist-de-a-nu-lucra-sambata\/\",\"url\":\"https:\/\/adventistoltenia.ro\/site\/ce-verdict-a-dat-curtea-suprema-a-sua-la-cererea-unui-credincios-adventist-de-a-nu-lucra-sambata\/\",\"name\":\"Ce verdict a dat Curtea Suprem\u0103 a SUA la cererea unui credincios adventist de a nu lucra s\u00e2mb\u0103ta - Conferinta Oltenia\",\"isPartOf\":{\"@id\":\"https:\/\/adventistoltenia.ro\/site\/#website\"},\"datePublished\":\"2020-02-27T01:06:44+00:00\",\"dateModified\":\"2020-02-27T01:06:44+00:00\",\"author\":{\"@id\":\"https:\/\/adventistoltenia.ro\/site\/#\/schema\/person\/81972d6ddcec064fcb37a129240ef9d7\"},\"breadcrumb\":{\"@id\":\"https:\/\/adventistoltenia.ro\/site\/ce-verdict-a-dat-curtea-suprema-a-sua-la-cererea-unui-credincios-adventist-de-a-nu-lucra-sambata\/#breadcrumb\"},\"inLanguage\":\"en-US\",\"potentialAction\":[{\"@type\":\"ReadAction\",\"target\":[\"https:\/\/adventistoltenia.ro\/site\/ce-verdict-a-dat-curtea-suprema-a-sua-la-cererea-unui-credincios-adventist-de-a-nu-lucra-sambata\/\"]}]},{\"@type\":\"BreadcrumbList\",\"@id\":\"https:\/\/adventistoltenia.ro\/site\/ce-verdict-a-dat-curtea-suprema-a-sua-la-cererea-unui-credincios-adventist-de-a-nu-lucra-sambata\/#breadcrumb\",\"itemListElement\":[{\"@type\":\"ListItem\",\"position\":1,\"name\":\"Home\",\"item\":\"https:\/\/adventistoltenia.ro\/site\/\"},{\"@type\":\"ListItem\",\"position\":2,\"name\":\"Ce verdict a dat Curtea Suprem\u0103 a SUA la cererea unui credincios adventist de a nu lucra s\u00e2mb\u0103ta\"}]},{\"@type\":\"WebSite\",\"@id\":\"https:\/\/adventistoltenia.ro\/site\/#website\",\"url\":\"https:\/\/adventistoltenia.ro\/site\/\",\"name\":\"Conferinta Oltenia\",\"description\":\"Biserica Adventista de Ziua a Saptea\",\"potentialAction\":[{\"@type\":\"SearchAction\",\"target\":{\"@type\":\"EntryPoint\",\"urlTemplate\":\"https:\/\/adventistoltenia.ro\/site\/?s={search_term_string}\"},\"query-input\":\"required name=search_term_string\"}],\"inLanguage\":\"en-US\"},{\"@type\":\"Person\",\"@id\":\"https:\/\/adventistoltenia.ro\/site\/#\/schema\/person\/81972d6ddcec064fcb37a129240ef9d7\",\"name\":\"Conferinta Oltenia\",\"image\":{\"@type\":\"ImageObject\",\"inLanguage\":\"en-US\",\"@id\":\"https:\/\/adventistoltenia.ro\/site\/#\/schema\/person\/image\/\",\"url\":\"https:\/\/secure.gravatar.com\/avatar\/ebe92ec22e2e53a8eb79d6b52b724e27?s=96&d=mm&r=g\",\"contentUrl\":\"https:\/\/secure.gravatar.com\/avatar\/ebe92ec22e2e53a8eb79d6b52b724e27?s=96&d=mm&r=g\",\"caption\":\"Conferinta Oltenia\"},\"url\":\"https:\/\/adventistoltenia.ro\/site\/author\/adm1n\/\"}]}<\/script>\n<!-- \/ Yoast SEO plugin. -->","yoast_head_json":{"title":"Ce verdict a dat Curtea Suprem\u0103 a SUA la cererea unui credincios adventist de a nu lucra s\u00e2mb\u0103ta - Conferinta Oltenia","robots":{"index":"index","follow":"follow","max-snippet":"max-snippet:-1","max-image-preview":"max-image-preview:large","max-video-preview":"max-video-preview:-1"},"canonical":"https:\/\/adventistoltenia.ro\/site\/ce-verdict-a-dat-curtea-suprema-a-sua-la-cererea-unui-credincios-adventist-de-a-nu-lucra-sambata\/","og_locale":"en_US","og_type":"article","og_title":"Ce verdict a dat Curtea Suprem\u0103 a SUA la cererea unui credincios adventist de a nu lucra s\u00e2mb\u0103ta - Conferinta Oltenia","og_description":"Curtea Suprem\u0103 a Statelor Unite s-a pronun\u0163at luni \u00een favoarea lan\u0163ului de farmacii Walgreens \u00eentr-un proces intentat de un angajat care solicitase s\u0103 nu lucreze s\u00e2mb\u0103ta, pe motiv c\u0103 este adventist de ziua a \u015faptea, transmite Reuters, potrivit Agerpres. Biserica Adventist\u0103 de Ziua a \u015eaptea consider\u0103 c\u0103 Sabatul trebuie respectat ca s\u0103rb\u0103toare, de vineri de &hellip; Continued","og_url":"https:\/\/adventistoltenia.ro\/site\/ce-verdict-a-dat-curtea-suprema-a-sua-la-cererea-unui-credincios-adventist-de-a-nu-lucra-sambata\/","og_site_name":"Conferinta Oltenia","article_published_time":"2020-02-27T01:06:44+00:00","author":"Conferinta Oltenia","twitter_card":"summary_large_image","twitter_misc":{"Written by":"Conferinta Oltenia","Est. reading time":"2 minutes"},"schema":{"@context":"https:\/\/schema.org","@graph":[{"@type":"WebPage","@id":"https:\/\/adventistoltenia.ro\/site\/ce-verdict-a-dat-curtea-suprema-a-sua-la-cererea-unui-credincios-adventist-de-a-nu-lucra-sambata\/","url":"https:\/\/adventistoltenia.ro\/site\/ce-verdict-a-dat-curtea-suprema-a-sua-la-cererea-unui-credincios-adventist-de-a-nu-lucra-sambata\/","name":"Ce verdict a dat Curtea Suprem\u0103 a SUA la cererea unui credincios adventist de a nu lucra s\u00e2mb\u0103ta - Conferinta Oltenia","isPartOf":{"@id":"https:\/\/adventistoltenia.ro\/site\/#website"},"datePublished":"2020-02-27T01:06:44+00:00","dateModified":"2020-02-27T01:06:44+00:00","author":{"@id":"https:\/\/adventistoltenia.ro\/site\/#\/schema\/person\/81972d6ddcec064fcb37a129240ef9d7"},"breadcrumb":{"@id":"https:\/\/adventistoltenia.ro\/site\/ce-verdict-a-dat-curtea-suprema-a-sua-la-cererea-unui-credincios-adventist-de-a-nu-lucra-sambata\/#breadcrumb"},"inLanguage":"en-US","potentialAction":[{"@type":"ReadAction","target":["https:\/\/adventistoltenia.ro\/site\/ce-verdict-a-dat-curtea-suprema-a-sua-la-cererea-unui-credincios-adventist-de-a-nu-lucra-sambata\/"]}]},{"@type":"BreadcrumbList","@id":"https:\/\/adventistoltenia.ro\/site\/ce-verdict-a-dat-curtea-suprema-a-sua-la-cererea-unui-credincios-adventist-de-a-nu-lucra-sambata\/#breadcrumb","itemListElement":[{"@type":"ListItem","position":1,"name":"Home","item":"https:\/\/adventistoltenia.ro\/site\/"},{"@type":"ListItem","position":2,"name":"Ce verdict a dat Curtea Suprem\u0103 a SUA la cererea unui credincios adventist de a nu lucra s\u00e2mb\u0103ta"}]},{"@type":"WebSite","@id":"https:\/\/adventistoltenia.ro\/site\/#website","url":"https:\/\/adventistoltenia.ro\/site\/","name":"Conferinta Oltenia","description":"Biserica Adventista de Ziua a Saptea","potentialAction":[{"@type":"SearchAction","target":{"@type":"EntryPoint","urlTemplate":"https:\/\/adventistoltenia.ro\/site\/?s={search_term_string}"},"query-input":"required name=search_term_string"}],"inLanguage":"en-US"},{"@type":"Person","@id":"https:\/\/adventistoltenia.ro\/site\/#\/schema\/person\/81972d6ddcec064fcb37a129240ef9d7","name":"Conferinta Oltenia","image":{"@type":"ImageObject","inLanguage":"en-US","@id":"https:\/\/adventistoltenia.ro\/site\/#\/schema\/person\/image\/","url":"https:\/\/secure.gravatar.com\/avatar\/ebe92ec22e2e53a8eb79d6b52b724e27?s=96&d=mm&r=g","contentUrl":"https:\/\/secure.gravatar.com\/avatar\/ebe92ec22e2e53a8eb79d6b52b724e27?s=96&d=mm&r=g","caption":"Conferinta Oltenia"},"url":"https:\/\/adventistoltenia.ro\/site\/author\/adm1n\/"}]}},"_links":{"self":[{"href":"https:\/\/adventistoltenia.ro\/site\/wp-json\/wp\/v2\/posts\/3249"}],"collection":[{"href":"https:\/\/adventistoltenia.ro\/site\/wp-json\/wp\/v2\/posts"}],"about":[{"href":"https:\/\/adventistoltenia.ro\/site\/wp-json\/wp\/v2\/types\/post"}],"author":[{"embeddable":true,"href":"https:\/\/adventistoltenia.ro\/site\/wp-json\/wp\/v2\/users\/2"}],"replies":[{"embeddable":true,"href":"https:\/\/adventistoltenia.ro\/site\/wp-json\/wp\/v2\/comments?post=3249"}],"version-history":[{"count":0,"href":"https:\/\/adventistoltenia.ro\/site\/wp-json\/wp\/v2\/posts\/3249\/revisions"}],"wp:attachment":[{"href":"https:\/\/adventistoltenia.ro\/site\/wp-json\/wp\/v2\/media?parent=3249"}],"wp:term":[{"taxonomy":"category","embeddable":true,"href":"https:\/\/adventistoltenia.ro\/site\/wp-json\/wp\/v2\/categories?post=3249"},{"taxonomy":"post_tag","embeddable":true,"href":"https:\/\/adventistoltenia.ro\/site\/wp-json\/wp\/v2\/tags?post=3249"}],"curies":[{"name":"wp","href":"https:\/\/api.w.org\/{rel}","templated":true}]}}