{"id":3252,"date":"2020-02-29T01:36:09","date_gmt":"2020-02-29T01:36:09","guid":{"rendered":"http:\/\/adventistoltenia.ro\/site\/crestinul-si-politica\/"},"modified":"2020-02-29T01:36:09","modified_gmt":"2020-02-29T01:36:09","slug":"crestinul-si-politica","status":"publish","type":"post","link":"https:\/\/adventistoltenia.ro\/site\/crestinul-si-politica\/","title":{"rendered":"Cre\u0219tinul \u0219i politica"},"content":{"rendered":"<div>\n<p><em>,<strong>,\u00cemp\u0103r\u0103\u021bia Mea nu este din lumea aceasta\u201d<\/strong><\/em><strong>, a r\u0103spuns Isus. <em>,,Dac\u0103 ar fi \u00cemp\u0103r\u0103\u021bia Mea din lumea aceasta, slujitorii Mei s-ar fi luptat ca s\u0103 nu fiu dat \u00een m\u00e2inile Iudeilor; dar acum, \u00cemp\u0103r\u0103\u021bia Mea nu este de aici.\u201d<\/em><\/strong> Ioan 18,36<\/p>\n<p>Dintre toate defini\u021biile cu privire la misterul: <em>\u201eCe este omul?\u201d<\/em> cea mai potrivit\u0103 defini\u021bie pentru elucidarea subiectului pe care \u00eel trat\u0103m pare a fi urm\u0103toarea:<\/p>\n<p><em>\u201eOmul este o r\u0103suflare suspendat\u0103 \u00eentre dou\u0103 \u00eentreguri mari \u0219i \u00eentrepr\u0103trunse: cel al s\u0103u \u0219i cel al lumii umane. \u00cen cadrul celui dint\u00e2i trebuie s\u0103-\u0219i exercite continuu rolul de \u00eentreg \u0219i are totdeauna tendin\u021ba de a se manifesta ca parte, fugind de dominarea de sine. \u00cen cadrul celui de al doilea trebuie s\u0103-\u0219i exercite continuu rolul de parte \u0219i are totdeauna tendin\u021ba de a se manifesta ca \u00eentreg, \u00eenclin\u00e2nd spre dominarea celorlal\u021bi\u201d.<\/em> Cornelius Greising , Ce este omul? Pag. 3<\/p>\n<p>Aceast\u0103 defini\u021bie pune \u00een lumin\u0103 dubla apartenen\u021b\u0103 a omului \u00een cele dou\u0103 sfere ale existen\u021bei sale: sfera restr\u00e2ns\u0103 a vie\u021bii personale \u0219i apoi sfera larg\u0103 a omenirii. \u00cen sfera vie\u021bii personale omul are responsabilitate maxim\u0103 asupra tuturor sectoarelor vie\u021bii: s\u0103n\u0103tate, g\u00e2ndire, vorbire, sentimente, f\u0103ptuire, con\u0219tiin\u021b\u0103, religie, dar din p\u0103cate \u00ee\u0219i \u00eendepline\u0219te datoria doar \u00een parte, de sigur, cu consecin\u021bele negative corespunz\u0103toare.<\/p>\n<p>\u00cen sfera omenirii \u00eens\u0103 unde rolul s\u0103u este de a fi de a fi doar o p\u0103rticic\u0103, tendin\u021ba lui este de a cuprinde o are c\u00e2t mai mare, o pozi\u021bie c\u00e2t mai \u00eenalt\u0103, pe c\u00e2t se poate s\u0103 fie totul. Corectitudinea acestei defini\u021bii o cunoa\u0219tem at\u00e2t de bine dac\u0103 suntem sinceri cu noi \u00een\u0219ine \u0219i este demonstrat\u0103 \u0219i ilustrat\u0103 de \u00eentreaga istorie a omenirii. C\u00e2t de bine exemplific\u0103 acest adev\u0103r Alexandru cel Mare, care a reu\u0219it s\u0103 cucereasc\u0103 \u00eentr-un timp record un imperiu mondial uria\u0219, dar n-a putut s\u0103 se st\u0103p\u00e2neasc\u0103 pe sine \u00eensu\u0219i. Iar \u00eemp\u0103ratul roman Iulius Cezar spunea: <em>\u201emai bine primul \u00eentr-un sat, dec\u00e2t al doilea la Roma\u201d<\/em>.<\/p>\n<p>Revenind la subiectul pe care ni l-am propus<em> \u201eCre\u0219tinul \u0219i politica\u201d<\/em> descoperim c\u0103 religia biblic\u0103, cre\u0219tinismul are ca scop fundamental educarea \u0219i formarea omului pentru ca s\u0103-\u0219i \u00eendeplineasc\u0103 pe deplin rolul \u00een toate departamentele din sfera vie\u021bii personale, pentru ca astfel s\u0103 poat\u0103 fi o p\u0103rticic\u0103 util\u0103 \u00een omenire. Apostolul Pavel arat\u0103 c\u0103 tocmai acesta este scopul Sfintelor Scripturi:<\/p>\n<p><strong><em>Toat\u0103 Scriptura este \u00eensuflat\u0103 de Dumnezeu \u015fi de folos ca s\u0103 \u00eenve\u0163e, s\u0103 mustre, s\u0103 \u00eendrepte, s\u0103 dea \u00een\u0163elepciune \u00een neprih\u0103nire,pentruca omul lui Dumnezeu s\u0103 fie des\u0103v\u00eer\u015fit \u015fi cu totul destoinic pentru orice lucrare bun\u0103.<\/em><\/strong> (2Timotei 3:16-17 CNS)<\/p>\n<p>Prima parte a enun\u021bului are \u00een vedere punerea \u00een ordine a sferei vie\u021bii personale prin \u00eensu\u0219irea \u0219i exercitarea virtu\u021bilor, p\u00e2n\u0103 la nivelul de \u201eneprih\u0103nire\u201d, \u201edes\u0103v\u00e2r\u0219ire\u201d, iar ultima parte a textului biblic arat\u0103 c\u0103 un astfel de cre\u0219tin devine \u201edestoinic pentru orice lucrare bun\u0103\u201d(se refer\u0103 la calificarea cre\u0219tinului pentru a fi util \u00een sfera larga a omenirii). Dac\u0103 ne restr\u00e2ngem doar la raportul biblic descoperim destoinicia b\u0103rba\u021bilor \u0219i femeilor credincioase chiar \u0219i pe treptele cele mai \u00eenalte ale societ\u0103\u021bii: Iosif, Moise, Daniel, Estera, Neemia, sunt doar c\u00e2teva nume elocvente.<\/p>\n<p>Politica, \u00een schimb, este preocupat\u0103 de formarea omului pentru a putea urca c\u00e2t mai sus posibil pe scara social\u0103 \u00een marea structur\u0103 a omenirii, adeseori ne\u021bin\u00e2nd seam\u0103 \u00een ce m\u0103sur\u0103 \u0219i-a \u00eendeplinit datoria \u00een diferitele sectoare din sfera vie\u021bii personale.<\/p>\n<p>De asemenea obiectivele cre\u0219tinismului \u0219i ale politicii sunt diferite. \u00cen timp ce cre\u0219tinismul are ca prioritate preg\u0103tirea temeinic\u0103 pentru eternitate \u00een conformitate cu cuvintele M\u00e2ntuitorului \u201eC\u0103uta\u021bi mai \u00eent\u00e2i \u00cemp\u0103r\u0103\u021bia lui Dumnezeu \u0219i neprih\u0103nirea Lui\u201d, politica are ca prioritate ocuparea pozi\u021biilor principale \u00een \u201e\u00eemp\u0103r\u0103\u021biile\u201d acestei lumi, conform principiului \u201daici \u0219i acum\u201d. Din aceste deosebiri fundamentale decurg \u0219i o mul\u021bime de deosebiri adiacente.<\/p>\n<p>Cre\u0219tinismul opereaz\u0103 doar cu mijloace \u0219i norme care corespund \u00een totul principiilor cerute de dreptate, adev\u0103r, moralitate. Politica are \u00een vedere \u00een primul r\u00e2nd atingerea scopului, f\u0103c\u00e2nd adeseori rabat de la principiile eticii. \u00cen multe situa\u021bii s-a ac\u021bionat \u00een conformitate cu principiul machiavelic: \u201escopul scuz\u0103 mijloacele\u201d.<\/p>\n<p>Cre\u0219tinismul este religia umilin\u021bei, iar exemplul cel mai elocvent este ar\u0103tat de Domnul Isus Hristos, Creatorul Universului, Care a p\u0103r\u0103sit Cerul, S-a \u00eentrupat ca Fiu al omului ca s\u0103 slujeasc\u0103 altora \u0219i \u0218i-a pecetluit opera r\u0103scump\u0103r\u0103toare prin jertfa de pe cruce. \u00cen schimb istoria omenirii ne arat\u0103 adesea oameni fire\u0219ti, lipsi\u021bi principii morale esen\u021biale, m\u00e2na\u021bi de orgolii nest\u0103vilite \u0219i de setea de putere, au reu\u0219it s\u0103 urce p\u00e2n\u0103 la cele mai \u00eenalte func\u021bii \u00een societate, folosindu-se de scara ascendent\u0103 a puterii politice. Napoleon a fost ini\u021bial un mic caporal corsican \u0219i a devenit \u00eemp\u0103ratul Fran\u021bei, iar Adolf Hitler a fost zugrav \u0219i a ajuns pe pozi\u021bia de F\u00fchrer al Germaniei. Nu at\u00e2t \u201eurcu\u0219ul\u201d \u00een sine este at\u00e2t de grav, ci costul care s-a pl\u0103tit cu s\u00e2ngele a milioane de oameni. Domnul Isus, Fiul lui Dumnezeu a oferit, prin moartea Sa pe cruce, propriul S\u0103u s\u00e2nge pentru a salvarea omenirii.<\/p>\n<p>Raportarea la oameni este de asemenea at\u00e2t de diferit\u0103 \u00eentre cre\u0219tinismul \u0219i politic\u0103. Biblia ne \u00eenva\u021b\u0103 s\u0103 consider\u0103m pe oricare semeni ca fiind mai pe sus dec\u00e2t noi, iar politica \u00eenva\u021b\u0103 cum s\u0103 reu\u0219e\u0219ti s\u0103 convingi pe al\u021bii s\u0103 te sus\u021bin\u0103, s\u0103 te aleag\u0103 \u0219i s\u0103 te propulseze, pentru c\u0103 tu e\u0219ti cel mai apt \u0219i cel mai bun. Biblia \u00eenva\u021b\u0103 arta slujirii, iar politica \u00eenva\u021b\u0103 arta st\u0103p\u00e2nirii. Politica creeaz\u0103 o ierarhie de tip piramidal cu diferite nivele de autoritate. Cei afla\u021bi la nivelul inferior slujesc celor afla\u021bi la nivelele superioare. Cre\u0219tinismul a\u0219a cum l-a \u00eenfiin\u021bat M\u00e2ntuitorul este tot o ierarhie piramidal\u0103, doar c\u0103 este invers\u0103, construit\u0103 pe principiul slujirii:<\/p>\n<p><strong><em>Pentru c\u0103 nici Fiul omului n\u2019a venit s\u0103 I se slujeasc\u0103, ci El s\u0103 slujeasc\u0103 \u015fi s\u0103-\u015ei dea via\u0163a ca r\u0103scump\u0103rare pentru mul\u0163i.<\/em> <\/strong>(Matei 20:28 CNS)<\/p>\n<p><strong><em>A\u015fa dar, voi nu mai s\u00eente\u0163i nici str\u0103ini, nici oaspe\u0163i ai casei, ci s\u00eente\u0163i \u00eempreun\u0103 cet\u0103\u0163eni cu sfin\u0163ii, oameni din casa lui Dumnezeu, fiind zidi\u0163i pe temelia apostolilor \u015fi proorocilor, piatra din capul unghiului fiind Isus Hristos. \u00cen El toat\u0103 cl\u0103direa, bine \u00eenchegat\u0103, cre\u015fte ca s\u0103 fie un Templu sf\u00eent \u00een Domnul. \u015ei prin El \u015fi voi s\u00eente\u0163i zidi\u0163i \u00eempreun\u0103, ca s\u0103 fi\u0163i un l\u0103ca\u015f al lui Dumnezeu, prin Duhul.<\/em><\/strong> (Efeseni 2:19-22 CNS)<\/p>\n<p>Robert K. Greenfield, un autor american a aplicat acest principiu \u00een, managementul institu\u021biilor \u0219i firmelor pe care l-a numit \u201eservant leadership\u201d( conducere prin slujire), cu rezultate foarte pozitive.<\/p>\n<p><em>\u201eConducerea prin slujire este o filozofie \u0219i un set de practici care \u00eembog\u0103\u021besc via\u021ba individului, construie\u0219te organiza\u021bii mai bune \u0219i \u00een final creeaz\u0103 o lume mai dreapt\u0103 \u0219i mai grijulie\u201d.<\/em><\/p>\n<p>Pentru a \u00een\u021belege cum ar trebui s\u0103 se raporteze cre\u0219tinul la politic\u0103 este util s\u0103 \u00een\u021belegem caracterul deosebit al \u201e\u00cemp\u0103r\u0103\u021bia lui Dumnezeu\u201d \u00een faza sa ini\u021bial\u0103 de \u00eemp\u0103r\u0103\u021bie a harului, instaurat\u0103 \u00een urma primei veniri a Domnului Isus. Ea va fi urmat\u0103 de \u00eemp\u0103r\u0103\u021bia slavei la acea de a doua venire.<\/p>\n<p>S\u0103 analiz\u0103m asem\u0103n\u0103rile \u0219i mai ales deosebirile dintre acea \u201e\u00eemp\u0103r\u0103\u021bie a harului\u201d \u0219i \u00eemp\u0103r\u0103\u021biile \u0219i statele lumii.<br \/>\n\u2013 Ambele sunt delimitate de hotare. Dar \u00een timp ce statele lumii au grani\u021be geografice (ape, mun\u021bi, etc) sau grani\u021be conven\u021bionale, care se pot modifica \u00een anumite \u00eemprejur\u0103ri, \u00eemp\u0103r\u0103\u021bia lui Dumnezeu are doar hotare etice, hotarul \u00eentre bine \u0219i r\u0103u, adev\u0103r \u0219i erezie. Aceste hotare sunt sfinte, nenegociabile, imuabile.<br \/>\n\u2013 Formele statale ale lumii sunt guvernate de legi stabilite de oamenii afla\u021bi la putere, de foruri legislative omene\u0219ti. Legile acestea sunt mereu supuse revizuirii \u0219i modific\u0103rii. \u00cemp\u0103r\u0103\u021bia lui Dumnezeu are ca fundament Legea moral\u0103 a Celor Zece Porunci, stabilit\u0103 de Dumnezeu. Ea are un caracter imuabil prin originea sa c\u00e2t \u0219i prin con\u021binutul ei.<br \/>\n\u2013 Forma obi\u0219nuit\u0103 de a deveni cet\u0103\u021bean al unei \u021b\u0103ri este na\u0219terea biologic\u0103. Intrarea \u00een \u00cemp\u0103r\u0103\u021bia lui Dumnezeu se face prin rena\u0219terea spiritual\u0103: o na\u0219tere din nou con\u0219tient\u0103, acceptat\u0103 prin care omul alege de bun\u0103voie s\u0103 devin\u0103 un cet\u0103\u021bean al acestei \u00eemp\u0103r\u0103\u021bii. Dar cel astfel ren\u0103scut prin botez devine implicit \u0219i un membru al familiei lui Dumnezeu: un fiu, respectiv o fiica a Sa.<br \/>\n\u2013 Statele lumii \u00ee\u0219i au limba, sau limbile lor oficiale. \u00cemp\u0103r\u0103\u021bia lui Dumnezeu este format\u0103 din oameni din toate na\u021biunile din toate limbile lumii, dar se accept\u0103 doar un singur limbaj: limbajul iubirii a respectului, a onoarei \u0219i cinstei.<br \/>\n\u2013 Dar \u00een timp ce lumea \u0219i slava ei vor trece, \u00cemp\u0103r\u0103\u021bia lui Dumnezeu va d\u0103inui ve\u0219nic.<\/p>\n<p>Cre\u0219tinul are o \u201edubl\u0103\u201d cet\u0103\u021benie. Prin na\u0219terea biologic\u0103 el este un cet\u0103\u021bean al unei \u021b\u0103ri terestre, iar prin actul botezului ( na\u0219tere din nou) el devine un cet\u0103\u021bean al \u00eemp\u0103r\u0103\u021biei lui Dumnezeu. Cum se armonizeaz\u0103 acest dublu statut, mai ales dup\u0103 ce am men\u021bionat diferen\u021bele at\u00e2t de mari?<\/p>\n<p>Un principiu fundamental a fost enun\u021bat de Domnul Isus:<\/p>\n<p><strong><em>Atunci Isus le -a zis: ,,Da\u0163i dar Cezarului ce este al Cezarului, \u015fi lui Dumnezeu ce este al lui Dumnezeu.<\/em><\/strong> (Marcu 12:17 CNS)<\/p>\n<p>Apostolul Pavel dezvolt\u0103 acest principiu \u0219i arat\u0103 modul \u00een care trebuie aplicat acest principiu:<\/p>\n<p><strong><em>Da\u021bi tuturor ce s\u00eente\u0163i datori s\u0103 da\u0163i: cui datora\u0163i birul, da\u0163i-i birul; cui datora\u0163i vama, da\u0163i-i vama; cui datora\u0163i frica, da\u0163i-i frica; cui datora\u0163i cinstea, da\u0163i-i cinstea.<\/em> <\/strong>(Romani 13:7 CNS)<\/p>\n<p>Cre\u0219tinul trebuie s\u0103 fie un model de corectitudine \u00een \u00eendeplinirea obliga\u021biilor cet\u0103\u021bene\u0219ti.<\/p>\n<p>Acest mod de raportare a cre\u0219tinului este \u00een concordan\u021b\u0103 \u0219i cu ideea de dreptate \u00een concep\u021bia grecilor antici: a da fiec\u0103ruia ceea ce i se cuvine exprimat de no\u021biunea \u201edicaiosune\u201d (dreptate).<\/p>\n<p>Dar \u00een aceast\u0103 raportare recomandat\u0103, \u00een mod surprinz\u0103tor, trece dincolo de motiva\u021bia unei responsabilit\u0103\u021bi civice. Biblia arat\u0103 c\u0103 \u201est\u0103p\u00e2nirile au fost r\u00e2nduite de Dumnezeu\u201d (chiar dac\u0103 ne g\u00e2ndim c\u0103 \u00een acea vreme puterea st\u0103p\u00e2nitoare era Roma p\u0103g\u00e2n\u0103) \u0219i ca atare supunerea credinciosului trebuie s\u0103 fie pornit\u0103 din con\u0219tiin\u021b\u0103.<\/p>\n<p><strong><em>Oricine s\u0103 fie supus st\u0103p\u00eenirilor celor mai \u00eenalte; c\u0103ci nu este st\u0103p\u00eenire care s\u0103 nu vin\u0103 dela Dumnezeu. \u015ei st\u0103p\u00eenirile cari s\u00eent, au fost r\u00eenduite de Dumnezeu. Deaceea, cine se \u00eempotrive\u015fte st\u0103p\u00eenirii, se \u00eempotrive\u015fte r\u00eenduielii puse de Dumnezeu; \u015fi ceice se \u00eempotrivesc, \u00ee\u015fi vor lua os\u00eenda. Dreg\u0103torii nu s\u00eent de temut pentru o fapt\u0103 bun\u0103, ci pentru una rea. Vrei dar s\u0103 nu-\u0163i fie fric\u0103 de st\u0103p\u00eenire? F\u0103 binele, \u015fi vei avea laud\u0103 dela ea. El este slujitorul lui Dumnezeu pentru binele t\u0103u. Dar, dac\u0103 faci r\u0103ul, teme-te, c\u0103ci nu degeaba poart\u0103 sabia. El este \u00een slujba lui Dumnezeu, ca s\u0103 -L r\u0103zbune \u015fi s\u0103 pedepseasc\u0103 pe cel ce face r\u0103u. Deaceea trebuie s\u0103 fi\u0163i supu\u015fi nu numai de frica pedepsei, ci \u015fi din \u00eendemnul cugetului. Tot pentru aceasta s\u0103 pl\u0103ti\u0163i \u015fi birurile. C\u0103ci dreg\u0103torii s\u00eent ni\u015fte slujitori ai lui Dumnezeu, f\u0103c\u00eend necurmat tocmai slujba aceasta. Da\u0163i tuturor ce s\u00eente\u0163i datori s\u0103 da\u0163i: cui datora\u0163i birul, da\u0163i-i birul; cui datora\u0163i vama, da\u0163i-i vama; cui datora\u0163i frica, da\u0163i-i frica; cui datora\u0163i cinstea, da\u0163i-i cinstea.<\/em><\/strong> (Romani 13:1-7 CNS)<\/p>\n<p>\u00cens\u0103 acolo unde apare un conflict \u00eentre cerin\u021bele lui Dumnezeu \u0219i cerin\u021bele autorit\u0103\u021bii omene\u0219ti primeaz\u0103 \u00een mod logic ascultarea fa\u021b\u0103 de autoritatea superioar\u0103 a lui Dumnezeu.<\/p>\n<p><strong><em>Drept r\u0103spuns, Petru \u015fi Ioan le-au zis: ,,Judeca\u0163i voi singuri dac\u0103 este drept \u00eenaintea lui Dumnezeu s\u0103 ascult\u0103m mai mult de voi dec\u00eet de Dumnezeu;\u201d<\/em> <\/strong>(Faptele Apostolilor 4:19 CNS)<\/p>\n<p>Ravi Zacharias arat\u0103 c\u0103 aplicarea acestui principiului ilustrat de Domnul Isus c\u00e2nd a cerut s\u0103 I se dea o moned\u0103, \u00eenseamn\u0103 mult mai mult: dac\u0103 banul care poart\u0103 chipul cezarului trebuie s\u0103 i se dea cezarului, atunci omul care prin crea\u021biune poart\u0103 chipul lui Dumnezeu trebuie s\u0103 fie consacrat lui Dumnezeu.<\/p>\n<h3>Domnul Isus \u0219i partidele politice<\/h3>\n<p>\u0218i \u00een vremea activit\u0103\u021bii p\u0103m\u00e2nte\u0219ti a M\u00e2ntuitorului existau anumite frac\u021biuni care se comportau asemene unor partide politice: partida fariseilor, reprezenta aripa conservatoare, partida saducheilor reprezenta aripa liberal\u0103 \u0219i partida irodienilor, o frac\u021biune oportunist\u0103. Domnul Isus remarc\u0103 faptul c\u0103 \u00een pl\u0103m\u0103deala fiec\u0103reia dintre aceste frac\u021biuni exist\u0103 un anumit \u201ealuat\u201d. Imaginea este at\u00e2t de sugestiv\u0103 \u0219i de potrivit\u0103 deoarece aluatul este mijlocul de a produce o cre\u0219tere rapid\u0103 a volumului pl\u0103m\u0103delii. Dar aceast\u0103 cre\u0219terea nu este una real\u0103, este doar aparent\u0103, este doar de suprafa\u021b\u0103. Isus o nume\u0219te ca fiind ipocrizie, iar sfatul S\u0103u a fost ca ucenicii S\u0103i s\u0103 se p\u0103zeasc\u0103 de toate aceste aluaturi. Politica se concentreaz\u0103 asupra imaginii publice, este preocupat\u0103 ca vitrina pe care o pune la vedere s\u0103 fie c\u00e2t mai atr\u0103g\u0103toare. Religia se ocup\u0103 de modelarea \u201eomului ascuns al inimii\u201d.<\/p>\n<h3>C\u00e2teva sfaturi inspirate<\/h3>\n<p>Sfatul Spiritului Profetic privind atitudinea cre\u0219tinului fa\u021b\u0103 de forma\u021biunile politice, partide este foarte clar formulat \u0219i este motivat temeinic:<\/p>\n<p><em>\u201dnu putem vota pentru partidele politice pentru c\u0103 nu avem siguran\u021b\u0103; pentru c\u0103 nu \u0219tim pentru cine vot\u0103m. Nu avem nici o siguran\u021b\u0103 ca s\u0103 intr\u0103m \u00een vreuna din schemele politice\u201d<\/em><\/p>\n<p><em>\u201eCopiii S\u0103i trebuie s\u0103 se separe de politic\u0103, de orice fel de alian\u021b\u0103 cu necredincio\u0219ii\u2026.Nu lua\u021bi parte la luptele politice. Separa\u021bi-v\u0103 de lume \u0219i ab\u021bine\u021bi-v\u0103 \u00een a aduce \u00een biseric\u0103 sau \u0219coli idei care duce la certuri sau dezordine. Disensiunea este otrava moral\u0103 introdu-s\u0103 \u00een sistem de c\u0103tre fiin\u021bele umane care sunt egoiste. Dumnezeu vrea ca servii S\u0103i s\u0103 aib\u0103 o percep\u021bie clar\u0103, o demnitate adev\u0103rat\u0103 \u0219i nobil\u0103, pentru ca influen\u021ba lor s\u0103 demonstreze puterea, adev\u0103rului\u2026Lucrarea \u00eencredin\u021bat\u0103 de Dumnezeu este un oficiu pre\u021bios \u0219i nu trebuie unit cu politica, sau s\u0103 fie ferecat \u00eentr-o confedera\u021bie cu necredincio\u0219ii\u2026.Dumnezeu face apel la profesorii din \u0219colile noastre s\u0103 nu fie interesa\u021bi \u00een studierea problemelor politice\u2026.\u201d<\/em> (Letter 95, June 16, 1899)<\/p>\n<p><em>\u201eOricare ar fi opinia pe care o ai cu privire la votul t\u0103u \u00een problemele politice s\u0103 nu fie proclamate nici \u00een scris \u0219i nici verbal. Poporul nostru trebuie s\u0103 fie t\u0103cut cu privire la problemele care nu au leg\u0103tur\u0103 cu \u00eentreita solie \u00eengereasc\u0103\u2026.<\/em><\/p>\n<p><em>Fra\u021bii mei, nu vre\u021bi s\u0103 v\u0103 aduce\u021bi aminte c\u0103 nici unul dintre voi nu are \u00eens\u0103rcinarea din partea Domnului ca s\u0103 publice preferin\u021bele sale politice \u00een revistele noastre, sau s\u0103 vorbeasc\u0103 despre ele \u00een adun\u0103rile noastre, atunci c\u00e2nd poporul este adunat s\u0103 asculte Cuv\u00e2ntul Domnului?<\/em><\/p>\n<p><em>Ca popor nu trebuie s\u0103 ne amestec\u0103m \u00een problemele politice\u2026.S\u0103 nu fi\u021bi \u00eenjuga\u021bi \u00een raporturi inegale cu cei necredincio\u0219i \u00een luptele politice, nici s\u0103 nu v\u0103 lega\u021bi \u00een forme de ata\u0219ament cu ei. Nu exist\u0103 un teren sigur pe care s\u0103 pute\u021bi sta \u0219i activa \u00eempreun\u0103 \u00een siguran\u021b\u0103. Cei loiali \u0219i cei neloiali nu au nici o baz\u0103 pe care s\u0103 se \u00eent\u00e2lneasc\u0103 \u00een raporturi de egalitate\u2026.P\u0103streaz\u0103-\u021bi pentru tine secretul votului. S\u0103 nu ai sim\u021b\u0103m\u00e2ntul c\u0103 e\u0219ti dator s\u0103 \u00eendemni pe fiecare s\u0103 fac\u0103 la fel.\u201d<\/em> 2 MS 336, 337<\/p>\n<p><em>\u201dEste o gre\u0219eal\u0103 s\u0103 v\u0103 lega\u021bi interesele de vreunul din partidele politice, s\u0103 v\u0103 da\u021bi votul cu ei sau \u00een favoarea lor. Cei care sunte\u021bi educatori, pastori, lucr\u0103tori \u00eempreun\u0103 cu Dumnezeu \u00een oricare pozi\u021bie de responsabilitate nu ave\u021bi de purtat nici un fel de lupt\u0103 \u00een lumea politic\u0103. Cet\u0103\u021benia voastr\u0103 este \u00een Cer. Domnul le cere s\u0103 stea ca popor separat, ca popor special. El nu vrea s\u0103 fie nici o schism\u0103 \u00een trupul credincio\u0219ilor. Poporul Lui trebuie s\u0103 aib\u0103 elementele reconcilierii. Este oare lucrarea lor de a-\u0219i face du\u0219mani \u00een lumea politic\u0103 ? Nu! Nu! Ei trebuie s\u0103 stea ca supu\u0219i ai \u00eemp\u0103r\u0103\u021biei lui Hristos purt\u00e2nd steagul pe care este scris: \u201ePoruncile lui Dumnezeu \u0219i credin\u021ba lui Isus\u201d.<\/em> {FE 478.3}<\/p>\n<p><em>\u201eDomnul vorbe\u0219te celor care pretind a crede adev\u0103rul pentru acest timp \u0219i totu\u0219i nu v\u0103d nepotrivirea de a lua parte \u00een politic\u0103, amestec\u00e2ndu-se cu elementele militante ale acestor ultime zile, precum cei circumci\u0219i care se amestec\u0103 c\u0103 cei necircumci\u0219i \u0219i El declar\u0103 c\u0103 va distruge ambele clase \u00eempreun\u0103, f\u0103r\u0103 nici o distinc\u021bie. Ei fac o lucrare pe care Dumnezeu nu le-a \u00eencredin\u021bat-o. Ei dezonoreaz\u0103 pe Dumnezeu prin spiritul lor partinic, militant, iar El \u00eei va condamna pe am\u00e2ndoi \u00een acela\u0219i fel\u201d<\/em>. {FE 482.1}<\/p>\n<p>Dup\u0103 ce apostolul Pavel, \u00een epistola c\u0103tre Evrei, \u00een timp ce ne poart\u0103 prin galeria eroilor credin\u021bei face urm\u0103toarea men\u021biune:<\/p>\n<p><strong><em>\u00cen credin\u0163\u0103 au murit to\u0163i ace\u015ftia, f\u0103r\u0103 s\u0103 fi c\u0103p\u0103tat lucrurile f\u0103g\u0103duite: ci doar le-au v\u0103zut \u015fi le-au urat de bine de departe, m\u0103rturisind c\u0103 s\u00eent str\u0103ini \u015fi c\u0103l\u0103tori pe p\u0103m\u00eent. Cei ce vorbesc \u00een felul acesta, arat\u0103 deslu\u015fit c\u0103 s\u00eent \u00een c\u0103utarea unei patrii. Dac\u0103 ar fi avut \u00een vedere pe aceea din care ie\u015fiser\u0103, negre\u015fit c\u0103 ar fi avut vreme s\u0103 se \u00eentoarc\u0103 \u00een ea. Dar doreau o patrie mai bun\u0103, adic\u0103 o patrie cereasc\u0103. De aceea lui Dumnezeu nu-I este ru\u015fine s\u0103 Se numeasc\u0103 Dumnezeul lor, c\u0103ci le -a preg\u0103tit o cetate.<\/em><\/strong> (Evrei 11:13-16 CNS)<\/p>\n<p><em>Emilian Niculescu, pastor pensionar.<\/em><\/p>\n<\/div>\n<p class=\"wpematico_credit\"><small>Powered by <a href=\"http:\/\/www.wpematico.com\" target=\"_blank\" rel=\"noopener noreferrer\">WPeMatico<\/a><\/small><\/p>\n ","protected":false},"excerpt":{"rendered":"<p>,,\u00cemp\u0103r\u0103\u021bia Mea nu este din lumea aceasta\u201d, a r\u0103spuns Isus. ,,Dac\u0103 ar fi \u00cemp\u0103r\u0103\u021bia Mea din lumea aceasta, slujitorii Mei s-ar fi luptat ca s\u0103 nu fiu dat \u00een m\u00e2inile Iudeilor; dar acum, \u00cemp\u0103r\u0103\u021bia Mea nu este de aici.\u201d Ioan 18,36 Dintre toate defini\u021biile cu privire la misterul: \u201eCe este omul?\u201d cea mai potrivit\u0103 defini\u021bie &hellip; <a href=\"https:\/\/adventistoltenia.ro\/site\/crestinul-si-politica\/\">Continued<\/a><\/p>\n","protected":false},"author":2,"featured_media":0,"comment_status":"open","ping_status":"closed","sticky":false,"template":"","format":"standard","meta":[],"categories":[71],"tags":[],"yoast_head":"<!-- This site is optimized with the Yoast SEO plugin v20.3 - https:\/\/yoast.com\/wordpress\/plugins\/seo\/ -->\n<title>Cre\u0219tinul \u0219i politica - Conferinta Oltenia<\/title>\n<meta name=\"robots\" content=\"index, follow, max-snippet:-1, max-image-preview:large, max-video-preview:-1\" \/>\n<link rel=\"canonical\" href=\"https:\/\/adventistoltenia.ro\/site\/crestinul-si-politica\/\" \/>\n<meta property=\"og:locale\" content=\"en_US\" \/>\n<meta property=\"og:type\" content=\"article\" \/>\n<meta property=\"og:title\" content=\"Cre\u0219tinul \u0219i politica - Conferinta Oltenia\" \/>\n<meta property=\"og:description\" content=\",,\u00cemp\u0103r\u0103\u021bia Mea nu este din lumea aceasta\u201d, a r\u0103spuns Isus. ,,Dac\u0103 ar fi \u00cemp\u0103r\u0103\u021bia Mea din lumea aceasta, slujitorii Mei s-ar fi luptat ca s\u0103 nu fiu dat \u00een m\u00e2inile Iudeilor; dar acum, \u00cemp\u0103r\u0103\u021bia Mea nu este de aici.\u201d Ioan 18,36 Dintre toate defini\u021biile cu privire la misterul: \u201eCe este omul?\u201d cea mai potrivit\u0103 defini\u021bie &hellip; Continued\" \/>\n<meta property=\"og:url\" content=\"https:\/\/adventistoltenia.ro\/site\/crestinul-si-politica\/\" \/>\n<meta property=\"og:site_name\" content=\"Conferinta Oltenia\" \/>\n<meta property=\"article:published_time\" content=\"2020-02-29T01:36:09+00:00\" \/>\n<meta name=\"author\" content=\"Conferinta Oltenia\" \/>\n<meta name=\"twitter:card\" content=\"summary_large_image\" \/>\n<meta name=\"twitter:label1\" content=\"Written by\" \/>\n\t<meta name=\"twitter:data1\" content=\"Conferinta Oltenia\" \/>\n\t<meta name=\"twitter:label2\" content=\"Est. reading time\" \/>\n\t<meta name=\"twitter:data2\" content=\"16 minutes\" \/>\n<script type=\"application\/ld+json\" class=\"yoast-schema-graph\">{\"@context\":\"https:\/\/schema.org\",\"@graph\":[{\"@type\":\"WebPage\",\"@id\":\"https:\/\/adventistoltenia.ro\/site\/crestinul-si-politica\/\",\"url\":\"https:\/\/adventistoltenia.ro\/site\/crestinul-si-politica\/\",\"name\":\"Cre\u0219tinul \u0219i politica - Conferinta Oltenia\",\"isPartOf\":{\"@id\":\"https:\/\/adventistoltenia.ro\/site\/#website\"},\"datePublished\":\"2020-02-29T01:36:09+00:00\",\"dateModified\":\"2020-02-29T01:36:09+00:00\",\"author\":{\"@id\":\"https:\/\/adventistoltenia.ro\/site\/#\/schema\/person\/81972d6ddcec064fcb37a129240ef9d7\"},\"breadcrumb\":{\"@id\":\"https:\/\/adventistoltenia.ro\/site\/crestinul-si-politica\/#breadcrumb\"},\"inLanguage\":\"en-US\",\"potentialAction\":[{\"@type\":\"ReadAction\",\"target\":[\"https:\/\/adventistoltenia.ro\/site\/crestinul-si-politica\/\"]}]},{\"@type\":\"BreadcrumbList\",\"@id\":\"https:\/\/adventistoltenia.ro\/site\/crestinul-si-politica\/#breadcrumb\",\"itemListElement\":[{\"@type\":\"ListItem\",\"position\":1,\"name\":\"Home\",\"item\":\"https:\/\/adventistoltenia.ro\/site\/\"},{\"@type\":\"ListItem\",\"position\":2,\"name\":\"Cre\u0219tinul \u0219i politica\"}]},{\"@type\":\"WebSite\",\"@id\":\"https:\/\/adventistoltenia.ro\/site\/#website\",\"url\":\"https:\/\/adventistoltenia.ro\/site\/\",\"name\":\"Conferinta Oltenia\",\"description\":\"Biserica Adventista de Ziua a Saptea\",\"potentialAction\":[{\"@type\":\"SearchAction\",\"target\":{\"@type\":\"EntryPoint\",\"urlTemplate\":\"https:\/\/adventistoltenia.ro\/site\/?s={search_term_string}\"},\"query-input\":\"required name=search_term_string\"}],\"inLanguage\":\"en-US\"},{\"@type\":\"Person\",\"@id\":\"https:\/\/adventistoltenia.ro\/site\/#\/schema\/person\/81972d6ddcec064fcb37a129240ef9d7\",\"name\":\"Conferinta Oltenia\",\"image\":{\"@type\":\"ImageObject\",\"inLanguage\":\"en-US\",\"@id\":\"https:\/\/adventistoltenia.ro\/site\/#\/schema\/person\/image\/\",\"url\":\"https:\/\/secure.gravatar.com\/avatar\/ebe92ec22e2e53a8eb79d6b52b724e27?s=96&d=mm&r=g\",\"contentUrl\":\"https:\/\/secure.gravatar.com\/avatar\/ebe92ec22e2e53a8eb79d6b52b724e27?s=96&d=mm&r=g\",\"caption\":\"Conferinta Oltenia\"},\"url\":\"https:\/\/adventistoltenia.ro\/site\/author\/adm1n\/\"}]}<\/script>\n<!-- \/ Yoast SEO plugin. -->","yoast_head_json":{"title":"Cre\u0219tinul \u0219i politica - Conferinta Oltenia","robots":{"index":"index","follow":"follow","max-snippet":"max-snippet:-1","max-image-preview":"max-image-preview:large","max-video-preview":"max-video-preview:-1"},"canonical":"https:\/\/adventistoltenia.ro\/site\/crestinul-si-politica\/","og_locale":"en_US","og_type":"article","og_title":"Cre\u0219tinul \u0219i politica - Conferinta Oltenia","og_description":",,\u00cemp\u0103r\u0103\u021bia Mea nu este din lumea aceasta\u201d, a r\u0103spuns Isus. ,,Dac\u0103 ar fi \u00cemp\u0103r\u0103\u021bia Mea din lumea aceasta, slujitorii Mei s-ar fi luptat ca s\u0103 nu fiu dat \u00een m\u00e2inile Iudeilor; dar acum, \u00cemp\u0103r\u0103\u021bia Mea nu este de aici.\u201d Ioan 18,36 Dintre toate defini\u021biile cu privire la misterul: \u201eCe este omul?\u201d cea mai potrivit\u0103 defini\u021bie &hellip; Continued","og_url":"https:\/\/adventistoltenia.ro\/site\/crestinul-si-politica\/","og_site_name":"Conferinta Oltenia","article_published_time":"2020-02-29T01:36:09+00:00","author":"Conferinta Oltenia","twitter_card":"summary_large_image","twitter_misc":{"Written by":"Conferinta Oltenia","Est. reading time":"16 minutes"},"schema":{"@context":"https:\/\/schema.org","@graph":[{"@type":"WebPage","@id":"https:\/\/adventistoltenia.ro\/site\/crestinul-si-politica\/","url":"https:\/\/adventistoltenia.ro\/site\/crestinul-si-politica\/","name":"Cre\u0219tinul \u0219i politica - Conferinta Oltenia","isPartOf":{"@id":"https:\/\/adventistoltenia.ro\/site\/#website"},"datePublished":"2020-02-29T01:36:09+00:00","dateModified":"2020-02-29T01:36:09+00:00","author":{"@id":"https:\/\/adventistoltenia.ro\/site\/#\/schema\/person\/81972d6ddcec064fcb37a129240ef9d7"},"breadcrumb":{"@id":"https:\/\/adventistoltenia.ro\/site\/crestinul-si-politica\/#breadcrumb"},"inLanguage":"en-US","potentialAction":[{"@type":"ReadAction","target":["https:\/\/adventistoltenia.ro\/site\/crestinul-si-politica\/"]}]},{"@type":"BreadcrumbList","@id":"https:\/\/adventistoltenia.ro\/site\/crestinul-si-politica\/#breadcrumb","itemListElement":[{"@type":"ListItem","position":1,"name":"Home","item":"https:\/\/adventistoltenia.ro\/site\/"},{"@type":"ListItem","position":2,"name":"Cre\u0219tinul \u0219i politica"}]},{"@type":"WebSite","@id":"https:\/\/adventistoltenia.ro\/site\/#website","url":"https:\/\/adventistoltenia.ro\/site\/","name":"Conferinta Oltenia","description":"Biserica Adventista de Ziua a Saptea","potentialAction":[{"@type":"SearchAction","target":{"@type":"EntryPoint","urlTemplate":"https:\/\/adventistoltenia.ro\/site\/?s={search_term_string}"},"query-input":"required name=search_term_string"}],"inLanguage":"en-US"},{"@type":"Person","@id":"https:\/\/adventistoltenia.ro\/site\/#\/schema\/person\/81972d6ddcec064fcb37a129240ef9d7","name":"Conferinta Oltenia","image":{"@type":"ImageObject","inLanguage":"en-US","@id":"https:\/\/adventistoltenia.ro\/site\/#\/schema\/person\/image\/","url":"https:\/\/secure.gravatar.com\/avatar\/ebe92ec22e2e53a8eb79d6b52b724e27?s=96&d=mm&r=g","contentUrl":"https:\/\/secure.gravatar.com\/avatar\/ebe92ec22e2e53a8eb79d6b52b724e27?s=96&d=mm&r=g","caption":"Conferinta Oltenia"},"url":"https:\/\/adventistoltenia.ro\/site\/author\/adm1n\/"}]}},"_links":{"self":[{"href":"https:\/\/adventistoltenia.ro\/site\/wp-json\/wp\/v2\/posts\/3252"}],"collection":[{"href":"https:\/\/adventistoltenia.ro\/site\/wp-json\/wp\/v2\/posts"}],"about":[{"href":"https:\/\/adventistoltenia.ro\/site\/wp-json\/wp\/v2\/types\/post"}],"author":[{"embeddable":true,"href":"https:\/\/adventistoltenia.ro\/site\/wp-json\/wp\/v2\/users\/2"}],"replies":[{"embeddable":true,"href":"https:\/\/adventistoltenia.ro\/site\/wp-json\/wp\/v2\/comments?post=3252"}],"version-history":[{"count":0,"href":"https:\/\/adventistoltenia.ro\/site\/wp-json\/wp\/v2\/posts\/3252\/revisions"}],"wp:attachment":[{"href":"https:\/\/adventistoltenia.ro\/site\/wp-json\/wp\/v2\/media?parent=3252"}],"wp:term":[{"taxonomy":"category","embeddable":true,"href":"https:\/\/adventistoltenia.ro\/site\/wp-json\/wp\/v2\/categories?post=3252"},{"taxonomy":"post_tag","embeddable":true,"href":"https:\/\/adventistoltenia.ro\/site\/wp-json\/wp\/v2\/tags?post=3252"}],"curies":[{"name":"wp","href":"https:\/\/api.w.org\/{rel}","templated":true}]}}