{"id":3253,"date":"2020-02-29T01:36:09","date_gmt":"2020-02-29T01:36:09","guid":{"rendered":"http:\/\/adventistoltenia.ro\/site\/reguli-de-igiena-personala-si-de-grup-pentru-prevenirea-infectarii-cu-virusurile-respiratorii-de-tip-virus-gripal-sau-coronavirus\/"},"modified":"2020-02-29T01:36:09","modified_gmt":"2020-02-29T01:36:09","slug":"reguli-de-igiena-personala-si-de-grup-pentru-prevenirea-infectarii-cu-virusurile-respiratorii-de-tip-virus-gripal-sau-coronavirus","status":"publish","type":"post","link":"https:\/\/adventistoltenia.ro\/site\/reguli-de-igiena-personala-si-de-grup-pentru-prevenirea-infectarii-cu-virusurile-respiratorii-de-tip-virus-gripal-sau-coronavirus\/","title":{"rendered":"REGULI DE IGIEN\u0102 PERSONAL\u0102 \u0218I DE GRUP PENTRU PREVENIREA INFECT\u0102RII CU VIRUSURILE RESPIRATORII DE TIP VIRUS GRIPAL SAU CORONAVIRUS"},"content":{"rendered":"<div>\n<h3>Recomand\u0103ri f\u0103cute de dr. Constantin Dinu, Department S\u0103n\u0103tate, Uniunea de Conferin\u021be a Bisericii Adventiste din Rom\u00e2nia.<\/h3>\n<p>Izbucnirea infec\u021biei respiratorii cu coronavirusul SARS-CoV-2, numit \u0219i COVID-19, a ap\u0103rut \u00een decembrie 2019 \u00een Wuhan, China \u0219i s-a r\u0103sp\u00e2ndit p\u00e2n\u0103 acum (27 februarie), conform OMS, \u00een 44 de \u021b\u0103ri, inclusiv SUA \u0219i Rom\u00e2nia.<a href=\"https:\/\/www.adventist.ro\/index#_ftn1\" name=\"_ftnref1\">[1]<\/a> Cifrele care indic\u0103 r\u0103sp\u00e2ndirea se modific\u0103 de la or\u0103 la or\u0103. Deja num\u0103rul de \u021b\u0103ri afectate a atins 48 de c\u00e2nd am \u00eenceput s\u0103 scriu acest articol. Eviden\u021bele vorbesc despre 81.000 cazuri de \u00eemboln\u0103viri \u0219i 3000 de decese.<a href=\"https:\/\/www.adventist.ro\/index#_ftn2\" name=\"_ftnref2\">[2]<\/a> Iat\u0103, \u00een esen\u021b\u0103, ce se \u00eent\u00e2mpl\u0103 \u0219i ce se poate face pentru a preveni \u00eemboln\u0103virea:<\/p>\n<ol>\n<li><strong>Persoanele susceptibile la infec\u021bii TREBUIE S\u0102 EVITE AGLOMERA\u021aIILE:<\/strong> magazine, mijloace de transport \u00een comun, s\u0103li de spectacole sau loca\u0219uri de cult, s\u0103li de a\u0219teptare \u00een institu\u021bii medicale, etc. <strong>\u00ceN INTERESUL LOR<\/strong> (pentru a sc\u0103dea riscul infect\u0103rii cu virusurile cu transmitere respiratorie)!<\/li>\n<\/ol>\n<p>Urm\u0103toarele <strong>categorii de persoane sunt cu risc crescut<\/strong>:<\/p>\n<p>\u2013 femeile \u00eens\u0103rcinate. S-a raportat \u00een China o posibil\u0103 transmitere vertical\u0103 a virusului (de la mam\u0103 la f\u0103t), dar deocamdat\u0103 se crede c\u0103 transmiterea nu este prin placent\u0103 sau lapte,<a href=\"https:\/\/www.adventist.ro\/index#_ftn3\" name=\"_ftnref3\">[3]<\/a> ci pe cale respiratorie. De\u0219i p\u00e2n\u0103 \u00een prezent num\u0103rul complica\u021biilor neonatale \u0219i al efectelor adverse asupra mamelor este mult mai mic dec\u00e2t \u00een cazul infec\u021biei cu un alt coronavirus \u00eenrudit (SARS-CoV-1), num\u0103rul\u00a0 cazurilor\u00a0 studiate este prea mic pentru a se putea trage o concluzie.<a href=\"https:\/\/www.adventist.ro\/index#_ftn4\" name=\"_ftnref4\">[4]<\/a><\/p>\n<p>\u2013 copiii sub 2 ani. De\u0219i copiii nu fac forme grave de infec\u021bie cu coronavirus, exist\u0103 motive serioase de a suspiciona copiii ca fiind purt\u0103torii invizibili ai acestui virus. Copiii sub 9 ani afecta\u021bi de acest virus au fost cam 1% din totalul cazurilor din China, iar cei cu v\u00e2rsta \u00eentre 9 -19 ani 1,2%. Nici unul dintre copii nu a decedat.<a href=\"https:\/\/www.adventist.ro\/index#_ftn5\" name=\"_ftnref5\">[5]<\/a><\/p>\n<p>\u2013 persoanele cu imunosenescen\u021b\u0103 (diminuarea imunit\u0103\u021bii din cauza v\u00e2rstei peste 65 ani). \u00cen documentul \u201d\u00cemb\u0103tr\u00e2nirea Popula\u021biei Lumii 2019\u201d, Na\u021biunile Unite au definit persoanele \u00een v\u00e2rst\u0103 ca fiind cele peste 65 ani.<a href=\"https:\/\/www.adventist.ro\/index#_ftn6\" name=\"_ftnref6\">[6]<\/a> \u00cen plus, \u00een timpul unui sezon de grip\u0103, peste 90% din rata de exces de mortalitate apare la persoanele peste 65 ani.<a href=\"https:\/\/www.adventist.ro\/index#_ftn7\" name=\"_ftnref7\">[7]<\/a><\/p>\n<p>\u2013 persoanele fragile cu index de mas\u0103 corporal\u0103 redus (sub 18,5kg\/m<sup>2<\/sup>) predispuse la c\u0103deri \u0219i fracturi, ceea ce le-ar putea face vulnerabile \u0219i la infec\u021bii,<\/p>\n<p>\u2013 pacien\u021bii care sufer\u0103 de boli cronice ca: diabet zaharat, insuficien\u021b\u0103 cardiac\u0103, boal\u0103 coronarian\u0103 ischemic\u0103, proteza\u021bii valvulari, hipertensiunea arterial\u0103, accidente vasculare cerebrale, boli respiratorii cronice (BPOC, astm bron\u0219ic), insuficien\u021b\u0103 renal\u0103, cancer, boli hepatice cronice, boli neurologice degenerative \u0219i boli psihice cronice, infec\u021bia cu HIV\/SIDA, etc.,<\/p>\n<p>\u2013 tratamente cu cortizonice\/antiinflamatoare steroidiene, citostatice sau alte imunosuprepresive (transplanturi de organe, boli inflamatorii intestinale, poliartrit\u0103 reumatoid\u0103 sau alte boli de colagen).<\/p>\n<ol start=\"2\">\n<li><strong>Persoanele care prezint\u0103 simptomatologie de infec\u021bii respiratorii <\/strong><strong>TREBUIE S\u0102 EVITE AGLOMERA\u021aIILE, \u00ceN INTERESUL CELORLA\u021aI!<\/strong><\/li>\n<\/ol>\n<p><strong>Simptomele uzuale<\/strong> sunt: febr\u0103, care apare \u00een 90% din cazuri (dar la persoanele \u00een v\u00e2rst\u0103 febra poate lipsi, \u00een locul ei urm\u0103rindu-se simpla modificare a statusului mental sau o reducere a func\u021bionalit\u0103\u021bii generale), frisoane, transpira\u021bii, tuse uscat\u0103 \u00een 70% din cazuri<a href=\"https:\/\/www.adventist.ro\/index#_ftn8\" name=\"_ftnref8\">[8]<\/a> (dar o tuse productiv\u0103 a fost descris\u0103 \u0219i la 56% dintre pacien\u021bii unei serii de 62 de cazuri din China, publicat\u0103 de British Medical Journal<a href=\"https:\/\/www.adventist.ro\/index#_ftn9\" name=\"_ftnref9\">[9]<\/a>), dispnee (dificultate \u00een respira\u021bie), dureri musculare (curbatur\u0103), dureri \u00een g\u00e2t, stare de epuizare, cefalee.<\/p>\n<p>Simptomele respiratorii \u0219i febra pot s\u0103 apar\u0103 la 2-14 zile de la momentul contactului cu coronavirusul SARS-CoV-2, dar au fost raportat cazuri \u0219i dup\u0103 19, 24 \u0219i chiar dup\u0103 27 zile,<a href=\"https:\/\/www.adventist.ro\/index#_ftn10\" name=\"_ftnref10\">[10]<\/a> f\u0103c\u00e2nd ca perioada de incuba\u021bie s\u0103 fie prelungit\u0103 peste 14 zile. Carantina probabil va fi prelungit\u0103 la 27 zile.<\/p>\n<p>Ini\u021bial s-a crezut c\u0103 virusul este doar cu <strong>transmitere aerian\u0103<\/strong> prin pic\u0103turile de tuse, str\u0103nut sau vorbire, de la o distan\u021b\u0103 mai mic\u0103 de 2 metri, iar infectarea are loc atunci c\u00e2nd aceste pic\u0103turi aeriene ajung direct pe fa\u021ba cuiva sau c\u00e2nd m\u00e2inile contaminate sunt duse pe fa\u021b\u0103 la ochi, nas sau gur\u0103. Dup\u0103 cercet\u0103torii germani, virusul ar putea persista pe suprafe\u021bele de metal, sticl\u0103 sau plastic de la 2 ore p\u00e2n\u0103 la 9 zile, \u00een timp ce alcoolul \u0219i apa oxigenat\u0103 pot dezinfecta aceste suprafe\u021be \u00een mai pu\u021bin de 1 minut.<a href=\"https:\/\/www.adventist.ro\/index#_ftn11\" name=\"_ftnref11\">[11]<\/a><\/p>\n<p>Purtarea de <strong>m\u0103\u0219ti chirurgicale<\/strong> (m\u0103\u0219tile dreptunghiulare, obi\u0219nuite, care nu sunt etan\u0219e dar prind at\u00e2t gura, c\u00e2t \u0219i nasul) este util\u0103 DOAR pentru persoanele infectate pentru a \u00eempiedica \u00eempro\u0219carea aerului cu pic\u0103turi de secre\u021bii care con\u021bin virusul. Pentru persoanele s\u0103n\u0103toase, rolul principal al purt\u0103rii acestor m\u0103\u0219ti este s\u0103 previn\u0103 ducerea m\u00e2inii la gur\u0103 sau nas reamintind c\u0103 \u0219i frecarea la ochi este periculoas\u0103, iar secundar (din cauza faptului c\u0103 aceste m\u0103\u0219ti nu sunt etan\u0219e ), rolul acestor m\u0103\u0219ti este s\u0103 filtreze aerul inspirat care poate fi \u00eenc\u0103rcat de pic\u0103turile respiratorii infec\u021bioase. Aceste m\u0103\u0219ti chirurgicale sunt destinate a fi purtate la locul de munc\u0103, \u00een mijloacele de transport \u00een comun sau alte locuri \u00een care apropierea mai mult de 2 metri de alte personae este inevitabil\u0103.<\/p>\n<p><strong>M\u0103\u0219tile etan\u0219e<\/strong>, rotunde, de tip N95, pot filtra, dup\u0103 cum le spune \u0219i numele, p\u00e2n\u0103 la 95% din particulele expirate cu m\u0103rime de p\u00e2n\u0103 la 0,3 microni, ceea ce cuprinde \u0219i bacteriile sau virusurile, protej\u00e2nd pe ceilal\u021bi din jur, dar \u0219i aerul inspirat, protej\u00e2nd pe purt\u0103torul m\u0103\u0219tii de infec\u021biile transmise pe cale aerian\u0103.<a href=\"https:\/\/www.adventist.ro\/index#_ftn12\" name=\"_ftnref12\">[12]<\/a> De\u0219i pot proteja \u0219i pe cei din jur aceste m\u0103\u0219ti sunt purtate de c\u0103tre personalul medical, nefiind destinate publicului larg. Fie c\u0103 sunt dotate cu valv\u0103, u\u0219ur\u00e2nd expirul, fie c\u0103 nu au valv\u0103, m\u0103stile N95 ofer\u0103 acela\u0219i grad de protec\u021bie personalului medical care le poart\u0103. Cele cu valv\u0103 \u00eens\u0103 nu pot asigura un mediu perfect steril cum ar fi \u00eentr-o interven\u021bie chirurgical\u0103 sau manevr\u0103 invaziv\u0103 special\u0103.<a href=\"https:\/\/www.adventist.ro\/index#_ftn13\" name=\"_ftnref13\">[13]<\/a><\/p>\n<p>\u00cen prezent se consider\u0103 c\u0103 virusul COVID-19 este un virus \u0219i cu <strong>transmitere pe cale fecal-oral\u0103 <\/strong>(ca \u0219i hepatita viral\u0103 A), ARN-ul viral fiind detectat \u00een scaunul persoanelor infectate.<a href=\"https:\/\/www.adventist.ro\/index#_ftn14\" name=\"_ftnref14\">[14]<\/a> Aceast\u0103 cale de transmitere este deocamdat\u0103 doar o ipotez\u0103. Se crede \u00eens\u0103 c\u0103 la \u00eenceputul perioadei de boal\u0103 (ziua 1) persoana infectat\u0103 transmite virusul prin pic\u0103turile respiratorii (80% din probele orale), ulterior (ziua 5) aceast\u0103 cale de transmitere fiind mai pu\u021bin important\u0103, dar virusul apare \u00een 75% din probele de scaun.<a href=\"https:\/\/www.adventist.ro\/index#_ftn15\" name=\"_ftnref15\">[15]<\/a><\/p>\n<p>Nu se consider\u0103 c\u0103 acest virus se poate transmite aerian prin aerosoli (apa din pic\u0103turile respiratorii se evapor\u0103 rapid \u0219i r\u0103m\u00e2ne particula viral\u0103 \u00eenconjurat\u0103 de un gel care-i ofer\u0103 protec\u021bie, aceste particule put\u00e2nd pluti la distan\u021b\u0103 purtate de curen\u021bi aerieni), precum virusul rujeolei.<a href=\"https:\/\/www.adventist.ro\/index#_ftn16\" name=\"_ftnref16\">[16]<\/a> \u00centruc\u00e2t pic\u0103turile respiratorii nu pot ajunge departe, spre deosebire de aerosoli, se vorbe\u0219te despre o distan\u021b\u0103 de siguran\u021b\u0103 nu mai mare de 2 metri.<\/p>\n<p>Se recomand\u0103 ca <strong>persoanele infectate s\u0103 nu ia antibiotice, antiinflamatoare steroidiene (cortizonice), sau antivirale<\/strong> (remdesivir este un antiviral \u00een faz\u0103 de testare), iar imunoglobulinele specifice de la bolnavii vindeca\u021bi ofer\u0103 o promisiune.<a href=\"https:\/\/www.adventist.ro\/index#_ftn17\" name=\"_ftnref17\">[17]<\/a><\/p>\n<p>80,9 % dintre \u00eemboln\u0103viri au o <strong>evolu\u021bie moderat\u0103<\/strong> (simptome u\u0219oare). Aceste cazuri sunt <strong>un real pericol<\/strong> pentru c\u0103 persoanele afectate pot s\u0103-\u0219i duc\u0103 o via\u021b\u0103 obi\u0219nuit\u0103 f\u0103r\u0103 a se autoizola la domiciliu, r\u0103sp\u00e2ndind infec\u021bia.<a href=\"https:\/\/www.adventist.ro\/index#_ftn18\" name=\"_ftnref18\">[18]<\/a> 13,8 % sunt cu evolu\u021bie sever\u0103 (pneumonie, dispnee). 4,7 % prezint\u0103 un tablou critic (insuficen\u021b\u0103 respiratorie, \u0219oc septic sau insuficien\u021b\u0103 multi-organ). Aproximativ 2 \u2013 2,3 % se soldeaz\u0103 cu deces,<a href=\"https:\/\/www.adventist.ro\/index#_ftn19\" name=\"_ftnref19\">[19]<\/a> nu mai mult dec\u00e2t gripa sezonier\u0103.<\/p>\n<p>\u00cen ciuda cunoa\u0219terii acestor c\u0103i de transmitere, exist\u0103 cazuri ap\u0103rute \u00een comunit\u0103\u021bi \u00een care nu se poate g\u0103si sursa de infec\u021bie (nu exist\u0103 istoric de c\u0103l\u0103torie \u00een zone endemic sau contacte cu personae infectate). Aceast\u0103 transmitere se nume\u0219te <strong>\u201dr\u0103sp\u00e2ndire comunitar\u0103\u201d<\/strong>. Acest tip de transmitere, recent \u00eenregistrat \u00een SUA (California), Japonia<a href=\"https:\/\/www.adventist.ro\/index#_ftn20\" name=\"_ftnref20\">[20]<\/a> \u00a0\u0219i Germania (cazul din Germania fiind \u00een stare critic\u0103, f\u0103r\u0103 a putea oferi detalii despre c\u0103l\u0103toriile recente sau despre sursa posibil\u0103 de infectare)<a href=\"https:\/\/www.adventist.ro\/index#_ftn21\" name=\"_ftnref21\">[21]<\/a> este cel mai greu de controlat pentru c\u0103 eludeaz\u0103 c\u0103ile obi\u0219nuite de infectare \u0219i sugereaz\u0103 o r\u0103sp\u00e2ndire tacit\u0103. Din acest motiv Japonia a \u00eenchis \u0219colile p\u00e2n\u0103 la \u00eenceputul lui martie, Iranul a anulat rug\u0103ciunile publice de vinerea, iar Arabia Saudit\u0103 a interzis pelerinilor vizitele obi\u0219nuite la Mecca \u0219i Medina.<a href=\"https:\/\/www.adventist.ro\/index#_ftn22\" name=\"_ftnref22\">[22]<\/a><\/p>\n<ol start=\"3\">\n<li><strong>\u00cent\u0103rirea imunit\u0103\u021bii personale<\/strong> devine astfel o prioritate absolut\u0103. \u00centruc\u00e2t Institute of Medicine of America (IOM) a recunoscut \u00een 2014 c\u0103 dintr-o eroare statistic\u0103 a recomandat doar 600 UI de vitamin D\/zi \u00een sezonul rece pentru popula\u021bia \u021b\u0103rilor aflate la o latitudine peste 37 grade (800 UI pentru persoanele peste 71 ani) ca s\u0103 men\u021bin\u0103 un nivel seric de vitamin D (25-OH-D) la limita de siguran\u021b\u0103 a rahitismului (20 ng\/ml sau 50 nmol\/L) pentru 97% din popula\u021bie \u0219i a corectat eroarea la 8895 UI\/zi,<a href=\"https:\/\/www.adventist.ro\/index#_ftn23\" name=\"_ftnref23\">[23]<\/a> recomand\u0103m ca orice adult s\u0103-\u0219i administreze 6.000-10.000 UI de vitamin\u0103 D, \u00een func\u021bie de greutate, sau dup\u0103 formula detaliat\u0103 mai jos, \u00een fiecare zi, \u00eentre lunile octombrie \u2013 aprilie inclusiv. \u00cen timpul verii, nu este nevoie de suplimentarea vitaminei D sau unii ar putea avea nevoie de jum\u0103tate din aceast\u0103 doz\u0103 \u00een caz de expunere insuficient\u0103 la soarele dintre orele 10-15 (care ofer\u0103 radia\u021biile UVB ce pot stimula sinteza de vitamin D \u00een piele). Recomand\u0103m ca expunerea la soare s\u0103 fie treptat\u0103, \u00een \u201ddoze\u201d mici pentru evitarea arsurilor solare \u0219i numai dac\u0103 nu exist\u0103 boli care s\u0103 contraindice expunerea la soare (hipertensiunea arterial\u0103, nevii pigmentari displazici, etc.).<\/li>\n<\/ol>\n<p>Dac\u0103 lu\u0103m ca interval optim al vitaminei D (25-OH-D) \u00een s\u00e2nge 40-100 ng\/ml, recomand\u0103m s\u0103 v\u0103 situa\u021bi cel pu\u021bin la mijlocul acestui interval, iar \u00een perioadele critice care necesit\u0103 o imunitate sporit\u0103, s\u0103 \u021binti\u021bi spre nivelele superioare. Toxicitatea vitaminei D nu poate fi luat\u0103 \u00een discu\u021bie la valori sub 150 ng\/ml.<a href=\"https:\/\/www.adventist.ro\/index#_ftn24\" name=\"_ftnref24\">[24]<\/a> Suplimentarea vitaminei D este contraindicat\u0103 \u00een sarcoidoz\u0103, hiperfosfatemie, hipercalcemie, hipervitaminoz\u0103 D (valori apropiate de pragul toxic), arterioscleroza obliterant\u0103, litiaza renal\u0103 \u0219i boli renale cronice cu insuficen\u021ba renal\u0103.<a href=\"https:\/\/www.adventist.ro\/index#_ftn25\" name=\"_ftnref25\">[25]<\/a><\/p>\n<p>Vitamina D, dup\u0103 unii autori, ar trebui s\u0103 fie suplinit\u0103 \u00een perioadele men\u021bionate ale anului dup\u0103 urm\u0103toarea <strong>formul\u0103<\/strong>: doza optim\u0103 pe care dore\u0219ti s-o atingi minus valoarea 25 \u2013 OH \u2013 D pe care o ai \u00een s\u00e2nge, \u00eenmul\u021bit\u0103 cu 100. De ex: dac\u0103 doza \u021bint\u0103 este 80 ng\/ml, iar \u00een s\u00e2nge ave\u021bi 20 ng\/mL, se scade din 80 cifra 20 \u0219i apoi se \u00eenmul\u021be\u0219te cu 100, ob\u021bin\u00e2ndu-se 6000 UI\/zi.<a href=\"https:\/\/www.adventist.ro\/index#_ftn26\" name=\"_ftnref26\">[26]<\/a> Pentru a atinge limita superioar\u0103 a intervalului optim (40 \u2013 100 ng\/ml), ar fi nevoie de 8.000 UI\/zi dac\u0103 nivelul din s\u00e2nge este sc\u0103zut la 20 ng\/ml.<\/p>\n<p>\u00cen caz de grip\u0103, Consiliul Vitaminei D recomand\u0103 o singur\u0103 doz\u0103 de 50.000 UI de vitamin D la primele semne de boal\u0103.\u00a0 Dr. John Cannell, fondatorul Consiliului Vitaminei D, recomand\u0103 3 zile de asemenea doze mari care nu comport\u0103 nici un pericol pentru persoanele adulte de aproximativ 75 kg care nu au contraindica\u021biile de mai sus. Copiii vor primi aceast\u0103 doz\u0103 \u201dciocan\u201d propor\u021bional cu greutatea lor (de ex. un copil de 15 kg va lua o cincime din doza adultului de 75 kg, adic\u0103 doar 10.000 UI\/zi maxim 3 zile).<a href=\"https:\/\/www.adventist.ro\/index#_ftn27\" name=\"_ftnref27\">[27]<\/a> Persoanele care nu au luat suplimente de vitamin D \u00een acest sezon rece, pot \u00eencepe cu 50.000 UI\/zi c\u00e2teva zile \u0219i apoi o doz\u0103 de \u00eentre\u021binere zilnic\u0103 (\u00eentre 6.000 -10.000\/zi \u00een func\u021bie de greutate sau dup\u0103 formula detaliat\u0103 anterior).<a href=\"https:\/\/www.adventist.ro\/index#_ftn28\" name=\"_ftnref28\">[28]<\/a> O dat\u0103 cu suplimentarea de vitamin\u0103 D este necesar\u0103 \u0219i suplimentarea de vitamin K2 \u0219i magneziu pentru atingerea unor valori optime de vitamin\u0103 D \u00een s\u00e2nge.<a href=\"https:\/\/www.adventist.ro\/index#_ftn29\" name=\"_ftnref29\">[29]<\/a><\/p>\n<p><strong>Variante de administrare<\/strong>: Vigantol 500 UI\/pic\u0103tur\u0103, 12 pic\u0103turi pentru 6.000 UI, 16 pic\u0103turi pentru 8.000 UI sau 20 pic\u0103turi pentru 10.000 UI. Pentru a atinge doza de 50.000 UI\/zi sunt necesare 100 pic\u0103turi (eventual \u00een 2 prize). Se vor lua \u00eentr-o linguri\u021b\u0103 sau se pot picura pe o bucat\u0103 de p\u00e2ine \u0219i se administreaz\u0103 la sf\u00e2r\u0219itul unei mese care con\u021bine ceva gr\u0103sime (nuci, avocado, ulei de m\u0103sline, ou, semin\u021be, iaurt, etc.). Exist\u0103 \u0219i capsule a 5.000 UI. Persoanele care au greutatea corporal\u0103 mai mic\u0103, pot lua in zilele pare 2 capsule, iar \u00een cele impare 1 capsul\u0103 \u0219i vor realiza astfel o doz\u0103 medie de 7.500 UI\/zi.<\/p>\n<p>Prin analogie, \u00een infec\u021bia cu coronavirus se poate recurge la acela\u0219i tratament preventiv sau chiar curativ cu vitamin D. Fiind de apari\u021bie recent\u0103 nu exist\u0103 studii care s\u0103 ateste acela\u0219i effect ca \u00een cazul gripei.<\/p>\n<p>Exist\u0103 \u0219i <strong>alte stimulente ale imunit\u0103\u021bii<\/strong> care pot fi luate \u00een calcul \u00een aceast\u0103 situa\u021bie. Dintre acestea men\u021bion\u0103m:<\/p>\n<ul>\n<li>vitamina C (citrice, m\u0103ce\u0219e, fructe de p\u0103dure),<\/li>\n<li>zincul 8 mg\/zi la femei \u0219i 11 mg\/zi la b\u0103rba\u021bi<a href=\"https:\/\/www.adventist.ro\/index#_ftn30\" name=\"_ftnref30\">[30]<\/a>, iar \u00een grip\u0103 sau alte viroze se pot lua lozanje de 4 mg la fiecare 1-2 ore \u00een timpul zilei, \u00eencep\u00e2nd cu primele 24-48 ore de la debutul simptomelor, p\u00e2n\u0103 la dispari\u021bia simptomelor, maxim 40 mg\/zi la adult<a href=\"https:\/\/www.adventist.ro\/index#_ftn31\" name=\"_ftnref31\">[31]<\/a> sau timp de 14 zile<a href=\"https:\/\/www.adventist.ro\/index#_ftn32\" name=\"_ftnref32\">[32]<\/a> (se g\u0103se\u0219te \u00een carne, pe\u0219te \u0219i lactate, dar \u0219i \u00een leguminoase, mai ales linte \u0219i n\u0103ut, semin\u021be, nuci, ou\u0103, cerealele integrale \u0219i cartofii obi\u0219nui\u021bi sau dulci)<a href=\"https:\/\/www.adventist.ro\/index#_ftn33\" name=\"_ftnref33\">[33]<\/a>,<\/li>\n<li>curcuma (turmeric),<\/li>\n<li>vitamin B6 (\u00een pe\u0219tele oceanic de ap\u0103 ad\u00e2nc\u0103 \u2013 ton \u0219i somon, zarzavaturile verzi, n\u0103ut \u2013 humus),<\/li>\n<li>vitamina E (nuci, semin\u021be \u0219i spanac).<a href=\"https:\/\/www.adventist.ro\/index#_ftn34\" name=\"_ftnref34\">[34]<\/a><\/li>\n<li>Fierul dar numai pentru corectarea deficitului de fier.<a href=\"https:\/\/www.adventist.ro\/index#_ftn35\" name=\"_ftnref35\">[35]<\/a><\/li>\n<\/ul>\n<p>\u00cen concluzie, autoizolarea, igiena riguroas\u0103 a m\u00e2inilor, dezinfectarea cu alcool sau alte solu\u021bii a suprafe\u021belor de contact, dieta simpl\u0103, predominant vegetal\u0103, bogat\u0103 \u00een fructe, legume, semin\u021be \u0219i nuci, suplimentele vitaminice \u0219i minerale care pot amplifica mecanismele de ap\u0103rare \u00eenn\u0103scute sau dob\u00e2ndite, hidratarea corespunz\u0103toare, odihna suficient\u0103, mi\u0219carea fizic\u0103 sus\u021binut\u0103 \u0219i credin\u021ba \u00een bun\u0103tatea \u0219i mila lui Dumnezeu sunt ingredientele unui regim de supravie\u021buire chiar \u0219i \u00een timpuri de criz\u0103 cum este aceast\u0103 perioad\u0103 de epidemie cu coronavirusul COVID-19.<\/p>\n<p><a href=\"https:\/\/www.adventist.ro\/index#_ftnref1\" name=\"_ftn1\">[1]<\/a> https:\/\/www.who.int\/dg\/speeches\/detail\/who-director-general-s-opening-remarks-at-the-media-briefing-on-covid-19\u201427-february-2020<\/p>\n<p><a href=\"https:\/\/www.adventist.ro\/index#_ftnref2\" name=\"_ftn2\">[2]<\/a> https:\/\/www.nytimes.com\/2020\/02\/27\/world\/coronavirus-news.html<\/p>\n<p><a href=\"https:\/\/www.adventist.ro\/index#_ftnref3\" name=\"_ftn3\">[3]<\/a> https:\/\/www.thelancet.com\/journals\/lancet\/article\/PIIS0140-6736(20)30360-3\/fulltext<\/p>\n<p><a href=\"https:\/\/www.adventist.ro\/index#_ftnref4\" name=\"_ftn4\">[4]<\/a> https:\/\/www.thelancet.com\/action\/showPdf?pii=S0140-6736%2820%2930365-2<\/p>\n<p><a href=\"https:\/\/www.adventist.ro\/index#_ftnref5\" name=\"_ftn5\">[5]<\/a> https:\/\/www.statnews.com\/2020\/02\/27\/coronavirus-kids-what-role-transmission\/<\/p>\n<p><a href=\"https:\/\/www.adventist.ro\/index#_ftnref6\" name=\"_ftn6\">[6]<\/a>https:\/\/www.un.org\/en\/development\/desa\/population\/publications\/pdf\/ageing\/WorldPopulationAgeing2019-Highlights.pdf<\/p>\n<p><a href=\"https:\/\/www.adventist.ro\/index#_ftnref7\" name=\"_ftn7\">[7]<\/a> https:\/\/www.ncbi.nlm.nih.gov\/pmc\/articles\/PMC4707740\/<\/p>\n<p><a href=\"https:\/\/www.adventist.ro\/index#_ftnref8\" name=\"_ftn8\">[8]<\/a> https:\/\/www.who.int\/dg\/speeches\/detail\/who-director-general-s-opening-remarks-at-the-media-briefing-on-covid-19\u201427-february-2020<\/p>\n<p><a href=\"https:\/\/www.adventist.ro\/index#_ftnref9\" name=\"_ftn9\">[9]<\/a> https:\/\/www.bmj.com\/content\/368\/bmj.m606.short<\/p>\n<p><a href=\"https:\/\/www.adventist.ro\/index#_ftnref10\" name=\"_ftn10\">[10]<\/a> https:\/\/www.worldometers.info\/coronavirus\/coronavirus-incubation-period\/<\/p>\n<p><a href=\"https:\/\/www.adventist.ro\/index#_ftnref11\" name=\"_ftn11\">[11]<\/a> https:\/\/www.journalofhospitalinfection.com\/article\/S0195-6701(20)30046-3\/fulltext<\/p>\n<p><a href=\"https:\/\/www.adventist.ro\/index#_ftnref12\" name=\"_ftn12\">[12]<\/a> https:\/\/www.cdc.gov\/coronavirus\/2019-ncov\/hcp\/respirator-use-faq.html<\/p>\n<p><a href=\"https:\/\/www.adventist.ro\/index#_ftnref13\" name=\"_ftn13\">[13]<\/a> idem<\/p>\n<p><a href=\"https:\/\/www.adventist.ro\/index#_ftnref14\" name=\"_ftn14\">[14]<\/a> https:\/\/www.the-scientist.com\/news-opinion\/how-covid-19-is-spread-67143<\/p>\n<p><a href=\"https:\/\/www.adventist.ro\/index#_ftnref15\" name=\"_ftn15\">[15]<\/a> http:\/\/www.cidrap.umn.edu\/news-perspective\/2020\/02\/studies-show-covid-19-virus-likely-has-multiple-infection-routes<\/p>\n<p><a href=\"https:\/\/www.adventist.ro\/index#_ftnref16\" name=\"_ftn16\">[16]<\/a> https:\/\/www.the-scientist.com\/news-opinion\/how-covid-19-is-spread-67143<\/p>\n<p><a href=\"https:\/\/www.adventist.ro\/index#_ftnref17\" name=\"_ftn17\">[17]<\/a> Comunicat al Colegiului Medicilor din Rom\u00e2nia din 27.02.2019, ora 19:03<\/p>\n<p><a href=\"https:\/\/www.adventist.ro\/index#_ftnref18\" name=\"_ftn18\">[18]<\/a> https:\/\/www.nytimes.com\/2020\/02\/27\/world\/coronavirus-news.html<\/p>\n<p><a href=\"https:\/\/www.adventist.ro\/index#_ftnref19\" name=\"_ftn19\">[19]<\/a> https:\/\/www.worldometers.info\/coronavirus\/coronavirus-symptoms\/<\/p>\n<p><a href=\"https:\/\/www.adventist.ro\/index#_ftnref20\" name=\"_ftn20\">[20]<\/a> https:\/\/jp.usembassy.gov\/u-s-citizen-services\/covid-19-information\/<\/p>\n<p><a href=\"https:\/\/www.adventist.ro\/index#_ftnref21\" name=\"_ftn21\">[21]<\/a> https:\/\/www.nytimes.com\/2020\/02\/27\/world\/coronavirus-news.html<\/p>\n<p><a href=\"https:\/\/www.adventist.ro\/index#_ftnref22\" name=\"_ftn22\">[22]<\/a> https:\/\/www.nytimes.com\/2020\/02\/27\/world\/coronavirus-news.html<\/p>\n<p><a href=\"https:\/\/www.adventist.ro\/index#_ftnref23\" name=\"_ftn23\">[23]<\/a> https:\/\/www.ncbi.nlm.nih.gov\/pmc\/articles\/PMC4210929\/<\/p>\n<p><a href=\"https:\/\/www.adventist.ro\/index#_ftnref24\" name=\"_ftn24\">[24]<\/a> https:\/\/www.ncbi.nlm.nih.gov\/pmc\/articles\/PMC6158375\/<\/p>\n<p><a href=\"https:\/\/www.adventist.ro\/index#_ftnref25\" name=\"_ftn25\">[25]<\/a> https:\/\/www.webmd.com\/drugs\/2\/drug-6152\/cholecalciferol-vitamin-d3-oral\/details\/list-contraindications<\/p>\n<p><a href=\"https:\/\/www.adventist.ro\/index#_ftnref26\" name=\"_ftn26\">[26]<\/a> Dale Bredesen, The End of Alzheimer\u2019s, Avery \u2013 an imprint of Penguin Random House, New York, pag 126.<\/p>\n<p><a href=\"https:\/\/www.adventist.ro\/index#_ftnref27\" name=\"_ftn27\">[27]<\/a> https:\/\/thornburgpediatrics.com\/the-cold-and-flu-vitamin\/<\/p>\n<p><a href=\"https:\/\/www.adventist.ro\/index#_ftnref28\" name=\"_ftn28\">[28]<\/a> https:\/\/www.ncbi.nlm.nih.gov\/pmc\/articles\/PMC3897598\/<\/p>\n<p><a href=\"https:\/\/www.adventist.ro\/index#_ftnref29\" name=\"_ftn29\">[29]<\/a> https:\/\/thornburgpediatrics.com\/the-cold-and-flu-vitamin\/<\/p>\n<p><a href=\"https:\/\/www.adventist.ro\/index#_ftnref30\" name=\"_ftn30\">[30]<\/a> https:\/\/www.mayoclinic.org\/drugs-supplements-zinc\/art-20366112<\/p>\n<p><a href=\"https:\/\/www.adventist.ro\/index#_ftnref31\" name=\"_ftn31\">[31]<\/a> https:\/\/www.webmd.com\/vitamins-and-supplements\/supplement-guide-zinc#1<\/p>\n<p><a href=\"https:\/\/www.adventist.ro\/index#_ftnref32\" name=\"_ftn32\">[32]<\/a> https:\/\/www.thecut.com\/2017\/02\/zinc-do-supplements-help-boost-immune-fight-off-colds.html<\/p>\n<p><a href=\"https:\/\/www.adventist.ro\/index#_ftnref33\" name=\"_ftn33\">[33]<\/a> https:\/\/www.healthline.com\/nutrition\/best-foods-high-in-zinc#section7<\/p>\n<p><a href=\"https:\/\/www.adventist.ro\/index#_ftnref34\" name=\"_ftn34\">[34]<\/a> https:\/\/health.clevelandclinic.org\/3-vitamins-best-boosting-immunity\/<\/p>\n<p><a href=\"https:\/\/www.adventist.ro\/index#_ftnref35\" name=\"_ftn35\">[35]<\/a> https:\/\/www.ncbi.nlm.nih.gov\/pmc\/articles\/PMC3173740\/<\/p>\n<\/div>\n<p class=\"wpematico_credit\"><small>Powered by <a href=\"http:\/\/www.wpematico.com\" target=\"_blank\" rel=\"noopener noreferrer\">WPeMatico<\/a><\/small><\/p>\n ","protected":false},"excerpt":{"rendered":"<p>Recomand\u0103ri f\u0103cute de dr. Constantin Dinu, Department S\u0103n\u0103tate, Uniunea de Conferin\u021be a Bisericii Adventiste din Rom\u00e2nia. Izbucnirea infec\u021biei respiratorii cu coronavirusul SARS-CoV-2, numit \u0219i COVID-19, a ap\u0103rut \u00een decembrie 2019 \u00een Wuhan, China \u0219i s-a r\u0103sp\u00e2ndit p\u00e2n\u0103 acum (27 februarie), conform OMS, \u00een 44 de \u021b\u0103ri, inclusiv SUA \u0219i Rom\u00e2nia.[1] Cifrele care indic\u0103 r\u0103sp\u00e2ndirea se &hellip; <a href=\"https:\/\/adventistoltenia.ro\/site\/reguli-de-igiena-personala-si-de-grup-pentru-prevenirea-infectarii-cu-virusurile-respiratorii-de-tip-virus-gripal-sau-coronavirus\/\">Continued<\/a><\/p>\n","protected":false},"author":2,"featured_media":0,"comment_status":"open","ping_status":"closed","sticky":false,"template":"","format":"standard","meta":[],"categories":[71],"tags":[],"yoast_head":"<!-- This site is optimized with the Yoast SEO plugin v20.3 - https:\/\/yoast.com\/wordpress\/plugins\/seo\/ -->\n<title>REGULI DE IGIEN\u0102 PERSONAL\u0102 \u0218I DE GRUP PENTRU PREVENIREA INFECT\u0102RII CU VIRUSURILE RESPIRATORII DE TIP VIRUS GRIPAL SAU CORONAVIRUS - Conferinta Oltenia<\/title>\n<meta name=\"robots\" content=\"index, follow, max-snippet:-1, max-image-preview:large, max-video-preview:-1\" \/>\n<link rel=\"canonical\" href=\"https:\/\/adventistoltenia.ro\/site\/reguli-de-igiena-personala-si-de-grup-pentru-prevenirea-infectarii-cu-virusurile-respiratorii-de-tip-virus-gripal-sau-coronavirus\/\" \/>\n<meta property=\"og:locale\" content=\"en_US\" \/>\n<meta property=\"og:type\" content=\"article\" \/>\n<meta property=\"og:title\" content=\"REGULI DE IGIEN\u0102 PERSONAL\u0102 \u0218I DE GRUP PENTRU PREVENIREA INFECT\u0102RII CU VIRUSURILE RESPIRATORII DE TIP VIRUS GRIPAL SAU CORONAVIRUS - Conferinta Oltenia\" \/>\n<meta property=\"og:description\" content=\"Recomand\u0103ri f\u0103cute de dr. Constantin Dinu, Department S\u0103n\u0103tate, Uniunea de Conferin\u021be a Bisericii Adventiste din Rom\u00e2nia. Izbucnirea infec\u021biei respiratorii cu coronavirusul SARS-CoV-2, numit \u0219i COVID-19, a ap\u0103rut \u00een decembrie 2019 \u00een Wuhan, China \u0219i s-a r\u0103sp\u00e2ndit p\u00e2n\u0103 acum (27 februarie), conform OMS, \u00een 44 de \u021b\u0103ri, inclusiv SUA \u0219i Rom\u00e2nia.[1] Cifrele care indic\u0103 r\u0103sp\u00e2ndirea se &hellip; Continued\" \/>\n<meta property=\"og:url\" content=\"https:\/\/adventistoltenia.ro\/site\/reguli-de-igiena-personala-si-de-grup-pentru-prevenirea-infectarii-cu-virusurile-respiratorii-de-tip-virus-gripal-sau-coronavirus\/\" \/>\n<meta property=\"og:site_name\" content=\"Conferinta Oltenia\" \/>\n<meta property=\"article:published_time\" content=\"2020-02-29T01:36:09+00:00\" \/>\n<meta name=\"author\" content=\"Conferinta Oltenia\" \/>\n<meta name=\"twitter:card\" content=\"summary_large_image\" \/>\n<meta name=\"twitter:label1\" content=\"Written by\" \/>\n\t<meta name=\"twitter:data1\" content=\"Conferinta Oltenia\" \/>\n\t<meta name=\"twitter:label2\" content=\"Est. reading time\" \/>\n\t<meta name=\"twitter:data2\" content=\"13 minutes\" \/>\n<script type=\"application\/ld+json\" class=\"yoast-schema-graph\">{\"@context\":\"https:\/\/schema.org\",\"@graph\":[{\"@type\":\"WebPage\",\"@id\":\"https:\/\/adventistoltenia.ro\/site\/reguli-de-igiena-personala-si-de-grup-pentru-prevenirea-infectarii-cu-virusurile-respiratorii-de-tip-virus-gripal-sau-coronavirus\/\",\"url\":\"https:\/\/adventistoltenia.ro\/site\/reguli-de-igiena-personala-si-de-grup-pentru-prevenirea-infectarii-cu-virusurile-respiratorii-de-tip-virus-gripal-sau-coronavirus\/\",\"name\":\"REGULI DE IGIEN\u0102 PERSONAL\u0102 \u0218I DE GRUP PENTRU PREVENIREA INFECT\u0102RII CU VIRUSURILE RESPIRATORII DE TIP VIRUS GRIPAL SAU CORONAVIRUS - Conferinta Oltenia\",\"isPartOf\":{\"@id\":\"https:\/\/adventistoltenia.ro\/site\/#website\"},\"datePublished\":\"2020-02-29T01:36:09+00:00\",\"dateModified\":\"2020-02-29T01:36:09+00:00\",\"author\":{\"@id\":\"https:\/\/adventistoltenia.ro\/site\/#\/schema\/person\/81972d6ddcec064fcb37a129240ef9d7\"},\"breadcrumb\":{\"@id\":\"https:\/\/adventistoltenia.ro\/site\/reguli-de-igiena-personala-si-de-grup-pentru-prevenirea-infectarii-cu-virusurile-respiratorii-de-tip-virus-gripal-sau-coronavirus\/#breadcrumb\"},\"inLanguage\":\"en-US\",\"potentialAction\":[{\"@type\":\"ReadAction\",\"target\":[\"https:\/\/adventistoltenia.ro\/site\/reguli-de-igiena-personala-si-de-grup-pentru-prevenirea-infectarii-cu-virusurile-respiratorii-de-tip-virus-gripal-sau-coronavirus\/\"]}]},{\"@type\":\"BreadcrumbList\",\"@id\":\"https:\/\/adventistoltenia.ro\/site\/reguli-de-igiena-personala-si-de-grup-pentru-prevenirea-infectarii-cu-virusurile-respiratorii-de-tip-virus-gripal-sau-coronavirus\/#breadcrumb\",\"itemListElement\":[{\"@type\":\"ListItem\",\"position\":1,\"name\":\"Home\",\"item\":\"https:\/\/adventistoltenia.ro\/site\/\"},{\"@type\":\"ListItem\",\"position\":2,\"name\":\"REGULI DE IGIEN\u0102 PERSONAL\u0102 \u0218I DE GRUP PENTRU PREVENIREA INFECT\u0102RII CU VIRUSURILE RESPIRATORII DE TIP VIRUS GRIPAL SAU CORONAVIRUS\"}]},{\"@type\":\"WebSite\",\"@id\":\"https:\/\/adventistoltenia.ro\/site\/#website\",\"url\":\"https:\/\/adventistoltenia.ro\/site\/\",\"name\":\"Conferinta Oltenia\",\"description\":\"Biserica Adventista de Ziua a Saptea\",\"potentialAction\":[{\"@type\":\"SearchAction\",\"target\":{\"@type\":\"EntryPoint\",\"urlTemplate\":\"https:\/\/adventistoltenia.ro\/site\/?s={search_term_string}\"},\"query-input\":\"required name=search_term_string\"}],\"inLanguage\":\"en-US\"},{\"@type\":\"Person\",\"@id\":\"https:\/\/adventistoltenia.ro\/site\/#\/schema\/person\/81972d6ddcec064fcb37a129240ef9d7\",\"name\":\"Conferinta Oltenia\",\"image\":{\"@type\":\"ImageObject\",\"inLanguage\":\"en-US\",\"@id\":\"https:\/\/adventistoltenia.ro\/site\/#\/schema\/person\/image\/\",\"url\":\"https:\/\/secure.gravatar.com\/avatar\/ebe92ec22e2e53a8eb79d6b52b724e27?s=96&d=mm&r=g\",\"contentUrl\":\"https:\/\/secure.gravatar.com\/avatar\/ebe92ec22e2e53a8eb79d6b52b724e27?s=96&d=mm&r=g\",\"caption\":\"Conferinta Oltenia\"},\"url\":\"https:\/\/adventistoltenia.ro\/site\/author\/adm1n\/\"}]}<\/script>\n<!-- \/ Yoast SEO plugin. -->","yoast_head_json":{"title":"REGULI DE IGIEN\u0102 PERSONAL\u0102 \u0218I DE GRUP PENTRU PREVENIREA INFECT\u0102RII CU VIRUSURILE RESPIRATORII DE TIP VIRUS GRIPAL SAU CORONAVIRUS - Conferinta Oltenia","robots":{"index":"index","follow":"follow","max-snippet":"max-snippet:-1","max-image-preview":"max-image-preview:large","max-video-preview":"max-video-preview:-1"},"canonical":"https:\/\/adventistoltenia.ro\/site\/reguli-de-igiena-personala-si-de-grup-pentru-prevenirea-infectarii-cu-virusurile-respiratorii-de-tip-virus-gripal-sau-coronavirus\/","og_locale":"en_US","og_type":"article","og_title":"REGULI DE IGIEN\u0102 PERSONAL\u0102 \u0218I DE GRUP PENTRU PREVENIREA INFECT\u0102RII CU VIRUSURILE RESPIRATORII DE TIP VIRUS GRIPAL SAU CORONAVIRUS - Conferinta Oltenia","og_description":"Recomand\u0103ri f\u0103cute de dr. Constantin Dinu, Department S\u0103n\u0103tate, Uniunea de Conferin\u021be a Bisericii Adventiste din Rom\u00e2nia. Izbucnirea infec\u021biei respiratorii cu coronavirusul SARS-CoV-2, numit \u0219i COVID-19, a ap\u0103rut \u00een decembrie 2019 \u00een Wuhan, China \u0219i s-a r\u0103sp\u00e2ndit p\u00e2n\u0103 acum (27 februarie), conform OMS, \u00een 44 de \u021b\u0103ri, inclusiv SUA \u0219i Rom\u00e2nia.[1] Cifrele care indic\u0103 r\u0103sp\u00e2ndirea se &hellip; Continued","og_url":"https:\/\/adventistoltenia.ro\/site\/reguli-de-igiena-personala-si-de-grup-pentru-prevenirea-infectarii-cu-virusurile-respiratorii-de-tip-virus-gripal-sau-coronavirus\/","og_site_name":"Conferinta Oltenia","article_published_time":"2020-02-29T01:36:09+00:00","author":"Conferinta Oltenia","twitter_card":"summary_large_image","twitter_misc":{"Written by":"Conferinta Oltenia","Est. reading time":"13 minutes"},"schema":{"@context":"https:\/\/schema.org","@graph":[{"@type":"WebPage","@id":"https:\/\/adventistoltenia.ro\/site\/reguli-de-igiena-personala-si-de-grup-pentru-prevenirea-infectarii-cu-virusurile-respiratorii-de-tip-virus-gripal-sau-coronavirus\/","url":"https:\/\/adventistoltenia.ro\/site\/reguli-de-igiena-personala-si-de-grup-pentru-prevenirea-infectarii-cu-virusurile-respiratorii-de-tip-virus-gripal-sau-coronavirus\/","name":"REGULI DE IGIEN\u0102 PERSONAL\u0102 \u0218I DE GRUP PENTRU PREVENIREA INFECT\u0102RII CU VIRUSURILE RESPIRATORII DE TIP VIRUS GRIPAL SAU CORONAVIRUS - Conferinta Oltenia","isPartOf":{"@id":"https:\/\/adventistoltenia.ro\/site\/#website"},"datePublished":"2020-02-29T01:36:09+00:00","dateModified":"2020-02-29T01:36:09+00:00","author":{"@id":"https:\/\/adventistoltenia.ro\/site\/#\/schema\/person\/81972d6ddcec064fcb37a129240ef9d7"},"breadcrumb":{"@id":"https:\/\/adventistoltenia.ro\/site\/reguli-de-igiena-personala-si-de-grup-pentru-prevenirea-infectarii-cu-virusurile-respiratorii-de-tip-virus-gripal-sau-coronavirus\/#breadcrumb"},"inLanguage":"en-US","potentialAction":[{"@type":"ReadAction","target":["https:\/\/adventistoltenia.ro\/site\/reguli-de-igiena-personala-si-de-grup-pentru-prevenirea-infectarii-cu-virusurile-respiratorii-de-tip-virus-gripal-sau-coronavirus\/"]}]},{"@type":"BreadcrumbList","@id":"https:\/\/adventistoltenia.ro\/site\/reguli-de-igiena-personala-si-de-grup-pentru-prevenirea-infectarii-cu-virusurile-respiratorii-de-tip-virus-gripal-sau-coronavirus\/#breadcrumb","itemListElement":[{"@type":"ListItem","position":1,"name":"Home","item":"https:\/\/adventistoltenia.ro\/site\/"},{"@type":"ListItem","position":2,"name":"REGULI DE IGIEN\u0102 PERSONAL\u0102 \u0218I DE GRUP PENTRU PREVENIREA INFECT\u0102RII CU VIRUSURILE RESPIRATORII DE TIP VIRUS GRIPAL SAU CORONAVIRUS"}]},{"@type":"WebSite","@id":"https:\/\/adventistoltenia.ro\/site\/#website","url":"https:\/\/adventistoltenia.ro\/site\/","name":"Conferinta Oltenia","description":"Biserica Adventista de Ziua a Saptea","potentialAction":[{"@type":"SearchAction","target":{"@type":"EntryPoint","urlTemplate":"https:\/\/adventistoltenia.ro\/site\/?s={search_term_string}"},"query-input":"required name=search_term_string"}],"inLanguage":"en-US"},{"@type":"Person","@id":"https:\/\/adventistoltenia.ro\/site\/#\/schema\/person\/81972d6ddcec064fcb37a129240ef9d7","name":"Conferinta Oltenia","image":{"@type":"ImageObject","inLanguage":"en-US","@id":"https:\/\/adventistoltenia.ro\/site\/#\/schema\/person\/image\/","url":"https:\/\/secure.gravatar.com\/avatar\/ebe92ec22e2e53a8eb79d6b52b724e27?s=96&d=mm&r=g","contentUrl":"https:\/\/secure.gravatar.com\/avatar\/ebe92ec22e2e53a8eb79d6b52b724e27?s=96&d=mm&r=g","caption":"Conferinta Oltenia"},"url":"https:\/\/adventistoltenia.ro\/site\/author\/adm1n\/"}]}},"_links":{"self":[{"href":"https:\/\/adventistoltenia.ro\/site\/wp-json\/wp\/v2\/posts\/3253"}],"collection":[{"href":"https:\/\/adventistoltenia.ro\/site\/wp-json\/wp\/v2\/posts"}],"about":[{"href":"https:\/\/adventistoltenia.ro\/site\/wp-json\/wp\/v2\/types\/post"}],"author":[{"embeddable":true,"href":"https:\/\/adventistoltenia.ro\/site\/wp-json\/wp\/v2\/users\/2"}],"replies":[{"embeddable":true,"href":"https:\/\/adventistoltenia.ro\/site\/wp-json\/wp\/v2\/comments?post=3253"}],"version-history":[{"count":0,"href":"https:\/\/adventistoltenia.ro\/site\/wp-json\/wp\/v2\/posts\/3253\/revisions"}],"wp:attachment":[{"href":"https:\/\/adventistoltenia.ro\/site\/wp-json\/wp\/v2\/media?parent=3253"}],"wp:term":[{"taxonomy":"category","embeddable":true,"href":"https:\/\/adventistoltenia.ro\/site\/wp-json\/wp\/v2\/categories?post=3253"},{"taxonomy":"post_tag","embeddable":true,"href":"https:\/\/adventistoltenia.ro\/site\/wp-json\/wp\/v2\/tags?post=3253"}],"curies":[{"name":"wp","href":"https:\/\/api.w.org\/{rel}","templated":true}]}}