{"id":3254,"date":"2020-02-29T01:36:09","date_gmt":"2020-02-29T01:36:09","guid":{"rendered":"http:\/\/adventistoltenia.ro\/site\/recomandari-din-partea-presedintelui-bisericii-adventiste-pastorul-aurel-neatu-cu-privire-la-coronavirus-si-serviciile-de-inchinare-din-biserici\/"},"modified":"2020-02-29T01:36:09","modified_gmt":"2020-02-29T01:36:09","slug":"recomandari-din-partea-presedintelui-bisericii-adventiste-pastorul-aurel-neatu-cu-privire-la-coronavirus-si-serviciile-de-inchinare-din-biserici","status":"publish","type":"post","link":"https:\/\/adventistoltenia.ro\/site\/recomandari-din-partea-presedintelui-bisericii-adventiste-pastorul-aurel-neatu-cu-privire-la-coronavirus-si-serviciile-de-inchinare-din-biserici\/","title":{"rendered":"Recomand\u0103ri din partea pre\u0219edintelui Bisericii Adventiste, pastorul Aurel Nea\u021bu, cu privire la coronavirus \u0219i serviciile de \u00eenchinare din biserici\u00a0"},"content":{"rendered":"<div>\n<div dir=\"ltr\">\n<div dir=\"ltr\">\u00cen contextul discu\u021biilor despre m\u0103surile preventive care ar trebui luate pentru prevenirea infect\u0103rii cu virusul COVID-19, v\u0103 rog ca, dincolo de ceea ce s-a comunicat pe canalele oficiale ale bisericii \u0219i prin media, s\u0103 transmite\u021bi pastorilor \u0219i credincio\u0219ilor adventi\u0219ti urm\u0103toarele sugestii pentru \u00eent\u00e2lnirile din biserici:<\/div>\n<div dir=\"ltr\"><\/div>\n<div dir=\"ltr\">* Evitarea salutului prin str\u00e2ngerea m\u00e2inii.<\/div>\n<div dir=\"ltr\">* Nu se va mai da m\u00e2na la ie\u0219irea din biseric\u0103.<\/div>\n<div dir=\"ltr\">* Dac\u0103 spa\u021biul permite, s\u0103 nu se stea unul l\u00e2ng\u0103 altul.<\/div>\n<div dir=\"ltr\">* Cei r\u0103ci\u021bi sau cu grip\u0103, chiar normal\u0103, s\u0103 stea acas\u0103.<\/div>\n<div dir=\"ltr\">* Toaletele s\u0103 fie foarte bine dezinfectate \u0219i s\u0103 nu lipseasc\u0103 s\u0103punul lichid.<\/div>\n<div dir=\"ltr\">* \u00cen cazul \u00een care Bisericile au Cina Domnului, cei care fr\u00e2ng \u0219i \u00eempart p\u00e2inea \u0219i mustul s\u0103 se spele foarte bine pe m\u00e2ini, s\u0103 se dezinfecteze bine \u0219i dac\u0103 au posibilitatea s\u0103 foloseasc\u0103 m\u0103nu\u0219i chirurgicale.<\/div>\n<div dir=\"ltr\">* Prosoapele s\u0103 fie doar de unic\u0103 folosin\u021b\u0103.<\/div>\n<div dir=\"ltr\">* De dorit ar fi ca ocaziile de Cin\u0103 s\u0103 fie am\u00e2nate p\u00e2n\u0103 c\u00e2nd se lini\u0219tesc lucrurile.<\/div>\n<div dir=\"ltr\">* Posibil, dac\u0103 se \u00eenmul\u021besc cazurile de grip\u0103, s\u0103 fie interzise adun\u0103rile publice. La momentul respectiv vom anun\u021ba m\u0103surile necesare pentru adaptarea \u00eenchin\u0103rii, \u00een Sabat, la condi\u021biile de criz\u0103.<\/div>\n<div dir=\"ltr\">* Directorii de departament, care au programate \u00eent\u00e2lniri, s\u0103 aplice acelea\u0219i m\u0103suri de igien\u0103 \u0219i s\u0103 ia \u00een calcul suspendarea unor evenimente, dac\u0103 se va impune.<\/div>\n<div dir=\"ltr\"><\/div>\n<div dir=\"ltr\">Este foarte important ca \u00een aceast\u0103 perioad\u0103, membrii Bisericii Adventiste de Ziua a \u0218aptea s\u0103 se informeze \u00een mod corect, de aceea v\u0103 recomand\u0103m s\u0103 alege\u021bi surse credibile, \u00een a\u0219a fel \u00eenc\u00e2t s\u0103 evita\u021bi fenomenul fake news.<\/div>\n<div dir=\"ltr\"><\/div>\n<div dir=\"ltr\">Dumnezeu s\u0103 ne ofere \u00een\u021belepciune!<\/div>\n<\/div>\n<\/div>\n<p class=\"wpematico_credit\"><small>Powered by <a href=\"http:\/\/www.wpematico.com\" target=\"_blank\" rel=\"noopener noreferrer\">WPeMatico<\/a><\/small><\/p>\n ","protected":false},"excerpt":{"rendered":"<p>\u00cen contextul discu\u021biilor despre m\u0103surile preventive care ar trebui luate pentru prevenirea infect\u0103rii cu virusul COVID-19, v\u0103 rog ca, dincolo de ceea ce s-a comunicat pe canalele oficiale ale bisericii \u0219i prin media, s\u0103 transmite\u021bi pastorilor \u0219i credincio\u0219ilor adventi\u0219ti urm\u0103toarele sugestii pentru \u00eent\u00e2lnirile din biserici: * Evitarea salutului prin str\u00e2ngerea m\u00e2inii. * Nu se va &hellip; <a href=\"https:\/\/adventistoltenia.ro\/site\/recomandari-din-partea-presedintelui-bisericii-adventiste-pastorul-aurel-neatu-cu-privire-la-coronavirus-si-serviciile-de-inchinare-din-biserici\/\">Continued<\/a><\/p>\n","protected":false},"author":2,"featured_media":0,"comment_status":"open","ping_status":"closed","sticky":false,"template":"","format":"standard","meta":[],"categories":[71],"tags":[],"yoast_head":"<!-- This site is optimized with the Yoast SEO plugin v20.3 - https:\/\/yoast.com\/wordpress\/plugins\/seo\/ -->\n<title>Recomand\u0103ri din partea pre\u0219edintelui Bisericii Adventiste, pastorul Aurel Nea\u021bu, cu privire la coronavirus \u0219i serviciile de \u00eenchinare din biserici\u00a0 - Conferinta Oltenia<\/title>\n<meta name=\"robots\" content=\"index, follow, max-snippet:-1, max-image-preview:large, max-video-preview:-1\" \/>\n<link rel=\"canonical\" href=\"https:\/\/adventistoltenia.ro\/site\/recomandari-din-partea-presedintelui-bisericii-adventiste-pastorul-aurel-neatu-cu-privire-la-coronavirus-si-serviciile-de-inchinare-din-biserici\/\" \/>\n<meta property=\"og:locale\" content=\"en_US\" \/>\n<meta property=\"og:type\" content=\"article\" \/>\n<meta property=\"og:title\" content=\"Recomand\u0103ri din partea pre\u0219edintelui Bisericii Adventiste, pastorul Aurel Nea\u021bu, cu privire la coronavirus \u0219i serviciile de \u00eenchinare din biserici\u00a0 - Conferinta Oltenia\" \/>\n<meta property=\"og:description\" content=\"\u00cen contextul discu\u021biilor despre m\u0103surile preventive care ar trebui luate pentru prevenirea infect\u0103rii cu virusul COVID-19, v\u0103 rog ca, dincolo de ceea ce s-a comunicat pe canalele oficiale ale bisericii \u0219i prin media, s\u0103 transmite\u021bi pastorilor \u0219i credincio\u0219ilor adventi\u0219ti urm\u0103toarele sugestii pentru \u00eent\u00e2lnirile din biserici: * Evitarea salutului prin str\u00e2ngerea m\u00e2inii. * Nu se va &hellip; Continued\" \/>\n<meta property=\"og:url\" content=\"https:\/\/adventistoltenia.ro\/site\/recomandari-din-partea-presedintelui-bisericii-adventiste-pastorul-aurel-neatu-cu-privire-la-coronavirus-si-serviciile-de-inchinare-din-biserici\/\" \/>\n<meta property=\"og:site_name\" content=\"Conferinta Oltenia\" \/>\n<meta property=\"article:published_time\" content=\"2020-02-29T01:36:09+00:00\" \/>\n<meta name=\"author\" content=\"Conferinta Oltenia\" \/>\n<meta name=\"twitter:card\" content=\"summary_large_image\" \/>\n<meta name=\"twitter:label1\" content=\"Written by\" \/>\n\t<meta name=\"twitter:data1\" content=\"Conferinta Oltenia\" \/>\n\t<meta name=\"twitter:label2\" content=\"Est. reading time\" \/>\n\t<meta name=\"twitter:data2\" content=\"1 minute\" \/>\n<script type=\"application\/ld+json\" class=\"yoast-schema-graph\">{\"@context\":\"https:\/\/schema.org\",\"@graph\":[{\"@type\":\"WebPage\",\"@id\":\"https:\/\/adventistoltenia.ro\/site\/recomandari-din-partea-presedintelui-bisericii-adventiste-pastorul-aurel-neatu-cu-privire-la-coronavirus-si-serviciile-de-inchinare-din-biserici\/\",\"url\":\"https:\/\/adventistoltenia.ro\/site\/recomandari-din-partea-presedintelui-bisericii-adventiste-pastorul-aurel-neatu-cu-privire-la-coronavirus-si-serviciile-de-inchinare-din-biserici\/\",\"name\":\"Recomand\u0103ri din partea pre\u0219edintelui Bisericii Adventiste, pastorul Aurel Nea\u021bu, cu privire la coronavirus \u0219i serviciile de \u00eenchinare din biserici\u00a0 - Conferinta Oltenia\",\"isPartOf\":{\"@id\":\"https:\/\/adventistoltenia.ro\/site\/#website\"},\"datePublished\":\"2020-02-29T01:36:09+00:00\",\"dateModified\":\"2020-02-29T01:36:09+00:00\",\"author\":{\"@id\":\"https:\/\/adventistoltenia.ro\/site\/#\/schema\/person\/81972d6ddcec064fcb37a129240ef9d7\"},\"breadcrumb\":{\"@id\":\"https:\/\/adventistoltenia.ro\/site\/recomandari-din-partea-presedintelui-bisericii-adventiste-pastorul-aurel-neatu-cu-privire-la-coronavirus-si-serviciile-de-inchinare-din-biserici\/#breadcrumb\"},\"inLanguage\":\"en-US\",\"potentialAction\":[{\"@type\":\"ReadAction\",\"target\":[\"https:\/\/adventistoltenia.ro\/site\/recomandari-din-partea-presedintelui-bisericii-adventiste-pastorul-aurel-neatu-cu-privire-la-coronavirus-si-serviciile-de-inchinare-din-biserici\/\"]}]},{\"@type\":\"BreadcrumbList\",\"@id\":\"https:\/\/adventistoltenia.ro\/site\/recomandari-din-partea-presedintelui-bisericii-adventiste-pastorul-aurel-neatu-cu-privire-la-coronavirus-si-serviciile-de-inchinare-din-biserici\/#breadcrumb\",\"itemListElement\":[{\"@type\":\"ListItem\",\"position\":1,\"name\":\"Home\",\"item\":\"https:\/\/adventistoltenia.ro\/site\/\"},{\"@type\":\"ListItem\",\"position\":2,\"name\":\"Recomand\u0103ri din partea pre\u0219edintelui Bisericii Adventiste, pastorul Aurel Nea\u021bu, cu privire la coronavirus \u0219i serviciile de \u00eenchinare din biserici\u00a0\"}]},{\"@type\":\"WebSite\",\"@id\":\"https:\/\/adventistoltenia.ro\/site\/#website\",\"url\":\"https:\/\/adventistoltenia.ro\/site\/\",\"name\":\"Conferinta Oltenia\",\"description\":\"Biserica Adventista de Ziua a Saptea\",\"potentialAction\":[{\"@type\":\"SearchAction\",\"target\":{\"@type\":\"EntryPoint\",\"urlTemplate\":\"https:\/\/adventistoltenia.ro\/site\/?s={search_term_string}\"},\"query-input\":\"required name=search_term_string\"}],\"inLanguage\":\"en-US\"},{\"@type\":\"Person\",\"@id\":\"https:\/\/adventistoltenia.ro\/site\/#\/schema\/person\/81972d6ddcec064fcb37a129240ef9d7\",\"name\":\"Conferinta Oltenia\",\"image\":{\"@type\":\"ImageObject\",\"inLanguage\":\"en-US\",\"@id\":\"https:\/\/adventistoltenia.ro\/site\/#\/schema\/person\/image\/\",\"url\":\"https:\/\/secure.gravatar.com\/avatar\/ebe92ec22e2e53a8eb79d6b52b724e27?s=96&d=mm&r=g\",\"contentUrl\":\"https:\/\/secure.gravatar.com\/avatar\/ebe92ec22e2e53a8eb79d6b52b724e27?s=96&d=mm&r=g\",\"caption\":\"Conferinta Oltenia\"},\"url\":\"https:\/\/adventistoltenia.ro\/site\/author\/adm1n\/\"}]}<\/script>\n<!-- \/ Yoast SEO plugin. -->","yoast_head_json":{"title":"Recomand\u0103ri din partea pre\u0219edintelui Bisericii Adventiste, pastorul Aurel Nea\u021bu, cu privire la coronavirus \u0219i serviciile de \u00eenchinare din biserici\u00a0 - Conferinta Oltenia","robots":{"index":"index","follow":"follow","max-snippet":"max-snippet:-1","max-image-preview":"max-image-preview:large","max-video-preview":"max-video-preview:-1"},"canonical":"https:\/\/adventistoltenia.ro\/site\/recomandari-din-partea-presedintelui-bisericii-adventiste-pastorul-aurel-neatu-cu-privire-la-coronavirus-si-serviciile-de-inchinare-din-biserici\/","og_locale":"en_US","og_type":"article","og_title":"Recomand\u0103ri din partea pre\u0219edintelui Bisericii Adventiste, pastorul Aurel Nea\u021bu, cu privire la coronavirus \u0219i serviciile de \u00eenchinare din biserici\u00a0 - Conferinta Oltenia","og_description":"\u00cen contextul discu\u021biilor despre m\u0103surile preventive care ar trebui luate pentru prevenirea infect\u0103rii cu virusul COVID-19, v\u0103 rog ca, dincolo de ceea ce s-a comunicat pe canalele oficiale ale bisericii \u0219i prin media, s\u0103 transmite\u021bi pastorilor \u0219i credincio\u0219ilor adventi\u0219ti urm\u0103toarele sugestii pentru \u00eent\u00e2lnirile din biserici: * Evitarea salutului prin str\u00e2ngerea m\u00e2inii. * Nu se va &hellip; Continued","og_url":"https:\/\/adventistoltenia.ro\/site\/recomandari-din-partea-presedintelui-bisericii-adventiste-pastorul-aurel-neatu-cu-privire-la-coronavirus-si-serviciile-de-inchinare-din-biserici\/","og_site_name":"Conferinta Oltenia","article_published_time":"2020-02-29T01:36:09+00:00","author":"Conferinta Oltenia","twitter_card":"summary_large_image","twitter_misc":{"Written by":"Conferinta Oltenia","Est. reading time":"1 minute"},"schema":{"@context":"https:\/\/schema.org","@graph":[{"@type":"WebPage","@id":"https:\/\/adventistoltenia.ro\/site\/recomandari-din-partea-presedintelui-bisericii-adventiste-pastorul-aurel-neatu-cu-privire-la-coronavirus-si-serviciile-de-inchinare-din-biserici\/","url":"https:\/\/adventistoltenia.ro\/site\/recomandari-din-partea-presedintelui-bisericii-adventiste-pastorul-aurel-neatu-cu-privire-la-coronavirus-si-serviciile-de-inchinare-din-biserici\/","name":"Recomand\u0103ri din partea pre\u0219edintelui Bisericii Adventiste, pastorul Aurel Nea\u021bu, cu privire la coronavirus \u0219i serviciile de \u00eenchinare din biserici\u00a0 - Conferinta Oltenia","isPartOf":{"@id":"https:\/\/adventistoltenia.ro\/site\/#website"},"datePublished":"2020-02-29T01:36:09+00:00","dateModified":"2020-02-29T01:36:09+00:00","author":{"@id":"https:\/\/adventistoltenia.ro\/site\/#\/schema\/person\/81972d6ddcec064fcb37a129240ef9d7"},"breadcrumb":{"@id":"https:\/\/adventistoltenia.ro\/site\/recomandari-din-partea-presedintelui-bisericii-adventiste-pastorul-aurel-neatu-cu-privire-la-coronavirus-si-serviciile-de-inchinare-din-biserici\/#breadcrumb"},"inLanguage":"en-US","potentialAction":[{"@type":"ReadAction","target":["https:\/\/adventistoltenia.ro\/site\/recomandari-din-partea-presedintelui-bisericii-adventiste-pastorul-aurel-neatu-cu-privire-la-coronavirus-si-serviciile-de-inchinare-din-biserici\/"]}]},{"@type":"BreadcrumbList","@id":"https:\/\/adventistoltenia.ro\/site\/recomandari-din-partea-presedintelui-bisericii-adventiste-pastorul-aurel-neatu-cu-privire-la-coronavirus-si-serviciile-de-inchinare-din-biserici\/#breadcrumb","itemListElement":[{"@type":"ListItem","position":1,"name":"Home","item":"https:\/\/adventistoltenia.ro\/site\/"},{"@type":"ListItem","position":2,"name":"Recomand\u0103ri din partea pre\u0219edintelui Bisericii Adventiste, pastorul Aurel Nea\u021bu, cu privire la coronavirus \u0219i serviciile de \u00eenchinare din biserici\u00a0"}]},{"@type":"WebSite","@id":"https:\/\/adventistoltenia.ro\/site\/#website","url":"https:\/\/adventistoltenia.ro\/site\/","name":"Conferinta Oltenia","description":"Biserica Adventista de Ziua a Saptea","potentialAction":[{"@type":"SearchAction","target":{"@type":"EntryPoint","urlTemplate":"https:\/\/adventistoltenia.ro\/site\/?s={search_term_string}"},"query-input":"required name=search_term_string"}],"inLanguage":"en-US"},{"@type":"Person","@id":"https:\/\/adventistoltenia.ro\/site\/#\/schema\/person\/81972d6ddcec064fcb37a129240ef9d7","name":"Conferinta Oltenia","image":{"@type":"ImageObject","inLanguage":"en-US","@id":"https:\/\/adventistoltenia.ro\/site\/#\/schema\/person\/image\/","url":"https:\/\/secure.gravatar.com\/avatar\/ebe92ec22e2e53a8eb79d6b52b724e27?s=96&d=mm&r=g","contentUrl":"https:\/\/secure.gravatar.com\/avatar\/ebe92ec22e2e53a8eb79d6b52b724e27?s=96&d=mm&r=g","caption":"Conferinta Oltenia"},"url":"https:\/\/adventistoltenia.ro\/site\/author\/adm1n\/"}]}},"_links":{"self":[{"href":"https:\/\/adventistoltenia.ro\/site\/wp-json\/wp\/v2\/posts\/3254"}],"collection":[{"href":"https:\/\/adventistoltenia.ro\/site\/wp-json\/wp\/v2\/posts"}],"about":[{"href":"https:\/\/adventistoltenia.ro\/site\/wp-json\/wp\/v2\/types\/post"}],"author":[{"embeddable":true,"href":"https:\/\/adventistoltenia.ro\/site\/wp-json\/wp\/v2\/users\/2"}],"replies":[{"embeddable":true,"href":"https:\/\/adventistoltenia.ro\/site\/wp-json\/wp\/v2\/comments?post=3254"}],"version-history":[{"count":0,"href":"https:\/\/adventistoltenia.ro\/site\/wp-json\/wp\/v2\/posts\/3254\/revisions"}],"wp:attachment":[{"href":"https:\/\/adventistoltenia.ro\/site\/wp-json\/wp\/v2\/media?parent=3254"}],"wp:term":[{"taxonomy":"category","embeddable":true,"href":"https:\/\/adventistoltenia.ro\/site\/wp-json\/wp\/v2\/categories?post=3254"},{"taxonomy":"post_tag","embeddable":true,"href":"https:\/\/adventistoltenia.ro\/site\/wp-json\/wp\/v2\/tags?post=3254"}],"curies":[{"name":"wp","href":"https:\/\/api.w.org\/{rel}","templated":true}]}}