{"id":3256,"date":"2020-03-03T01:27:56","date_gmt":"2020-03-03T01:27:56","guid":{"rendered":"http:\/\/adventistoltenia.ro\/site\/45-de-secunde-de-misiune-zilnica\/"},"modified":"2020-03-03T01:27:56","modified_gmt":"2020-03-03T01:27:56","slug":"45-de-secunde-de-misiune-zilnica","status":"publish","type":"post","link":"https:\/\/adventistoltenia.ro\/site\/45-de-secunde-de-misiune-zilnica\/","title":{"rendered":"45 de secunde de misiune zilnic\u0103"},"content":{"rendered":"<div>\n<p>\u00cen 2010, \u00een timp ce Darrin Purdy slujea ca pastor \u00een districtul Cleveland-Jamestown din Dakota de Nord, Statele Unite ale Americii, o or\u0103 de transmisie radio devenise liber\u0103. Purdy nu avea experien\u021b\u0103 \u00een radio, dar Biserica Adventist\u0103 de Ziua a \u0218aptea din Cleveland a crezut c\u0103 merit\u0103 s\u0103 \u00eencerce. Au ales s\u0103 completeze cea mai mare parte a orei cu un seminar din cartea biblic\u0103, Apocalipsa, dar Purdy trebuia s\u0103 fac\u0103 introducerea \u0219i s\u0103 rezerve ultimele dou\u0103 minute pentru a invita ascult\u0103torii la urm\u0103torul seminar.<\/p>\n<p>Biserica Adventist\u0103 de Ziua a \u0218aptea din Jamestown a dorit aib\u0103 \u0219i ea o emisiune radio, dar o or\u0103 \u00eentreag\u0103 era scump\u0103. Un director de v\u00e2nz\u0103ri al unui post de radio \u0219i-a \u00eenscris copilul la \u0219coala local\u0103 adventist\u0103, a\u0219a c\u0103 pastorul a discutat problema cu el. Directorul de v\u00e2nz\u0103ri a cercetat, a stabilit \u0219i a organizat un un minut zilnic de transmisie care urma s\u0103 fie redat atunci c\u00e2nd oamenii mergeau sau se \u00eentorceau de la munc\u0103.<\/p>\n<p>\u201eAcestea sunt mici puncte devo\u021bionale, pe care le numim \u201eDrive Time\u201d, a spus Purdy. Momentul \u00eencepe cu muzic\u0103 de chitar\u0103 \u0219i cu sunetul unei ma\u0219ini care porne\u0219te. \u201eScopul nostru este de a oferi oamenilor o idee spiritual\u0103. Exist\u0103 o introducere \u0219i o concluzie, a\u0219a c\u0103 am 42 de secunde; aproximativ 120 p\u00e2n\u0103 la 130 de cuvinte.\u201d<\/p>\n<p>\u201eDrive Time\u201d a devenit un punct de conectare cu oamenii din comunitate. Purdy a spus c\u0103 obiectivul s\u0103u este acela de a elimina bariere. \u201eOamenii cred c\u0103 spui adev\u0103rul pentru c\u0103 te-au auzit la radio\u201d, a spus el. \u201eEi devin doritori s\u0103 participe la seminarele asociate cu biserica ta sau cu numele t\u0103u.\u201d<\/p>\n<p>Dup\u0103 ce programul a fost redat o perioad\u0103, c\u00e2nd cineva auzea vocea lui Purdy la magazin sau vedea numele s\u0103u la banc\u0103 spunea: \u201e\u00cemi plac acele mici idei\u201d sau \u201eM\u0103 pun pe g\u00e2nduri\u201d sau \u201eLa asta m\u0103 g\u00e2ndesc toat\u0103 ziua.\u201d<\/p>\n<p>Purdy s-a mutat de atunci \u00een districtul Dakota de Sud, dar \u00eenc\u0103 administreaz\u0103 site-ul Drive Time. Obiectivul s\u0103u pentru site este de a avea un blog \u00een care oamenii s\u0103 poat\u0103 pune \u00eentreb\u0103ri la care el s\u0103 r\u0103spund\u0103 \u0219i \u00een care s\u0103 ofere informa\u021bii sau studii biblice.<\/p>\n<p>Cele aproximativ 300 de clipuri cu lungimea de un minut ale sale sunt \u00een prezent redate pe postul de radio Bismarck Christian Education, situat \u00een subsolul cl\u0103dirii Conferin\u021bei Dakota.<\/p>\n<p>\u201eVreau ca oamenii s\u0103 \u0219tie c\u0103 Dumnezeu se g\u00e2nde\u0219te la ei \u0219i \u00eei iube\u0219te.\u201d m\u0103rturisea Purdy.<\/p>\n<p><b>Sursa:<\/b>\u00a0<a href=\"https:\/\/www.adventistreview.org\/church-news\/story14530-42-seconds-to-share-the-message\" target=\"_blank\" rel=\"noopener noreferrer\" data-saferedirecturl=\"https:\/\/www.google.com\/url?q=https:\/\/www.adventistreview.org\/church-news\/story14530-42-seconds-to-share-the-message&#038;source=gmail&#038;ust=1583260795258000&#038;usg=AFQjCNHLADujyfjCPmk8k4VKgFo-Z1J35w\">Adventist Review<\/a><\/p>\n<\/div>\n<p class=\"wpematico_credit\"><small>Powered by <a href=\"http:\/\/www.wpematico.com\" target=\"_blank\" rel=\"noopener noreferrer\">WPeMatico<\/a><\/small><\/p>\n ","protected":false},"excerpt":{"rendered":"<p>\u00cen 2010, \u00een timp ce Darrin Purdy slujea ca pastor \u00een districtul Cleveland-Jamestown din Dakota de Nord, Statele Unite ale Americii, o or\u0103 de transmisie radio devenise liber\u0103. Purdy nu avea experien\u021b\u0103 \u00een radio, dar Biserica Adventist\u0103 de Ziua a \u0218aptea din Cleveland a crezut c\u0103 merit\u0103 s\u0103 \u00eencerce. Au ales s\u0103 completeze cea mai &hellip; <a href=\"https:\/\/adventistoltenia.ro\/site\/45-de-secunde-de-misiune-zilnica\/\">Continued<\/a><\/p>\n","protected":false},"author":2,"featured_media":0,"comment_status":"open","ping_status":"closed","sticky":false,"template":"","format":"standard","meta":[],"categories":[71],"tags":[],"yoast_head":"<!-- This site is optimized with the Yoast SEO plugin v20.3 - https:\/\/yoast.com\/wordpress\/plugins\/seo\/ -->\n<title>45 de secunde de misiune zilnic\u0103 - Conferinta Oltenia<\/title>\n<meta name=\"robots\" content=\"index, follow, max-snippet:-1, max-image-preview:large, max-video-preview:-1\" \/>\n<link rel=\"canonical\" href=\"https:\/\/adventistoltenia.ro\/site\/45-de-secunde-de-misiune-zilnica\/\" \/>\n<meta property=\"og:locale\" content=\"en_US\" \/>\n<meta property=\"og:type\" content=\"article\" \/>\n<meta property=\"og:title\" content=\"45 de secunde de misiune zilnic\u0103 - Conferinta Oltenia\" \/>\n<meta property=\"og:description\" content=\"\u00cen 2010, \u00een timp ce Darrin Purdy slujea ca pastor \u00een districtul Cleveland-Jamestown din Dakota de Nord, Statele Unite ale Americii, o or\u0103 de transmisie radio devenise liber\u0103. Purdy nu avea experien\u021b\u0103 \u00een radio, dar Biserica Adventist\u0103 de Ziua a \u0218aptea din Cleveland a crezut c\u0103 merit\u0103 s\u0103 \u00eencerce. Au ales s\u0103 completeze cea mai &hellip; Continued\" \/>\n<meta property=\"og:url\" content=\"https:\/\/adventistoltenia.ro\/site\/45-de-secunde-de-misiune-zilnica\/\" \/>\n<meta property=\"og:site_name\" content=\"Conferinta Oltenia\" \/>\n<meta property=\"article:published_time\" content=\"2020-03-03T01:27:56+00:00\" \/>\n<meta name=\"author\" content=\"Conferinta Oltenia\" \/>\n<meta name=\"twitter:card\" content=\"summary_large_image\" \/>\n<meta name=\"twitter:label1\" content=\"Written by\" \/>\n\t<meta name=\"twitter:data1\" content=\"Conferinta Oltenia\" \/>\n\t<meta name=\"twitter:label2\" content=\"Est. reading time\" \/>\n\t<meta name=\"twitter:data2\" content=\"2 minutes\" \/>\n<script type=\"application\/ld+json\" class=\"yoast-schema-graph\">{\"@context\":\"https:\/\/schema.org\",\"@graph\":[{\"@type\":\"WebPage\",\"@id\":\"https:\/\/adventistoltenia.ro\/site\/45-de-secunde-de-misiune-zilnica\/\",\"url\":\"https:\/\/adventistoltenia.ro\/site\/45-de-secunde-de-misiune-zilnica\/\",\"name\":\"45 de secunde de misiune zilnic\u0103 - Conferinta Oltenia\",\"isPartOf\":{\"@id\":\"https:\/\/adventistoltenia.ro\/site\/#website\"},\"datePublished\":\"2020-03-03T01:27:56+00:00\",\"dateModified\":\"2020-03-03T01:27:56+00:00\",\"author\":{\"@id\":\"https:\/\/adventistoltenia.ro\/site\/#\/schema\/person\/81972d6ddcec064fcb37a129240ef9d7\"},\"breadcrumb\":{\"@id\":\"https:\/\/adventistoltenia.ro\/site\/45-de-secunde-de-misiune-zilnica\/#breadcrumb\"},\"inLanguage\":\"en-US\",\"potentialAction\":[{\"@type\":\"ReadAction\",\"target\":[\"https:\/\/adventistoltenia.ro\/site\/45-de-secunde-de-misiune-zilnica\/\"]}]},{\"@type\":\"BreadcrumbList\",\"@id\":\"https:\/\/adventistoltenia.ro\/site\/45-de-secunde-de-misiune-zilnica\/#breadcrumb\",\"itemListElement\":[{\"@type\":\"ListItem\",\"position\":1,\"name\":\"Home\",\"item\":\"https:\/\/adventistoltenia.ro\/site\/\"},{\"@type\":\"ListItem\",\"position\":2,\"name\":\"45 de secunde de misiune zilnic\u0103\"}]},{\"@type\":\"WebSite\",\"@id\":\"https:\/\/adventistoltenia.ro\/site\/#website\",\"url\":\"https:\/\/adventistoltenia.ro\/site\/\",\"name\":\"Conferinta Oltenia\",\"description\":\"Biserica Adventista de Ziua a Saptea\",\"potentialAction\":[{\"@type\":\"SearchAction\",\"target\":{\"@type\":\"EntryPoint\",\"urlTemplate\":\"https:\/\/adventistoltenia.ro\/site\/?s={search_term_string}\"},\"query-input\":\"required name=search_term_string\"}],\"inLanguage\":\"en-US\"},{\"@type\":\"Person\",\"@id\":\"https:\/\/adventistoltenia.ro\/site\/#\/schema\/person\/81972d6ddcec064fcb37a129240ef9d7\",\"name\":\"Conferinta Oltenia\",\"image\":{\"@type\":\"ImageObject\",\"inLanguage\":\"en-US\",\"@id\":\"https:\/\/adventistoltenia.ro\/site\/#\/schema\/person\/image\/\",\"url\":\"https:\/\/secure.gravatar.com\/avatar\/ebe92ec22e2e53a8eb79d6b52b724e27?s=96&d=mm&r=g\",\"contentUrl\":\"https:\/\/secure.gravatar.com\/avatar\/ebe92ec22e2e53a8eb79d6b52b724e27?s=96&d=mm&r=g\",\"caption\":\"Conferinta Oltenia\"},\"url\":\"https:\/\/adventistoltenia.ro\/site\/author\/adm1n\/\"}]}<\/script>\n<!-- \/ Yoast SEO plugin. -->","yoast_head_json":{"title":"45 de secunde de misiune zilnic\u0103 - Conferinta Oltenia","robots":{"index":"index","follow":"follow","max-snippet":"max-snippet:-1","max-image-preview":"max-image-preview:large","max-video-preview":"max-video-preview:-1"},"canonical":"https:\/\/adventistoltenia.ro\/site\/45-de-secunde-de-misiune-zilnica\/","og_locale":"en_US","og_type":"article","og_title":"45 de secunde de misiune zilnic\u0103 - Conferinta Oltenia","og_description":"\u00cen 2010, \u00een timp ce Darrin Purdy slujea ca pastor \u00een districtul Cleveland-Jamestown din Dakota de Nord, Statele Unite ale Americii, o or\u0103 de transmisie radio devenise liber\u0103. Purdy nu avea experien\u021b\u0103 \u00een radio, dar Biserica Adventist\u0103 de Ziua a \u0218aptea din Cleveland a crezut c\u0103 merit\u0103 s\u0103 \u00eencerce. Au ales s\u0103 completeze cea mai &hellip; Continued","og_url":"https:\/\/adventistoltenia.ro\/site\/45-de-secunde-de-misiune-zilnica\/","og_site_name":"Conferinta Oltenia","article_published_time":"2020-03-03T01:27:56+00:00","author":"Conferinta Oltenia","twitter_card":"summary_large_image","twitter_misc":{"Written by":"Conferinta Oltenia","Est. reading time":"2 minutes"},"schema":{"@context":"https:\/\/schema.org","@graph":[{"@type":"WebPage","@id":"https:\/\/adventistoltenia.ro\/site\/45-de-secunde-de-misiune-zilnica\/","url":"https:\/\/adventistoltenia.ro\/site\/45-de-secunde-de-misiune-zilnica\/","name":"45 de secunde de misiune zilnic\u0103 - Conferinta Oltenia","isPartOf":{"@id":"https:\/\/adventistoltenia.ro\/site\/#website"},"datePublished":"2020-03-03T01:27:56+00:00","dateModified":"2020-03-03T01:27:56+00:00","author":{"@id":"https:\/\/adventistoltenia.ro\/site\/#\/schema\/person\/81972d6ddcec064fcb37a129240ef9d7"},"breadcrumb":{"@id":"https:\/\/adventistoltenia.ro\/site\/45-de-secunde-de-misiune-zilnica\/#breadcrumb"},"inLanguage":"en-US","potentialAction":[{"@type":"ReadAction","target":["https:\/\/adventistoltenia.ro\/site\/45-de-secunde-de-misiune-zilnica\/"]}]},{"@type":"BreadcrumbList","@id":"https:\/\/adventistoltenia.ro\/site\/45-de-secunde-de-misiune-zilnica\/#breadcrumb","itemListElement":[{"@type":"ListItem","position":1,"name":"Home","item":"https:\/\/adventistoltenia.ro\/site\/"},{"@type":"ListItem","position":2,"name":"45 de secunde de misiune zilnic\u0103"}]},{"@type":"WebSite","@id":"https:\/\/adventistoltenia.ro\/site\/#website","url":"https:\/\/adventistoltenia.ro\/site\/","name":"Conferinta Oltenia","description":"Biserica Adventista de Ziua a Saptea","potentialAction":[{"@type":"SearchAction","target":{"@type":"EntryPoint","urlTemplate":"https:\/\/adventistoltenia.ro\/site\/?s={search_term_string}"},"query-input":"required name=search_term_string"}],"inLanguage":"en-US"},{"@type":"Person","@id":"https:\/\/adventistoltenia.ro\/site\/#\/schema\/person\/81972d6ddcec064fcb37a129240ef9d7","name":"Conferinta Oltenia","image":{"@type":"ImageObject","inLanguage":"en-US","@id":"https:\/\/adventistoltenia.ro\/site\/#\/schema\/person\/image\/","url":"https:\/\/secure.gravatar.com\/avatar\/ebe92ec22e2e53a8eb79d6b52b724e27?s=96&d=mm&r=g","contentUrl":"https:\/\/secure.gravatar.com\/avatar\/ebe92ec22e2e53a8eb79d6b52b724e27?s=96&d=mm&r=g","caption":"Conferinta Oltenia"},"url":"https:\/\/adventistoltenia.ro\/site\/author\/adm1n\/"}]}},"_links":{"self":[{"href":"https:\/\/adventistoltenia.ro\/site\/wp-json\/wp\/v2\/posts\/3256"}],"collection":[{"href":"https:\/\/adventistoltenia.ro\/site\/wp-json\/wp\/v2\/posts"}],"about":[{"href":"https:\/\/adventistoltenia.ro\/site\/wp-json\/wp\/v2\/types\/post"}],"author":[{"embeddable":true,"href":"https:\/\/adventistoltenia.ro\/site\/wp-json\/wp\/v2\/users\/2"}],"replies":[{"embeddable":true,"href":"https:\/\/adventistoltenia.ro\/site\/wp-json\/wp\/v2\/comments?post=3256"}],"version-history":[{"count":0,"href":"https:\/\/adventistoltenia.ro\/site\/wp-json\/wp\/v2\/posts\/3256\/revisions"}],"wp:attachment":[{"href":"https:\/\/adventistoltenia.ro\/site\/wp-json\/wp\/v2\/media?parent=3256"}],"wp:term":[{"taxonomy":"category","embeddable":true,"href":"https:\/\/adventistoltenia.ro\/site\/wp-json\/wp\/v2\/categories?post=3256"},{"taxonomy":"post_tag","embeddable":true,"href":"https:\/\/adventistoltenia.ro\/site\/wp-json\/wp\/v2\/tags?post=3256"}],"curies":[{"name":"wp","href":"https:\/\/api.w.org\/{rel}","templated":true}]}}