{"id":3257,"date":"2020-03-03T01:27:57","date_gmt":"2020-03-03T01:27:57","guid":{"rendered":"http:\/\/adventistoltenia.ro\/site\/clarificari-in-privinta-mesajului-trimis-de-presedintele-bisericii-adventiste-de-ziua-a-saptea-din-romania-legat-de-coronavirus-si-serviciile-de-inchinare-din-biserici\/"},"modified":"2020-03-03T01:27:57","modified_gmt":"2020-03-03T01:27:57","slug":"clarificari-in-privinta-mesajului-trimis-de-presedintele-bisericii-adventiste-de-ziua-a-saptea-din-romania-legat-de-coronavirus-si-serviciile-de-inchinare-din-biserici","status":"publish","type":"post","link":"https:\/\/adventistoltenia.ro\/site\/clarificari-in-privinta-mesajului-trimis-de-presedintele-bisericii-adventiste-de-ziua-a-saptea-din-romania-legat-de-coronavirus-si-serviciile-de-inchinare-din-biserici\/","title":{"rendered":"Clarific\u0103ri \u00een privin\u021ba mesajului trimis de pre\u0219edintele Bisericii Adventiste de Ziua a \u0218aptea din Romania, legat de coronavirus \u0219i serviciile de \u00eenchinare din biserici"},"content":{"rendered":"<div>\n<p>Vineri, 28 februarie, site-ul www.adventist.ro a publicat un mesaj semnat de pre\u0219edintele Bisericii Adventiste de Ziua a \u0218aptea din Romania, pastorul Aurel Nea\u021bu, legat de coronavirus \u0219i serviciile de \u00eenchinare din biserici. Dup\u0103 cum au observat mul\u021bi cititori, mesajul a avut caracter intern pentru c\u0103 fusese trimis ini\u021bial \u00een mod exclusiv c\u0103tre pastorii adventi\u0219ti din Rom\u00e2nia.<\/p>\n<p>Din cauza faptului c\u0103 mesajul \u00eencepuse s\u0103 circule \u00een mediul online \u00eentr-o form\u0103 alterat\u0103, cu un impact crescut pe re\u021belele sociale, pre\u0219edintele Aurel Nea\u021bu al\u0103turi de echipa de comunicare au decis publicarea mesajului \u00een forma lui ini\u021bial\u0103 pe site-ul oficial al Bisericii Adventiste.<\/p>\n<p>Reafirm\u0103m faptul c\u0103 acest mesaj a avut caracter de recomandare tehnic\u0103 \u00eentr-un circuit intern de comunicare \u0219i prin urmare nu a con\u021binut elemente de credin\u021b\u0103. Subliniem \u0219i \u00eent\u0103rim convingerea ca r\u0103m\u00e2nem ancora\u021bi \u00een Dumnezeu, av\u00e2nd \u00eencrederea c\u0103 El este principalul sprijin \u00een orice situa\u021bie dificil\u0103.<\/p>\n<p>Dorim s\u0103 facem apel la echilibru, situa\u021bia din prezent nefiind una care s\u0103 creeze panic\u0103 sau s\u0103 impun\u0103 luarea unor m\u0103suri de criz\u0103. \u00cen acela\u0219i timp, ne dorim ca orice situa\u021bie dificil\u0103 s\u0103 ne g\u0103seasc\u0103 \u00een rolul fecioarelor \u00een\u021belepte din parabola biblic\u0103, av\u00e2nd l\u0103mpile pline cu untdelemn.<\/p>\n<p>De asemenea, este foarte important ca \u00een aceast\u0103 perioad\u0103 credincio\u0219ii Bisericii Adventiste de Ziua a \u0218aptea s\u0103 se informeze \u00een mod corect, de aceea v\u0103 recomand\u0103m s\u0103 alege\u021bi surse credibile, \u00een a\u0219a fel \u00eenc\u00e2t s\u0103 evita\u021bi fenomenul fake news.<\/p>\n<p>\u00cen ceea ce prive\u0219te circuitul de comunicare din cadrul organiza\u021biei, de fiecare dat\u0103 c\u00e2nd Uniunea de Conferin\u021be a Bisericii Adventiste de Ziua a \u0218aptea din Romania va avea de comunicat un mesaj oficial, o va face prin intermediul site-ului www.adventist.ro, unde vom continua s\u0103 transmitem mesaje de interes public.<\/p>\n<p>Dumnezeu s\u0103 ne ofere \u00een\u021belepciune!<\/p>\n<p><em>Departamentul de Comunicare al Bisericii Adventiste de Ziua a \u0218aptea din Rom\u00e2nia<\/em><\/p>\n<\/div>\n<p class=\"wpematico_credit\"><small>Powered by <a href=\"http:\/\/www.wpematico.com\" target=\"_blank\" rel=\"noopener noreferrer\">WPeMatico<\/a><\/small><\/p>\n ","protected":false},"excerpt":{"rendered":"<p>Vineri, 28 februarie, site-ul www.adventist.ro a publicat un mesaj semnat de pre\u0219edintele Bisericii Adventiste de Ziua a \u0218aptea din Romania, pastorul Aurel Nea\u021bu, legat de coronavirus \u0219i serviciile de \u00eenchinare din biserici. Dup\u0103 cum au observat mul\u021bi cititori, mesajul a avut caracter intern pentru c\u0103 fusese trimis ini\u021bial \u00een mod exclusiv c\u0103tre pastorii adventi\u0219ti din &hellip; <a href=\"https:\/\/adventistoltenia.ro\/site\/clarificari-in-privinta-mesajului-trimis-de-presedintele-bisericii-adventiste-de-ziua-a-saptea-din-romania-legat-de-coronavirus-si-serviciile-de-inchinare-din-biserici\/\">Continued<\/a><\/p>\n","protected":false},"author":2,"featured_media":0,"comment_status":"open","ping_status":"closed","sticky":false,"template":"","format":"standard","meta":[],"categories":[71],"tags":[],"yoast_head":"<!-- This site is optimized with the Yoast SEO plugin v20.3 - https:\/\/yoast.com\/wordpress\/plugins\/seo\/ -->\n<title>Clarific\u0103ri \u00een privin\u021ba mesajului trimis de pre\u0219edintele Bisericii Adventiste de Ziua a \u0218aptea din Romania, legat de coronavirus \u0219i serviciile de \u00eenchinare din biserici - Conferinta Oltenia<\/title>\n<meta name=\"robots\" content=\"index, follow, max-snippet:-1, max-image-preview:large, max-video-preview:-1\" \/>\n<link rel=\"canonical\" href=\"https:\/\/adventistoltenia.ro\/site\/clarificari-in-privinta-mesajului-trimis-de-presedintele-bisericii-adventiste-de-ziua-a-saptea-din-romania-legat-de-coronavirus-si-serviciile-de-inchinare-din-biserici\/\" \/>\n<meta property=\"og:locale\" content=\"en_US\" \/>\n<meta property=\"og:type\" content=\"article\" \/>\n<meta property=\"og:title\" content=\"Clarific\u0103ri \u00een privin\u021ba mesajului trimis de pre\u0219edintele Bisericii Adventiste de Ziua a \u0218aptea din Romania, legat de coronavirus \u0219i serviciile de \u00eenchinare din biserici - Conferinta Oltenia\" \/>\n<meta property=\"og:description\" content=\"Vineri, 28 februarie, site-ul www.adventist.ro a publicat un mesaj semnat de pre\u0219edintele Bisericii Adventiste de Ziua a \u0218aptea din Romania, pastorul Aurel Nea\u021bu, legat de coronavirus \u0219i serviciile de \u00eenchinare din biserici. Dup\u0103 cum au observat mul\u021bi cititori, mesajul a avut caracter intern pentru c\u0103 fusese trimis ini\u021bial \u00een mod exclusiv c\u0103tre pastorii adventi\u0219ti din &hellip; Continued\" \/>\n<meta property=\"og:url\" content=\"https:\/\/adventistoltenia.ro\/site\/clarificari-in-privinta-mesajului-trimis-de-presedintele-bisericii-adventiste-de-ziua-a-saptea-din-romania-legat-de-coronavirus-si-serviciile-de-inchinare-din-biserici\/\" \/>\n<meta property=\"og:site_name\" content=\"Conferinta Oltenia\" \/>\n<meta property=\"article:published_time\" content=\"2020-03-03T01:27:57+00:00\" \/>\n<meta name=\"author\" content=\"Conferinta Oltenia\" \/>\n<meta name=\"twitter:card\" content=\"summary_large_image\" \/>\n<meta name=\"twitter:label1\" content=\"Written by\" \/>\n\t<meta name=\"twitter:data1\" content=\"Conferinta Oltenia\" \/>\n\t<meta name=\"twitter:label2\" content=\"Est. reading time\" \/>\n\t<meta name=\"twitter:data2\" content=\"2 minutes\" \/>\n<script type=\"application\/ld+json\" class=\"yoast-schema-graph\">{\"@context\":\"https:\/\/schema.org\",\"@graph\":[{\"@type\":\"WebPage\",\"@id\":\"https:\/\/adventistoltenia.ro\/site\/clarificari-in-privinta-mesajului-trimis-de-presedintele-bisericii-adventiste-de-ziua-a-saptea-din-romania-legat-de-coronavirus-si-serviciile-de-inchinare-din-biserici\/\",\"url\":\"https:\/\/adventistoltenia.ro\/site\/clarificari-in-privinta-mesajului-trimis-de-presedintele-bisericii-adventiste-de-ziua-a-saptea-din-romania-legat-de-coronavirus-si-serviciile-de-inchinare-din-biserici\/\",\"name\":\"Clarific\u0103ri \u00een privin\u021ba mesajului trimis de pre\u0219edintele Bisericii Adventiste de Ziua a \u0218aptea din Romania, legat de coronavirus \u0219i serviciile de \u00eenchinare din biserici - Conferinta Oltenia\",\"isPartOf\":{\"@id\":\"https:\/\/adventistoltenia.ro\/site\/#website\"},\"datePublished\":\"2020-03-03T01:27:57+00:00\",\"dateModified\":\"2020-03-03T01:27:57+00:00\",\"author\":{\"@id\":\"https:\/\/adventistoltenia.ro\/site\/#\/schema\/person\/81972d6ddcec064fcb37a129240ef9d7\"},\"breadcrumb\":{\"@id\":\"https:\/\/adventistoltenia.ro\/site\/clarificari-in-privinta-mesajului-trimis-de-presedintele-bisericii-adventiste-de-ziua-a-saptea-din-romania-legat-de-coronavirus-si-serviciile-de-inchinare-din-biserici\/#breadcrumb\"},\"inLanguage\":\"en-US\",\"potentialAction\":[{\"@type\":\"ReadAction\",\"target\":[\"https:\/\/adventistoltenia.ro\/site\/clarificari-in-privinta-mesajului-trimis-de-presedintele-bisericii-adventiste-de-ziua-a-saptea-din-romania-legat-de-coronavirus-si-serviciile-de-inchinare-din-biserici\/\"]}]},{\"@type\":\"BreadcrumbList\",\"@id\":\"https:\/\/adventistoltenia.ro\/site\/clarificari-in-privinta-mesajului-trimis-de-presedintele-bisericii-adventiste-de-ziua-a-saptea-din-romania-legat-de-coronavirus-si-serviciile-de-inchinare-din-biserici\/#breadcrumb\",\"itemListElement\":[{\"@type\":\"ListItem\",\"position\":1,\"name\":\"Home\",\"item\":\"https:\/\/adventistoltenia.ro\/site\/\"},{\"@type\":\"ListItem\",\"position\":2,\"name\":\"Clarific\u0103ri \u00een privin\u021ba mesajului trimis de pre\u0219edintele Bisericii Adventiste de Ziua a \u0218aptea din Romania, legat de coronavirus \u0219i serviciile de \u00eenchinare din biserici\"}]},{\"@type\":\"WebSite\",\"@id\":\"https:\/\/adventistoltenia.ro\/site\/#website\",\"url\":\"https:\/\/adventistoltenia.ro\/site\/\",\"name\":\"Conferinta Oltenia\",\"description\":\"Biserica Adventista de Ziua a Saptea\",\"potentialAction\":[{\"@type\":\"SearchAction\",\"target\":{\"@type\":\"EntryPoint\",\"urlTemplate\":\"https:\/\/adventistoltenia.ro\/site\/?s={search_term_string}\"},\"query-input\":\"required name=search_term_string\"}],\"inLanguage\":\"en-US\"},{\"@type\":\"Person\",\"@id\":\"https:\/\/adventistoltenia.ro\/site\/#\/schema\/person\/81972d6ddcec064fcb37a129240ef9d7\",\"name\":\"Conferinta Oltenia\",\"image\":{\"@type\":\"ImageObject\",\"inLanguage\":\"en-US\",\"@id\":\"https:\/\/adventistoltenia.ro\/site\/#\/schema\/person\/image\/\",\"url\":\"https:\/\/secure.gravatar.com\/avatar\/ebe92ec22e2e53a8eb79d6b52b724e27?s=96&d=mm&r=g\",\"contentUrl\":\"https:\/\/secure.gravatar.com\/avatar\/ebe92ec22e2e53a8eb79d6b52b724e27?s=96&d=mm&r=g\",\"caption\":\"Conferinta Oltenia\"},\"url\":\"https:\/\/adventistoltenia.ro\/site\/author\/adm1n\/\"}]}<\/script>\n<!-- \/ Yoast SEO plugin. -->","yoast_head_json":{"title":"Clarific\u0103ri \u00een privin\u021ba mesajului trimis de pre\u0219edintele Bisericii Adventiste de Ziua a \u0218aptea din Romania, legat de coronavirus \u0219i serviciile de \u00eenchinare din biserici - Conferinta Oltenia","robots":{"index":"index","follow":"follow","max-snippet":"max-snippet:-1","max-image-preview":"max-image-preview:large","max-video-preview":"max-video-preview:-1"},"canonical":"https:\/\/adventistoltenia.ro\/site\/clarificari-in-privinta-mesajului-trimis-de-presedintele-bisericii-adventiste-de-ziua-a-saptea-din-romania-legat-de-coronavirus-si-serviciile-de-inchinare-din-biserici\/","og_locale":"en_US","og_type":"article","og_title":"Clarific\u0103ri \u00een privin\u021ba mesajului trimis de pre\u0219edintele Bisericii Adventiste de Ziua a \u0218aptea din Romania, legat de coronavirus \u0219i serviciile de \u00eenchinare din biserici - Conferinta Oltenia","og_description":"Vineri, 28 februarie, site-ul www.adventist.ro a publicat un mesaj semnat de pre\u0219edintele Bisericii Adventiste de Ziua a \u0218aptea din Romania, pastorul Aurel Nea\u021bu, legat de coronavirus \u0219i serviciile de \u00eenchinare din biserici. Dup\u0103 cum au observat mul\u021bi cititori, mesajul a avut caracter intern pentru c\u0103 fusese trimis ini\u021bial \u00een mod exclusiv c\u0103tre pastorii adventi\u0219ti din &hellip; Continued","og_url":"https:\/\/adventistoltenia.ro\/site\/clarificari-in-privinta-mesajului-trimis-de-presedintele-bisericii-adventiste-de-ziua-a-saptea-din-romania-legat-de-coronavirus-si-serviciile-de-inchinare-din-biserici\/","og_site_name":"Conferinta Oltenia","article_published_time":"2020-03-03T01:27:57+00:00","author":"Conferinta Oltenia","twitter_card":"summary_large_image","twitter_misc":{"Written by":"Conferinta Oltenia","Est. reading time":"2 minutes"},"schema":{"@context":"https:\/\/schema.org","@graph":[{"@type":"WebPage","@id":"https:\/\/adventistoltenia.ro\/site\/clarificari-in-privinta-mesajului-trimis-de-presedintele-bisericii-adventiste-de-ziua-a-saptea-din-romania-legat-de-coronavirus-si-serviciile-de-inchinare-din-biserici\/","url":"https:\/\/adventistoltenia.ro\/site\/clarificari-in-privinta-mesajului-trimis-de-presedintele-bisericii-adventiste-de-ziua-a-saptea-din-romania-legat-de-coronavirus-si-serviciile-de-inchinare-din-biserici\/","name":"Clarific\u0103ri \u00een privin\u021ba mesajului trimis de pre\u0219edintele Bisericii Adventiste de Ziua a \u0218aptea din Romania, legat de coronavirus \u0219i serviciile de \u00eenchinare din biserici - Conferinta Oltenia","isPartOf":{"@id":"https:\/\/adventistoltenia.ro\/site\/#website"},"datePublished":"2020-03-03T01:27:57+00:00","dateModified":"2020-03-03T01:27:57+00:00","author":{"@id":"https:\/\/adventistoltenia.ro\/site\/#\/schema\/person\/81972d6ddcec064fcb37a129240ef9d7"},"breadcrumb":{"@id":"https:\/\/adventistoltenia.ro\/site\/clarificari-in-privinta-mesajului-trimis-de-presedintele-bisericii-adventiste-de-ziua-a-saptea-din-romania-legat-de-coronavirus-si-serviciile-de-inchinare-din-biserici\/#breadcrumb"},"inLanguage":"en-US","potentialAction":[{"@type":"ReadAction","target":["https:\/\/adventistoltenia.ro\/site\/clarificari-in-privinta-mesajului-trimis-de-presedintele-bisericii-adventiste-de-ziua-a-saptea-din-romania-legat-de-coronavirus-si-serviciile-de-inchinare-din-biserici\/"]}]},{"@type":"BreadcrumbList","@id":"https:\/\/adventistoltenia.ro\/site\/clarificari-in-privinta-mesajului-trimis-de-presedintele-bisericii-adventiste-de-ziua-a-saptea-din-romania-legat-de-coronavirus-si-serviciile-de-inchinare-din-biserici\/#breadcrumb","itemListElement":[{"@type":"ListItem","position":1,"name":"Home","item":"https:\/\/adventistoltenia.ro\/site\/"},{"@type":"ListItem","position":2,"name":"Clarific\u0103ri \u00een privin\u021ba mesajului trimis de pre\u0219edintele Bisericii Adventiste de Ziua a \u0218aptea din Romania, legat de coronavirus \u0219i serviciile de \u00eenchinare din biserici"}]},{"@type":"WebSite","@id":"https:\/\/adventistoltenia.ro\/site\/#website","url":"https:\/\/adventistoltenia.ro\/site\/","name":"Conferinta Oltenia","description":"Biserica Adventista de Ziua a Saptea","potentialAction":[{"@type":"SearchAction","target":{"@type":"EntryPoint","urlTemplate":"https:\/\/adventistoltenia.ro\/site\/?s={search_term_string}"},"query-input":"required name=search_term_string"}],"inLanguage":"en-US"},{"@type":"Person","@id":"https:\/\/adventistoltenia.ro\/site\/#\/schema\/person\/81972d6ddcec064fcb37a129240ef9d7","name":"Conferinta Oltenia","image":{"@type":"ImageObject","inLanguage":"en-US","@id":"https:\/\/adventistoltenia.ro\/site\/#\/schema\/person\/image\/","url":"https:\/\/secure.gravatar.com\/avatar\/ebe92ec22e2e53a8eb79d6b52b724e27?s=96&d=mm&r=g","contentUrl":"https:\/\/secure.gravatar.com\/avatar\/ebe92ec22e2e53a8eb79d6b52b724e27?s=96&d=mm&r=g","caption":"Conferinta Oltenia"},"url":"https:\/\/adventistoltenia.ro\/site\/author\/adm1n\/"}]}},"_links":{"self":[{"href":"https:\/\/adventistoltenia.ro\/site\/wp-json\/wp\/v2\/posts\/3257"}],"collection":[{"href":"https:\/\/adventistoltenia.ro\/site\/wp-json\/wp\/v2\/posts"}],"about":[{"href":"https:\/\/adventistoltenia.ro\/site\/wp-json\/wp\/v2\/types\/post"}],"author":[{"embeddable":true,"href":"https:\/\/adventistoltenia.ro\/site\/wp-json\/wp\/v2\/users\/2"}],"replies":[{"embeddable":true,"href":"https:\/\/adventistoltenia.ro\/site\/wp-json\/wp\/v2\/comments?post=3257"}],"version-history":[{"count":0,"href":"https:\/\/adventistoltenia.ro\/site\/wp-json\/wp\/v2\/posts\/3257\/revisions"}],"wp:attachment":[{"href":"https:\/\/adventistoltenia.ro\/site\/wp-json\/wp\/v2\/media?parent=3257"}],"wp:term":[{"taxonomy":"category","embeddable":true,"href":"https:\/\/adventistoltenia.ro\/site\/wp-json\/wp\/v2\/categories?post=3257"},{"taxonomy":"post_tag","embeddable":true,"href":"https:\/\/adventistoltenia.ro\/site\/wp-json\/wp\/v2\/tags?post=3257"}],"curies":[{"name":"wp","href":"https:\/\/api.w.org\/{rel}","templated":true}]}}