{"id":3259,"date":"2020-03-07T01:08:32","date_gmt":"2020-03-07T01:08:32","guid":{"rendered":"http:\/\/adventistoltenia.ro\/site\/pozitia-oficiala-a-bisericii-adventiste-fata-de-vaccinuri\/"},"modified":"2020-03-07T01:08:32","modified_gmt":"2020-03-07T01:08:32","slug":"pozitia-oficiala-a-bisericii-adventiste-fata-de-vaccinuri","status":"publish","type":"post","link":"https:\/\/adventistoltenia.ro\/site\/pozitia-oficiala-a-bisericii-adventiste-fata-de-vaccinuri\/","title":{"rendered":"Pozi\u0163ia oficial\u0103 a Bisericii Adventiste fa\u0163\u0103 de vaccinuri"},"content":{"rendered":"<div>\n<p>Vaccinarea copiilor ar putea deveni obligatorie, dup\u0103 ce deputa\u0163ii Comisiei pentru s\u0103n\u0103tate au votat \u00een unanimitate, luni, 02.03, introducerea acestui amendament \u00een proiectul legii vaccin\u0103rii. Proiectul de lege mai trebuie s\u0103 primeasc\u0103 votul plenului Camerei Deputa\u0163ilor, care este for decizional.<\/p>\n<p>Biserica Adventist\u0103 de Ziua a \u0218aptea \u0219i-a asumat o pozi\u0163ie oficial\u0103 \u00een privin\u0163a vaccinurilor \u00eenc\u0103 din anul 2015, declar\u00e2nd c\u0103 \u201e\u00eencurajeaz\u0103 imunizarea responsabil\u0103\u201d \u0219i c\u0103 nu are niciun motiv bazat pe credin\u0163\u0103 pentru a-i descuraja pe credincio\u0219i s\u0103 participe la programele de imunizare colectiv\u0103.<\/p>\n<p>Potrivit declara\u0163iei oficiale dat\u0103 de Conferin\u021ba General\u0103 a Bisericii Adventiste de Ziua a \u0218aptea, pe care dorim s\u0103 o readucem \u00een aten\u021bie \u021bin\u00e2nd cont de amendamentul votat de Comisia de s\u0103n\u0103tate, \u201eBiserica Adventist\u0103 accentueaz\u0103 puternic importan\u0163a s\u0103n\u0103t\u0103\u0163ii \u0219i a bun\u0103st\u0103rii. Aten\u0163ia deosebit\u0103 pe care adventi\u0219tii o acord\u0103 s\u0103n\u0103t\u0103\u0163ii este bazat\u0103 pe revela\u0163ia biblic\u0103, pe scrierile inspirate ale lui Ellen White \u0219i pe literatura \u0219tiin\u0163ific\u0103. \u00cen consecin\u0163\u0103, \u00eencuraj\u0103m imunizarea\/vaccinarea responsabil\u0103 \u0219i nu avem niciun motiv religios s\u0103 nu \u00eei \u00eencuraj\u0103m pe membrii no\u0219tri s\u0103 participe responsabil la programele de imunizare protectiv\u0103 \u0219i preventiv\u0103. Pre\u0163uim s\u0103n\u0103tatea \u0219i siguran\u0163a popula\u0163iei, iar acestea includ men\u0163inerea \u00abimuniz\u0103rii colective\u00bb.\u201d<\/p>\n<p>Biserica Adventist\u0103 s-a dezis \u00een totalitate de tentativele de contraargumentare a vaccin\u0103rii prin apeluri la con\u0219tiin\u0163a religioas\u0103 a credincio\u0219ilor \u0219i a declarat c\u0103 doctrina sa nu include nicio interdic\u0163ie asupra vaccin\u0103rii.<br \/>\n\u201eNu ac\u0163ion\u0103m drept con\u0219tiin\u0163\u0103 pentru niciun membru al bisericii \u0219i recunoa\u0219tem dreptul la libertatea de alegere. (\u2026) Alegerea de a nu fi imunizat nu este \u0219i nu ar trebui s\u0103 fie v\u0103zut\u0103 ca o dogm\u0103 sau ca o doctrin\u0103 a Bisericii Adventiste de Ziua a \u0218aptea\u201d, apare \u00een declara\u021bia oficial\u0103 dat\u0103 de Conferin\u021ba General\u0103 \u00een anul 2015.<\/p>\n<p><em>Surs\u0103:<\/em><\/p>\n<p><a href=\"https:\/\/semneletimpului.ro\/sanatate\/pozitia-oficiala-a-bisericii-adventiste-fata-de-vaccinuri.html\" target=\"_blank\" rel=\"noopener noreferrer\"><em>Semnele Timpului<\/em><\/a><\/p>\n<p>Declara\u021bia integral\u0103 poate fi citit\u0103 aici:<\/p>\n<p><a href=\"https:\/\/www.adventist.org\/articles\/immunization\/\" target=\"_blank\" rel=\"noopener noreferrer\">adventist.org<\/a><\/p>\n<p><a href=\"http:\/\/www.curieruladventist.ro\/acasa\/pbav\" target=\"_blank\" rel=\"noopener noreferrer\">http:\/\/www.curieruladventist.ro\/acasa\/pbav<\/a><\/p>\n<\/div>\n<p class=\"wpematico_credit\"><small>Powered by <a href=\"http:\/\/www.wpematico.com\" target=\"_blank\" rel=\"noopener noreferrer\">WPeMatico<\/a><\/small><\/p>\n ","protected":false},"excerpt":{"rendered":"<p>Vaccinarea copiilor ar putea deveni obligatorie, dup\u0103 ce deputa\u0163ii Comisiei pentru s\u0103n\u0103tate au votat \u00een unanimitate, luni, 02.03, introducerea acestui amendament \u00een proiectul legii vaccin\u0103rii. Proiectul de lege mai trebuie s\u0103 primeasc\u0103 votul plenului Camerei Deputa\u0163ilor, care este for decizional. Biserica Adventist\u0103 de Ziua a \u0218aptea \u0219i-a asumat o pozi\u0163ie oficial\u0103 \u00een privin\u0163a vaccinurilor \u00eenc\u0103 &hellip; <a href=\"https:\/\/adventistoltenia.ro\/site\/pozitia-oficiala-a-bisericii-adventiste-fata-de-vaccinuri\/\">Continued<\/a><\/p>\n","protected":false},"author":2,"featured_media":0,"comment_status":"open","ping_status":"closed","sticky":false,"template":"","format":"standard","meta":[],"categories":[71],"tags":[],"yoast_head":"<!-- This site is optimized with the Yoast SEO plugin v20.3 - https:\/\/yoast.com\/wordpress\/plugins\/seo\/ -->\n<title>Pozi\u0163ia oficial\u0103 a Bisericii Adventiste fa\u0163\u0103 de vaccinuri - Conferinta Oltenia<\/title>\n<meta name=\"robots\" content=\"index, follow, max-snippet:-1, max-image-preview:large, max-video-preview:-1\" \/>\n<link rel=\"canonical\" href=\"https:\/\/adventistoltenia.ro\/site\/pozitia-oficiala-a-bisericii-adventiste-fata-de-vaccinuri\/\" \/>\n<meta property=\"og:locale\" content=\"en_US\" \/>\n<meta property=\"og:type\" content=\"article\" \/>\n<meta property=\"og:title\" content=\"Pozi\u0163ia oficial\u0103 a Bisericii Adventiste fa\u0163\u0103 de vaccinuri - Conferinta Oltenia\" \/>\n<meta property=\"og:description\" content=\"Vaccinarea copiilor ar putea deveni obligatorie, dup\u0103 ce deputa\u0163ii Comisiei pentru s\u0103n\u0103tate au votat \u00een unanimitate, luni, 02.03, introducerea acestui amendament \u00een proiectul legii vaccin\u0103rii. Proiectul de lege mai trebuie s\u0103 primeasc\u0103 votul plenului Camerei Deputa\u0163ilor, care este for decizional. Biserica Adventist\u0103 de Ziua a \u0218aptea \u0219i-a asumat o pozi\u0163ie oficial\u0103 \u00een privin\u0163a vaccinurilor \u00eenc\u0103 &hellip; Continued\" \/>\n<meta property=\"og:url\" content=\"https:\/\/adventistoltenia.ro\/site\/pozitia-oficiala-a-bisericii-adventiste-fata-de-vaccinuri\/\" \/>\n<meta property=\"og:site_name\" content=\"Conferinta Oltenia\" \/>\n<meta property=\"article:published_time\" content=\"2020-03-07T01:08:32+00:00\" \/>\n<meta name=\"author\" content=\"Conferinta Oltenia\" \/>\n<meta name=\"twitter:card\" content=\"summary_large_image\" \/>\n<meta name=\"twitter:label1\" content=\"Written by\" \/>\n\t<meta name=\"twitter:data1\" content=\"Conferinta Oltenia\" \/>\n\t<meta name=\"twitter:label2\" content=\"Est. reading time\" \/>\n\t<meta name=\"twitter:data2\" content=\"2 minutes\" \/>\n<script type=\"application\/ld+json\" class=\"yoast-schema-graph\">{\"@context\":\"https:\/\/schema.org\",\"@graph\":[{\"@type\":\"WebPage\",\"@id\":\"https:\/\/adventistoltenia.ro\/site\/pozitia-oficiala-a-bisericii-adventiste-fata-de-vaccinuri\/\",\"url\":\"https:\/\/adventistoltenia.ro\/site\/pozitia-oficiala-a-bisericii-adventiste-fata-de-vaccinuri\/\",\"name\":\"Pozi\u0163ia oficial\u0103 a Bisericii Adventiste fa\u0163\u0103 de vaccinuri - Conferinta Oltenia\",\"isPartOf\":{\"@id\":\"https:\/\/adventistoltenia.ro\/site\/#website\"},\"datePublished\":\"2020-03-07T01:08:32+00:00\",\"dateModified\":\"2020-03-07T01:08:32+00:00\",\"author\":{\"@id\":\"https:\/\/adventistoltenia.ro\/site\/#\/schema\/person\/81972d6ddcec064fcb37a129240ef9d7\"},\"breadcrumb\":{\"@id\":\"https:\/\/adventistoltenia.ro\/site\/pozitia-oficiala-a-bisericii-adventiste-fata-de-vaccinuri\/#breadcrumb\"},\"inLanguage\":\"en-US\",\"potentialAction\":[{\"@type\":\"ReadAction\",\"target\":[\"https:\/\/adventistoltenia.ro\/site\/pozitia-oficiala-a-bisericii-adventiste-fata-de-vaccinuri\/\"]}]},{\"@type\":\"BreadcrumbList\",\"@id\":\"https:\/\/adventistoltenia.ro\/site\/pozitia-oficiala-a-bisericii-adventiste-fata-de-vaccinuri\/#breadcrumb\",\"itemListElement\":[{\"@type\":\"ListItem\",\"position\":1,\"name\":\"Home\",\"item\":\"https:\/\/adventistoltenia.ro\/site\/\"},{\"@type\":\"ListItem\",\"position\":2,\"name\":\"Pozi\u0163ia oficial\u0103 a Bisericii Adventiste fa\u0163\u0103 de vaccinuri\"}]},{\"@type\":\"WebSite\",\"@id\":\"https:\/\/adventistoltenia.ro\/site\/#website\",\"url\":\"https:\/\/adventistoltenia.ro\/site\/\",\"name\":\"Conferinta Oltenia\",\"description\":\"Biserica Adventista de Ziua a Saptea\",\"potentialAction\":[{\"@type\":\"SearchAction\",\"target\":{\"@type\":\"EntryPoint\",\"urlTemplate\":\"https:\/\/adventistoltenia.ro\/site\/?s={search_term_string}\"},\"query-input\":\"required name=search_term_string\"}],\"inLanguage\":\"en-US\"},{\"@type\":\"Person\",\"@id\":\"https:\/\/adventistoltenia.ro\/site\/#\/schema\/person\/81972d6ddcec064fcb37a129240ef9d7\",\"name\":\"Conferinta Oltenia\",\"image\":{\"@type\":\"ImageObject\",\"inLanguage\":\"en-US\",\"@id\":\"https:\/\/adventistoltenia.ro\/site\/#\/schema\/person\/image\/\",\"url\":\"https:\/\/secure.gravatar.com\/avatar\/ebe92ec22e2e53a8eb79d6b52b724e27?s=96&d=mm&r=g\",\"contentUrl\":\"https:\/\/secure.gravatar.com\/avatar\/ebe92ec22e2e53a8eb79d6b52b724e27?s=96&d=mm&r=g\",\"caption\":\"Conferinta Oltenia\"},\"url\":\"https:\/\/adventistoltenia.ro\/site\/author\/adm1n\/\"}]}<\/script>\n<!-- \/ Yoast SEO plugin. -->","yoast_head_json":{"title":"Pozi\u0163ia oficial\u0103 a Bisericii Adventiste fa\u0163\u0103 de vaccinuri - Conferinta Oltenia","robots":{"index":"index","follow":"follow","max-snippet":"max-snippet:-1","max-image-preview":"max-image-preview:large","max-video-preview":"max-video-preview:-1"},"canonical":"https:\/\/adventistoltenia.ro\/site\/pozitia-oficiala-a-bisericii-adventiste-fata-de-vaccinuri\/","og_locale":"en_US","og_type":"article","og_title":"Pozi\u0163ia oficial\u0103 a Bisericii Adventiste fa\u0163\u0103 de vaccinuri - Conferinta Oltenia","og_description":"Vaccinarea copiilor ar putea deveni obligatorie, dup\u0103 ce deputa\u0163ii Comisiei pentru s\u0103n\u0103tate au votat \u00een unanimitate, luni, 02.03, introducerea acestui amendament \u00een proiectul legii vaccin\u0103rii. Proiectul de lege mai trebuie s\u0103 primeasc\u0103 votul plenului Camerei Deputa\u0163ilor, care este for decizional. Biserica Adventist\u0103 de Ziua a \u0218aptea \u0219i-a asumat o pozi\u0163ie oficial\u0103 \u00een privin\u0163a vaccinurilor \u00eenc\u0103 &hellip; Continued","og_url":"https:\/\/adventistoltenia.ro\/site\/pozitia-oficiala-a-bisericii-adventiste-fata-de-vaccinuri\/","og_site_name":"Conferinta Oltenia","article_published_time":"2020-03-07T01:08:32+00:00","author":"Conferinta Oltenia","twitter_card":"summary_large_image","twitter_misc":{"Written by":"Conferinta Oltenia","Est. reading time":"2 minutes"},"schema":{"@context":"https:\/\/schema.org","@graph":[{"@type":"WebPage","@id":"https:\/\/adventistoltenia.ro\/site\/pozitia-oficiala-a-bisericii-adventiste-fata-de-vaccinuri\/","url":"https:\/\/adventistoltenia.ro\/site\/pozitia-oficiala-a-bisericii-adventiste-fata-de-vaccinuri\/","name":"Pozi\u0163ia oficial\u0103 a Bisericii Adventiste fa\u0163\u0103 de vaccinuri - Conferinta Oltenia","isPartOf":{"@id":"https:\/\/adventistoltenia.ro\/site\/#website"},"datePublished":"2020-03-07T01:08:32+00:00","dateModified":"2020-03-07T01:08:32+00:00","author":{"@id":"https:\/\/adventistoltenia.ro\/site\/#\/schema\/person\/81972d6ddcec064fcb37a129240ef9d7"},"breadcrumb":{"@id":"https:\/\/adventistoltenia.ro\/site\/pozitia-oficiala-a-bisericii-adventiste-fata-de-vaccinuri\/#breadcrumb"},"inLanguage":"en-US","potentialAction":[{"@type":"ReadAction","target":["https:\/\/adventistoltenia.ro\/site\/pozitia-oficiala-a-bisericii-adventiste-fata-de-vaccinuri\/"]}]},{"@type":"BreadcrumbList","@id":"https:\/\/adventistoltenia.ro\/site\/pozitia-oficiala-a-bisericii-adventiste-fata-de-vaccinuri\/#breadcrumb","itemListElement":[{"@type":"ListItem","position":1,"name":"Home","item":"https:\/\/adventistoltenia.ro\/site\/"},{"@type":"ListItem","position":2,"name":"Pozi\u0163ia oficial\u0103 a Bisericii Adventiste fa\u0163\u0103 de vaccinuri"}]},{"@type":"WebSite","@id":"https:\/\/adventistoltenia.ro\/site\/#website","url":"https:\/\/adventistoltenia.ro\/site\/","name":"Conferinta Oltenia","description":"Biserica Adventista de Ziua a Saptea","potentialAction":[{"@type":"SearchAction","target":{"@type":"EntryPoint","urlTemplate":"https:\/\/adventistoltenia.ro\/site\/?s={search_term_string}"},"query-input":"required name=search_term_string"}],"inLanguage":"en-US"},{"@type":"Person","@id":"https:\/\/adventistoltenia.ro\/site\/#\/schema\/person\/81972d6ddcec064fcb37a129240ef9d7","name":"Conferinta Oltenia","image":{"@type":"ImageObject","inLanguage":"en-US","@id":"https:\/\/adventistoltenia.ro\/site\/#\/schema\/person\/image\/","url":"https:\/\/secure.gravatar.com\/avatar\/ebe92ec22e2e53a8eb79d6b52b724e27?s=96&d=mm&r=g","contentUrl":"https:\/\/secure.gravatar.com\/avatar\/ebe92ec22e2e53a8eb79d6b52b724e27?s=96&d=mm&r=g","caption":"Conferinta Oltenia"},"url":"https:\/\/adventistoltenia.ro\/site\/author\/adm1n\/"}]}},"_links":{"self":[{"href":"https:\/\/adventistoltenia.ro\/site\/wp-json\/wp\/v2\/posts\/3259"}],"collection":[{"href":"https:\/\/adventistoltenia.ro\/site\/wp-json\/wp\/v2\/posts"}],"about":[{"href":"https:\/\/adventistoltenia.ro\/site\/wp-json\/wp\/v2\/types\/post"}],"author":[{"embeddable":true,"href":"https:\/\/adventistoltenia.ro\/site\/wp-json\/wp\/v2\/users\/2"}],"replies":[{"embeddable":true,"href":"https:\/\/adventistoltenia.ro\/site\/wp-json\/wp\/v2\/comments?post=3259"}],"version-history":[{"count":0,"href":"https:\/\/adventistoltenia.ro\/site\/wp-json\/wp\/v2\/posts\/3259\/revisions"}],"wp:attachment":[{"href":"https:\/\/adventistoltenia.ro\/site\/wp-json\/wp\/v2\/media?parent=3259"}],"wp:term":[{"taxonomy":"category","embeddable":true,"href":"https:\/\/adventistoltenia.ro\/site\/wp-json\/wp\/v2\/categories?post=3259"},{"taxonomy":"post_tag","embeddable":true,"href":"https:\/\/adventistoltenia.ro\/site\/wp-json\/wp\/v2\/tags?post=3259"}],"curies":[{"name":"wp","href":"https:\/\/api.w.org\/{rel}","templated":true}]}}