{"id":3263,"date":"2020-03-10T01:09:40","date_gmt":"2020-03-10T01:09:40","guid":{"rendered":"http:\/\/adventistoltenia.ro\/site\/un-muzeu-modern-al-bisericii-adventiste-de-ziua-a-saptea-a-fost-inaugurat-in-insulele-galapagos\/"},"modified":"2020-03-10T01:09:40","modified_gmt":"2020-03-10T01:09:40","slug":"un-muzeu-modern-al-bisericii-adventiste-de-ziua-a-saptea-a-fost-inaugurat-in-insulele-galapagos","status":"publish","type":"post","link":"https:\/\/adventistoltenia.ro\/site\/un-muzeu-modern-al-bisericii-adventiste-de-ziua-a-saptea-a-fost-inaugurat-in-insulele-galapagos\/","title":{"rendered":"Un muzeu modern al Bisericii Adventiste de Ziua a \u0218aptea a fost inaugurat \u00een Insulele Gal\u00e1pagos"},"content":{"rendered":"<div>\n<p>\u00cen anul 1970, un profesor de biologie adventist a ob\u021binut \u00een mod miraculos un teren foarte bun \u00een Insulele Gal\u00e1pagos pentru a deschide un laborator de cercetare pentru studen\u021bii Universit\u0103\u021bii Loma Linda.<\/p>\n<p>La aproape 50 de ani de la acel moment, sute de oameni au mers acolo pentru a participa la inaugurarea unui muzeu \u0219i a unui centru de cercetare unde turi\u0219tii \u0219i oamenii de \u0219tiin\u021b\u0103 pot descoperi originile P\u0103m\u00e2ntului cu ajutorul tehnologiei de ultim\u0103 genera\u021bie.<\/p>\n<p>Muzeul Originilor Naturii (The Origins Museum of Nature), situat pe Bulevardul Charles Darwin din Puerto Ayora, ora\u0219 turistic din Insulelor Gal\u00e1pagos, combin\u0103 ecranele ce folosesc tehnologia touchscreen cu realitatea virtual\u0103 pentru a oferi vizitatorilor o experien\u021b\u0103 interactiv\u0103 prin care ace\u0219tia pot studia istoria natural\u0103 a Insulelor din Oceanul Pacific. Departe de zona exponatelor, dou\u0103 camere au fost dedicate cercet\u0103rii \u0219tiin\u021bifice.<\/p>\n<p>\u201eCa Adventi\u0219ti de Ziua a \u0218aptea, sursa care ne ajut\u0103 s\u0103 \u00een\u021belegem originea noastr\u0103, motivul pentru care suntem aici, \u0219i scopul nostru de a ajuta \u0219i p\u0103stra natura este descoperit\u0103 \u00een rela\u021bie cu Dumnezeu\u201d, afirma Ted N.C. Wilson, pre\u0219edintele Bisericii Adventiste de Ziua a \u0218aptea la nivel mondial, \u00een fa\u021ba unei s\u0103li pline de de oameni de \u0219tiin\u021b\u0103, oficiali ai Guvernului \u0219i membri ai bisericii la inaugurarea muzeului din seara zilei de 29 Februarie 2020. \u201eFie care mul\u021bi oameni s\u0103 cunoasc\u0103 despre origini \u0219i despre Dumnezeu prin intermediul acestui muzeu\u201d, a mai ad\u0103ugat acesta.<\/p>\n<p>Liderii Guvernului \u0219i oamenii de \u0219tiin\u021b\u0103 au primit cu bucurie inaugurarea Muzeului Originilor Naturii.<\/p>\n<p>Viceprimarul ora\u0219ului Puerto Ayora a mul\u021bumit Bisericii Adventiste de Ziua a \u0218aptea pentru deschiderea muzeului \u0219i a precizat c\u0103 mul\u021bi oameni vor veni s\u0103-l viziteze. Guvernul Republicii Ecuador estimeaz\u0103 faptul c\u0103 un sfert de milion de turi\u0219ti viziteaz\u0103 anual Insulele Gal\u00e1pagos. Turi\u0219tii se \u00eendreapt\u0103 \u00een special spre Insula Santa cruz, acolo unde se afl\u0103 muzeul, \u0219i spre Insula San Cristobal (aproximativ 100 km distan\u021b\u0103).<\/p>\n<p>Un grup de oameni de \u0219tiin\u021b\u0103, incluz\u00e2nd directorul Charles Darwin Research Station, care promoveaz\u0103 conservarea \u0219i biodiversitatea \u00een Insulele Gal\u00e1pagos a l\u0103udat ini\u021biativa de a deschide un muzeu.<\/p>\n<p>Invita\u021bie la \u201ea g\u00e2ndi\u201d (subtitlu)<\/p>\n<p>\u00centr-un interviu, Erton K\u00f6lher, pre\u0219edintele Diviziunii America de Sud, a descris Muzeul Originii Naturii ca fiind \u201eo invita\u021bie la g\u00e2ndire la ceva diferit\u201d. El a ad\u0103ugat: \u201eIdeea noastr\u0103 nu este s\u0103 \u00eei contrazicem pe cei care g\u00e2ndesc diferit de noi ci s\u0103 le prezent\u0103m alte puncte de vedere la care poate nu s-au g\u00e2ndit p\u00e2n\u0103 acum. Dup\u0103 ce viziteaz\u0103, s-ar putea ca ei s\u0103 realizeze c\u0103 o M\u00e2n\u0103 Creatoare st\u0103 \u00een spatele proceselor naturii.\u201d<\/p>\n<p>\u201eCe iubesc la acest muzeu este c\u0103 preia filosofia adventist\u0103 a educa\u021biei \u0219i o \u00eembrac\u0103 \u00een a\u0219a mod \u00eenc\u00e2t mintea postmodern\u0103, care este atras\u0103 de istorii \u0219i care cunoa\u0219te tehnologia, s\u0103 o poat\u0103 \u00een\u021belege\u201d, afirma Beardsley-Hardy, directorul Departamentului Educa\u021bie a Conferin\u021bei Generale a Bisericii Adventiste de Ziua a \u0218aptea. \u201eEste apologetic\u0103 pentru o nou\u0103 genera\u021bie.\u201d<\/p>\n<p><b>Sursa:<\/b>\u00a0<a href=\"https:\/\/www.adventistmission.org\/state-of-the-art-adventist-museum-opens-on-galapagos\" target=\"_blank\" rel=\"noopener noreferrer\" data-saferedirecturl=\"https:\/\/www.google.com\/url?q=https:\/\/www.adventistmission.org\/state-of-the-art-adventist-museum-opens-on-galapagos&#038;source=gmail&#038;ust=1583846386683000&#038;usg=AFQjCNESTe8_Zk60a0O99QHwbD_gqRjn5A\">Adventist Mission<\/a><\/p>\n<\/div>\n<p class=\"wpematico_credit\"><small>Powered by <a href=\"http:\/\/www.wpematico.com\" target=\"_blank\" rel=\"noopener noreferrer\">WPeMatico<\/a><\/small><\/p>\n ","protected":false},"excerpt":{"rendered":"<p>\u00cen anul 1970, un profesor de biologie adventist a ob\u021binut \u00een mod miraculos un teren foarte bun \u00een Insulele Gal\u00e1pagos pentru a deschide un laborator de cercetare pentru studen\u021bii Universit\u0103\u021bii Loma Linda. La aproape 50 de ani de la acel moment, sute de oameni au mers acolo pentru a participa la inaugurarea unui muzeu \u0219i &hellip; <a href=\"https:\/\/adventistoltenia.ro\/site\/un-muzeu-modern-al-bisericii-adventiste-de-ziua-a-saptea-a-fost-inaugurat-in-insulele-galapagos\/\">Continued<\/a><\/p>\n","protected":false},"author":2,"featured_media":0,"comment_status":"open","ping_status":"closed","sticky":false,"template":"","format":"standard","meta":[],"categories":[71],"tags":[],"yoast_head":"<!-- This site is optimized with the Yoast SEO plugin v20.3 - https:\/\/yoast.com\/wordpress\/plugins\/seo\/ -->\n<title>Un muzeu modern al Bisericii Adventiste de Ziua a \u0218aptea a fost inaugurat \u00een Insulele Gal\u00e1pagos - Conferinta Oltenia<\/title>\n<meta name=\"robots\" content=\"index, follow, max-snippet:-1, max-image-preview:large, max-video-preview:-1\" \/>\n<link rel=\"canonical\" href=\"https:\/\/adventistoltenia.ro\/site\/un-muzeu-modern-al-bisericii-adventiste-de-ziua-a-saptea-a-fost-inaugurat-in-insulele-galapagos\/\" \/>\n<meta property=\"og:locale\" content=\"en_US\" \/>\n<meta property=\"og:type\" content=\"article\" \/>\n<meta property=\"og:title\" content=\"Un muzeu modern al Bisericii Adventiste de Ziua a \u0218aptea a fost inaugurat \u00een Insulele Gal\u00e1pagos - Conferinta Oltenia\" \/>\n<meta property=\"og:description\" content=\"\u00cen anul 1970, un profesor de biologie adventist a ob\u021binut \u00een mod miraculos un teren foarte bun \u00een Insulele Gal\u00e1pagos pentru a deschide un laborator de cercetare pentru studen\u021bii Universit\u0103\u021bii Loma Linda. La aproape 50 de ani de la acel moment, sute de oameni au mers acolo pentru a participa la inaugurarea unui muzeu \u0219i &hellip; Continued\" \/>\n<meta property=\"og:url\" content=\"https:\/\/adventistoltenia.ro\/site\/un-muzeu-modern-al-bisericii-adventiste-de-ziua-a-saptea-a-fost-inaugurat-in-insulele-galapagos\/\" \/>\n<meta property=\"og:site_name\" content=\"Conferinta Oltenia\" \/>\n<meta property=\"article:published_time\" content=\"2020-03-10T01:09:40+00:00\" \/>\n<meta name=\"author\" content=\"Conferinta Oltenia\" \/>\n<meta name=\"twitter:card\" content=\"summary_large_image\" \/>\n<meta name=\"twitter:label1\" content=\"Written by\" \/>\n\t<meta name=\"twitter:data1\" content=\"Conferinta Oltenia\" \/>\n\t<meta name=\"twitter:label2\" content=\"Est. reading time\" \/>\n\t<meta name=\"twitter:data2\" content=\"3 minutes\" \/>\n<script type=\"application\/ld+json\" class=\"yoast-schema-graph\">{\"@context\":\"https:\/\/schema.org\",\"@graph\":[{\"@type\":\"WebPage\",\"@id\":\"https:\/\/adventistoltenia.ro\/site\/un-muzeu-modern-al-bisericii-adventiste-de-ziua-a-saptea-a-fost-inaugurat-in-insulele-galapagos\/\",\"url\":\"https:\/\/adventistoltenia.ro\/site\/un-muzeu-modern-al-bisericii-adventiste-de-ziua-a-saptea-a-fost-inaugurat-in-insulele-galapagos\/\",\"name\":\"Un muzeu modern al Bisericii Adventiste de Ziua a \u0218aptea a fost inaugurat \u00een Insulele Gal\u00e1pagos - Conferinta Oltenia\",\"isPartOf\":{\"@id\":\"https:\/\/adventistoltenia.ro\/site\/#website\"},\"datePublished\":\"2020-03-10T01:09:40+00:00\",\"dateModified\":\"2020-03-10T01:09:40+00:00\",\"author\":{\"@id\":\"https:\/\/adventistoltenia.ro\/site\/#\/schema\/person\/81972d6ddcec064fcb37a129240ef9d7\"},\"breadcrumb\":{\"@id\":\"https:\/\/adventistoltenia.ro\/site\/un-muzeu-modern-al-bisericii-adventiste-de-ziua-a-saptea-a-fost-inaugurat-in-insulele-galapagos\/#breadcrumb\"},\"inLanguage\":\"en-US\",\"potentialAction\":[{\"@type\":\"ReadAction\",\"target\":[\"https:\/\/adventistoltenia.ro\/site\/un-muzeu-modern-al-bisericii-adventiste-de-ziua-a-saptea-a-fost-inaugurat-in-insulele-galapagos\/\"]}]},{\"@type\":\"BreadcrumbList\",\"@id\":\"https:\/\/adventistoltenia.ro\/site\/un-muzeu-modern-al-bisericii-adventiste-de-ziua-a-saptea-a-fost-inaugurat-in-insulele-galapagos\/#breadcrumb\",\"itemListElement\":[{\"@type\":\"ListItem\",\"position\":1,\"name\":\"Home\",\"item\":\"https:\/\/adventistoltenia.ro\/site\/\"},{\"@type\":\"ListItem\",\"position\":2,\"name\":\"Un muzeu modern al Bisericii Adventiste de Ziua a \u0218aptea a fost inaugurat \u00een Insulele Gal\u00e1pagos\"}]},{\"@type\":\"WebSite\",\"@id\":\"https:\/\/adventistoltenia.ro\/site\/#website\",\"url\":\"https:\/\/adventistoltenia.ro\/site\/\",\"name\":\"Conferinta Oltenia\",\"description\":\"Biserica Adventista de Ziua a Saptea\",\"potentialAction\":[{\"@type\":\"SearchAction\",\"target\":{\"@type\":\"EntryPoint\",\"urlTemplate\":\"https:\/\/adventistoltenia.ro\/site\/?s={search_term_string}\"},\"query-input\":\"required name=search_term_string\"}],\"inLanguage\":\"en-US\"},{\"@type\":\"Person\",\"@id\":\"https:\/\/adventistoltenia.ro\/site\/#\/schema\/person\/81972d6ddcec064fcb37a129240ef9d7\",\"name\":\"Conferinta Oltenia\",\"image\":{\"@type\":\"ImageObject\",\"inLanguage\":\"en-US\",\"@id\":\"https:\/\/adventistoltenia.ro\/site\/#\/schema\/person\/image\/\",\"url\":\"https:\/\/secure.gravatar.com\/avatar\/ebe92ec22e2e53a8eb79d6b52b724e27?s=96&d=mm&r=g\",\"contentUrl\":\"https:\/\/secure.gravatar.com\/avatar\/ebe92ec22e2e53a8eb79d6b52b724e27?s=96&d=mm&r=g\",\"caption\":\"Conferinta Oltenia\"},\"url\":\"https:\/\/adventistoltenia.ro\/site\/author\/adm1n\/\"}]}<\/script>\n<!-- \/ Yoast SEO plugin. -->","yoast_head_json":{"title":"Un muzeu modern al Bisericii Adventiste de Ziua a \u0218aptea a fost inaugurat \u00een Insulele Gal\u00e1pagos - Conferinta Oltenia","robots":{"index":"index","follow":"follow","max-snippet":"max-snippet:-1","max-image-preview":"max-image-preview:large","max-video-preview":"max-video-preview:-1"},"canonical":"https:\/\/adventistoltenia.ro\/site\/un-muzeu-modern-al-bisericii-adventiste-de-ziua-a-saptea-a-fost-inaugurat-in-insulele-galapagos\/","og_locale":"en_US","og_type":"article","og_title":"Un muzeu modern al Bisericii Adventiste de Ziua a \u0218aptea a fost inaugurat \u00een Insulele Gal\u00e1pagos - Conferinta Oltenia","og_description":"\u00cen anul 1970, un profesor de biologie adventist a ob\u021binut \u00een mod miraculos un teren foarte bun \u00een Insulele Gal\u00e1pagos pentru a deschide un laborator de cercetare pentru studen\u021bii Universit\u0103\u021bii Loma Linda. La aproape 50 de ani de la acel moment, sute de oameni au mers acolo pentru a participa la inaugurarea unui muzeu \u0219i &hellip; Continued","og_url":"https:\/\/adventistoltenia.ro\/site\/un-muzeu-modern-al-bisericii-adventiste-de-ziua-a-saptea-a-fost-inaugurat-in-insulele-galapagos\/","og_site_name":"Conferinta Oltenia","article_published_time":"2020-03-10T01:09:40+00:00","author":"Conferinta Oltenia","twitter_card":"summary_large_image","twitter_misc":{"Written by":"Conferinta Oltenia","Est. reading time":"3 minutes"},"schema":{"@context":"https:\/\/schema.org","@graph":[{"@type":"WebPage","@id":"https:\/\/adventistoltenia.ro\/site\/un-muzeu-modern-al-bisericii-adventiste-de-ziua-a-saptea-a-fost-inaugurat-in-insulele-galapagos\/","url":"https:\/\/adventistoltenia.ro\/site\/un-muzeu-modern-al-bisericii-adventiste-de-ziua-a-saptea-a-fost-inaugurat-in-insulele-galapagos\/","name":"Un muzeu modern al Bisericii Adventiste de Ziua a \u0218aptea a fost inaugurat \u00een Insulele Gal\u00e1pagos - Conferinta Oltenia","isPartOf":{"@id":"https:\/\/adventistoltenia.ro\/site\/#website"},"datePublished":"2020-03-10T01:09:40+00:00","dateModified":"2020-03-10T01:09:40+00:00","author":{"@id":"https:\/\/adventistoltenia.ro\/site\/#\/schema\/person\/81972d6ddcec064fcb37a129240ef9d7"},"breadcrumb":{"@id":"https:\/\/adventistoltenia.ro\/site\/un-muzeu-modern-al-bisericii-adventiste-de-ziua-a-saptea-a-fost-inaugurat-in-insulele-galapagos\/#breadcrumb"},"inLanguage":"en-US","potentialAction":[{"@type":"ReadAction","target":["https:\/\/adventistoltenia.ro\/site\/un-muzeu-modern-al-bisericii-adventiste-de-ziua-a-saptea-a-fost-inaugurat-in-insulele-galapagos\/"]}]},{"@type":"BreadcrumbList","@id":"https:\/\/adventistoltenia.ro\/site\/un-muzeu-modern-al-bisericii-adventiste-de-ziua-a-saptea-a-fost-inaugurat-in-insulele-galapagos\/#breadcrumb","itemListElement":[{"@type":"ListItem","position":1,"name":"Home","item":"https:\/\/adventistoltenia.ro\/site\/"},{"@type":"ListItem","position":2,"name":"Un muzeu modern al Bisericii Adventiste de Ziua a \u0218aptea a fost inaugurat \u00een Insulele Gal\u00e1pagos"}]},{"@type":"WebSite","@id":"https:\/\/adventistoltenia.ro\/site\/#website","url":"https:\/\/adventistoltenia.ro\/site\/","name":"Conferinta Oltenia","description":"Biserica Adventista de Ziua a Saptea","potentialAction":[{"@type":"SearchAction","target":{"@type":"EntryPoint","urlTemplate":"https:\/\/adventistoltenia.ro\/site\/?s={search_term_string}"},"query-input":"required name=search_term_string"}],"inLanguage":"en-US"},{"@type":"Person","@id":"https:\/\/adventistoltenia.ro\/site\/#\/schema\/person\/81972d6ddcec064fcb37a129240ef9d7","name":"Conferinta Oltenia","image":{"@type":"ImageObject","inLanguage":"en-US","@id":"https:\/\/adventistoltenia.ro\/site\/#\/schema\/person\/image\/","url":"https:\/\/secure.gravatar.com\/avatar\/ebe92ec22e2e53a8eb79d6b52b724e27?s=96&d=mm&r=g","contentUrl":"https:\/\/secure.gravatar.com\/avatar\/ebe92ec22e2e53a8eb79d6b52b724e27?s=96&d=mm&r=g","caption":"Conferinta Oltenia"},"url":"https:\/\/adventistoltenia.ro\/site\/author\/adm1n\/"}]}},"_links":{"self":[{"href":"https:\/\/adventistoltenia.ro\/site\/wp-json\/wp\/v2\/posts\/3263"}],"collection":[{"href":"https:\/\/adventistoltenia.ro\/site\/wp-json\/wp\/v2\/posts"}],"about":[{"href":"https:\/\/adventistoltenia.ro\/site\/wp-json\/wp\/v2\/types\/post"}],"author":[{"embeddable":true,"href":"https:\/\/adventistoltenia.ro\/site\/wp-json\/wp\/v2\/users\/2"}],"replies":[{"embeddable":true,"href":"https:\/\/adventistoltenia.ro\/site\/wp-json\/wp\/v2\/comments?post=3263"}],"version-history":[{"count":0,"href":"https:\/\/adventistoltenia.ro\/site\/wp-json\/wp\/v2\/posts\/3263\/revisions"}],"wp:attachment":[{"href":"https:\/\/adventistoltenia.ro\/site\/wp-json\/wp\/v2\/media?parent=3263"}],"wp:term":[{"taxonomy":"category","embeddable":true,"href":"https:\/\/adventistoltenia.ro\/site\/wp-json\/wp\/v2\/categories?post=3263"},{"taxonomy":"post_tag","embeddable":true,"href":"https:\/\/adventistoltenia.ro\/site\/wp-json\/wp\/v2\/tags?post=3263"}],"curies":[{"name":"wp","href":"https:\/\/api.w.org\/{rel}","templated":true}]}}