{"id":3265,"date":"2020-03-11T01:08:28","date_gmt":"2020-03-11T01:08:28","guid":{"rendered":"http:\/\/adventistoltenia.ro\/site\/apel-special-la-rugaciune-in-urma-raspandirii-covid-19-in-lume\/"},"modified":"2020-03-13T17:54:39","modified_gmt":"2020-03-13T17:54:39","slug":"apel-special-la-rugaciune-in-urma-raspandirii-covid-19-in-lume","status":"publish","type":"post","link":"https:\/\/adventistoltenia.ro\/site\/apel-special-la-rugaciune-in-urma-raspandirii-covid-19-in-lume\/","title":{"rendered":"Apel special la rug\u0103ciune \u00een urma r\u0103sp\u00e2ndirii Covid-19 \u00een lume"},"content":{"rendered":"<div>\n<h3><em>Urm\u0103torul mesaj a fost transmis de Ted N.C. Wilson, Pre\u0219edintele Bisericii Adventiste de Ziua a \u0218aptea<\/em><\/h3>\n<p>&nbsp;<\/p>\n<p>Dup\u0103 cum mul\u021bi sunt pe deplin con\u0219tien\u021bi, diferite regiuni ale lumii se confrunt\u0103 cu o amenin\u021bare sever\u0103 la adresa s\u0103n\u0103t\u0103\u021bii, coronavirusul Covid-19. Au fost diagnostica\u021bi peste 100.000 de oameni din aproximativ 65 de \u021b\u0103ri din \u00eentreaga lume, peste 3.600 de decese fiind atribuite Covid-19. Acest lucru a dus la o intensificare a temerilor legate de c\u0103l\u0103torii, afaceri, asisten\u021ba medical\u0103, programarea reuniunilor \u0219i de via\u021ba de zi cu zi \u00een general. Dup\u0103 cum majoritatea \u0219ti\u021bi, am f\u0103cut recent un apel la rug\u0103ciune cu privire la aceast\u0103 boal\u0103 neobi\u0219nuit\u0103, iar acum reiterez un apel special la rug\u0103ciune \u00een urma r\u0103sp\u00e2ndirii Covid-19 la nivel mondial. Ruga\u021bi-v\u0103 \u00een continuare pentru membrii bisericii noastre \u0219i pentru popula\u021bia numeroaselor \u021b\u0103ri afectate de r\u0103sp\u00e2ndirea coronavirusului \u0219i mai ales pentru cei care au contactat virusul sau au pierdut persoane dragi. S\u0103 oferim m\u0103rturii conving\u0103toare prin implicarea tuturor membrilor, manifest\u00e2nd dragostea \u0219i grija lui Hristos fa\u021b\u0103 de cei afla\u021bi \u00een nevoie \u00eentr-o manier\u0103 util\u0103, av\u00e2nd \u00een vedere m\u0103surile adecvate pentru protejarea s\u0103n\u0103t\u0103\u021bii.<\/p>\n<p>&nbsp;<\/p>\n<p>Au fost adresate \u00eentreb\u0103ri referitoare la desf\u0103\u0219urarea sesiunii Conferin\u021bei Generale care va avea loc \u00een Indianapolis, \u00een statul american Indiana, \u00een perioada 25 iunie \u2013 4 iulie 2020. Administratorii Conferin\u021bei Generale \u0219i al\u021bi administratori \u0219i conduc\u0103tori ai Bisericii analizeaz\u0103 situa\u021bia \u0219i posibilele scenarii. Se fac eforturi pentru a se lua cele mai potrivite m\u0103suri \u00een cazul \u00een care starea actual\u0103 se prelunge\u0219te. Cu toate acestea, \u00een acest moment, planurile cu privire la desf\u0103\u0219urarea Conferin\u021bei Generale din acest an r\u0103m\u00e2n neschimbate. V\u0103 rog s\u0103 v\u0103 ruga\u021bi pentru \u00eendrumarea \u0219i c\u0103l\u0103uzirea lui Dumnezeu \u00een \u00eendeplinirea acestor planuri.<\/p>\n<p>&nbsp;<\/p>\n<p>Fie ca Domnul s\u0103 ne ofere m\u00e2ng\u00e2iere \u0219i s\u0103 ne \u00eencredem pe deplin \u00een El, cer\u00e2nd, \u00een aceste timpuri dificile, \u00eemplinirea f\u0103g\u0103duin\u021bei din Psalmul 37:3-5: \u201e\u00cencrede-te \u00een Domnul \u015fi f\u0103 binele; locuie\u015fte \u00een \u0163ar\u0103 \u015fi umbl\u0103 \u00een credincio\u015fie. Domnul s\u0103-\u0163i fie desf\u0103tarea \u015fi El \u00ee\u0163i va da tot ce-\u0163i dore\u015fte inima. \u00cencredin\u0163eaz\u0103-\u0163i soarta \u00een m\u00e2na Domnului, \u00eencrede-te \u00een El, \u015fi El va lucra\u201d. Biserica Adventist\u0103 mondial\u0103 se afl\u0103 \u00een m\u00e2inile Lui, oricare ar fi dificult\u0103\u021bile cu care ne confrunt\u0103m \u00een \u00eemplinirea misiunii m\u0103re\u021be de a-L proclama pe Hristos, \u00eentreita solie \u00eengereasc\u0103 \u0219i revenirea Sa iminent\u0103. V\u0103 mul\u021bumim pentru rug\u0103ciunile \u00een\u0103l\u021bate pentru biserica lui Dumnezeu \u0219i pentru lucrarea ei.<\/p>\n<p>&nbsp;<\/p>\n<p><em>Ted N.C. Wilson, Pre\u0219edintele Bisericii Adventiste de Ziua a \u0218aptea\u00a0<\/em><\/p>\n<\/div>\n ","protected":false},"excerpt":{"rendered":"<p>Urm\u0103torul mesaj a fost transmis de Ted N.C. Wilson, Pre\u0219edintele Bisericii Adventiste de Ziua a \u0218aptea &nbsp; Dup\u0103 cum mul\u021bi sunt pe deplin con\u0219tien\u021bi, diferite regiuni ale lumii se confrunt\u0103 cu o amenin\u021bare sever\u0103 la adresa s\u0103n\u0103t\u0103\u021bii, coronavirusul Covid-19. Au fost diagnostica\u021bi peste 100.000 de oameni din aproximativ 65 de \u021b\u0103ri din \u00eentreaga lume, peste &hellip; <a href=\"https:\/\/adventistoltenia.ro\/site\/apel-special-la-rugaciune-in-urma-raspandirii-covid-19-in-lume\/\">Continued<\/a><\/p>\n","protected":false},"author":2,"featured_media":3291,"comment_status":"open","ping_status":"closed","sticky":false,"template":"","format":"standard","meta":[],"categories":[71],"tags":[],"yoast_head":"<!-- This site is optimized with the Yoast SEO plugin v20.3 - https:\/\/yoast.com\/wordpress\/plugins\/seo\/ -->\n<title>Apel special la rug\u0103ciune \u00een urma r\u0103sp\u00e2ndirii Covid-19 \u00een lume - Conferinta Oltenia<\/title>\n<meta name=\"robots\" content=\"index, follow, max-snippet:-1, max-image-preview:large, max-video-preview:-1\" \/>\n<link rel=\"canonical\" href=\"https:\/\/adventistoltenia.ro\/site\/apel-special-la-rugaciune-in-urma-raspandirii-covid-19-in-lume\/\" \/>\n<meta property=\"og:locale\" content=\"en_US\" \/>\n<meta property=\"og:type\" content=\"article\" \/>\n<meta property=\"og:title\" content=\"Apel special la rug\u0103ciune \u00een urma r\u0103sp\u00e2ndirii Covid-19 \u00een lume - Conferinta Oltenia\" \/>\n<meta property=\"og:description\" content=\"Urm\u0103torul mesaj a fost transmis de Ted N.C. Wilson, Pre\u0219edintele Bisericii Adventiste de Ziua a \u0218aptea &nbsp; Dup\u0103 cum mul\u021bi sunt pe deplin con\u0219tien\u021bi, diferite regiuni ale lumii se confrunt\u0103 cu o amenin\u021bare sever\u0103 la adresa s\u0103n\u0103t\u0103\u021bii, coronavirusul Covid-19. Au fost diagnostica\u021bi peste 100.000 de oameni din aproximativ 65 de \u021b\u0103ri din \u00eentreaga lume, peste &hellip; Continued\" \/>\n<meta property=\"og:url\" content=\"https:\/\/adventistoltenia.ro\/site\/apel-special-la-rugaciune-in-urma-raspandirii-covid-19-in-lume\/\" \/>\n<meta property=\"og:site_name\" content=\"Conferinta Oltenia\" \/>\n<meta property=\"article:published_time\" content=\"2020-03-11T01:08:28+00:00\" \/>\n<meta property=\"article:modified_time\" content=\"2020-03-13T17:54:39+00:00\" \/>\n<meta property=\"og:image\" content=\"https:\/\/adventistoltenia.ro\/site\/wp-content\/uploads\/2020\/03\/Maini-rugaciune-revista-800x500.jpg\" \/>\n\t<meta property=\"og:image:width\" content=\"800\" \/>\n\t<meta property=\"og:image:height\" content=\"500\" \/>\n\t<meta property=\"og:image:type\" content=\"image\/jpeg\" \/>\n<meta name=\"author\" content=\"Conferinta Oltenia\" \/>\n<meta name=\"twitter:card\" content=\"summary_large_image\" \/>\n<meta name=\"twitter:label1\" content=\"Written by\" \/>\n\t<meta name=\"twitter:data1\" content=\"Conferinta Oltenia\" \/>\n\t<meta name=\"twitter:label2\" content=\"Est. reading time\" \/>\n\t<meta name=\"twitter:data2\" content=\"2 minutes\" \/>\n<script type=\"application\/ld+json\" class=\"yoast-schema-graph\">{\"@context\":\"https:\/\/schema.org\",\"@graph\":[{\"@type\":\"WebPage\",\"@id\":\"https:\/\/adventistoltenia.ro\/site\/apel-special-la-rugaciune-in-urma-raspandirii-covid-19-in-lume\/\",\"url\":\"https:\/\/adventistoltenia.ro\/site\/apel-special-la-rugaciune-in-urma-raspandirii-covid-19-in-lume\/\",\"name\":\"Apel special la rug\u0103ciune \u00een urma r\u0103sp\u00e2ndirii Covid-19 \u00een lume - Conferinta Oltenia\",\"isPartOf\":{\"@id\":\"https:\/\/adventistoltenia.ro\/site\/#website\"},\"datePublished\":\"2020-03-11T01:08:28+00:00\",\"dateModified\":\"2020-03-13T17:54:39+00:00\",\"author\":{\"@id\":\"https:\/\/adventistoltenia.ro\/site\/#\/schema\/person\/81972d6ddcec064fcb37a129240ef9d7\"},\"breadcrumb\":{\"@id\":\"https:\/\/adventistoltenia.ro\/site\/apel-special-la-rugaciune-in-urma-raspandirii-covid-19-in-lume\/#breadcrumb\"},\"inLanguage\":\"en-US\",\"potentialAction\":[{\"@type\":\"ReadAction\",\"target\":[\"https:\/\/adventistoltenia.ro\/site\/apel-special-la-rugaciune-in-urma-raspandirii-covid-19-in-lume\/\"]}]},{\"@type\":\"BreadcrumbList\",\"@id\":\"https:\/\/adventistoltenia.ro\/site\/apel-special-la-rugaciune-in-urma-raspandirii-covid-19-in-lume\/#breadcrumb\",\"itemListElement\":[{\"@type\":\"ListItem\",\"position\":1,\"name\":\"Home\",\"item\":\"https:\/\/adventistoltenia.ro\/site\/\"},{\"@type\":\"ListItem\",\"position\":2,\"name\":\"Apel special la rug\u0103ciune \u00een urma r\u0103sp\u00e2ndirii Covid-19 \u00een lume\"}]},{\"@type\":\"WebSite\",\"@id\":\"https:\/\/adventistoltenia.ro\/site\/#website\",\"url\":\"https:\/\/adventistoltenia.ro\/site\/\",\"name\":\"Conferinta Oltenia\",\"description\":\"Biserica Adventista de Ziua a Saptea\",\"potentialAction\":[{\"@type\":\"SearchAction\",\"target\":{\"@type\":\"EntryPoint\",\"urlTemplate\":\"https:\/\/adventistoltenia.ro\/site\/?s={search_term_string}\"},\"query-input\":\"required name=search_term_string\"}],\"inLanguage\":\"en-US\"},{\"@type\":\"Person\",\"@id\":\"https:\/\/adventistoltenia.ro\/site\/#\/schema\/person\/81972d6ddcec064fcb37a129240ef9d7\",\"name\":\"Conferinta Oltenia\",\"image\":{\"@type\":\"ImageObject\",\"inLanguage\":\"en-US\",\"@id\":\"https:\/\/adventistoltenia.ro\/site\/#\/schema\/person\/image\/\",\"url\":\"https:\/\/secure.gravatar.com\/avatar\/ebe92ec22e2e53a8eb79d6b52b724e27?s=96&d=mm&r=g\",\"contentUrl\":\"https:\/\/secure.gravatar.com\/avatar\/ebe92ec22e2e53a8eb79d6b52b724e27?s=96&d=mm&r=g\",\"caption\":\"Conferinta Oltenia\"},\"url\":\"https:\/\/adventistoltenia.ro\/site\/author\/adm1n\/\"}]}<\/script>\n<!-- \/ Yoast SEO plugin. -->","yoast_head_json":{"title":"Apel special la rug\u0103ciune \u00een urma r\u0103sp\u00e2ndirii Covid-19 \u00een lume - Conferinta Oltenia","robots":{"index":"index","follow":"follow","max-snippet":"max-snippet:-1","max-image-preview":"max-image-preview:large","max-video-preview":"max-video-preview:-1"},"canonical":"https:\/\/adventistoltenia.ro\/site\/apel-special-la-rugaciune-in-urma-raspandirii-covid-19-in-lume\/","og_locale":"en_US","og_type":"article","og_title":"Apel special la rug\u0103ciune \u00een urma r\u0103sp\u00e2ndirii Covid-19 \u00een lume - Conferinta Oltenia","og_description":"Urm\u0103torul mesaj a fost transmis de Ted N.C. Wilson, Pre\u0219edintele Bisericii Adventiste de Ziua a \u0218aptea &nbsp; Dup\u0103 cum mul\u021bi sunt pe deplin con\u0219tien\u021bi, diferite regiuni ale lumii se confrunt\u0103 cu o amenin\u021bare sever\u0103 la adresa s\u0103n\u0103t\u0103\u021bii, coronavirusul Covid-19. Au fost diagnostica\u021bi peste 100.000 de oameni din aproximativ 65 de \u021b\u0103ri din \u00eentreaga lume, peste &hellip; Continued","og_url":"https:\/\/adventistoltenia.ro\/site\/apel-special-la-rugaciune-in-urma-raspandirii-covid-19-in-lume\/","og_site_name":"Conferinta Oltenia","article_published_time":"2020-03-11T01:08:28+00:00","article_modified_time":"2020-03-13T17:54:39+00:00","og_image":[{"width":800,"height":500,"url":"https:\/\/adventistoltenia.ro\/site\/wp-content\/uploads\/2020\/03\/Maini-rugaciune-revista-800x500.jpg","type":"image\/jpeg"}],"author":"Conferinta Oltenia","twitter_card":"summary_large_image","twitter_misc":{"Written by":"Conferinta Oltenia","Est. reading time":"2 minutes"},"schema":{"@context":"https:\/\/schema.org","@graph":[{"@type":"WebPage","@id":"https:\/\/adventistoltenia.ro\/site\/apel-special-la-rugaciune-in-urma-raspandirii-covid-19-in-lume\/","url":"https:\/\/adventistoltenia.ro\/site\/apel-special-la-rugaciune-in-urma-raspandirii-covid-19-in-lume\/","name":"Apel special la rug\u0103ciune \u00een urma r\u0103sp\u00e2ndirii Covid-19 \u00een lume - Conferinta Oltenia","isPartOf":{"@id":"https:\/\/adventistoltenia.ro\/site\/#website"},"datePublished":"2020-03-11T01:08:28+00:00","dateModified":"2020-03-13T17:54:39+00:00","author":{"@id":"https:\/\/adventistoltenia.ro\/site\/#\/schema\/person\/81972d6ddcec064fcb37a129240ef9d7"},"breadcrumb":{"@id":"https:\/\/adventistoltenia.ro\/site\/apel-special-la-rugaciune-in-urma-raspandirii-covid-19-in-lume\/#breadcrumb"},"inLanguage":"en-US","potentialAction":[{"@type":"ReadAction","target":["https:\/\/adventistoltenia.ro\/site\/apel-special-la-rugaciune-in-urma-raspandirii-covid-19-in-lume\/"]}]},{"@type":"BreadcrumbList","@id":"https:\/\/adventistoltenia.ro\/site\/apel-special-la-rugaciune-in-urma-raspandirii-covid-19-in-lume\/#breadcrumb","itemListElement":[{"@type":"ListItem","position":1,"name":"Home","item":"https:\/\/adventistoltenia.ro\/site\/"},{"@type":"ListItem","position":2,"name":"Apel special la rug\u0103ciune \u00een urma r\u0103sp\u00e2ndirii Covid-19 \u00een lume"}]},{"@type":"WebSite","@id":"https:\/\/adventistoltenia.ro\/site\/#website","url":"https:\/\/adventistoltenia.ro\/site\/","name":"Conferinta Oltenia","description":"Biserica Adventista de Ziua a Saptea","potentialAction":[{"@type":"SearchAction","target":{"@type":"EntryPoint","urlTemplate":"https:\/\/adventistoltenia.ro\/site\/?s={search_term_string}"},"query-input":"required name=search_term_string"}],"inLanguage":"en-US"},{"@type":"Person","@id":"https:\/\/adventistoltenia.ro\/site\/#\/schema\/person\/81972d6ddcec064fcb37a129240ef9d7","name":"Conferinta Oltenia","image":{"@type":"ImageObject","inLanguage":"en-US","@id":"https:\/\/adventistoltenia.ro\/site\/#\/schema\/person\/image\/","url":"https:\/\/secure.gravatar.com\/avatar\/ebe92ec22e2e53a8eb79d6b52b724e27?s=96&d=mm&r=g","contentUrl":"https:\/\/secure.gravatar.com\/avatar\/ebe92ec22e2e53a8eb79d6b52b724e27?s=96&d=mm&r=g","caption":"Conferinta Oltenia"},"url":"https:\/\/adventistoltenia.ro\/site\/author\/adm1n\/"}]}},"_links":{"self":[{"href":"https:\/\/adventistoltenia.ro\/site\/wp-json\/wp\/v2\/posts\/3265"}],"collection":[{"href":"https:\/\/adventistoltenia.ro\/site\/wp-json\/wp\/v2\/posts"}],"about":[{"href":"https:\/\/adventistoltenia.ro\/site\/wp-json\/wp\/v2\/types\/post"}],"author":[{"embeddable":true,"href":"https:\/\/adventistoltenia.ro\/site\/wp-json\/wp\/v2\/users\/2"}],"replies":[{"embeddable":true,"href":"https:\/\/adventistoltenia.ro\/site\/wp-json\/wp\/v2\/comments?post=3265"}],"version-history":[{"count":1,"href":"https:\/\/adventistoltenia.ro\/site\/wp-json\/wp\/v2\/posts\/3265\/revisions"}],"predecessor-version":[{"id":3292,"href":"https:\/\/adventistoltenia.ro\/site\/wp-json\/wp\/v2\/posts\/3265\/revisions\/3292"}],"wp:featuredmedia":[{"embeddable":true,"href":"https:\/\/adventistoltenia.ro\/site\/wp-json\/wp\/v2\/media\/3291"}],"wp:attachment":[{"href":"https:\/\/adventistoltenia.ro\/site\/wp-json\/wp\/v2\/media?parent=3265"}],"wp:term":[{"taxonomy":"category","embeddable":true,"href":"https:\/\/adventistoltenia.ro\/site\/wp-json\/wp\/v2\/categories?post=3265"},{"taxonomy":"post_tag","embeddable":true,"href":"https:\/\/adventistoltenia.ro\/site\/wp-json\/wp\/v2\/tags?post=3265"}],"curies":[{"name":"wp","href":"https:\/\/api.w.org\/{rel}","templated":true}]}}