{"id":3266,"date":"2020-03-11T01:08:28","date_gmt":"2020-03-11T01:08:28","guid":{"rendered":"http:\/\/adventistoltenia.ro\/site\/cursurile-din-invatamantul-preuniversitar-suspendate-intre-11-martie-22-martie\/"},"modified":"2020-03-11T01:08:28","modified_gmt":"2020-03-11T01:08:28","slug":"cursurile-din-invatamantul-preuniversitar-suspendate-intre-11-martie-22-martie","status":"publish","type":"post","link":"https:\/\/adventistoltenia.ro\/site\/cursurile-din-invatamantul-preuniversitar-suspendate-intre-11-martie-22-martie\/","title":{"rendered":"Cursurile din \u00eenv\u0103\u021b\u0103m\u00e2ntul preuniversitar suspendate \u00eentre 11 martie \u2013 22 martie"},"content":{"rendered":"<div>\n<p>\u00cen perioada 11 martie \u2013 22 martie, cursurile din \u00eenv\u0103\u021b\u0103m\u00e2ntul preuniversitar au fost suspendate, elevii intr\u00e2nd for\u021bat \u00eentr-o mini-vacan\u021b\u0103. Decizia vine \u00een urma apari\u021biei \u0219i \u00eempr\u0103\u0219tierii virusului COVID-19 \u00een Rom\u00e2nia.<\/p>\n<p>Dispozi\u021bia aceasta a venit \u00een urma discu\u021biei pe care Comitetul Na\u021bional pentru Situa\u021bii Speciale de Urgen\u021b\u0103 a avut-o \u00een data de 8 martie a.c. M\u0103sura a fost propus\u0103 de Raed Arafat \u0219i este una dintre cele c\u00e2teva propuneri ale Grupului de Suport Tehnico-\u0218tiin\u021bific privind gestionarea bolilor \u00eenalt contagioase pe teritoriul Rom\u00e2niei.<\/p>\n<p>Referitor la ideea \u00eentreruperii cursurilor, Ludovic Orban, premierul interimar, preciza: \u201eO m\u0103sur\u0103 de \u00eenchidere a \u0219colilor perturb\u0103 \u0219i priveaz\u0103 elevii \u00een ceea ce prive\u0219te derularea serviciului educa\u021bional. Este o m\u0103sur\u0103 care trebuie preg\u0103tit\u0103. Pune\u021bi-v\u0103 \u00eentrebarea ce fac copiii care r\u0103m\u00e2n acas\u0103. Exist\u0103 \u00een fiecare familie un membru care s\u0103 \u00eei supravegheze, dac\u0103 nu \u00eei mai ducem la \u0219coal\u0103? Astfel de m\u0103suri trebuie luate dup\u0103 o analiz\u0103 serioas\u0103. Avem ca punct de analiz\u0103 din nou acest punct la discu\u021bia de ast\u0103zi. Dar nu se pot lua m\u0103suri f\u0103r\u0103 analize serioase. Avem doar 15 cazuri din care 5 s-au vindecat.\u201d<\/p>\n<p>Dup\u0103 \u0219edin\u021ba care a durat dou\u0103 ore, premierul interimar a confirmat \u00eentr-o conferin\u021b\u0103 de pres\u0103 suspendarea cursurilor \u00een \u0219coli \u00eentre 11 martie \u2013 22 martie a.c. preciz\u00e2nd faptul c\u0103 exist\u0103 posibilitatea ca aceast\u0103 perioad\u0103 s\u0103 se prelungeasc\u0103.<\/p>\n<p>\u201eAvem informa\u021bii c\u0103 mul\u021bi cet\u0103\u021beni rom\u00e2ni care au aflat de posibilitatea \u00eenchiderii Lombardiei \u0219i-au f\u0103cut bagajele \u0219i au pornit spre Rom\u00e2nia. Grija noastr\u0103 este de a-i feri pe copii de orice risc de contaminare care ar putea ap\u0103rea \u00een cadrul cursurilor care se organizeaz\u0103 la \u0219coal\u0103\u201d, a mai spus Orban.<\/p>\n<p>Ca m\u0103suri suplimentare, Comitetul Na\u021bional pentru Situa\u021bii Speciale de Urgen\u021b\u0103 a propus ca stagiile \u00een spitale pentru cursan\u021bii \u0219colilor postliceale s\u0103 fie sistate, iar firmele \u0219i institu\u021biile s\u0103 permit\u0103 angaja\u021bilor s\u0103 lucreze de acas\u0103, \u00een m\u0103sura \u00een care acest lucru este posibil.<\/p>\n<p>\u00cen acela\u0219i timp, p\u0103rin\u021bii \u0219i elevii sunt sf\u0103tui\u021bi s\u0103 respecte regulile de igien\u0103 \u0219i preciz\u0103rile Ministerului S\u0103n\u0103t\u0103\u021bii privind protejarea \u00eempotriva virusului COVID-19. De asemenea p\u0103rin\u021bii sunt ruga\u021bi ca ai lor copii s\u0103 evite c\u00e2t mai mult posibil locurile aglomerate sau locurile de joac\u0103 astfel \u00eenc\u00e2t m\u0103sura sist\u0103rii cursurilor s\u0103 aib\u0103 eficien\u021b\u0103 maxim\u0103.<\/p>\n<\/div>\n<p class=\"wpematico_credit\"><small>Powered by <a href=\"http:\/\/www.wpematico.com\" target=\"_blank\" rel=\"noopener noreferrer\">WPeMatico<\/a><\/small><\/p>\n ","protected":false},"excerpt":{"rendered":"<p>\u00cen perioada 11 martie \u2013 22 martie, cursurile din \u00eenv\u0103\u021b\u0103m\u00e2ntul preuniversitar au fost suspendate, elevii intr\u00e2nd for\u021bat \u00eentr-o mini-vacan\u021b\u0103. Decizia vine \u00een urma apari\u021biei \u0219i \u00eempr\u0103\u0219tierii virusului COVID-19 \u00een Rom\u00e2nia. Dispozi\u021bia aceasta a venit \u00een urma discu\u021biei pe care Comitetul Na\u021bional pentru Situa\u021bii Speciale de Urgen\u021b\u0103 a avut-o \u00een data de 8 martie a.c. M\u0103sura &hellip; <a href=\"https:\/\/adventistoltenia.ro\/site\/cursurile-din-invatamantul-preuniversitar-suspendate-intre-11-martie-22-martie\/\">Continued<\/a><\/p>\n","protected":false},"author":2,"featured_media":0,"comment_status":"open","ping_status":"closed","sticky":false,"template":"","format":"standard","meta":[],"categories":[71],"tags":[],"yoast_head":"<!-- This site is optimized with the Yoast SEO plugin v20.3 - https:\/\/yoast.com\/wordpress\/plugins\/seo\/ -->\n<title>Cursurile din \u00eenv\u0103\u021b\u0103m\u00e2ntul preuniversitar suspendate \u00eentre 11 martie \u2013 22 martie - Conferinta Oltenia<\/title>\n<meta name=\"robots\" content=\"index, follow, max-snippet:-1, max-image-preview:large, max-video-preview:-1\" \/>\n<link rel=\"canonical\" href=\"https:\/\/adventistoltenia.ro\/site\/cursurile-din-invatamantul-preuniversitar-suspendate-intre-11-martie-22-martie\/\" \/>\n<meta property=\"og:locale\" content=\"en_US\" \/>\n<meta property=\"og:type\" content=\"article\" \/>\n<meta property=\"og:title\" content=\"Cursurile din \u00eenv\u0103\u021b\u0103m\u00e2ntul preuniversitar suspendate \u00eentre 11 martie \u2013 22 martie - Conferinta Oltenia\" \/>\n<meta property=\"og:description\" content=\"\u00cen perioada 11 martie \u2013 22 martie, cursurile din \u00eenv\u0103\u021b\u0103m\u00e2ntul preuniversitar au fost suspendate, elevii intr\u00e2nd for\u021bat \u00eentr-o mini-vacan\u021b\u0103. Decizia vine \u00een urma apari\u021biei \u0219i \u00eempr\u0103\u0219tierii virusului COVID-19 \u00een Rom\u00e2nia. Dispozi\u021bia aceasta a venit \u00een urma discu\u021biei pe care Comitetul Na\u021bional pentru Situa\u021bii Speciale de Urgen\u021b\u0103 a avut-o \u00een data de 8 martie a.c. M\u0103sura &hellip; Continued\" \/>\n<meta property=\"og:url\" content=\"https:\/\/adventistoltenia.ro\/site\/cursurile-din-invatamantul-preuniversitar-suspendate-intre-11-martie-22-martie\/\" \/>\n<meta property=\"og:site_name\" content=\"Conferinta Oltenia\" \/>\n<meta property=\"article:published_time\" content=\"2020-03-11T01:08:28+00:00\" \/>\n<meta name=\"author\" content=\"Conferinta Oltenia\" \/>\n<meta name=\"twitter:card\" content=\"summary_large_image\" \/>\n<meta name=\"twitter:label1\" content=\"Written by\" \/>\n\t<meta name=\"twitter:data1\" content=\"Conferinta Oltenia\" \/>\n\t<meta name=\"twitter:label2\" content=\"Est. reading time\" \/>\n\t<meta name=\"twitter:data2\" content=\"2 minutes\" \/>\n<script type=\"application\/ld+json\" class=\"yoast-schema-graph\">{\"@context\":\"https:\/\/schema.org\",\"@graph\":[{\"@type\":\"WebPage\",\"@id\":\"https:\/\/adventistoltenia.ro\/site\/cursurile-din-invatamantul-preuniversitar-suspendate-intre-11-martie-22-martie\/\",\"url\":\"https:\/\/adventistoltenia.ro\/site\/cursurile-din-invatamantul-preuniversitar-suspendate-intre-11-martie-22-martie\/\",\"name\":\"Cursurile din \u00eenv\u0103\u021b\u0103m\u00e2ntul preuniversitar suspendate \u00eentre 11 martie \u2013 22 martie - Conferinta Oltenia\",\"isPartOf\":{\"@id\":\"https:\/\/adventistoltenia.ro\/site\/#website\"},\"datePublished\":\"2020-03-11T01:08:28+00:00\",\"dateModified\":\"2020-03-11T01:08:28+00:00\",\"author\":{\"@id\":\"https:\/\/adventistoltenia.ro\/site\/#\/schema\/person\/81972d6ddcec064fcb37a129240ef9d7\"},\"breadcrumb\":{\"@id\":\"https:\/\/adventistoltenia.ro\/site\/cursurile-din-invatamantul-preuniversitar-suspendate-intre-11-martie-22-martie\/#breadcrumb\"},\"inLanguage\":\"en-US\",\"potentialAction\":[{\"@type\":\"ReadAction\",\"target\":[\"https:\/\/adventistoltenia.ro\/site\/cursurile-din-invatamantul-preuniversitar-suspendate-intre-11-martie-22-martie\/\"]}]},{\"@type\":\"BreadcrumbList\",\"@id\":\"https:\/\/adventistoltenia.ro\/site\/cursurile-din-invatamantul-preuniversitar-suspendate-intre-11-martie-22-martie\/#breadcrumb\",\"itemListElement\":[{\"@type\":\"ListItem\",\"position\":1,\"name\":\"Home\",\"item\":\"https:\/\/adventistoltenia.ro\/site\/\"},{\"@type\":\"ListItem\",\"position\":2,\"name\":\"Cursurile din \u00eenv\u0103\u021b\u0103m\u00e2ntul preuniversitar suspendate \u00eentre 11 martie \u2013 22 martie\"}]},{\"@type\":\"WebSite\",\"@id\":\"https:\/\/adventistoltenia.ro\/site\/#website\",\"url\":\"https:\/\/adventistoltenia.ro\/site\/\",\"name\":\"Conferinta Oltenia\",\"description\":\"Biserica Adventista de Ziua a Saptea\",\"potentialAction\":[{\"@type\":\"SearchAction\",\"target\":{\"@type\":\"EntryPoint\",\"urlTemplate\":\"https:\/\/adventistoltenia.ro\/site\/?s={search_term_string}\"},\"query-input\":\"required name=search_term_string\"}],\"inLanguage\":\"en-US\"},{\"@type\":\"Person\",\"@id\":\"https:\/\/adventistoltenia.ro\/site\/#\/schema\/person\/81972d6ddcec064fcb37a129240ef9d7\",\"name\":\"Conferinta Oltenia\",\"image\":{\"@type\":\"ImageObject\",\"inLanguage\":\"en-US\",\"@id\":\"https:\/\/adventistoltenia.ro\/site\/#\/schema\/person\/image\/\",\"url\":\"https:\/\/secure.gravatar.com\/avatar\/ebe92ec22e2e53a8eb79d6b52b724e27?s=96&d=mm&r=g\",\"contentUrl\":\"https:\/\/secure.gravatar.com\/avatar\/ebe92ec22e2e53a8eb79d6b52b724e27?s=96&d=mm&r=g\",\"caption\":\"Conferinta Oltenia\"},\"url\":\"https:\/\/adventistoltenia.ro\/site\/author\/adm1n\/\"}]}<\/script>\n<!-- \/ Yoast SEO plugin. -->","yoast_head_json":{"title":"Cursurile din \u00eenv\u0103\u021b\u0103m\u00e2ntul preuniversitar suspendate \u00eentre 11 martie \u2013 22 martie - Conferinta Oltenia","robots":{"index":"index","follow":"follow","max-snippet":"max-snippet:-1","max-image-preview":"max-image-preview:large","max-video-preview":"max-video-preview:-1"},"canonical":"https:\/\/adventistoltenia.ro\/site\/cursurile-din-invatamantul-preuniversitar-suspendate-intre-11-martie-22-martie\/","og_locale":"en_US","og_type":"article","og_title":"Cursurile din \u00eenv\u0103\u021b\u0103m\u00e2ntul preuniversitar suspendate \u00eentre 11 martie \u2013 22 martie - Conferinta Oltenia","og_description":"\u00cen perioada 11 martie \u2013 22 martie, cursurile din \u00eenv\u0103\u021b\u0103m\u00e2ntul preuniversitar au fost suspendate, elevii intr\u00e2nd for\u021bat \u00eentr-o mini-vacan\u021b\u0103. Decizia vine \u00een urma apari\u021biei \u0219i \u00eempr\u0103\u0219tierii virusului COVID-19 \u00een Rom\u00e2nia. Dispozi\u021bia aceasta a venit \u00een urma discu\u021biei pe care Comitetul Na\u021bional pentru Situa\u021bii Speciale de Urgen\u021b\u0103 a avut-o \u00een data de 8 martie a.c. M\u0103sura &hellip; Continued","og_url":"https:\/\/adventistoltenia.ro\/site\/cursurile-din-invatamantul-preuniversitar-suspendate-intre-11-martie-22-martie\/","og_site_name":"Conferinta Oltenia","article_published_time":"2020-03-11T01:08:28+00:00","author":"Conferinta Oltenia","twitter_card":"summary_large_image","twitter_misc":{"Written by":"Conferinta Oltenia","Est. reading time":"2 minutes"},"schema":{"@context":"https:\/\/schema.org","@graph":[{"@type":"WebPage","@id":"https:\/\/adventistoltenia.ro\/site\/cursurile-din-invatamantul-preuniversitar-suspendate-intre-11-martie-22-martie\/","url":"https:\/\/adventistoltenia.ro\/site\/cursurile-din-invatamantul-preuniversitar-suspendate-intre-11-martie-22-martie\/","name":"Cursurile din \u00eenv\u0103\u021b\u0103m\u00e2ntul preuniversitar suspendate \u00eentre 11 martie \u2013 22 martie - Conferinta Oltenia","isPartOf":{"@id":"https:\/\/adventistoltenia.ro\/site\/#website"},"datePublished":"2020-03-11T01:08:28+00:00","dateModified":"2020-03-11T01:08:28+00:00","author":{"@id":"https:\/\/adventistoltenia.ro\/site\/#\/schema\/person\/81972d6ddcec064fcb37a129240ef9d7"},"breadcrumb":{"@id":"https:\/\/adventistoltenia.ro\/site\/cursurile-din-invatamantul-preuniversitar-suspendate-intre-11-martie-22-martie\/#breadcrumb"},"inLanguage":"en-US","potentialAction":[{"@type":"ReadAction","target":["https:\/\/adventistoltenia.ro\/site\/cursurile-din-invatamantul-preuniversitar-suspendate-intre-11-martie-22-martie\/"]}]},{"@type":"BreadcrumbList","@id":"https:\/\/adventistoltenia.ro\/site\/cursurile-din-invatamantul-preuniversitar-suspendate-intre-11-martie-22-martie\/#breadcrumb","itemListElement":[{"@type":"ListItem","position":1,"name":"Home","item":"https:\/\/adventistoltenia.ro\/site\/"},{"@type":"ListItem","position":2,"name":"Cursurile din \u00eenv\u0103\u021b\u0103m\u00e2ntul preuniversitar suspendate \u00eentre 11 martie \u2013 22 martie"}]},{"@type":"WebSite","@id":"https:\/\/adventistoltenia.ro\/site\/#website","url":"https:\/\/adventistoltenia.ro\/site\/","name":"Conferinta Oltenia","description":"Biserica Adventista de Ziua a Saptea","potentialAction":[{"@type":"SearchAction","target":{"@type":"EntryPoint","urlTemplate":"https:\/\/adventistoltenia.ro\/site\/?s={search_term_string}"},"query-input":"required name=search_term_string"}],"inLanguage":"en-US"},{"@type":"Person","@id":"https:\/\/adventistoltenia.ro\/site\/#\/schema\/person\/81972d6ddcec064fcb37a129240ef9d7","name":"Conferinta Oltenia","image":{"@type":"ImageObject","inLanguage":"en-US","@id":"https:\/\/adventistoltenia.ro\/site\/#\/schema\/person\/image\/","url":"https:\/\/secure.gravatar.com\/avatar\/ebe92ec22e2e53a8eb79d6b52b724e27?s=96&d=mm&r=g","contentUrl":"https:\/\/secure.gravatar.com\/avatar\/ebe92ec22e2e53a8eb79d6b52b724e27?s=96&d=mm&r=g","caption":"Conferinta Oltenia"},"url":"https:\/\/adventistoltenia.ro\/site\/author\/adm1n\/"}]}},"_links":{"self":[{"href":"https:\/\/adventistoltenia.ro\/site\/wp-json\/wp\/v2\/posts\/3266"}],"collection":[{"href":"https:\/\/adventistoltenia.ro\/site\/wp-json\/wp\/v2\/posts"}],"about":[{"href":"https:\/\/adventistoltenia.ro\/site\/wp-json\/wp\/v2\/types\/post"}],"author":[{"embeddable":true,"href":"https:\/\/adventistoltenia.ro\/site\/wp-json\/wp\/v2\/users\/2"}],"replies":[{"embeddable":true,"href":"https:\/\/adventistoltenia.ro\/site\/wp-json\/wp\/v2\/comments?post=3266"}],"version-history":[{"count":0,"href":"https:\/\/adventistoltenia.ro\/site\/wp-json\/wp\/v2\/posts\/3266\/revisions"}],"wp:attachment":[{"href":"https:\/\/adventistoltenia.ro\/site\/wp-json\/wp\/v2\/media?parent=3266"}],"wp:term":[{"taxonomy":"category","embeddable":true,"href":"https:\/\/adventistoltenia.ro\/site\/wp-json\/wp\/v2\/categories?post=3266"},{"taxonomy":"post_tag","embeddable":true,"href":"https:\/\/adventistoltenia.ro\/site\/wp-json\/wp\/v2\/tags?post=3266"}],"curies":[{"name":"wp","href":"https:\/\/api.w.org\/{rel}","templated":true}]}}