{"id":3308,"date":"2020-03-20T01:11:24","date_gmt":"2020-03-20T01:11:24","guid":{"rendered":"http:\/\/adventistoltenia.ro\/site\/coronavirus-angajatii-de-la-sediul-bisericii-adventiste-mondiale-vor-lucra-de-acasa-pana-la-finalul-lunii-martie\/"},"modified":"2020-03-20T01:11:24","modified_gmt":"2020-03-20T01:11:24","slug":"coronavirus-angajatii-de-la-sediul-bisericii-adventiste-mondiale-vor-lucra-de-acasa-pana-la-finalul-lunii-martie","status":"publish","type":"post","link":"https:\/\/adventistoltenia.ro\/site\/coronavirus-angajatii-de-la-sediul-bisericii-adventiste-mondiale-vor-lucra-de-acasa-pana-la-finalul-lunii-martie\/","title":{"rendered":"Coronavirus: Angaja\u021bii de la sediul Bisericii Adventiste mondiale vor lucra de acas\u0103 p\u00e2n\u0103 la finalul lunii martie"},"content":{"rendered":"<div>\n<p>Ca m&#259;sur&#259; de precau&#539;ie pentru comunitatea &icirc;n mijlocul c&#259;reia &icirc;&#537;i desf&#259;&#537;oar&#259; activitatea, conducerea de la sediul central al Bisericii Adventiste de Ziua a &#536;aptea a decis c&#259; angaja&#539;ii vor lucra de acas&#259; p&acirc;n&#259; &icirc;n data de 30 martie 2020. Aceasta m&#259;sur&#259; este luat&#259; &icirc;n urma cre&#537;terii num&#259;rului de persoanelor suspecte a fi infectate cu COVID-19.<\/p>\n<p>Pre&#537;edintele Bisericii Adventiste de Ziua a &#536;aptea, Ted N.C. Wilson, a subliniat faptul c&#259; activitatea Bisericii Adventiste de Ziua a &#536;aptea va continua. Pastorul Wilson a declarat: &bdquo;De&#537;i accesul &icirc;n cl&#259;dire va fi limitat, Conferin&#539;a General&#259; va continua s&#259; func&#539;ioneze, folosind mijloacele disponibile precum Zoom, Office365 &#537;i accesul prin VPN. Angaja&#539;ii temporari vor fi, &icirc;n continuare, pl&#259;ti&#539;i.&rdquo;<\/p>\n<p>Joi, 12 martie, conducerea Conferin&#539;ei Generale s-a reunit pentru a analiza posibilele c&#259;l&#259;torii ale angaja&#539;ilor. Din acel moment, au fost instituite restric&#539;ii de c&#259;l&#259;torie, iar angaja&#539;ii afla&#539;i &icirc;n deplasare au fost chema&#539;i acas&#259;.<\/p>\n<p>Acum, &icirc;n efortul de protejare a angaja&#539;ilor &#537;i a comunit&#259;&#539;ii din jur, s-a luat decizia de restric&#539;ionare a accesului &icirc;n sediul Bisericii Adventiste mondiale timp de dou&#259; s&#259;pt&#259;m&acirc;ni.<\/p>\n<p>Luni, 11 martie, Organiza&#539;ia Mondial&#259; a S&#259;n&#259;t&#259;&#539;ii a declarat pandemia de COVID-19. P&acirc;n&#259; azi, 15 martie, virusul a infectat peste 130.000 de oameni, iar peste 5.000 dintre ace&#537;tia au decedat.<\/p>\n<p>Aceste m&#259;suri temporare au ca scop &icirc;ncetinirea r&#259;sp&acirc;ndirii COVID-19 &icirc;n comunit&#259;&#539;ile noastre. Trebuie s&#259; acord&#259;m aten&#539;ie &#537;i s&#259; respect&#259;m recomand&#259;rile simple oferite de direc&#539;iile de s&#259;n&#259;tate public&#259; &#537;i de cadrele medicale. Printre acestea se num&#259;r&#259;:<\/p>\n<ol>\n<li>Sp&#259;la&#539;i-v&#259; atent m&acirc;inile cu ap&#259; &#537;i s&#259;pun &#537;i folosi&#539;i produse dezinfectante care con&#539;in cel pu&#539;in 60% alcool, atunci c&acirc;nd sp&#259;larea m&acirc;inilor nu este posibil&#259;.<\/li>\n<li>Acoperi&#539;i-v&#259; gura &#537;i nasul dac&#259; tu&#537;i&#539;i sau str&#259;nuta&#539;i. Dac&#259; nu ave&#539;i la &icirc;ndem&acirc;n&#259; &#537;erve&#539;ele, utiliza&#539;i bra&#539;ul &icirc;ndoit sau m&acirc;neca pentru a v&#259; acoperi gura &#537;i nasul.<\/li>\n<li>Men&#539;ine&#539;i o distan&#539;&#259; de siguran&#539;&#259; fa&#539;&#259; de ceilal&#539;i &#537;i evita&#539;i str&acirc;ngerile de m&acirc;n&#259;, &acirc;mbr&#259;&#539;i&#537;&#259;rile etc.<\/li>\n<li>Dezinfecta&#539;i zilnic locuin&#539;a &#537;i spa&#539;iul de lucru.<\/li>\n<li>Dac&#259; sunte&#539;i bolnav, r&#259;m&acirc;ne&#539;i acas&#259;.<\/li>\n<li>Apela&#539;i la asisten&#539;&#259; medical&#259; dac&#259; prezenta&#539;i oricare dintre simptomele COVID-19.<\/li>\n<\/ol>\n<p>Conducerea Bisericii Adventiste mondiale le solicit&#259; tuturor membrilor s&#259; fie vigilen&#539;i &#537;i s&#259; continue s&#259; ac&#539;ioneze &icirc;n cel mai bun &#537;i responsabil mod de a-&#537;i proteja comunit&#259;&#539;ile. Directorul Departamentului S&#259;n&#259;tate al Bisericii Adventiste de Ziua a &#536;aptea a subliniat faptul c&#259; &icirc;nchiderea sediului Conferin&#539;ei Generale nu echivaleaz&#259; cu &icirc;ncetarea activit&#259;&#539;ii Bisericii Adventiste. &bdquo;Biserica va continua s&#259; lucreze &#537;i s&#259; func&#539;ioneze corespunz&#259;tor. Nu ne oprim activitatea. Trebuie s&#259; ne supunem m&#259;surilor impuse de reprezentan&#539;ii &#539;&#259;rilor &icirc;n care locuim, &icirc;ns&#259; vom continua s&#259; lucr&#259;m.&rdquo;<\/p>\n<p>Mai important, conducerea Bisericii &icirc;i &icirc;ndeamn&#259; pe to&#539;i credincio&#537;ii adventi&#537;ti s&#259; se roage. &bdquo;Ruga&#539;i-v&#259; pentru cei care lucreaz&#259; pentru a-i vindeca pe cei bolnavi. Ruga&#539;i-v&#259; pentru cei care se lupt&#259; cu boala &#537;i ruga&#539;i-v&#259; pentru conduc&#259;torii &#537;i medicii din toat&#259; lumea, deoarece se confrunt&#259; cu decizii dificile &icirc;n eforturile lor de a limita &#537;i reduce pandemia.&rdquo;<\/p>\n<p>Pastorul Wilson le-a cerut credincio&#537;ilor adventi&#537;ti s&#259; fie un exemplu pentru cei din jurul lor. &bdquo;Fi&#539;i un factor de stabilitate. Fi&#539;i st&acirc;lpi ai speran&#539;ei &icirc;ntemeiate &icirc;n Isus Hristos&rdquo;, a transmis el. &bdquo;V&#259; &icirc;ndemn s&#259; fi&#539;i o m&#259;rturie puternic&#259; &#537;i martori pentru Dumnezeu. El dore&#537;te s&#259; fi&#539;i martorii lui chiar &#537;i &icirc;n aceast&#259; perioad&#259; marcat&#259; de &icirc;ngrijorare &#537;i comportamente haotice. Fi&#539;i puternici, fermi, &icirc;ntemeia&#539;i pe st&acirc;nc&#259; &ndash; Isus Hristos &ndash; &icirc;n timp ce v&#259; implica&#539;i &icirc;n slujire &#537;i m&#259;rturisire al&#259;turi de ceilal&#539;i credincio&#537;i.&rdquo;<\/p>\n<p>Au fost adresate &icirc;ntreb&#259;ri cu privire la modul &icirc;n care pandemia de COVID-19 va afecta sesiunea Conferin&#539;ei Generale, programate a se desf&#259;&#537;ura &icirc;n aceast&#259; var&#259;. Deocamdat&#259; se merge &icirc;nainte cu planurile, &icirc;ns&#259; conduc&#259;torii Bisericii mondiale vor monitoriza &#537;i analiza zilnic situa&#539;ia. Principala lor prioritate o va reprezenta s&#259;n&#259;tatea &#537;i siguran&#539;a participan&#539;ilor. Vom publica cele mai recente informa&#539;ii cu privire la acest subiect pe site-ul <a href=\"http:\/\/session.adventist.org\/\">Session.Adventist.Org<\/a>.<\/p>\n<p>Articolul <a rel=\"nofollow\" href=\"https:\/\/www.adventist.ro\/index\/coronavirus-angajatii-de-la-sediul-bisericii-adventiste-mondiale-vor-lucra-de-acasa-pana-la-finalul-lunii-martie\/\">Coronavirus: Angaja&#539;ii de la sediul Bisericii Adventiste mondiale vor lucra de acas&#259; p&acirc;n&#259; la finalul lunii martie<\/a> apare prima dat&#259; &icirc;n <a rel=\"nofollow\" href=\"https:\/\/www.adventist.ro\/index\">Biserica Adventist&#259;<\/a>.<\/p>\n<\/div>\n<p class=\"wpematico_credit\"><small>Powered by <a href=\"http:\/\/www.wpematico.com\" target=\"_blank\" rel=\"noopener noreferrer\">WPeMatico<\/a><\/small><\/p>\n ","protected":false},"excerpt":{"rendered":"<p>Ca m&#259;sur&#259; de precau&#539;ie pentru comunitatea &icirc;n mijlocul c&#259;reia &icirc;&#537;i desf&#259;&#537;oar&#259; activitatea, conducerea de la sediul central al Bisericii Adventiste de Ziua a &#536;aptea a decis c&#259; angaja&#539;ii vor lucra de acas&#259; p&acirc;n&#259; &icirc;n data de 30 martie 2020. Aceasta m&#259;sur&#259; este luat&#259; &icirc;n urma cre&#537;terii num&#259;rului de persoanelor suspecte a fi infectate cu COVID-19. &hellip; <a href=\"https:\/\/adventistoltenia.ro\/site\/coronavirus-angajatii-de-la-sediul-bisericii-adventiste-mondiale-vor-lucra-de-acasa-pana-la-finalul-lunii-martie\/\">Continued<\/a><\/p>\n","protected":false},"author":2,"featured_media":0,"comment_status":"open","ping_status":"closed","sticky":false,"template":"","format":"standard","meta":[],"categories":[71],"tags":[],"yoast_head":"<!-- This site is optimized with the Yoast SEO plugin v20.3 - https:\/\/yoast.com\/wordpress\/plugins\/seo\/ -->\n<title>Coronavirus: Angaja\u021bii de la sediul Bisericii Adventiste mondiale vor lucra de acas\u0103 p\u00e2n\u0103 la finalul lunii martie - Conferinta Oltenia<\/title>\n<meta name=\"robots\" content=\"index, follow, max-snippet:-1, max-image-preview:large, max-video-preview:-1\" \/>\n<link rel=\"canonical\" href=\"https:\/\/adventistoltenia.ro\/site\/coronavirus-angajatii-de-la-sediul-bisericii-adventiste-mondiale-vor-lucra-de-acasa-pana-la-finalul-lunii-martie\/\" \/>\n<meta property=\"og:locale\" content=\"en_US\" \/>\n<meta property=\"og:type\" content=\"article\" \/>\n<meta property=\"og:title\" content=\"Coronavirus: Angaja\u021bii de la sediul Bisericii Adventiste mondiale vor lucra de acas\u0103 p\u00e2n\u0103 la finalul lunii martie - Conferinta Oltenia\" \/>\n<meta property=\"og:description\" content=\"Ca m&#259;sur&#259; de precau&#539;ie pentru comunitatea &icirc;n mijlocul c&#259;reia &icirc;&#537;i desf&#259;&#537;oar&#259; activitatea, conducerea de la sediul central al Bisericii Adventiste de Ziua a &#536;aptea a decis c&#259; angaja&#539;ii vor lucra de acas&#259; p&acirc;n&#259; &icirc;n data de 30 martie 2020. Aceasta m&#259;sur&#259; este luat&#259; &icirc;n urma cre&#537;terii num&#259;rului de persoanelor suspecte a fi infectate cu COVID-19. &hellip; Continued\" \/>\n<meta property=\"og:url\" content=\"https:\/\/adventistoltenia.ro\/site\/coronavirus-angajatii-de-la-sediul-bisericii-adventiste-mondiale-vor-lucra-de-acasa-pana-la-finalul-lunii-martie\/\" \/>\n<meta property=\"og:site_name\" content=\"Conferinta Oltenia\" \/>\n<meta property=\"article:published_time\" content=\"2020-03-20T01:11:24+00:00\" \/>\n<meta name=\"author\" content=\"Conferinta Oltenia\" \/>\n<meta name=\"twitter:card\" content=\"summary_large_image\" \/>\n<meta name=\"twitter:label1\" content=\"Written by\" \/>\n\t<meta name=\"twitter:data1\" content=\"Conferinta Oltenia\" \/>\n\t<meta name=\"twitter:label2\" content=\"Est. reading time\" \/>\n\t<meta name=\"twitter:data2\" content=\"4 minutes\" \/>\n<script type=\"application\/ld+json\" class=\"yoast-schema-graph\">{\"@context\":\"https:\/\/schema.org\",\"@graph\":[{\"@type\":\"WebPage\",\"@id\":\"https:\/\/adventistoltenia.ro\/site\/coronavirus-angajatii-de-la-sediul-bisericii-adventiste-mondiale-vor-lucra-de-acasa-pana-la-finalul-lunii-martie\/\",\"url\":\"https:\/\/adventistoltenia.ro\/site\/coronavirus-angajatii-de-la-sediul-bisericii-adventiste-mondiale-vor-lucra-de-acasa-pana-la-finalul-lunii-martie\/\",\"name\":\"Coronavirus: Angaja\u021bii de la sediul Bisericii Adventiste mondiale vor lucra de acas\u0103 p\u00e2n\u0103 la finalul lunii martie - Conferinta Oltenia\",\"isPartOf\":{\"@id\":\"https:\/\/adventistoltenia.ro\/site\/#website\"},\"datePublished\":\"2020-03-20T01:11:24+00:00\",\"dateModified\":\"2020-03-20T01:11:24+00:00\",\"author\":{\"@id\":\"https:\/\/adventistoltenia.ro\/site\/#\/schema\/person\/81972d6ddcec064fcb37a129240ef9d7\"},\"breadcrumb\":{\"@id\":\"https:\/\/adventistoltenia.ro\/site\/coronavirus-angajatii-de-la-sediul-bisericii-adventiste-mondiale-vor-lucra-de-acasa-pana-la-finalul-lunii-martie\/#breadcrumb\"},\"inLanguage\":\"en-US\",\"potentialAction\":[{\"@type\":\"ReadAction\",\"target\":[\"https:\/\/adventistoltenia.ro\/site\/coronavirus-angajatii-de-la-sediul-bisericii-adventiste-mondiale-vor-lucra-de-acasa-pana-la-finalul-lunii-martie\/\"]}]},{\"@type\":\"BreadcrumbList\",\"@id\":\"https:\/\/adventistoltenia.ro\/site\/coronavirus-angajatii-de-la-sediul-bisericii-adventiste-mondiale-vor-lucra-de-acasa-pana-la-finalul-lunii-martie\/#breadcrumb\",\"itemListElement\":[{\"@type\":\"ListItem\",\"position\":1,\"name\":\"Home\",\"item\":\"https:\/\/adventistoltenia.ro\/site\/\"},{\"@type\":\"ListItem\",\"position\":2,\"name\":\"Coronavirus: Angaja\u021bii de la sediul Bisericii Adventiste mondiale vor lucra de acas\u0103 p\u00e2n\u0103 la finalul lunii martie\"}]},{\"@type\":\"WebSite\",\"@id\":\"https:\/\/adventistoltenia.ro\/site\/#website\",\"url\":\"https:\/\/adventistoltenia.ro\/site\/\",\"name\":\"Conferinta Oltenia\",\"description\":\"Biserica Adventista de Ziua a Saptea\",\"potentialAction\":[{\"@type\":\"SearchAction\",\"target\":{\"@type\":\"EntryPoint\",\"urlTemplate\":\"https:\/\/adventistoltenia.ro\/site\/?s={search_term_string}\"},\"query-input\":\"required name=search_term_string\"}],\"inLanguage\":\"en-US\"},{\"@type\":\"Person\",\"@id\":\"https:\/\/adventistoltenia.ro\/site\/#\/schema\/person\/81972d6ddcec064fcb37a129240ef9d7\",\"name\":\"Conferinta Oltenia\",\"image\":{\"@type\":\"ImageObject\",\"inLanguage\":\"en-US\",\"@id\":\"https:\/\/adventistoltenia.ro\/site\/#\/schema\/person\/image\/\",\"url\":\"https:\/\/secure.gravatar.com\/avatar\/ebe92ec22e2e53a8eb79d6b52b724e27?s=96&d=mm&r=g\",\"contentUrl\":\"https:\/\/secure.gravatar.com\/avatar\/ebe92ec22e2e53a8eb79d6b52b724e27?s=96&d=mm&r=g\",\"caption\":\"Conferinta Oltenia\"},\"url\":\"https:\/\/adventistoltenia.ro\/site\/author\/adm1n\/\"}]}<\/script>\n<!-- \/ Yoast SEO plugin. -->","yoast_head_json":{"title":"Coronavirus: Angaja\u021bii de la sediul Bisericii Adventiste mondiale vor lucra de acas\u0103 p\u00e2n\u0103 la finalul lunii martie - Conferinta Oltenia","robots":{"index":"index","follow":"follow","max-snippet":"max-snippet:-1","max-image-preview":"max-image-preview:large","max-video-preview":"max-video-preview:-1"},"canonical":"https:\/\/adventistoltenia.ro\/site\/coronavirus-angajatii-de-la-sediul-bisericii-adventiste-mondiale-vor-lucra-de-acasa-pana-la-finalul-lunii-martie\/","og_locale":"en_US","og_type":"article","og_title":"Coronavirus: Angaja\u021bii de la sediul Bisericii Adventiste mondiale vor lucra de acas\u0103 p\u00e2n\u0103 la finalul lunii martie - Conferinta Oltenia","og_description":"Ca m&#259;sur&#259; de precau&#539;ie pentru comunitatea &icirc;n mijlocul c&#259;reia &icirc;&#537;i desf&#259;&#537;oar&#259; activitatea, conducerea de la sediul central al Bisericii Adventiste de Ziua a &#536;aptea a decis c&#259; angaja&#539;ii vor lucra de acas&#259; p&acirc;n&#259; &icirc;n data de 30 martie 2020. Aceasta m&#259;sur&#259; este luat&#259; &icirc;n urma cre&#537;terii num&#259;rului de persoanelor suspecte a fi infectate cu COVID-19. &hellip; Continued","og_url":"https:\/\/adventistoltenia.ro\/site\/coronavirus-angajatii-de-la-sediul-bisericii-adventiste-mondiale-vor-lucra-de-acasa-pana-la-finalul-lunii-martie\/","og_site_name":"Conferinta Oltenia","article_published_time":"2020-03-20T01:11:24+00:00","author":"Conferinta Oltenia","twitter_card":"summary_large_image","twitter_misc":{"Written by":"Conferinta Oltenia","Est. reading time":"4 minutes"},"schema":{"@context":"https:\/\/schema.org","@graph":[{"@type":"WebPage","@id":"https:\/\/adventistoltenia.ro\/site\/coronavirus-angajatii-de-la-sediul-bisericii-adventiste-mondiale-vor-lucra-de-acasa-pana-la-finalul-lunii-martie\/","url":"https:\/\/adventistoltenia.ro\/site\/coronavirus-angajatii-de-la-sediul-bisericii-adventiste-mondiale-vor-lucra-de-acasa-pana-la-finalul-lunii-martie\/","name":"Coronavirus: Angaja\u021bii de la sediul Bisericii Adventiste mondiale vor lucra de acas\u0103 p\u00e2n\u0103 la finalul lunii martie - Conferinta Oltenia","isPartOf":{"@id":"https:\/\/adventistoltenia.ro\/site\/#website"},"datePublished":"2020-03-20T01:11:24+00:00","dateModified":"2020-03-20T01:11:24+00:00","author":{"@id":"https:\/\/adventistoltenia.ro\/site\/#\/schema\/person\/81972d6ddcec064fcb37a129240ef9d7"},"breadcrumb":{"@id":"https:\/\/adventistoltenia.ro\/site\/coronavirus-angajatii-de-la-sediul-bisericii-adventiste-mondiale-vor-lucra-de-acasa-pana-la-finalul-lunii-martie\/#breadcrumb"},"inLanguage":"en-US","potentialAction":[{"@type":"ReadAction","target":["https:\/\/adventistoltenia.ro\/site\/coronavirus-angajatii-de-la-sediul-bisericii-adventiste-mondiale-vor-lucra-de-acasa-pana-la-finalul-lunii-martie\/"]}]},{"@type":"BreadcrumbList","@id":"https:\/\/adventistoltenia.ro\/site\/coronavirus-angajatii-de-la-sediul-bisericii-adventiste-mondiale-vor-lucra-de-acasa-pana-la-finalul-lunii-martie\/#breadcrumb","itemListElement":[{"@type":"ListItem","position":1,"name":"Home","item":"https:\/\/adventistoltenia.ro\/site\/"},{"@type":"ListItem","position":2,"name":"Coronavirus: Angaja\u021bii de la sediul Bisericii Adventiste mondiale vor lucra de acas\u0103 p\u00e2n\u0103 la finalul lunii martie"}]},{"@type":"WebSite","@id":"https:\/\/adventistoltenia.ro\/site\/#website","url":"https:\/\/adventistoltenia.ro\/site\/","name":"Conferinta Oltenia","description":"Biserica Adventista de Ziua a Saptea","potentialAction":[{"@type":"SearchAction","target":{"@type":"EntryPoint","urlTemplate":"https:\/\/adventistoltenia.ro\/site\/?s={search_term_string}"},"query-input":"required name=search_term_string"}],"inLanguage":"en-US"},{"@type":"Person","@id":"https:\/\/adventistoltenia.ro\/site\/#\/schema\/person\/81972d6ddcec064fcb37a129240ef9d7","name":"Conferinta Oltenia","image":{"@type":"ImageObject","inLanguage":"en-US","@id":"https:\/\/adventistoltenia.ro\/site\/#\/schema\/person\/image\/","url":"https:\/\/secure.gravatar.com\/avatar\/ebe92ec22e2e53a8eb79d6b52b724e27?s=96&d=mm&r=g","contentUrl":"https:\/\/secure.gravatar.com\/avatar\/ebe92ec22e2e53a8eb79d6b52b724e27?s=96&d=mm&r=g","caption":"Conferinta Oltenia"},"url":"https:\/\/adventistoltenia.ro\/site\/author\/adm1n\/"}]}},"_links":{"self":[{"href":"https:\/\/adventistoltenia.ro\/site\/wp-json\/wp\/v2\/posts\/3308"}],"collection":[{"href":"https:\/\/adventistoltenia.ro\/site\/wp-json\/wp\/v2\/posts"}],"about":[{"href":"https:\/\/adventistoltenia.ro\/site\/wp-json\/wp\/v2\/types\/post"}],"author":[{"embeddable":true,"href":"https:\/\/adventistoltenia.ro\/site\/wp-json\/wp\/v2\/users\/2"}],"replies":[{"embeddable":true,"href":"https:\/\/adventistoltenia.ro\/site\/wp-json\/wp\/v2\/comments?post=3308"}],"version-history":[{"count":0,"href":"https:\/\/adventistoltenia.ro\/site\/wp-json\/wp\/v2\/posts\/3308\/revisions"}],"wp:attachment":[{"href":"https:\/\/adventistoltenia.ro\/site\/wp-json\/wp\/v2\/media?parent=3308"}],"wp:term":[{"taxonomy":"category","embeddable":true,"href":"https:\/\/adventistoltenia.ro\/site\/wp-json\/wp\/v2\/categories?post=3308"},{"taxonomy":"post_tag","embeddable":true,"href":"https:\/\/adventistoltenia.ro\/site\/wp-json\/wp\/v2\/tags?post=3308"}],"curies":[{"name":"wp","href":"https:\/\/api.w.org\/{rel}","templated":true}]}}