{"id":820,"date":"2015-04-02T18:55:53","date_gmt":"2015-04-02T18:55:53","guid":{"rendered":"http:\/\/adventistoltenia.ro\/site\/?p=820"},"modified":"2017-09-14T17:23:48","modified_gmt":"2017-09-14T17:23:48","slug":"primeste-daruind","status":"publish","type":"post","link":"https:\/\/adventistoltenia.ro\/site\/primeste-daruind\/","title":{"rendered":"Primeste, daruind&#8230;"},"content":{"rendered":"<p>\u00cen apropierea datei de 8 martie, am fost implicat \u00eentr-o activitate cu caracter social, prin care am dorit s\u0103 transmit un g\u00e2nd de bine doamnelor din ora\u015ful Videle. A\u015fadar, am cump\u0103rat de la Sola Scriptura 50 de felicit\u0103ri ce con\u0163ineau patru tipuri de caracteristici: <i>suflet bun, sensibil\u0103, ginga\u015f\u0103 <\/i>\u015fi<i> delicat\u0103,<\/i> iar pe verso am scris c\u00e2te un mesaj personalizat. \u00censo\u0163it de feti\u0163a mea Sara (4 ani), am intrat \u00een mai multe institu\u0163ii din ora\u015f: policlinic\u0103, prim\u0103rie, poli\u0163ia local\u0103, \u015fcoal\u0103, po\u015ft\u0103 \u015fi magazine. Am fost martori ai unor reac\u0163ii deosebite manifestate prin diferite emo\u0163ii pozitive \u2013 de la z\u00e2mbet la recuno\u015ftin\u0163\u0103 profund\u0103 \u015fi chiar lacrimi de bucurie. Doamna Ani\u015foara B\u00e2rsoianu, \u015fef \u00een poli\u0163ia local\u0103, a declarat: \u201eapreciem mult faptul c\u0103 \u00een fiecare an oferi\u0163i doamnelor\u00a0 mici aten\u0163ii ce au menirea de a aduce un strop de fericire\u201d.<\/p>\n<p>Unele dintre doamnele vizitate au acceptat invita\u0163ia de a participa la Clubul de s\u0103n\u0103tate din 7 martie. Cele 35 de locuri\u00a0 ale s\u0103lii au fost ocupate \u00eenainte de \u00eenceperea programului iar invitatul special a fost pastorul Marius Munteanu, pre\u015fedintele Bisericii Adventiste de Ziua a \u015eaptea.<\/p>\n<p>Ulterior, \u00een weekend-ul din 13-15 martie am organizat o excursie la Moeciu \u00eempreun\u0103 cu persoanele care particip\u0103 la clubul de s\u0103n\u0103tate Videle. Acolo l-am avut ca invitat pe fratele Florian Ristea, care a prezentat vineri seara, respectiv s\u00e2mb\u0103t\u0103 diminea\u0163a, 2 seminare. \u00cen dup\u0103-amiaza zilei de sabat ne-am organizat pe grupuri \u015fi am parcurs un traseu montan pe jos, bucur\u00e2ndu-ne \u00een felul acesta de frumuse\u0163ea cadrului natural \u00een care ne aflam \u015fi de beneficiile acestuia.<\/p>\n<p>S\u00e2mb\u0103t\u0103 seara programul s-a diversificat prin contribu\u0163iile planificate sau spontane ale participan\u0163ilor.\u00a0 Ace\u015ftia au recitat poezii, au c\u00e2ntat \u015fi au prezentat experien\u0163e din via\u0163a personal\u0103 de p\u0103rinte. La final, fiecare a primit cartea \u201eDegeaba c\u00e2nt\u0103 cucuveaua\u201d, al\u0103turi de o felicitare personalizat\u0103 \u201eSola Scriptura\u201d.<\/p>\n<p>Excursia s-a \u00eencheiat duminic\u0103 prin atingerea a dou\u0103 obiective turistice: Castelul Bran \u015fi Cetatea R\u00e2\u015fnov. Cele 33 de persoane au apreciat calitatea \u00eentregului program \u015fi \u015fi-au exprimat dorin\u0163a de a mai participa la astfel de evenimente.<\/p>\n<p>Aron Marian, misionar Videle<\/p>\n ","protected":false},"excerpt":{"rendered":"<p>\u00cen apropierea datei de 8 martie, am fost implicat \u00eentr-o activitate cu caracter social, prin care am dorit s\u0103 transmit un g\u00e2nd de bine doamnelor din ora\u015ful Videle. A\u015fadar, am cump\u0103rat de la Sola Scriptura 50 de felicit\u0103ri ce con\u0163ineau patru tipuri de caracteristici: suflet bun, sensibil\u0103, ginga\u015f\u0103 \u015fi delicat\u0103, iar pe verso am scris &hellip; <a href=\"https:\/\/adventistoltenia.ro\/site\/primeste-daruind\/\">Continued<\/a><\/p>\n","protected":false},"author":2,"featured_media":821,"comment_status":"closed","ping_status":"closed","sticky":false,"template":"","format":"standard","meta":[],"categories":[63,32],"tags":[],"yoast_head":"<!-- This site is optimized with the Yoast SEO plugin v20.3 - https:\/\/yoast.com\/wordpress\/plugins\/seo\/ -->\n<title>Primeste, daruind... - Conferinta Oltenia<\/title>\n<meta name=\"robots\" content=\"index, follow, max-snippet:-1, max-image-preview:large, max-video-preview:-1\" \/>\n<link rel=\"canonical\" href=\"https:\/\/adventistoltenia.ro\/site\/primeste-daruind\/\" \/>\n<meta property=\"og:locale\" content=\"en_US\" \/>\n<meta property=\"og:type\" content=\"article\" \/>\n<meta property=\"og:title\" content=\"Primeste, daruind... - Conferinta Oltenia\" \/>\n<meta property=\"og:description\" content=\"\u00cen apropierea datei de 8 martie, am fost implicat \u00eentr-o activitate cu caracter social, prin care am dorit s\u0103 transmit un g\u00e2nd de bine doamnelor din ora\u015ful Videle. A\u015fadar, am cump\u0103rat de la Sola Scriptura 50 de felicit\u0103ri ce con\u0163ineau patru tipuri de caracteristici: suflet bun, sensibil\u0103, ginga\u015f\u0103 \u015fi delicat\u0103, iar pe verso am scris &hellip; Continued\" \/>\n<meta property=\"og:url\" content=\"https:\/\/adventistoltenia.ro\/site\/primeste-daruind\/\" \/>\n<meta property=\"og:site_name\" content=\"Conferinta Oltenia\" \/>\n<meta property=\"article:published_time\" content=\"2015-04-02T18:55:53+00:00\" \/>\n<meta property=\"article:modified_time\" content=\"2017-09-14T17:23:48+00:00\" \/>\n<meta property=\"og:image\" content=\"https:\/\/adventistoltenia.ro\/site\/wp-content\/uploads\/2015\/04\/DSCN8958-copy.jpg\" \/>\n\t<meta property=\"og:image:width\" content=\"1500\" \/>\n\t<meta property=\"og:image:height\" content=\"1125\" \/>\n\t<meta property=\"og:image:type\" content=\"image\/jpeg\" \/>\n<meta name=\"author\" content=\"Conferinta Oltenia\" \/>\n<meta name=\"twitter:card\" content=\"summary_large_image\" \/>\n<meta name=\"twitter:label1\" content=\"Written by\" \/>\n\t<meta name=\"twitter:data1\" content=\"Conferinta Oltenia\" \/>\n\t<meta name=\"twitter:label2\" content=\"Est. reading time\" \/>\n\t<meta name=\"twitter:data2\" content=\"2 minutes\" \/>\n<script type=\"application\/ld+json\" class=\"yoast-schema-graph\">{\"@context\":\"https:\/\/schema.org\",\"@graph\":[{\"@type\":\"WebPage\",\"@id\":\"https:\/\/adventistoltenia.ro\/site\/primeste-daruind\/\",\"url\":\"https:\/\/adventistoltenia.ro\/site\/primeste-daruind\/\",\"name\":\"Primeste, daruind... - Conferinta Oltenia\",\"isPartOf\":{\"@id\":\"https:\/\/adventistoltenia.ro\/site\/#website\"},\"datePublished\":\"2015-04-02T18:55:53+00:00\",\"dateModified\":\"2017-09-14T17:23:48+00:00\",\"author\":{\"@id\":\"https:\/\/adventistoltenia.ro\/site\/#\/schema\/person\/81972d6ddcec064fcb37a129240ef9d7\"},\"breadcrumb\":{\"@id\":\"https:\/\/adventistoltenia.ro\/site\/primeste-daruind\/#breadcrumb\"},\"inLanguage\":\"en-US\",\"potentialAction\":[{\"@type\":\"ReadAction\",\"target\":[\"https:\/\/adventistoltenia.ro\/site\/primeste-daruind\/\"]}]},{\"@type\":\"BreadcrumbList\",\"@id\":\"https:\/\/adventistoltenia.ro\/site\/primeste-daruind\/#breadcrumb\",\"itemListElement\":[{\"@type\":\"ListItem\",\"position\":1,\"name\":\"Home\",\"item\":\"https:\/\/adventistoltenia.ro\/site\/\"},{\"@type\":\"ListItem\",\"position\":2,\"name\":\"Primeste, daruind&#8230;\"}]},{\"@type\":\"WebSite\",\"@id\":\"https:\/\/adventistoltenia.ro\/site\/#website\",\"url\":\"https:\/\/adventistoltenia.ro\/site\/\",\"name\":\"Conferinta Oltenia\",\"description\":\"Biserica Adventista de Ziua a Saptea\",\"potentialAction\":[{\"@type\":\"SearchAction\",\"target\":{\"@type\":\"EntryPoint\",\"urlTemplate\":\"https:\/\/adventistoltenia.ro\/site\/?s={search_term_string}\"},\"query-input\":\"required name=search_term_string\"}],\"inLanguage\":\"en-US\"},{\"@type\":\"Person\",\"@id\":\"https:\/\/adventistoltenia.ro\/site\/#\/schema\/person\/81972d6ddcec064fcb37a129240ef9d7\",\"name\":\"Conferinta Oltenia\",\"image\":{\"@type\":\"ImageObject\",\"inLanguage\":\"en-US\",\"@id\":\"https:\/\/adventistoltenia.ro\/site\/#\/schema\/person\/image\/\",\"url\":\"https:\/\/secure.gravatar.com\/avatar\/ebe92ec22e2e53a8eb79d6b52b724e27?s=96&d=mm&r=g\",\"contentUrl\":\"https:\/\/secure.gravatar.com\/avatar\/ebe92ec22e2e53a8eb79d6b52b724e27?s=96&d=mm&r=g\",\"caption\":\"Conferinta Oltenia\"},\"url\":\"https:\/\/adventistoltenia.ro\/site\/author\/adm1n\/\"}]}<\/script>\n<!-- \/ Yoast SEO plugin. -->","yoast_head_json":{"title":"Primeste, daruind... - Conferinta Oltenia","robots":{"index":"index","follow":"follow","max-snippet":"max-snippet:-1","max-image-preview":"max-image-preview:large","max-video-preview":"max-video-preview:-1"},"canonical":"https:\/\/adventistoltenia.ro\/site\/primeste-daruind\/","og_locale":"en_US","og_type":"article","og_title":"Primeste, daruind... - Conferinta Oltenia","og_description":"\u00cen apropierea datei de 8 martie, am fost implicat \u00eentr-o activitate cu caracter social, prin care am dorit s\u0103 transmit un g\u00e2nd de bine doamnelor din ora\u015ful Videle. A\u015fadar, am cump\u0103rat de la Sola Scriptura 50 de felicit\u0103ri ce con\u0163ineau patru tipuri de caracteristici: suflet bun, sensibil\u0103, ginga\u015f\u0103 \u015fi delicat\u0103, iar pe verso am scris &hellip; Continued","og_url":"https:\/\/adventistoltenia.ro\/site\/primeste-daruind\/","og_site_name":"Conferinta Oltenia","article_published_time":"2015-04-02T18:55:53+00:00","article_modified_time":"2017-09-14T17:23:48+00:00","og_image":[{"width":1500,"height":1125,"url":"https:\/\/adventistoltenia.ro\/site\/wp-content\/uploads\/2015\/04\/DSCN8958-copy.jpg","type":"image\/jpeg"}],"author":"Conferinta Oltenia","twitter_card":"summary_large_image","twitter_misc":{"Written by":"Conferinta Oltenia","Est. reading time":"2 minutes"},"schema":{"@context":"https:\/\/schema.org","@graph":[{"@type":"WebPage","@id":"https:\/\/adventistoltenia.ro\/site\/primeste-daruind\/","url":"https:\/\/adventistoltenia.ro\/site\/primeste-daruind\/","name":"Primeste, daruind... - Conferinta Oltenia","isPartOf":{"@id":"https:\/\/adventistoltenia.ro\/site\/#website"},"datePublished":"2015-04-02T18:55:53+00:00","dateModified":"2017-09-14T17:23:48+00:00","author":{"@id":"https:\/\/adventistoltenia.ro\/site\/#\/schema\/person\/81972d6ddcec064fcb37a129240ef9d7"},"breadcrumb":{"@id":"https:\/\/adventistoltenia.ro\/site\/primeste-daruind\/#breadcrumb"},"inLanguage":"en-US","potentialAction":[{"@type":"ReadAction","target":["https:\/\/adventistoltenia.ro\/site\/primeste-daruind\/"]}]},{"@type":"BreadcrumbList","@id":"https:\/\/adventistoltenia.ro\/site\/primeste-daruind\/#breadcrumb","itemListElement":[{"@type":"ListItem","position":1,"name":"Home","item":"https:\/\/adventistoltenia.ro\/site\/"},{"@type":"ListItem","position":2,"name":"Primeste, daruind&#8230;"}]},{"@type":"WebSite","@id":"https:\/\/adventistoltenia.ro\/site\/#website","url":"https:\/\/adventistoltenia.ro\/site\/","name":"Conferinta Oltenia","description":"Biserica Adventista de Ziua a Saptea","potentialAction":[{"@type":"SearchAction","target":{"@type":"EntryPoint","urlTemplate":"https:\/\/adventistoltenia.ro\/site\/?s={search_term_string}"},"query-input":"required name=search_term_string"}],"inLanguage":"en-US"},{"@type":"Person","@id":"https:\/\/adventistoltenia.ro\/site\/#\/schema\/person\/81972d6ddcec064fcb37a129240ef9d7","name":"Conferinta Oltenia","image":{"@type":"ImageObject","inLanguage":"en-US","@id":"https:\/\/adventistoltenia.ro\/site\/#\/schema\/person\/image\/","url":"https:\/\/secure.gravatar.com\/avatar\/ebe92ec22e2e53a8eb79d6b52b724e27?s=96&d=mm&r=g","contentUrl":"https:\/\/secure.gravatar.com\/avatar\/ebe92ec22e2e53a8eb79d6b52b724e27?s=96&d=mm&r=g","caption":"Conferinta Oltenia"},"url":"https:\/\/adventistoltenia.ro\/site\/author\/adm1n\/"}]}},"_links":{"self":[{"href":"https:\/\/adventistoltenia.ro\/site\/wp-json\/wp\/v2\/posts\/820"}],"collection":[{"href":"https:\/\/adventistoltenia.ro\/site\/wp-json\/wp\/v2\/posts"}],"about":[{"href":"https:\/\/adventistoltenia.ro\/site\/wp-json\/wp\/v2\/types\/post"}],"author":[{"embeddable":true,"href":"https:\/\/adventistoltenia.ro\/site\/wp-json\/wp\/v2\/users\/2"}],"replies":[{"embeddable":true,"href":"https:\/\/adventistoltenia.ro\/site\/wp-json\/wp\/v2\/comments?post=820"}],"version-history":[{"count":1,"href":"https:\/\/adventistoltenia.ro\/site\/wp-json\/wp\/v2\/posts\/820\/revisions"}],"predecessor-version":[{"id":1902,"href":"https:\/\/adventistoltenia.ro\/site\/wp-json\/wp\/v2\/posts\/820\/revisions\/1902"}],"wp:featuredmedia":[{"embeddable":true,"href":"https:\/\/adventistoltenia.ro\/site\/wp-json\/wp\/v2\/media\/821"}],"wp:attachment":[{"href":"https:\/\/adventistoltenia.ro\/site\/wp-json\/wp\/v2\/media?parent=820"}],"wp:term":[{"taxonomy":"category","embeddable":true,"href":"https:\/\/adventistoltenia.ro\/site\/wp-json\/wp\/v2\/categories?post=820"},{"taxonomy":"post_tag","embeddable":true,"href":"https:\/\/adventistoltenia.ro\/site\/wp-json\/wp\/v2\/tags?post=820"}],"curies":[{"name":"wp","href":"https:\/\/api.w.org\/{rel}","templated":true}]}}