{"id":839,"date":"2015-04-23T11:36:45","date_gmt":"2015-04-23T11:36:45","guid":{"rendered":"http:\/\/adventistoltenia.ro\/site\/?p=839"},"modified":"2017-09-14T17:25:14","modified_gmt":"2017-09-14T17:25:14","slug":"concert-gloria-dei-la-craiova","status":"publish","type":"post","link":"https:\/\/adventistoltenia.ro\/site\/concert-gloria-dei-la-craiova\/","title":{"rendered":"Concert Gloria Dei la Craiova"},"content":{"rendered":"<p><span style=\"color: #000000;\">\u00cen weekendul din 28-29 martie 2015, a fost un dublu eveniment muzical de excep\u021bie la Craiova. Corul \u0219i orchestra Gloria Dei, ale Bisericii Adventiste de Ziua a \u0218aptea din Rom\u00e2nia, dirijate de maestrul Tiberiu Oprea, au sus\u021binut dou\u0103 concerte\u00a0 \u00een Craiova. Primul a fost prezentat s\u00e2mb\u0103t\u0103, 28 martie, \u00een sala Bisericii Adventiste\u00a0 \u00een fa\u021ba a peste 700 de persoane, \u00een cea mai mare parte membrii ai bisericilor adventiste din zon\u0103. Cel de al doilea concert a avut loc duminic\u0103, 29 martie, \u00een sala Filarmonicii Oltenia \u00een fa\u021ba unui public de 450 de persoane, \u00een cea mai mare parte oaspe\u021bi care nu apar\u021bin bisericii adventiste. \u00a0<\/span><\/p>\n<p><span style=\"color: #000000;\">Pentru a doua oar\u0103, dup\u0103 concertul de la Bra\u0219ov din iulie 2014, ansamblul vocal simfonic Gloria Dei, a reunit tineri adventi\u0219ti\u00a0 talenta\u021bi din\u00a0 toate zonele \u021b\u0103rii, din Republica Moldova \u0219i Austria, c\u00e2t \u0219i instrumenti\u0219ti de valoare din filarmonici precum Sibiu, R\u00e2mnicu V\u00e2lcea, Timi\u0219oara \u0219i Craiova.\u00a0 Sub bagheta maestrului Tiberiu Oprea, fondatorul \u0219i\u00a0 prim-dirijorul filarmonicii din Pite\u0219ti, Gloria Dei a l\u0103udat pe Dumnezeu prin performan\u021be muzicale de \u00eenalt\u0103 calitate.\u00a0<\/span><\/p>\n<p><span style=\"color: #000000;\">Publicul \u0219i-a exprimat \u00eenc\u00e2ntarea sufleteasc\u0103 prin aplauzele prelungite manifestate foarte des \u00een timpul concertului, c\u00e2t \u0219i prin cuvinte de mare expresivitate precum &#8211; fie cerul s-a cobor\u00e2t printre noi, fie noi am fost \u00een\u0103l\u021ba\u021bi la cer pe aripile muzicii. Acest eveniment muzical, nu doar c\u0103 a creat un moment cu tr\u0103iri suflete\u0219ti \u00eenalte, ci a eviden\u021biat cel pu\u021bin trei lucruri cu impact pentru via\u021b\u0103 \u2013 a \u00een\u0103l\u021bat muzica bun\u0103 \u0219i puterea ei \u00een a crea fericire, a eviden\u021biat valorile pe care le de\u021bine biserica prin membrii ei \u0219i a demonstrat ce se poate face prin efort unit, sub c\u0103l\u0103uzirea lui Dumnezeu, din pasiune pentru oameni.\u00a0<\/span><\/p>\n<p><span style=\"color: #000000;\">Dumnezeu fie l\u0103udat mai departe prin Gloria Dei!<\/span><\/p>\n<p><span style=\"color: #000000;\">Daniel Delcea, pastor Biserica Adventist\u0103 Craiova 1<\/span><\/p>\n ","protected":false},"excerpt":{"rendered":"<p>\u00cen weekendul din 28-29 martie 2015, a fost un dublu eveniment muzical de excep\u021bie la Craiova. Corul \u0219i orchestra Gloria Dei, ale Bisericii Adventiste de Ziua a \u0218aptea din Rom\u00e2nia, dirijate de maestrul Tiberiu Oprea, au sus\u021binut dou\u0103 concerte\u00a0 \u00een Craiova. Primul a fost prezentat s\u00e2mb\u0103t\u0103, 28 martie, \u00een sala Bisericii Adventiste\u00a0 \u00een fa\u021ba a &hellip; <a href=\"https:\/\/adventistoltenia.ro\/site\/concert-gloria-dei-la-craiova\/\">Continued<\/a><\/p>\n","protected":false},"author":2,"featured_media":840,"comment_status":"closed","ping_status":"closed","sticky":false,"template":"","format":"standard","meta":[],"categories":[62,32],"tags":[],"yoast_head":"<!-- This site is optimized with the Yoast SEO plugin v20.3 - https:\/\/yoast.com\/wordpress\/plugins\/seo\/ -->\n<title>Concert Gloria Dei la Craiova - Conferinta Oltenia<\/title>\n<meta name=\"robots\" content=\"index, follow, max-snippet:-1, max-image-preview:large, max-video-preview:-1\" \/>\n<link rel=\"canonical\" href=\"https:\/\/adventistoltenia.ro\/site\/concert-gloria-dei-la-craiova\/\" \/>\n<meta property=\"og:locale\" content=\"en_US\" \/>\n<meta property=\"og:type\" content=\"article\" \/>\n<meta property=\"og:title\" content=\"Concert Gloria Dei la Craiova - Conferinta Oltenia\" \/>\n<meta property=\"og:description\" content=\"\u00cen weekendul din 28-29 martie 2015, a fost un dublu eveniment muzical de excep\u021bie la Craiova. Corul \u0219i orchestra Gloria Dei, ale Bisericii Adventiste de Ziua a \u0218aptea din Rom\u00e2nia, dirijate de maestrul Tiberiu Oprea, au sus\u021binut dou\u0103 concerte\u00a0 \u00een Craiova. Primul a fost prezentat s\u00e2mb\u0103t\u0103, 28 martie, \u00een sala Bisericii Adventiste\u00a0 \u00een fa\u021ba a &hellip; Continued\" \/>\n<meta property=\"og:url\" content=\"https:\/\/adventistoltenia.ro\/site\/concert-gloria-dei-la-craiova\/\" \/>\n<meta property=\"og:site_name\" content=\"Conferinta Oltenia\" \/>\n<meta property=\"article:published_time\" content=\"2015-04-23T11:36:45+00:00\" \/>\n<meta property=\"article:modified_time\" content=\"2017-09-14T17:25:14+00:00\" \/>\n<meta property=\"og:image\" content=\"https:\/\/adventistoltenia.ro\/site\/wp-content\/uploads\/2015\/04\/concert-1.jpg\" \/>\n\t<meta property=\"og:image:width\" content=\"2048\" \/>\n\t<meta property=\"og:image:height\" content=\"1366\" \/>\n\t<meta property=\"og:image:type\" content=\"image\/jpeg\" \/>\n<meta name=\"author\" content=\"Conferinta Oltenia\" \/>\n<meta name=\"twitter:card\" content=\"summary_large_image\" \/>\n<meta name=\"twitter:label1\" content=\"Written by\" \/>\n\t<meta name=\"twitter:data1\" content=\"Conferinta Oltenia\" \/>\n\t<meta name=\"twitter:label2\" content=\"Est. reading time\" \/>\n\t<meta name=\"twitter:data2\" content=\"2 minutes\" \/>\n<script type=\"application\/ld+json\" class=\"yoast-schema-graph\">{\"@context\":\"https:\/\/schema.org\",\"@graph\":[{\"@type\":\"WebPage\",\"@id\":\"https:\/\/adventistoltenia.ro\/site\/concert-gloria-dei-la-craiova\/\",\"url\":\"https:\/\/adventistoltenia.ro\/site\/concert-gloria-dei-la-craiova\/\",\"name\":\"Concert Gloria Dei la Craiova - Conferinta Oltenia\",\"isPartOf\":{\"@id\":\"https:\/\/adventistoltenia.ro\/site\/#website\"},\"datePublished\":\"2015-04-23T11:36:45+00:00\",\"dateModified\":\"2017-09-14T17:25:14+00:00\",\"author\":{\"@id\":\"https:\/\/adventistoltenia.ro\/site\/#\/schema\/person\/81972d6ddcec064fcb37a129240ef9d7\"},\"breadcrumb\":{\"@id\":\"https:\/\/adventistoltenia.ro\/site\/concert-gloria-dei-la-craiova\/#breadcrumb\"},\"inLanguage\":\"en-US\",\"potentialAction\":[{\"@type\":\"ReadAction\",\"target\":[\"https:\/\/adventistoltenia.ro\/site\/concert-gloria-dei-la-craiova\/\"]}]},{\"@type\":\"BreadcrumbList\",\"@id\":\"https:\/\/adventistoltenia.ro\/site\/concert-gloria-dei-la-craiova\/#breadcrumb\",\"itemListElement\":[{\"@type\":\"ListItem\",\"position\":1,\"name\":\"Home\",\"item\":\"https:\/\/adventistoltenia.ro\/site\/\"},{\"@type\":\"ListItem\",\"position\":2,\"name\":\"Concert Gloria Dei la Craiova\"}]},{\"@type\":\"WebSite\",\"@id\":\"https:\/\/adventistoltenia.ro\/site\/#website\",\"url\":\"https:\/\/adventistoltenia.ro\/site\/\",\"name\":\"Conferinta Oltenia\",\"description\":\"Biserica Adventista de Ziua a Saptea\",\"potentialAction\":[{\"@type\":\"SearchAction\",\"target\":{\"@type\":\"EntryPoint\",\"urlTemplate\":\"https:\/\/adventistoltenia.ro\/site\/?s={search_term_string}\"},\"query-input\":\"required name=search_term_string\"}],\"inLanguage\":\"en-US\"},{\"@type\":\"Person\",\"@id\":\"https:\/\/adventistoltenia.ro\/site\/#\/schema\/person\/81972d6ddcec064fcb37a129240ef9d7\",\"name\":\"Conferinta Oltenia\",\"image\":{\"@type\":\"ImageObject\",\"inLanguage\":\"en-US\",\"@id\":\"https:\/\/adventistoltenia.ro\/site\/#\/schema\/person\/image\/\",\"url\":\"https:\/\/secure.gravatar.com\/avatar\/ebe92ec22e2e53a8eb79d6b52b724e27?s=96&d=mm&r=g\",\"contentUrl\":\"https:\/\/secure.gravatar.com\/avatar\/ebe92ec22e2e53a8eb79d6b52b724e27?s=96&d=mm&r=g\",\"caption\":\"Conferinta Oltenia\"},\"url\":\"https:\/\/adventistoltenia.ro\/site\/author\/adm1n\/\"}]}<\/script>\n<!-- \/ Yoast SEO plugin. -->","yoast_head_json":{"title":"Concert Gloria Dei la Craiova - Conferinta Oltenia","robots":{"index":"index","follow":"follow","max-snippet":"max-snippet:-1","max-image-preview":"max-image-preview:large","max-video-preview":"max-video-preview:-1"},"canonical":"https:\/\/adventistoltenia.ro\/site\/concert-gloria-dei-la-craiova\/","og_locale":"en_US","og_type":"article","og_title":"Concert Gloria Dei la Craiova - Conferinta Oltenia","og_description":"\u00cen weekendul din 28-29 martie 2015, a fost un dublu eveniment muzical de excep\u021bie la Craiova. Corul \u0219i orchestra Gloria Dei, ale Bisericii Adventiste de Ziua a \u0218aptea din Rom\u00e2nia, dirijate de maestrul Tiberiu Oprea, au sus\u021binut dou\u0103 concerte\u00a0 \u00een Craiova. Primul a fost prezentat s\u00e2mb\u0103t\u0103, 28 martie, \u00een sala Bisericii Adventiste\u00a0 \u00een fa\u021ba a &hellip; Continued","og_url":"https:\/\/adventistoltenia.ro\/site\/concert-gloria-dei-la-craiova\/","og_site_name":"Conferinta Oltenia","article_published_time":"2015-04-23T11:36:45+00:00","article_modified_time":"2017-09-14T17:25:14+00:00","og_image":[{"width":2048,"height":1366,"url":"https:\/\/adventistoltenia.ro\/site\/wp-content\/uploads\/2015\/04\/concert-1.jpg","type":"image\/jpeg"}],"author":"Conferinta Oltenia","twitter_card":"summary_large_image","twitter_misc":{"Written by":"Conferinta Oltenia","Est. reading time":"2 minutes"},"schema":{"@context":"https:\/\/schema.org","@graph":[{"@type":"WebPage","@id":"https:\/\/adventistoltenia.ro\/site\/concert-gloria-dei-la-craiova\/","url":"https:\/\/adventistoltenia.ro\/site\/concert-gloria-dei-la-craiova\/","name":"Concert Gloria Dei la Craiova - Conferinta Oltenia","isPartOf":{"@id":"https:\/\/adventistoltenia.ro\/site\/#website"},"datePublished":"2015-04-23T11:36:45+00:00","dateModified":"2017-09-14T17:25:14+00:00","author":{"@id":"https:\/\/adventistoltenia.ro\/site\/#\/schema\/person\/81972d6ddcec064fcb37a129240ef9d7"},"breadcrumb":{"@id":"https:\/\/adventistoltenia.ro\/site\/concert-gloria-dei-la-craiova\/#breadcrumb"},"inLanguage":"en-US","potentialAction":[{"@type":"ReadAction","target":["https:\/\/adventistoltenia.ro\/site\/concert-gloria-dei-la-craiova\/"]}]},{"@type":"BreadcrumbList","@id":"https:\/\/adventistoltenia.ro\/site\/concert-gloria-dei-la-craiova\/#breadcrumb","itemListElement":[{"@type":"ListItem","position":1,"name":"Home","item":"https:\/\/adventistoltenia.ro\/site\/"},{"@type":"ListItem","position":2,"name":"Concert Gloria Dei la Craiova"}]},{"@type":"WebSite","@id":"https:\/\/adventistoltenia.ro\/site\/#website","url":"https:\/\/adventistoltenia.ro\/site\/","name":"Conferinta Oltenia","description":"Biserica Adventista de Ziua a Saptea","potentialAction":[{"@type":"SearchAction","target":{"@type":"EntryPoint","urlTemplate":"https:\/\/adventistoltenia.ro\/site\/?s={search_term_string}"},"query-input":"required name=search_term_string"}],"inLanguage":"en-US"},{"@type":"Person","@id":"https:\/\/adventistoltenia.ro\/site\/#\/schema\/person\/81972d6ddcec064fcb37a129240ef9d7","name":"Conferinta Oltenia","image":{"@type":"ImageObject","inLanguage":"en-US","@id":"https:\/\/adventistoltenia.ro\/site\/#\/schema\/person\/image\/","url":"https:\/\/secure.gravatar.com\/avatar\/ebe92ec22e2e53a8eb79d6b52b724e27?s=96&d=mm&r=g","contentUrl":"https:\/\/secure.gravatar.com\/avatar\/ebe92ec22e2e53a8eb79d6b52b724e27?s=96&d=mm&r=g","caption":"Conferinta Oltenia"},"url":"https:\/\/adventistoltenia.ro\/site\/author\/adm1n\/"}]}},"_links":{"self":[{"href":"https:\/\/adventistoltenia.ro\/site\/wp-json\/wp\/v2\/posts\/839"}],"collection":[{"href":"https:\/\/adventistoltenia.ro\/site\/wp-json\/wp\/v2\/posts"}],"about":[{"href":"https:\/\/adventistoltenia.ro\/site\/wp-json\/wp\/v2\/types\/post"}],"author":[{"embeddable":true,"href":"https:\/\/adventistoltenia.ro\/site\/wp-json\/wp\/v2\/users\/2"}],"replies":[{"embeddable":true,"href":"https:\/\/adventistoltenia.ro\/site\/wp-json\/wp\/v2\/comments?post=839"}],"version-history":[{"count":1,"href":"https:\/\/adventistoltenia.ro\/site\/wp-json\/wp\/v2\/posts\/839\/revisions"}],"predecessor-version":[{"id":1908,"href":"https:\/\/adventistoltenia.ro\/site\/wp-json\/wp\/v2\/posts\/839\/revisions\/1908"}],"wp:featuredmedia":[{"embeddable":true,"href":"https:\/\/adventistoltenia.ro\/site\/wp-json\/wp\/v2\/media\/840"}],"wp:attachment":[{"href":"https:\/\/adventistoltenia.ro\/site\/wp-json\/wp\/v2\/media?parent=839"}],"wp:term":[{"taxonomy":"category","embeddable":true,"href":"https:\/\/adventistoltenia.ro\/site\/wp-json\/wp\/v2\/categories?post=839"},{"taxonomy":"post_tag","embeddable":true,"href":"https:\/\/adventistoltenia.ro\/site\/wp-json\/wp\/v2\/tags?post=839"}],"curies":[{"name":"wp","href":"https:\/\/api.w.org\/{rel}","templated":true}]}}