{"id":865,"date":"2015-07-07T00:29:09","date_gmt":"2015-07-07T00:29:09","guid":{"rendered":"http:\/\/adventistoltenia.ro\/site\/?p=865"},"modified":"2017-09-14T17:25:53","modified_gmt":"2017-09-14T17:25:53","slug":"botezul-tinerilor-la-dunare","status":"publish","type":"post","link":"https:\/\/adventistoltenia.ro\/site\/botezul-tinerilor-la-dunare\/","title":{"rendered":"Botezul tinerilor la Dunare"},"content":{"rendered":"<p>\u00cen primul sabat din luna iulie, la malul Dun\u0103rii, l\u00e2ng\u0103 localitatea Corabia din jude\u021bul Olt,\u00a0 24 de persoane au \u00eencheiat leg\u0103m\u00e2nt cu Dumnezeu prin botez. \u00centr-un cadru natural adecvat, al\u0103turi de prieteni \u0219i rude, candida\u021bii \u0219i-au oficializat rela\u021bia lor de prietenie cu Isus Hristos. Astfel, au fost prezen\u021bi\u00a0 reprezenta\u021bi din bisericilor adventiste din jude\u021bele Olt, Teleorman, Dolj \u0219i Mehedin\u021bi pentru a participa la s\u0103rb\u0103toarea noilor membrii din familia Cerului .<\/p>\n<p>\u00cen cadrul serviciul divin fiecare pastor \u0219i-a prezentat candida\u021bii, dup\u0103 care\u00a0 pastorul George Sb\u00eernea, secretarul Conferin\u021bei Oltenia, a rostit mesajul din partea lui Dumnezeu.\u00a0 La crearea unei atmosfere de \u00eenchinare a contribuit \u0219i Fanfara de la Peretu care prin muzica interpretat\u0103 a\u00a0 readus \u00een aten\u021bie momentele care vor fi la \u201eMarea S\u0103rb\u0103toare\u00a0\u201cdin \u00cemp\u0103r\u0103\u021bia lui Dumnezeu.<\/p>\n<p>Dup\u0103 oficierea botezului fiecare candidat a primit certificatul de botez, cartea \u201dIsus este totul, prietene!\u201d, dar \u0219i o cocard\u0103 cu mesajul \u201cDumnezeu are prioritate\u201d. Evenimentul a fost filmat de c\u0103tre postul de televiziune\u00a0Speran\u021ba Tv, dar bucuria va fi deplin\u0103 dac\u0103 numele celor boteza\u021bi va r\u0103m\u00e2ne\u00a0 \u00eenregistrat\u00a0\u00een\u00a0\u201cCartea vie\u021bii\u201d.<\/p>\n<p>Florin R\u0103du\u021b, director Tineret Conferin\u021ba Oltenia<\/p>\n ","protected":false},"excerpt":{"rendered":"<p>\u00cen primul sabat din luna iulie, la malul Dun\u0103rii, l\u00e2ng\u0103 localitatea Corabia din jude\u021bul Olt,\u00a0 24 de persoane au \u00eencheiat leg\u0103m\u00e2nt cu Dumnezeu prin botez. \u00centr-un cadru natural adecvat, al\u0103turi de prieteni \u0219i rude, candida\u021bii \u0219i-au oficializat rela\u021bia lor de prietenie cu Isus Hristos. Astfel, au fost prezen\u021bi\u00a0 reprezenta\u021bi din bisericilor adventiste din jude\u021bele Olt, &hellip; <a href=\"https:\/\/adventistoltenia.ro\/site\/botezul-tinerilor-la-dunare\/\">Continued<\/a><\/p>\n","protected":false},"author":2,"featured_media":866,"comment_status":"closed","ping_status":"closed","sticky":false,"template":"","format":"standard","meta":[],"categories":[62,32],"tags":[],"yoast_head":"<!-- This site is optimized with the Yoast SEO plugin v20.3 - https:\/\/yoast.com\/wordpress\/plugins\/seo\/ -->\n<title>Botezul tinerilor la Dunare - Conferinta Oltenia<\/title>\n<meta name=\"robots\" content=\"index, follow, max-snippet:-1, max-image-preview:large, max-video-preview:-1\" \/>\n<link rel=\"canonical\" href=\"https:\/\/adventistoltenia.ro\/site\/botezul-tinerilor-la-dunare\/\" \/>\n<meta property=\"og:locale\" content=\"en_US\" \/>\n<meta property=\"og:type\" content=\"article\" \/>\n<meta property=\"og:title\" content=\"Botezul tinerilor la Dunare - Conferinta Oltenia\" \/>\n<meta property=\"og:description\" content=\"\u00cen primul sabat din luna iulie, la malul Dun\u0103rii, l\u00e2ng\u0103 localitatea Corabia din jude\u021bul Olt,\u00a0 24 de persoane au \u00eencheiat leg\u0103m\u00e2nt cu Dumnezeu prin botez. \u00centr-un cadru natural adecvat, al\u0103turi de prieteni \u0219i rude, candida\u021bii \u0219i-au oficializat rela\u021bia lor de prietenie cu Isus Hristos. Astfel, au fost prezen\u021bi\u00a0 reprezenta\u021bi din bisericilor adventiste din jude\u021bele Olt, &hellip; Continued\" \/>\n<meta property=\"og:url\" content=\"https:\/\/adventistoltenia.ro\/site\/botezul-tinerilor-la-dunare\/\" \/>\n<meta property=\"og:site_name\" content=\"Conferinta Oltenia\" \/>\n<meta property=\"article:published_time\" content=\"2015-07-07T00:29:09+00:00\" \/>\n<meta property=\"article:modified_time\" content=\"2017-09-14T17:25:53+00:00\" \/>\n<meta property=\"og:image\" content=\"https:\/\/adventistoltenia.ro\/site\/wp-content\/uploads\/2015\/10\/BOTEZUL-TINERILOR-Copy.jpg\" \/>\n\t<meta property=\"og:image:width\" content=\"1208\" \/>\n\t<meta property=\"og:image:height\" content=\"805\" \/>\n\t<meta property=\"og:image:type\" content=\"image\/jpeg\" \/>\n<meta name=\"author\" content=\"Conferinta Oltenia\" \/>\n<meta name=\"twitter:card\" content=\"summary_large_image\" \/>\n<meta name=\"twitter:label1\" content=\"Written by\" \/>\n\t<meta name=\"twitter:data1\" content=\"Conferinta Oltenia\" \/>\n\t<meta name=\"twitter:label2\" content=\"Est. reading time\" \/>\n\t<meta name=\"twitter:data2\" content=\"1 minute\" \/>\n<script type=\"application\/ld+json\" class=\"yoast-schema-graph\">{\"@context\":\"https:\/\/schema.org\",\"@graph\":[{\"@type\":\"WebPage\",\"@id\":\"https:\/\/adventistoltenia.ro\/site\/botezul-tinerilor-la-dunare\/\",\"url\":\"https:\/\/adventistoltenia.ro\/site\/botezul-tinerilor-la-dunare\/\",\"name\":\"Botezul tinerilor la Dunare - Conferinta Oltenia\",\"isPartOf\":{\"@id\":\"https:\/\/adventistoltenia.ro\/site\/#website\"},\"datePublished\":\"2015-07-07T00:29:09+00:00\",\"dateModified\":\"2017-09-14T17:25:53+00:00\",\"author\":{\"@id\":\"https:\/\/adventistoltenia.ro\/site\/#\/schema\/person\/81972d6ddcec064fcb37a129240ef9d7\"},\"breadcrumb\":{\"@id\":\"https:\/\/adventistoltenia.ro\/site\/botezul-tinerilor-la-dunare\/#breadcrumb\"},\"inLanguage\":\"en-US\",\"potentialAction\":[{\"@type\":\"ReadAction\",\"target\":[\"https:\/\/adventistoltenia.ro\/site\/botezul-tinerilor-la-dunare\/\"]}]},{\"@type\":\"BreadcrumbList\",\"@id\":\"https:\/\/adventistoltenia.ro\/site\/botezul-tinerilor-la-dunare\/#breadcrumb\",\"itemListElement\":[{\"@type\":\"ListItem\",\"position\":1,\"name\":\"Home\",\"item\":\"https:\/\/adventistoltenia.ro\/site\/\"},{\"@type\":\"ListItem\",\"position\":2,\"name\":\"Botezul tinerilor la Dunare\"}]},{\"@type\":\"WebSite\",\"@id\":\"https:\/\/adventistoltenia.ro\/site\/#website\",\"url\":\"https:\/\/adventistoltenia.ro\/site\/\",\"name\":\"Conferinta Oltenia\",\"description\":\"Biserica Adventista de Ziua a Saptea\",\"potentialAction\":[{\"@type\":\"SearchAction\",\"target\":{\"@type\":\"EntryPoint\",\"urlTemplate\":\"https:\/\/adventistoltenia.ro\/site\/?s={search_term_string}\"},\"query-input\":\"required name=search_term_string\"}],\"inLanguage\":\"en-US\"},{\"@type\":\"Person\",\"@id\":\"https:\/\/adventistoltenia.ro\/site\/#\/schema\/person\/81972d6ddcec064fcb37a129240ef9d7\",\"name\":\"Conferinta Oltenia\",\"image\":{\"@type\":\"ImageObject\",\"inLanguage\":\"en-US\",\"@id\":\"https:\/\/adventistoltenia.ro\/site\/#\/schema\/person\/image\/\",\"url\":\"https:\/\/secure.gravatar.com\/avatar\/ebe92ec22e2e53a8eb79d6b52b724e27?s=96&d=mm&r=g\",\"contentUrl\":\"https:\/\/secure.gravatar.com\/avatar\/ebe92ec22e2e53a8eb79d6b52b724e27?s=96&d=mm&r=g\",\"caption\":\"Conferinta Oltenia\"},\"url\":\"https:\/\/adventistoltenia.ro\/site\/author\/adm1n\/\"}]}<\/script>\n<!-- \/ Yoast SEO plugin. -->","yoast_head_json":{"title":"Botezul tinerilor la Dunare - Conferinta Oltenia","robots":{"index":"index","follow":"follow","max-snippet":"max-snippet:-1","max-image-preview":"max-image-preview:large","max-video-preview":"max-video-preview:-1"},"canonical":"https:\/\/adventistoltenia.ro\/site\/botezul-tinerilor-la-dunare\/","og_locale":"en_US","og_type":"article","og_title":"Botezul tinerilor la Dunare - Conferinta Oltenia","og_description":"\u00cen primul sabat din luna iulie, la malul Dun\u0103rii, l\u00e2ng\u0103 localitatea Corabia din jude\u021bul Olt,\u00a0 24 de persoane au \u00eencheiat leg\u0103m\u00e2nt cu Dumnezeu prin botez. \u00centr-un cadru natural adecvat, al\u0103turi de prieteni \u0219i rude, candida\u021bii \u0219i-au oficializat rela\u021bia lor de prietenie cu Isus Hristos. Astfel, au fost prezen\u021bi\u00a0 reprezenta\u021bi din bisericilor adventiste din jude\u021bele Olt, &hellip; Continued","og_url":"https:\/\/adventistoltenia.ro\/site\/botezul-tinerilor-la-dunare\/","og_site_name":"Conferinta Oltenia","article_published_time":"2015-07-07T00:29:09+00:00","article_modified_time":"2017-09-14T17:25:53+00:00","og_image":[{"width":1208,"height":805,"url":"https:\/\/adventistoltenia.ro\/site\/wp-content\/uploads\/2015\/10\/BOTEZUL-TINERILOR-Copy.jpg","type":"image\/jpeg"}],"author":"Conferinta Oltenia","twitter_card":"summary_large_image","twitter_misc":{"Written by":"Conferinta Oltenia","Est. reading time":"1 minute"},"schema":{"@context":"https:\/\/schema.org","@graph":[{"@type":"WebPage","@id":"https:\/\/adventistoltenia.ro\/site\/botezul-tinerilor-la-dunare\/","url":"https:\/\/adventistoltenia.ro\/site\/botezul-tinerilor-la-dunare\/","name":"Botezul tinerilor la Dunare - Conferinta Oltenia","isPartOf":{"@id":"https:\/\/adventistoltenia.ro\/site\/#website"},"datePublished":"2015-07-07T00:29:09+00:00","dateModified":"2017-09-14T17:25:53+00:00","author":{"@id":"https:\/\/adventistoltenia.ro\/site\/#\/schema\/person\/81972d6ddcec064fcb37a129240ef9d7"},"breadcrumb":{"@id":"https:\/\/adventistoltenia.ro\/site\/botezul-tinerilor-la-dunare\/#breadcrumb"},"inLanguage":"en-US","potentialAction":[{"@type":"ReadAction","target":["https:\/\/adventistoltenia.ro\/site\/botezul-tinerilor-la-dunare\/"]}]},{"@type":"BreadcrumbList","@id":"https:\/\/adventistoltenia.ro\/site\/botezul-tinerilor-la-dunare\/#breadcrumb","itemListElement":[{"@type":"ListItem","position":1,"name":"Home","item":"https:\/\/adventistoltenia.ro\/site\/"},{"@type":"ListItem","position":2,"name":"Botezul tinerilor la Dunare"}]},{"@type":"WebSite","@id":"https:\/\/adventistoltenia.ro\/site\/#website","url":"https:\/\/adventistoltenia.ro\/site\/","name":"Conferinta Oltenia","description":"Biserica Adventista de Ziua a Saptea","potentialAction":[{"@type":"SearchAction","target":{"@type":"EntryPoint","urlTemplate":"https:\/\/adventistoltenia.ro\/site\/?s={search_term_string}"},"query-input":"required name=search_term_string"}],"inLanguage":"en-US"},{"@type":"Person","@id":"https:\/\/adventistoltenia.ro\/site\/#\/schema\/person\/81972d6ddcec064fcb37a129240ef9d7","name":"Conferinta Oltenia","image":{"@type":"ImageObject","inLanguage":"en-US","@id":"https:\/\/adventistoltenia.ro\/site\/#\/schema\/person\/image\/","url":"https:\/\/secure.gravatar.com\/avatar\/ebe92ec22e2e53a8eb79d6b52b724e27?s=96&d=mm&r=g","contentUrl":"https:\/\/secure.gravatar.com\/avatar\/ebe92ec22e2e53a8eb79d6b52b724e27?s=96&d=mm&r=g","caption":"Conferinta Oltenia"},"url":"https:\/\/adventistoltenia.ro\/site\/author\/adm1n\/"}]}},"_links":{"self":[{"href":"https:\/\/adventistoltenia.ro\/site\/wp-json\/wp\/v2\/posts\/865"}],"collection":[{"href":"https:\/\/adventistoltenia.ro\/site\/wp-json\/wp\/v2\/posts"}],"about":[{"href":"https:\/\/adventistoltenia.ro\/site\/wp-json\/wp\/v2\/types\/post"}],"author":[{"embeddable":true,"href":"https:\/\/adventistoltenia.ro\/site\/wp-json\/wp\/v2\/users\/2"}],"replies":[{"embeddable":true,"href":"https:\/\/adventistoltenia.ro\/site\/wp-json\/wp\/v2\/comments?post=865"}],"version-history":[{"count":1,"href":"https:\/\/adventistoltenia.ro\/site\/wp-json\/wp\/v2\/posts\/865\/revisions"}],"predecessor-version":[{"id":1914,"href":"https:\/\/adventistoltenia.ro\/site\/wp-json\/wp\/v2\/posts\/865\/revisions\/1914"}],"wp:featuredmedia":[{"embeddable":true,"href":"https:\/\/adventistoltenia.ro\/site\/wp-json\/wp\/v2\/media\/866"}],"wp:attachment":[{"href":"https:\/\/adventistoltenia.ro\/site\/wp-json\/wp\/v2\/media?parent=865"}],"wp:term":[{"taxonomy":"category","embeddable":true,"href":"https:\/\/adventistoltenia.ro\/site\/wp-json\/wp\/v2\/categories?post=865"},{"taxonomy":"post_tag","embeddable":true,"href":"https:\/\/adventistoltenia.ro\/site\/wp-json\/wp\/v2\/tags?post=865"}],"curies":[{"name":"wp","href":"https:\/\/api.w.org\/{rel}","templated":true}]}}