{"id":882,"date":"2015-08-22T00:53:04","date_gmt":"2015-08-22T00:53:04","guid":{"rendered":"http:\/\/adventistoltenia.ro\/site\/?p=882"},"modified":"2017-09-14T17:26:27","modified_gmt":"2017-09-14T17:26:27","slug":"scoala-biblica-la-vartoape-2","status":"publish","type":"post","link":"https:\/\/adventistoltenia.ro\/site\/scoala-biblica-la-vartoape-2\/","title":{"rendered":"Scoala Biblica la Vartoape 2"},"content":{"rendered":"<p>\u00cen perioada 16-22 august, a avut loc \u015ecoala biblic\u0103 de vacan\u0163\u0103 \u00een cadrul bisericii adventiste V\u00e2rtoape nr. 2, jude\u0163ul Teleorman. La eveniment, au participat aproximativ 30 de copii care au fost pl\u0103cut surprin\u015fi de tema general\u0103 a programului cu titlul \u201eDaniel \u015fi prietenii lui\u201d, precum \u015fi de activit\u0103\u0163ile specifice unei astfel de ac\u0163iuni. Prin urmare, copiii au vizitat gradina zoologic\u0103 din Bucure\u015fti \u015fi au fost activi \u00een a prezenta temele \u015fi c\u00e2ntecele \u00eenv\u0103\u0163ate \u00een cadrul unor programe de \u00eenchinare din bisericile districtului V\u00e2rtoape. P\u0103rin\u0163ii copiilor au fost \u00eenc\u00e2nta\u0163i de schimb\u0103rile survenite \u00een comportamentul copiilor, exprim\u00e2ndu-\u015fi recuno\u0219tin\u021ba fa\u0163\u0103 de grija pe care Biserica Adventist\u0103 o are fa\u0163\u0103 de educa\u0163ia copiilor.<\/p>\n<p>&nbsp;<\/p>\n<p>Pastor Soare Eugen<\/p>\n<p>District V\u00e2rtoape<\/p>\n ","protected":false},"excerpt":{"rendered":"<p>\u00cen perioada 16-22 august, a avut loc \u015ecoala biblic\u0103 de vacan\u0163\u0103 \u00een cadrul bisericii adventiste V\u00e2rtoape nr. 2, jude\u0163ul Teleorman. La eveniment, au participat aproximativ 30 de copii care au fost pl\u0103cut surprin\u015fi de tema general\u0103 a programului cu titlul \u201eDaniel \u015fi prietenii lui\u201d, precum \u015fi de activit\u0103\u0163ile specifice unei astfel de ac\u0163iuni. Prin urmare, &hellip; <a href=\"https:\/\/adventistoltenia.ro\/site\/scoala-biblica-la-vartoape-2\/\">Continued<\/a><\/p>\n","protected":false},"author":2,"featured_media":0,"comment_status":"closed","ping_status":"closed","sticky":false,"template":"","format":"standard","meta":[],"categories":[64,32],"tags":[],"yoast_head":"<!-- This site is optimized with the Yoast SEO plugin v20.3 - https:\/\/yoast.com\/wordpress\/plugins\/seo\/ -->\n<title>Scoala Biblica la Vartoape 2 - Conferinta Oltenia<\/title>\n<meta name=\"robots\" content=\"index, follow, max-snippet:-1, max-image-preview:large, max-video-preview:-1\" \/>\n<link rel=\"canonical\" href=\"https:\/\/adventistoltenia.ro\/site\/scoala-biblica-la-vartoape-2\/\" \/>\n<meta property=\"og:locale\" content=\"en_US\" \/>\n<meta property=\"og:type\" content=\"article\" \/>\n<meta property=\"og:title\" content=\"Scoala Biblica la Vartoape 2 - Conferinta Oltenia\" \/>\n<meta property=\"og:description\" content=\"\u00cen perioada 16-22 august, a avut loc \u015ecoala biblic\u0103 de vacan\u0163\u0103 \u00een cadrul bisericii adventiste V\u00e2rtoape nr. 2, jude\u0163ul Teleorman. La eveniment, au participat aproximativ 30 de copii care au fost pl\u0103cut surprin\u015fi de tema general\u0103 a programului cu titlul \u201eDaniel \u015fi prietenii lui\u201d, precum \u015fi de activit\u0103\u0163ile specifice unei astfel de ac\u0163iuni. Prin urmare, &hellip; Continued\" \/>\n<meta property=\"og:url\" content=\"https:\/\/adventistoltenia.ro\/site\/scoala-biblica-la-vartoape-2\/\" \/>\n<meta property=\"og:site_name\" content=\"Conferinta Oltenia\" \/>\n<meta property=\"article:published_time\" content=\"2015-08-22T00:53:04+00:00\" \/>\n<meta property=\"article:modified_time\" content=\"2017-09-14T17:26:27+00:00\" \/>\n<meta name=\"author\" content=\"Conferinta Oltenia\" \/>\n<meta name=\"twitter:card\" content=\"summary_large_image\" \/>\n<meta name=\"twitter:label1\" content=\"Written by\" \/>\n\t<meta name=\"twitter:data1\" content=\"Conferinta Oltenia\" \/>\n\t<meta name=\"twitter:label2\" content=\"Est. reading time\" \/>\n\t<meta name=\"twitter:data2\" content=\"1 minute\" \/>\n<script type=\"application\/ld+json\" class=\"yoast-schema-graph\">{\"@context\":\"https:\/\/schema.org\",\"@graph\":[{\"@type\":\"WebPage\",\"@id\":\"https:\/\/adventistoltenia.ro\/site\/scoala-biblica-la-vartoape-2\/\",\"url\":\"https:\/\/adventistoltenia.ro\/site\/scoala-biblica-la-vartoape-2\/\",\"name\":\"Scoala Biblica la Vartoape 2 - Conferinta Oltenia\",\"isPartOf\":{\"@id\":\"https:\/\/adventistoltenia.ro\/site\/#website\"},\"datePublished\":\"2015-08-22T00:53:04+00:00\",\"dateModified\":\"2017-09-14T17:26:27+00:00\",\"author\":{\"@id\":\"https:\/\/adventistoltenia.ro\/site\/#\/schema\/person\/81972d6ddcec064fcb37a129240ef9d7\"},\"breadcrumb\":{\"@id\":\"https:\/\/adventistoltenia.ro\/site\/scoala-biblica-la-vartoape-2\/#breadcrumb\"},\"inLanguage\":\"en-US\",\"potentialAction\":[{\"@type\":\"ReadAction\",\"target\":[\"https:\/\/adventistoltenia.ro\/site\/scoala-biblica-la-vartoape-2\/\"]}]},{\"@type\":\"BreadcrumbList\",\"@id\":\"https:\/\/adventistoltenia.ro\/site\/scoala-biblica-la-vartoape-2\/#breadcrumb\",\"itemListElement\":[{\"@type\":\"ListItem\",\"position\":1,\"name\":\"Home\",\"item\":\"https:\/\/adventistoltenia.ro\/site\/\"},{\"@type\":\"ListItem\",\"position\":2,\"name\":\"Scoala Biblica la Vartoape 2\"}]},{\"@type\":\"WebSite\",\"@id\":\"https:\/\/adventistoltenia.ro\/site\/#website\",\"url\":\"https:\/\/adventistoltenia.ro\/site\/\",\"name\":\"Conferinta Oltenia\",\"description\":\"Biserica Adventista de Ziua a Saptea\",\"potentialAction\":[{\"@type\":\"SearchAction\",\"target\":{\"@type\":\"EntryPoint\",\"urlTemplate\":\"https:\/\/adventistoltenia.ro\/site\/?s={search_term_string}\"},\"query-input\":\"required name=search_term_string\"}],\"inLanguage\":\"en-US\"},{\"@type\":\"Person\",\"@id\":\"https:\/\/adventistoltenia.ro\/site\/#\/schema\/person\/81972d6ddcec064fcb37a129240ef9d7\",\"name\":\"Conferinta Oltenia\",\"image\":{\"@type\":\"ImageObject\",\"inLanguage\":\"en-US\",\"@id\":\"https:\/\/adventistoltenia.ro\/site\/#\/schema\/person\/image\/\",\"url\":\"https:\/\/secure.gravatar.com\/avatar\/ebe92ec22e2e53a8eb79d6b52b724e27?s=96&d=mm&r=g\",\"contentUrl\":\"https:\/\/secure.gravatar.com\/avatar\/ebe92ec22e2e53a8eb79d6b52b724e27?s=96&d=mm&r=g\",\"caption\":\"Conferinta Oltenia\"},\"url\":\"https:\/\/adventistoltenia.ro\/site\/author\/adm1n\/\"}]}<\/script>\n<!-- \/ Yoast SEO plugin. -->","yoast_head_json":{"title":"Scoala Biblica la Vartoape 2 - Conferinta Oltenia","robots":{"index":"index","follow":"follow","max-snippet":"max-snippet:-1","max-image-preview":"max-image-preview:large","max-video-preview":"max-video-preview:-1"},"canonical":"https:\/\/adventistoltenia.ro\/site\/scoala-biblica-la-vartoape-2\/","og_locale":"en_US","og_type":"article","og_title":"Scoala Biblica la Vartoape 2 - Conferinta Oltenia","og_description":"\u00cen perioada 16-22 august, a avut loc \u015ecoala biblic\u0103 de vacan\u0163\u0103 \u00een cadrul bisericii adventiste V\u00e2rtoape nr. 2, jude\u0163ul Teleorman. La eveniment, au participat aproximativ 30 de copii care au fost pl\u0103cut surprin\u015fi de tema general\u0103 a programului cu titlul \u201eDaniel \u015fi prietenii lui\u201d, precum \u015fi de activit\u0103\u0163ile specifice unei astfel de ac\u0163iuni. Prin urmare, &hellip; Continued","og_url":"https:\/\/adventistoltenia.ro\/site\/scoala-biblica-la-vartoape-2\/","og_site_name":"Conferinta Oltenia","article_published_time":"2015-08-22T00:53:04+00:00","article_modified_time":"2017-09-14T17:26:27+00:00","author":"Conferinta Oltenia","twitter_card":"summary_large_image","twitter_misc":{"Written by":"Conferinta Oltenia","Est. reading time":"1 minute"},"schema":{"@context":"https:\/\/schema.org","@graph":[{"@type":"WebPage","@id":"https:\/\/adventistoltenia.ro\/site\/scoala-biblica-la-vartoape-2\/","url":"https:\/\/adventistoltenia.ro\/site\/scoala-biblica-la-vartoape-2\/","name":"Scoala Biblica la Vartoape 2 - Conferinta Oltenia","isPartOf":{"@id":"https:\/\/adventistoltenia.ro\/site\/#website"},"datePublished":"2015-08-22T00:53:04+00:00","dateModified":"2017-09-14T17:26:27+00:00","author":{"@id":"https:\/\/adventistoltenia.ro\/site\/#\/schema\/person\/81972d6ddcec064fcb37a129240ef9d7"},"breadcrumb":{"@id":"https:\/\/adventistoltenia.ro\/site\/scoala-biblica-la-vartoape-2\/#breadcrumb"},"inLanguage":"en-US","potentialAction":[{"@type":"ReadAction","target":["https:\/\/adventistoltenia.ro\/site\/scoala-biblica-la-vartoape-2\/"]}]},{"@type":"BreadcrumbList","@id":"https:\/\/adventistoltenia.ro\/site\/scoala-biblica-la-vartoape-2\/#breadcrumb","itemListElement":[{"@type":"ListItem","position":1,"name":"Home","item":"https:\/\/adventistoltenia.ro\/site\/"},{"@type":"ListItem","position":2,"name":"Scoala Biblica la Vartoape 2"}]},{"@type":"WebSite","@id":"https:\/\/adventistoltenia.ro\/site\/#website","url":"https:\/\/adventistoltenia.ro\/site\/","name":"Conferinta Oltenia","description":"Biserica Adventista de Ziua a Saptea","potentialAction":[{"@type":"SearchAction","target":{"@type":"EntryPoint","urlTemplate":"https:\/\/adventistoltenia.ro\/site\/?s={search_term_string}"},"query-input":"required name=search_term_string"}],"inLanguage":"en-US"},{"@type":"Person","@id":"https:\/\/adventistoltenia.ro\/site\/#\/schema\/person\/81972d6ddcec064fcb37a129240ef9d7","name":"Conferinta Oltenia","image":{"@type":"ImageObject","inLanguage":"en-US","@id":"https:\/\/adventistoltenia.ro\/site\/#\/schema\/person\/image\/","url":"https:\/\/secure.gravatar.com\/avatar\/ebe92ec22e2e53a8eb79d6b52b724e27?s=96&d=mm&r=g","contentUrl":"https:\/\/secure.gravatar.com\/avatar\/ebe92ec22e2e53a8eb79d6b52b724e27?s=96&d=mm&r=g","caption":"Conferinta Oltenia"},"url":"https:\/\/adventistoltenia.ro\/site\/author\/adm1n\/"}]}},"_links":{"self":[{"href":"https:\/\/adventistoltenia.ro\/site\/wp-json\/wp\/v2\/posts\/882"}],"collection":[{"href":"https:\/\/adventistoltenia.ro\/site\/wp-json\/wp\/v2\/posts"}],"about":[{"href":"https:\/\/adventistoltenia.ro\/site\/wp-json\/wp\/v2\/types\/post"}],"author":[{"embeddable":true,"href":"https:\/\/adventistoltenia.ro\/site\/wp-json\/wp\/v2\/users\/2"}],"replies":[{"embeddable":true,"href":"https:\/\/adventistoltenia.ro\/site\/wp-json\/wp\/v2\/comments?post=882"}],"version-history":[{"count":1,"href":"https:\/\/adventistoltenia.ro\/site\/wp-json\/wp\/v2\/posts\/882\/revisions"}],"predecessor-version":[{"id":1917,"href":"https:\/\/adventistoltenia.ro\/site\/wp-json\/wp\/v2\/posts\/882\/revisions\/1917"}],"wp:attachment":[{"href":"https:\/\/adventistoltenia.ro\/site\/wp-json\/wp\/v2\/media?parent=882"}],"wp:term":[{"taxonomy":"category","embeddable":true,"href":"https:\/\/adventistoltenia.ro\/site\/wp-json\/wp\/v2\/categories?post=882"},{"taxonomy":"post_tag","embeddable":true,"href":"https:\/\/adventistoltenia.ro\/site\/wp-json\/wp\/v2\/tags?post=882"}],"curies":[{"name":"wp","href":"https:\/\/api.w.org\/{rel}","templated":true}]}}