{"id":884,"date":"2015-08-31T00:55:55","date_gmt":"2015-08-31T00:55:55","guid":{"rendered":"http:\/\/adventistoltenia.ro\/site\/?p=884"},"modified":"2017-09-14T17:27:08","modified_gmt":"2017-09-14T17:27:08","slug":"scoala-biblica-la-campulung","status":"publish","type":"post","link":"https:\/\/adventistoltenia.ro\/site\/scoala-biblica-la-campulung\/","title":{"rendered":"Scoala Biblica la Campulung"},"content":{"rendered":"<p>\u00cen perioada 17-22 august 2015, biserica local\u0103 Vl\u0103de\u0219ti, jud. Arge\u0219, a organizat din nou programul pentru copii \u0218coala biblic\u0103 de vacan\u021b\u0103, dup\u0103 o \u00eentrerupere de c\u00e2\u021biva ani. Cu o participare medie de 50 de copii \u00een fiecare sear\u0103 \u0219i peste 100 de copii \u00een toat\u0103 perioada, din care doar 3\u20134 erau copii adventi\u0219ti, programul s-a dovedit o reu\u0219it\u0103 at\u00e2t pentru beneficiarii direc\u021bi, copiii din comun\u0103, dar \u0219i pentru echipa de adolescen\u021bi \u0219i adul\u021bi care nu s-au mul\u021bumit cu un loc comod \u00een biseric\u0103, ci s-au pus la dispozi\u021bia lui Dumnezeu f\u0103c\u00e2ndu-se folositori pentru buna organizare \u0219i desf\u0103\u0219urare a proiectului. S-au dovedit astfel din nou poten\u021bialul bisericii locale c\u00e2t \u0219i beneficiile implic\u0103rii \u00een activit\u0103\u021bi de slujire.<\/p>\n<p>Apoi, \u00eentre 31 august &#8211; 5 septembrie 2015, la Ruc\u0103r, jud. Arge\u0219, s-a continuat deja tradi\u021bionalul proiect \u0218coala biblic\u0103 de vacan\u021b\u0103, ajuns la edi\u021bia a XI-a anul acesta.<\/p>\n<p>\u00cen fiecare sear\u0103 au venit constant \u00een medie 45 de copii cumin\u021bi, aproape aceia\u0219i \u00een fiecare ocazie, eviden\u021biindu-se faptul c\u0103 exist\u0103 un mediu religios mai divers dec\u00e2t \u00een alte localit\u0103\u021bi, prin prezen\u021ba mai multor denomina\u021biuni cre\u0219tine \u00een comuna Ruc\u0103r. Aceasta s-a dovedit prin cuno\u0219tin\u021bele dar \u0219i preocuparea \u0219i aten\u021bia copiilor participan\u021bi, precum \u0219i prin prezen\u021ba p\u0103rin\u021bilor sau bunicilor care au r\u0103spuns invita\u021biei la serbarea \u0218colii biblice de vacan\u021b\u0103. Astfel, s\u00e2mb\u0103t\u0103 5 septembrie 2015, la ora 18<sup>00<\/sup>, \u00een Biserica Adventist\u0103 de Ziua a \u0218aptea eram prezen\u021bi doar zece adul\u021bi \u0219i copii adventi\u0219ti, \u00eens\u0103 15 adul\u021bi \u0219i aproape 50 de copii din afara bisericii au umplut sala de \u00eenchinare \u0219i au umplut \u0219i inimile noastre de bucurie \u0219i speran\u021b\u0103 c\u0103 \u00eentr-o zi, vom fi \u00eempreun\u0103 \u0219i \u00een \u00cemp\u0103r\u0103\u021bia Cerurilor.<\/p>\n<p>&nbsp;<\/p>\n<p>Pastor Jerc\u0103u Felix Salvator \u015etefan<\/p>\n<p>District C\u00e2mpulung Muscel<\/p>\n ","protected":false},"excerpt":{"rendered":"<p>\u00cen perioada 17-22 august 2015, biserica local\u0103 Vl\u0103de\u0219ti, jud. Arge\u0219, a organizat din nou programul pentru copii \u0218coala biblic\u0103 de vacan\u021b\u0103, dup\u0103 o \u00eentrerupere de c\u00e2\u021biva ani. Cu o participare medie de 50 de copii \u00een fiecare sear\u0103 \u0219i peste 100 de copii \u00een toat\u0103 perioada, din care doar 3\u20134 erau copii adventi\u0219ti, programul s-a &hellip; <a href=\"https:\/\/adventistoltenia.ro\/site\/scoala-biblica-la-campulung\/\">Continued<\/a><\/p>\n","protected":false},"author":2,"featured_media":885,"comment_status":"closed","ping_status":"closed","sticky":false,"template":"","format":"standard","meta":[],"categories":[64,32],"tags":[],"yoast_head":"<!-- This site is optimized with the Yoast SEO plugin v20.3 - https:\/\/yoast.com\/wordpress\/plugins\/seo\/ -->\n<title>Scoala Biblica la Campulung - Conferinta Oltenia<\/title>\n<meta name=\"robots\" content=\"index, follow, max-snippet:-1, max-image-preview:large, max-video-preview:-1\" \/>\n<link rel=\"canonical\" href=\"https:\/\/adventistoltenia.ro\/site\/scoala-biblica-la-campulung\/\" \/>\n<meta property=\"og:locale\" content=\"en_US\" \/>\n<meta property=\"og:type\" content=\"article\" \/>\n<meta property=\"og:title\" content=\"Scoala Biblica la Campulung - Conferinta Oltenia\" \/>\n<meta property=\"og:description\" content=\"\u00cen perioada 17-22 august 2015, biserica local\u0103 Vl\u0103de\u0219ti, jud. Arge\u0219, a organizat din nou programul pentru copii \u0218coala biblic\u0103 de vacan\u021b\u0103, dup\u0103 o \u00eentrerupere de c\u00e2\u021biva ani. Cu o participare medie de 50 de copii \u00een fiecare sear\u0103 \u0219i peste 100 de copii \u00een toat\u0103 perioada, din care doar 3\u20134 erau copii adventi\u0219ti, programul s-a &hellip; Continued\" \/>\n<meta property=\"og:url\" content=\"https:\/\/adventistoltenia.ro\/site\/scoala-biblica-la-campulung\/\" \/>\n<meta property=\"og:site_name\" content=\"Conferinta Oltenia\" \/>\n<meta property=\"article:published_time\" content=\"2015-08-31T00:55:55+00:00\" \/>\n<meta property=\"article:modified_time\" content=\"2017-09-14T17:27:08+00:00\" \/>\n<meta property=\"og:image\" content=\"https:\/\/adventistoltenia.ro\/site\/wp-content\/uploads\/2015\/10\/DSCN3811.jpg\" \/>\n\t<meta property=\"og:image:width\" content=\"1244\" \/>\n\t<meta property=\"og:image:height\" content=\"933\" \/>\n\t<meta property=\"og:image:type\" content=\"image\/jpeg\" \/>\n<meta name=\"author\" content=\"Conferinta Oltenia\" \/>\n<meta name=\"twitter:card\" content=\"summary_large_image\" \/>\n<meta name=\"twitter:label1\" content=\"Written by\" \/>\n\t<meta name=\"twitter:data1\" content=\"Conferinta Oltenia\" \/>\n\t<meta name=\"twitter:label2\" content=\"Est. reading time\" \/>\n\t<meta name=\"twitter:data2\" content=\"2 minutes\" \/>\n<script type=\"application\/ld+json\" class=\"yoast-schema-graph\">{\"@context\":\"https:\/\/schema.org\",\"@graph\":[{\"@type\":\"WebPage\",\"@id\":\"https:\/\/adventistoltenia.ro\/site\/scoala-biblica-la-campulung\/\",\"url\":\"https:\/\/adventistoltenia.ro\/site\/scoala-biblica-la-campulung\/\",\"name\":\"Scoala Biblica la Campulung - Conferinta Oltenia\",\"isPartOf\":{\"@id\":\"https:\/\/adventistoltenia.ro\/site\/#website\"},\"datePublished\":\"2015-08-31T00:55:55+00:00\",\"dateModified\":\"2017-09-14T17:27:08+00:00\",\"author\":{\"@id\":\"https:\/\/adventistoltenia.ro\/site\/#\/schema\/person\/81972d6ddcec064fcb37a129240ef9d7\"},\"breadcrumb\":{\"@id\":\"https:\/\/adventistoltenia.ro\/site\/scoala-biblica-la-campulung\/#breadcrumb\"},\"inLanguage\":\"en-US\",\"potentialAction\":[{\"@type\":\"ReadAction\",\"target\":[\"https:\/\/adventistoltenia.ro\/site\/scoala-biblica-la-campulung\/\"]}]},{\"@type\":\"BreadcrumbList\",\"@id\":\"https:\/\/adventistoltenia.ro\/site\/scoala-biblica-la-campulung\/#breadcrumb\",\"itemListElement\":[{\"@type\":\"ListItem\",\"position\":1,\"name\":\"Home\",\"item\":\"https:\/\/adventistoltenia.ro\/site\/\"},{\"@type\":\"ListItem\",\"position\":2,\"name\":\"Scoala Biblica la Campulung\"}]},{\"@type\":\"WebSite\",\"@id\":\"https:\/\/adventistoltenia.ro\/site\/#website\",\"url\":\"https:\/\/adventistoltenia.ro\/site\/\",\"name\":\"Conferinta Oltenia\",\"description\":\"Biserica Adventista de Ziua a Saptea\",\"potentialAction\":[{\"@type\":\"SearchAction\",\"target\":{\"@type\":\"EntryPoint\",\"urlTemplate\":\"https:\/\/adventistoltenia.ro\/site\/?s={search_term_string}\"},\"query-input\":\"required name=search_term_string\"}],\"inLanguage\":\"en-US\"},{\"@type\":\"Person\",\"@id\":\"https:\/\/adventistoltenia.ro\/site\/#\/schema\/person\/81972d6ddcec064fcb37a129240ef9d7\",\"name\":\"Conferinta Oltenia\",\"image\":{\"@type\":\"ImageObject\",\"inLanguage\":\"en-US\",\"@id\":\"https:\/\/adventistoltenia.ro\/site\/#\/schema\/person\/image\/\",\"url\":\"https:\/\/secure.gravatar.com\/avatar\/ebe92ec22e2e53a8eb79d6b52b724e27?s=96&d=mm&r=g\",\"contentUrl\":\"https:\/\/secure.gravatar.com\/avatar\/ebe92ec22e2e53a8eb79d6b52b724e27?s=96&d=mm&r=g\",\"caption\":\"Conferinta Oltenia\"},\"url\":\"https:\/\/adventistoltenia.ro\/site\/author\/adm1n\/\"}]}<\/script>\n<!-- \/ Yoast SEO plugin. -->","yoast_head_json":{"title":"Scoala Biblica la Campulung - Conferinta Oltenia","robots":{"index":"index","follow":"follow","max-snippet":"max-snippet:-1","max-image-preview":"max-image-preview:large","max-video-preview":"max-video-preview:-1"},"canonical":"https:\/\/adventistoltenia.ro\/site\/scoala-biblica-la-campulung\/","og_locale":"en_US","og_type":"article","og_title":"Scoala Biblica la Campulung - Conferinta Oltenia","og_description":"\u00cen perioada 17-22 august 2015, biserica local\u0103 Vl\u0103de\u0219ti, jud. Arge\u0219, a organizat din nou programul pentru copii \u0218coala biblic\u0103 de vacan\u021b\u0103, dup\u0103 o \u00eentrerupere de c\u00e2\u021biva ani. Cu o participare medie de 50 de copii \u00een fiecare sear\u0103 \u0219i peste 100 de copii \u00een toat\u0103 perioada, din care doar 3\u20134 erau copii adventi\u0219ti, programul s-a &hellip; Continued","og_url":"https:\/\/adventistoltenia.ro\/site\/scoala-biblica-la-campulung\/","og_site_name":"Conferinta Oltenia","article_published_time":"2015-08-31T00:55:55+00:00","article_modified_time":"2017-09-14T17:27:08+00:00","og_image":[{"width":1244,"height":933,"url":"https:\/\/adventistoltenia.ro\/site\/wp-content\/uploads\/2015\/10\/DSCN3811.jpg","type":"image\/jpeg"}],"author":"Conferinta Oltenia","twitter_card":"summary_large_image","twitter_misc":{"Written by":"Conferinta Oltenia","Est. reading time":"2 minutes"},"schema":{"@context":"https:\/\/schema.org","@graph":[{"@type":"WebPage","@id":"https:\/\/adventistoltenia.ro\/site\/scoala-biblica-la-campulung\/","url":"https:\/\/adventistoltenia.ro\/site\/scoala-biblica-la-campulung\/","name":"Scoala Biblica la Campulung - Conferinta Oltenia","isPartOf":{"@id":"https:\/\/adventistoltenia.ro\/site\/#website"},"datePublished":"2015-08-31T00:55:55+00:00","dateModified":"2017-09-14T17:27:08+00:00","author":{"@id":"https:\/\/adventistoltenia.ro\/site\/#\/schema\/person\/81972d6ddcec064fcb37a129240ef9d7"},"breadcrumb":{"@id":"https:\/\/adventistoltenia.ro\/site\/scoala-biblica-la-campulung\/#breadcrumb"},"inLanguage":"en-US","potentialAction":[{"@type":"ReadAction","target":["https:\/\/adventistoltenia.ro\/site\/scoala-biblica-la-campulung\/"]}]},{"@type":"BreadcrumbList","@id":"https:\/\/adventistoltenia.ro\/site\/scoala-biblica-la-campulung\/#breadcrumb","itemListElement":[{"@type":"ListItem","position":1,"name":"Home","item":"https:\/\/adventistoltenia.ro\/site\/"},{"@type":"ListItem","position":2,"name":"Scoala Biblica la Campulung"}]},{"@type":"WebSite","@id":"https:\/\/adventistoltenia.ro\/site\/#website","url":"https:\/\/adventistoltenia.ro\/site\/","name":"Conferinta Oltenia","description":"Biserica Adventista de Ziua a Saptea","potentialAction":[{"@type":"SearchAction","target":{"@type":"EntryPoint","urlTemplate":"https:\/\/adventistoltenia.ro\/site\/?s={search_term_string}"},"query-input":"required name=search_term_string"}],"inLanguage":"en-US"},{"@type":"Person","@id":"https:\/\/adventistoltenia.ro\/site\/#\/schema\/person\/81972d6ddcec064fcb37a129240ef9d7","name":"Conferinta Oltenia","image":{"@type":"ImageObject","inLanguage":"en-US","@id":"https:\/\/adventistoltenia.ro\/site\/#\/schema\/person\/image\/","url":"https:\/\/secure.gravatar.com\/avatar\/ebe92ec22e2e53a8eb79d6b52b724e27?s=96&d=mm&r=g","contentUrl":"https:\/\/secure.gravatar.com\/avatar\/ebe92ec22e2e53a8eb79d6b52b724e27?s=96&d=mm&r=g","caption":"Conferinta Oltenia"},"url":"https:\/\/adventistoltenia.ro\/site\/author\/adm1n\/"}]}},"_links":{"self":[{"href":"https:\/\/adventistoltenia.ro\/site\/wp-json\/wp\/v2\/posts\/884"}],"collection":[{"href":"https:\/\/adventistoltenia.ro\/site\/wp-json\/wp\/v2\/posts"}],"about":[{"href":"https:\/\/adventistoltenia.ro\/site\/wp-json\/wp\/v2\/types\/post"}],"author":[{"embeddable":true,"href":"https:\/\/adventistoltenia.ro\/site\/wp-json\/wp\/v2\/users\/2"}],"replies":[{"embeddable":true,"href":"https:\/\/adventistoltenia.ro\/site\/wp-json\/wp\/v2\/comments?post=884"}],"version-history":[{"count":1,"href":"https:\/\/adventistoltenia.ro\/site\/wp-json\/wp\/v2\/posts\/884\/revisions"}],"predecessor-version":[{"id":1919,"href":"https:\/\/adventistoltenia.ro\/site\/wp-json\/wp\/v2\/posts\/884\/revisions\/1919"}],"wp:featuredmedia":[{"embeddable":true,"href":"https:\/\/adventistoltenia.ro\/site\/wp-json\/wp\/v2\/media\/885"}],"wp:attachment":[{"href":"https:\/\/adventistoltenia.ro\/site\/wp-json\/wp\/v2\/media?parent=884"}],"wp:term":[{"taxonomy":"category","embeddable":true,"href":"https:\/\/adventistoltenia.ro\/site\/wp-json\/wp\/v2\/categories?post=884"},{"taxonomy":"post_tag","embeddable":true,"href":"https:\/\/adventistoltenia.ro\/site\/wp-json\/wp\/v2\/tags?post=884"}],"curies":[{"name":"wp","href":"https:\/\/api.w.org\/{rel}","templated":true}]}}