{"id":894,"date":"2015-12-08T19:48:05","date_gmt":"2015-12-08T19:48:05","guid":{"rendered":"http:\/\/adventistoltenia.ro\/site\/?p=894"},"modified":"2017-09-14T17:27:18","modified_gmt":"2017-09-14T17:27:18","slug":"aproape-de-tineri","status":"publish","type":"post","link":"https:\/\/adventistoltenia.ro\/site\/aproape-de-tineri\/","title":{"rendered":"Aproape de TINEri"},"content":{"rendered":"<p>\u00cen perioada 20-22 noiembrie 2015, la Centrul de Tineret de la S\u0103tic, jude\u021bul Arge\u0219, a avut loc Conven\u021bia Liderilor de Tineret din cadrul Conferin\u021bei Oltenia. Invita\u021bii speciali ai evenimentului au fost Daniel Chirileanu, directorul Departamentului Tineret al Uniunii de Conferin\u021be\u00a0 \u0219i Aurel Nea\u021bu, pre\u0219edintele Conferin\u021bei Oltenia. Prin seminarele prezentate, cei prezen\u021bi au redescoperit importan\u021ba slujirii genera\u021biei tinere \u0219i totodat\u0103 unele modalit\u0103\u021bi concrete pentru organizarea de \u00eent\u00e2lniri atr\u0103g\u0103toare pentru tineri.<\/p>\n<p>\u00cen cadrul programului s-a f\u0103cut o trecere \u00een revist\u0103 a evenimentelor organizate la nivelul bisericilor locale, dup\u0103 care au fost propuse \u0219i alte proiecte pentru perioada urm\u0103toare. De asemenea, participan\u021bii au fost \u00eencuraja\u021bi s\u0103 aib\u0103 o via\u021b\u0103 de rug\u0103ciune \u0219i devo\u021biune personal\u0103 \u00a0pentru a fi modele autentice \u0219i a avea parte de binecuv\u00e2ntarea Cerului \u00een slujirea tinerilor. Traseul spiritual organizat s\u00e2mb\u0103t\u0103 seara a \u00eencurajat cercetarea de sine\u00a0 \u0219i stabilirea unor \u021binte precise pentru noul an.<\/p>\n<p>La finalul \u00eent\u00e2lnirii au fost amintite proiectele concrete care se vor desf\u0103\u0219ura \u00een perioada urm\u0103toare la nivelul bisericii locale precum \u0219i la nivelul fiec\u0103rui jude\u021b. Astfel, <em>sabatul tineretului, clasa prietenilor \u0219i ora tinerilor (OT2)\u00a0 <\/em>sunt doar c\u00e2teva din activit\u0103\u021bile recomandate pentru perioada urm\u0103toare. Cartea biblic\u0103 propus\u0103 pentru studiu \u00een noul an este <em>Proverbe<\/em>, iar pentru lectur\u0103 suplimentar\u0103 s-a recomandat cartea <em>Hristos este totul, prietene!<\/em><\/p>\n<p>Speran\u021ba organizatorilor este ca participan\u021bii la conven\u021bie, s\u0103 nu uite de promisiunile f\u0103cute lui Dumnezeu \u00een cadrul evenimentului. Prin urmare, prietenia cu Dumnezeu, dragostea pentru tineri demonstrat\u0103 prin activit\u0103\u021bile organizate, dar \u0219i colaborarea eficient\u0103 cu ceilal\u021bi adul\u021bi din biseric\u0103 pot contribui la realizarea scopului \u0219i anume apropierea de TINEri &#8211; acum \u0219i pentru ve\u0219nicie.<\/p>\n<p>&nbsp;<\/p>\n<p>Florin R\u0103du\u021b, director Tineret, Conferin\u021ba Oltenia<\/p>\n<p>&nbsp;<\/p>\n<p><a href=\"http:\/\/adventistoltenia.ro\/site\/wp-content\/uploads\/2015\/12\/12291201_989304434441716_1429443091865523445_o.jpg\"><img decoding=\"async\" loading=\"lazy\" class=\"alignnone wp-image-898 size-thumbnail\" src=\"http:\/\/adventistoltenia.ro\/site\/wp-content\/uploads\/2015\/12\/12291201_989304434441716_1429443091865523445_o-150x150.jpg\" alt=\"12291201_989304434441716_1429443091865523445_o\" width=\"150\" height=\"150\" \/><\/a><\/p>\n<p>&nbsp;<\/p>\n ","protected":false},"excerpt":{"rendered":"<p>\u00cen perioada 20-22 noiembrie 2015, la Centrul de Tineret de la S\u0103tic, jude\u021bul Arge\u0219, a avut loc Conven\u021bia Liderilor de Tineret din cadrul Conferin\u021bei Oltenia. Invita\u021bii speciali ai evenimentului au fost Daniel Chirileanu, directorul Departamentului Tineret al Uniunii de Conferin\u021be\u00a0 \u0219i Aurel Nea\u021bu, pre\u0219edintele Conferin\u021bei Oltenia. Prin seminarele prezentate, cei prezen\u021bi au redescoperit importan\u021ba slujirii &hellip; <a href=\"https:\/\/adventistoltenia.ro\/site\/aproape-de-tineri\/\">Continued<\/a><\/p>\n","protected":false},"author":4,"featured_media":896,"comment_status":"closed","ping_status":"closed","sticky":false,"template":"","format":"standard","meta":[],"categories":[64,32],"tags":[38],"yoast_head":"<!-- This site is optimized with the Yoast SEO plugin v20.3 - https:\/\/yoast.com\/wordpress\/plugins\/seo\/ -->\n<title>Aproape de TINEri - Conferinta Oltenia<\/title>\n<meta name=\"robots\" content=\"index, follow, max-snippet:-1, max-image-preview:large, max-video-preview:-1\" \/>\n<link rel=\"canonical\" href=\"https:\/\/adventistoltenia.ro\/site\/aproape-de-tineri\/\" \/>\n<meta property=\"og:locale\" content=\"en_US\" \/>\n<meta property=\"og:type\" content=\"article\" \/>\n<meta property=\"og:title\" content=\"Aproape de TINEri - Conferinta Oltenia\" \/>\n<meta property=\"og:description\" content=\"\u00cen perioada 20-22 noiembrie 2015, la Centrul de Tineret de la S\u0103tic, jude\u021bul Arge\u0219, a avut loc Conven\u021bia Liderilor de Tineret din cadrul Conferin\u021bei Oltenia. Invita\u021bii speciali ai evenimentului au fost Daniel Chirileanu, directorul Departamentului Tineret al Uniunii de Conferin\u021be\u00a0 \u0219i Aurel Nea\u021bu, pre\u0219edintele Conferin\u021bei Oltenia. Prin seminarele prezentate, cei prezen\u021bi au redescoperit importan\u021ba slujirii &hellip; Continued\" \/>\n<meta property=\"og:url\" content=\"https:\/\/adventistoltenia.ro\/site\/aproape-de-tineri\/\" \/>\n<meta property=\"og:site_name\" content=\"Conferinta Oltenia\" \/>\n<meta property=\"article:published_time\" content=\"2015-12-08T19:48:05+00:00\" \/>\n<meta property=\"article:modified_time\" content=\"2017-09-14T17:27:18+00:00\" \/>\n<meta property=\"og:image\" content=\"https:\/\/adventistoltenia.ro\/site\/wp-content\/uploads\/2015\/12\/12304388_989304531108373_807350329261013461_o.jpg\" \/>\n\t<meta property=\"og:image:width\" content=\"2048\" \/>\n\t<meta property=\"og:image:height\" content=\"1365\" \/>\n\t<meta property=\"og:image:type\" content=\"image\/jpeg\" \/>\n<meta name=\"author\" content=\"Marius Bratu\" \/>\n<meta name=\"twitter:card\" content=\"summary_large_image\" \/>\n<meta name=\"twitter:label1\" content=\"Written by\" \/>\n\t<meta name=\"twitter:data1\" content=\"Marius Bratu\" \/>\n\t<meta name=\"twitter:label2\" content=\"Est. reading time\" \/>\n\t<meta name=\"twitter:data2\" content=\"2 minutes\" \/>\n<script type=\"application\/ld+json\" class=\"yoast-schema-graph\">{\"@context\":\"https:\/\/schema.org\",\"@graph\":[{\"@type\":\"WebPage\",\"@id\":\"https:\/\/adventistoltenia.ro\/site\/aproape-de-tineri\/\",\"url\":\"https:\/\/adventistoltenia.ro\/site\/aproape-de-tineri\/\",\"name\":\"Aproape de TINEri - Conferinta Oltenia\",\"isPartOf\":{\"@id\":\"https:\/\/adventistoltenia.ro\/site\/#website\"},\"datePublished\":\"2015-12-08T19:48:05+00:00\",\"dateModified\":\"2017-09-14T17:27:18+00:00\",\"author\":{\"@id\":\"https:\/\/adventistoltenia.ro\/site\/#\/schema\/person\/acb5138cc780593c88eda0f4e1004424\"},\"breadcrumb\":{\"@id\":\"https:\/\/adventistoltenia.ro\/site\/aproape-de-tineri\/#breadcrumb\"},\"inLanguage\":\"en-US\",\"potentialAction\":[{\"@type\":\"ReadAction\",\"target\":[\"https:\/\/adventistoltenia.ro\/site\/aproape-de-tineri\/\"]}]},{\"@type\":\"BreadcrumbList\",\"@id\":\"https:\/\/adventistoltenia.ro\/site\/aproape-de-tineri\/#breadcrumb\",\"itemListElement\":[{\"@type\":\"ListItem\",\"position\":1,\"name\":\"Home\",\"item\":\"https:\/\/adventistoltenia.ro\/site\/\"},{\"@type\":\"ListItem\",\"position\":2,\"name\":\"Aproape de TINEri\"}]},{\"@type\":\"WebSite\",\"@id\":\"https:\/\/adventistoltenia.ro\/site\/#website\",\"url\":\"https:\/\/adventistoltenia.ro\/site\/\",\"name\":\"Conferinta Oltenia\",\"description\":\"Biserica Adventista de Ziua a Saptea\",\"potentialAction\":[{\"@type\":\"SearchAction\",\"target\":{\"@type\":\"EntryPoint\",\"urlTemplate\":\"https:\/\/adventistoltenia.ro\/site\/?s={search_term_string}\"},\"query-input\":\"required name=search_term_string\"}],\"inLanguage\":\"en-US\"},{\"@type\":\"Person\",\"@id\":\"https:\/\/adventistoltenia.ro\/site\/#\/schema\/person\/acb5138cc780593c88eda0f4e1004424\",\"name\":\"Marius Bratu\",\"image\":{\"@type\":\"ImageObject\",\"inLanguage\":\"en-US\",\"@id\":\"https:\/\/adventistoltenia.ro\/site\/#\/schema\/person\/image\/\",\"url\":\"https:\/\/secure.gravatar.com\/avatar\/bdb7181bc713a3fe1d0660930e3a9f25?s=96&d=mm&r=g\",\"contentUrl\":\"https:\/\/secure.gravatar.com\/avatar\/bdb7181bc713a3fe1d0660930e3a9f25?s=96&d=mm&r=g\",\"caption\":\"Marius Bratu\"},\"url\":\"https:\/\/adventistoltenia.ro\/site\/author\/petrenita\/\"}]}<\/script>\n<!-- \/ Yoast SEO plugin. -->","yoast_head_json":{"title":"Aproape de TINEri - Conferinta Oltenia","robots":{"index":"index","follow":"follow","max-snippet":"max-snippet:-1","max-image-preview":"max-image-preview:large","max-video-preview":"max-video-preview:-1"},"canonical":"https:\/\/adventistoltenia.ro\/site\/aproape-de-tineri\/","og_locale":"en_US","og_type":"article","og_title":"Aproape de TINEri - Conferinta Oltenia","og_description":"\u00cen perioada 20-22 noiembrie 2015, la Centrul de Tineret de la S\u0103tic, jude\u021bul Arge\u0219, a avut loc Conven\u021bia Liderilor de Tineret din cadrul Conferin\u021bei Oltenia. Invita\u021bii speciali ai evenimentului au fost Daniel Chirileanu, directorul Departamentului Tineret al Uniunii de Conferin\u021be\u00a0 \u0219i Aurel Nea\u021bu, pre\u0219edintele Conferin\u021bei Oltenia. Prin seminarele prezentate, cei prezen\u021bi au redescoperit importan\u021ba slujirii &hellip; Continued","og_url":"https:\/\/adventistoltenia.ro\/site\/aproape-de-tineri\/","og_site_name":"Conferinta Oltenia","article_published_time":"2015-12-08T19:48:05+00:00","article_modified_time":"2017-09-14T17:27:18+00:00","og_image":[{"width":2048,"height":1365,"url":"https:\/\/adventistoltenia.ro\/site\/wp-content\/uploads\/2015\/12\/12304388_989304531108373_807350329261013461_o.jpg","type":"image\/jpeg"}],"author":"Marius Bratu","twitter_card":"summary_large_image","twitter_misc":{"Written by":"Marius Bratu","Est. reading time":"2 minutes"},"schema":{"@context":"https:\/\/schema.org","@graph":[{"@type":"WebPage","@id":"https:\/\/adventistoltenia.ro\/site\/aproape-de-tineri\/","url":"https:\/\/adventistoltenia.ro\/site\/aproape-de-tineri\/","name":"Aproape de TINEri - Conferinta Oltenia","isPartOf":{"@id":"https:\/\/adventistoltenia.ro\/site\/#website"},"datePublished":"2015-12-08T19:48:05+00:00","dateModified":"2017-09-14T17:27:18+00:00","author":{"@id":"https:\/\/adventistoltenia.ro\/site\/#\/schema\/person\/acb5138cc780593c88eda0f4e1004424"},"breadcrumb":{"@id":"https:\/\/adventistoltenia.ro\/site\/aproape-de-tineri\/#breadcrumb"},"inLanguage":"en-US","potentialAction":[{"@type":"ReadAction","target":["https:\/\/adventistoltenia.ro\/site\/aproape-de-tineri\/"]}]},{"@type":"BreadcrumbList","@id":"https:\/\/adventistoltenia.ro\/site\/aproape-de-tineri\/#breadcrumb","itemListElement":[{"@type":"ListItem","position":1,"name":"Home","item":"https:\/\/adventistoltenia.ro\/site\/"},{"@type":"ListItem","position":2,"name":"Aproape de TINEri"}]},{"@type":"WebSite","@id":"https:\/\/adventistoltenia.ro\/site\/#website","url":"https:\/\/adventistoltenia.ro\/site\/","name":"Conferinta Oltenia","description":"Biserica Adventista de Ziua a Saptea","potentialAction":[{"@type":"SearchAction","target":{"@type":"EntryPoint","urlTemplate":"https:\/\/adventistoltenia.ro\/site\/?s={search_term_string}"},"query-input":"required name=search_term_string"}],"inLanguage":"en-US"},{"@type":"Person","@id":"https:\/\/adventistoltenia.ro\/site\/#\/schema\/person\/acb5138cc780593c88eda0f4e1004424","name":"Marius Bratu","image":{"@type":"ImageObject","inLanguage":"en-US","@id":"https:\/\/adventistoltenia.ro\/site\/#\/schema\/person\/image\/","url":"https:\/\/secure.gravatar.com\/avatar\/bdb7181bc713a3fe1d0660930e3a9f25?s=96&d=mm&r=g","contentUrl":"https:\/\/secure.gravatar.com\/avatar\/bdb7181bc713a3fe1d0660930e3a9f25?s=96&d=mm&r=g","caption":"Marius Bratu"},"url":"https:\/\/adventistoltenia.ro\/site\/author\/petrenita\/"}]}},"_links":{"self":[{"href":"https:\/\/adventistoltenia.ro\/site\/wp-json\/wp\/v2\/posts\/894"}],"collection":[{"href":"https:\/\/adventistoltenia.ro\/site\/wp-json\/wp\/v2\/posts"}],"about":[{"href":"https:\/\/adventistoltenia.ro\/site\/wp-json\/wp\/v2\/types\/post"}],"author":[{"embeddable":true,"href":"https:\/\/adventistoltenia.ro\/site\/wp-json\/wp\/v2\/users\/4"}],"replies":[{"embeddable":true,"href":"https:\/\/adventistoltenia.ro\/site\/wp-json\/wp\/v2\/comments?post=894"}],"version-history":[{"count":1,"href":"https:\/\/adventistoltenia.ro\/site\/wp-json\/wp\/v2\/posts\/894\/revisions"}],"predecessor-version":[{"id":1920,"href":"https:\/\/adventistoltenia.ro\/site\/wp-json\/wp\/v2\/posts\/894\/revisions\/1920"}],"wp:featuredmedia":[{"embeddable":true,"href":"https:\/\/adventistoltenia.ro\/site\/wp-json\/wp\/v2\/media\/896"}],"wp:attachment":[{"href":"https:\/\/adventistoltenia.ro\/site\/wp-json\/wp\/v2\/media?parent=894"}],"wp:term":[{"taxonomy":"category","embeddable":true,"href":"https:\/\/adventistoltenia.ro\/site\/wp-json\/wp\/v2\/categories?post=894"},{"taxonomy":"post_tag","embeddable":true,"href":"https:\/\/adventistoltenia.ro\/site\/wp-json\/wp\/v2\/tags?post=894"}],"curies":[{"name":"wp","href":"https:\/\/api.w.org\/{rel}","templated":true}]}}