{"id":958,"date":"2016-02-04T14:06:10","date_gmt":"2016-02-04T14:06:10","guid":{"rendered":"http:\/\/adventistoltenia.ro\/site\/?p=958"},"modified":"2017-09-14T17:29:43","modified_gmt":"2017-09-14T17:29:43","slug":"festivalul-copiilor-daniel","status":"publish","type":"post","link":"https:\/\/adventistoltenia.ro\/site\/festivalul-copiilor-daniel\/","title":{"rendered":"Festivalul copiilor DANIEL"},"content":{"rendered":"<p><strong>Moto<\/strong><strong>:\u00a0<em>\u201c\u2026tu e\u015fti prea iubit \u015fi scump\u201d<\/em><\/strong> Daniel 9:23<\/p>\n<p><strong>Program<\/strong>: <strong>9,30<\/strong> \u2013 17,30<\/p>\n<p><strong>Participan\u0163i<\/strong><strong>:\u00a0<\/strong>copiii din clasele I-VIII din partea de <strong>sud<\/strong> a jude\u0163ului <strong>TR<\/strong> + \u00a0instructorii lor<\/p>\n<p><strong>Domenii<\/strong><strong> \/ <\/strong><strong>categorii<\/strong><\/p>\n<p><strong>Vreau<\/strong> <strong>s\u0103<\/strong><strong>\u00a0 <\/strong><strong>c\u00e2nt<\/strong><strong> \u2026.<\/strong><\/p>\n<ul>\n<li>Vocal \u2013 3 piese (maxim 10 minute)<\/li>\n<li>Instrumental \u2013 2 piese (maxim 7 minute)<\/li>\n<\/ul>\n<p><strong>Vreau<\/strong> <strong>s\u0103<\/strong> <strong>spun<\/strong><strong> \u2026.<\/strong><\/p>\n<ul>\n<li>Poezie (maxim 2 min)<\/li>\n<li>Psalmi: 19, 20, 24, 25, 27, 29, 32, 46, 62, 67, 90, 92<\/li>\n<li>Proz\u0103 scurt\u0103 (maxim 3 min)<\/li>\n<li>Predica (maxim 4 minute)<\/li>\n<\/ul>\n<p><strong>Vreau<\/strong> <strong>s\u0103<\/strong> <strong>prezint<\/strong><strong>\u2026<\/strong><\/p>\n<ul>\n<li>Clip\u00a0 (maxim 5 minute)<\/li>\n<li>Film de scurt metraj (maxim 15 min )<\/li>\n<li>Ppt (maxim 20 de slide-uri)<\/li>\n<li>Scenet\u0103 (maxim 10 minute)<\/li>\n<li>Arte plastice: pictur\u0103, desen, bricolaj (maxim 3 lucr\u0103ri\/persoan\u0103)<\/li>\n<li>Art\u0103 fotografic\u0103 (max. 5 fotografii)<\/li>\n<\/ul>\n<p><em>\u00a0<\/em><em>\u00a0\u00a0\u00a0\u00a0 *<\/em><em>\u00a0<\/em><em>la eveniment sunt a\u015ftepta\u0163i \u015fi copiii care nu prezint\u0103 ceva \u00een cadrul programului!<\/em><\/p>\n<p><strong>\u00a0<\/strong><strong>\u00a0<\/strong><strong>Special: <\/strong><strong>concurs cu premii <\/strong><strong>din via<\/strong><strong>\u0163<\/strong><strong>a lui Daniel <\/strong><strong>\u015f<\/strong><strong>i din psalmi de memorat<\/strong><\/p>\n<p><strong>\u00a0<\/strong><strong>Important:<\/strong><\/p>\n<p>&#8211;\u00a0<em>Masa de pr\u00e2nz<\/em>: fiecare participant trebuie s\u0103 \u00ee\u015fi ia un pache\u0163el;<\/p>\n<p>&#8211;\u00a0<em>\u00cembr\u0103c\u0103mintea<\/em>\u00a0recomandat\u0103: uniforma de tip A [c\u0103ma\u015f\u0103 alb\u0103; cravata portocalie (licurici), galben\u0103 (exploratori); pantaloni (pentru b\u0103ie\u0163ii) \u015fi fust\u0103 (pentru fetele) de culoare neagr\u0103 sau bleomarin \u00eenchis, diagonal\u0103 specializ\u0103ri];<\/p>\n<p>&#8211; <em>Steagul<\/em> grupei \u015fi al clubului:<\/p>\n<p>Fiecare grup\u0103 de exploratori \u015fi licurici (v\u0103 organiza\u0163i pe grupe de 3 &#8211; 7 membri) va trebui s\u0103 aib\u0103 c\u00e2te un <strong>steag<\/strong> din p\u00e2nz\u0103 care s\u0103 fie cusut\/brodat, astfel:<\/p>\n<ul>\n<li>Steagul va trebui s\u0103 fie <strong>cusut<\/strong> de exploratori (aten\u0163ie! nu de c\u0103tre p\u0103rin\u0163ii lor!)\n<ul>\n<li>pe fa\u0163\u0103 trebuie s\u0103 fie: desen cu simbolul grupei, nume grupei (din domeniul: mineral, vegetal sau animal), deviza grupei<\/li>\n<li>pe spate trebuie s\u0103 fie: numele fiec\u0103rui membru al grupei<\/li>\n<\/ul>\n<\/li>\n<li><strong>P\u00e2nza<\/strong> steagului trebuie s\u0103 aib\u0103 dimensiunile: 30 cm x 45 cm<\/li>\n<li>Steagul trebuie s\u0103 fie prins de un <strong>b\u0103\u0163<\/strong> de lungime = 2 metri \u015fi grosime = 15-20 milimetri.<\/li>\n<\/ul>\n<p>Pentru cei care au si <strong>steagul de club<\/strong> \u2013 s\u0103 vin\u0103 \u015fi cu el pe alt b\u0103\u0163.<\/p>\n<p>(dimensiuni steag: 60cm x 90cm; dimensiuni b\u0103\u0163 steag: lungime: 200 cm, grosimea b\u0103\u0163ului: 3 cm)<\/p>\n<p>&#8211; <em>\u00cenvestituri<\/em>: Licuricii sau exploratorii care \u00eendeplinesc condi\u0163iile trebuie s\u0103 se anun\u0163e din timp pentru a fi \u00eenvesti\u0163i. <em>Condi\u0163ii: minim 5 \u00eent\u00e2lniri la o grup\u0103 de licurici\/exploratori, cls. I-IV \u2013 pentru licurici, cls. V-VIII pentru exploratori<\/em><\/p>\n<p>&nbsp;<\/p>\n<p><a href=\"http:\/\/adventistoltenia.ro\/site\/wp-content\/uploads\/2016\/02\/AFISUL-DANIEL-AG-R\u0103de\u0219ti-copy.jpg\"><img decoding=\"async\" loading=\"lazy\" class=\"alignnone size-medium wp-image-963\" src=\"http:\/\/adventistoltenia.ro\/site\/wp-content\/uploads\/2016\/02\/AFISUL-DANIEL-AG-R\u0103de\u0219ti-copy-212x300.jpg\" alt=\"AFISUL DANIEL AG- R\u0103de\u0219ti copy\" width=\"212\" height=\"300\" srcset=\"https:\/\/adventistoltenia.ro\/site\/wp-content\/uploads\/2016\/02\/AFISUL-DANIEL-AG-R\u0103de\u0219ti-copy-212x300.jpg 212w, https:\/\/adventistoltenia.ro\/site\/wp-content\/uploads\/2016\/02\/AFISUL-DANIEL-AG-R\u0103de\u0219ti-copy-724x1024.jpg 724w, https:\/\/adventistoltenia.ro\/site\/wp-content\/uploads\/2016\/02\/AFISUL-DANIEL-AG-R\u0103de\u0219ti-copy-260x368.jpg 260w, https:\/\/adventistoltenia.ro\/site\/wp-content\/uploads\/2016\/02\/AFISUL-DANIEL-AG-R\u0103de\u0219ti-copy.jpg 1480w\" sizes=\"(max-width: 212px) 100vw, 212px\" \/><\/a> <a href=\"http:\/\/adventistoltenia.ro\/site\/wp-content\/uploads\/2016\/02\/AFISUL-DANIEL-DJ-B\u0103ile\u0219ti-copy.jpg\"><img decoding=\"async\" loading=\"lazy\" class=\"alignnone size-medium wp-image-964\" src=\"http:\/\/adventistoltenia.ro\/site\/wp-content\/uploads\/2016\/02\/AFISUL-DANIEL-DJ-B\u0103ile\u0219ti-copy-212x300.jpg\" alt=\"AFISUL DANIEL DJ - B\u0103ile\u0219ti copy\" width=\"212\" height=\"300\" srcset=\"https:\/\/adventistoltenia.ro\/site\/wp-content\/uploads\/2016\/02\/AFISUL-DANIEL-DJ-B\u0103ile\u0219ti-copy-212x300.jpg 212w, https:\/\/adventistoltenia.ro\/site\/wp-content\/uploads\/2016\/02\/AFISUL-DANIEL-DJ-B\u0103ile\u0219ti-copy-724x1024.jpg 724w, https:\/\/adventistoltenia.ro\/site\/wp-content\/uploads\/2016\/02\/AFISUL-DANIEL-DJ-B\u0103ile\u0219ti-copy-260x368.jpg 260w, https:\/\/adventistoltenia.ro\/site\/wp-content\/uploads\/2016\/02\/AFISUL-DANIEL-DJ-B\u0103ile\u0219ti-copy.jpg 1480w\" sizes=\"(max-width: 212px) 100vw, 212px\" \/><\/a> <a href=\"http:\/\/adventistoltenia.ro\/site\/wp-content\/uploads\/2016\/02\/AFISUL-DANIEL-OT-Piatra-Olt-copy.jpg\"><img decoding=\"async\" loading=\"lazy\" class=\"alignnone size-medium wp-image-965\" src=\"http:\/\/adventistoltenia.ro\/site\/wp-content\/uploads\/2016\/02\/AFISUL-DANIEL-OT-Piatra-Olt-copy-212x300.jpg\" alt=\"AFISUL DANIEL OT- Piatra Olt copy\" width=\"212\" height=\"300\" srcset=\"https:\/\/adventistoltenia.ro\/site\/wp-content\/uploads\/2016\/02\/AFISUL-DANIEL-OT-Piatra-Olt-copy-212x300.jpg 212w, https:\/\/adventistoltenia.ro\/site\/wp-content\/uploads\/2016\/02\/AFISUL-DANIEL-OT-Piatra-Olt-copy-724x1024.jpg 724w, https:\/\/adventistoltenia.ro\/site\/wp-content\/uploads\/2016\/02\/AFISUL-DANIEL-OT-Piatra-Olt-copy-260x368.jpg 260w, https:\/\/adventistoltenia.ro\/site\/wp-content\/uploads\/2016\/02\/AFISUL-DANIEL-OT-Piatra-Olt-copy.jpg 1480w\" sizes=\"(max-width: 212px) 100vw, 212px\" \/><\/a> <a href=\"http:\/\/adventistoltenia.ro\/site\/wp-content\/uploads\/2016\/02\/AFISUL-DANIEL-TR-Nord-Peretu-3-copy.jpg\"><img decoding=\"async\" loading=\"lazy\" class=\"alignnone size-medium wp-image-966\" src=\"http:\/\/adventistoltenia.ro\/site\/wp-content\/uploads\/2016\/02\/AFISUL-DANIEL-TR-Nord-Peretu-3-copy-212x300.jpg\" alt=\"AFISUL DANIEL TR Nord- Peretu 3 copy\" width=\"212\" height=\"300\" srcset=\"https:\/\/adventistoltenia.ro\/site\/wp-content\/uploads\/2016\/02\/AFISUL-DANIEL-TR-Nord-Peretu-3-copy-212x300.jpg 212w, https:\/\/adventistoltenia.ro\/site\/wp-content\/uploads\/2016\/02\/AFISUL-DANIEL-TR-Nord-Peretu-3-copy-724x1024.jpg 724w, https:\/\/adventistoltenia.ro\/site\/wp-content\/uploads\/2016\/02\/AFISUL-DANIEL-TR-Nord-Peretu-3-copy-260x368.jpg 260w, https:\/\/adventistoltenia.ro\/site\/wp-content\/uploads\/2016\/02\/AFISUL-DANIEL-TR-Nord-Peretu-3-copy.jpg 1480w\" sizes=\"(max-width: 212px) 100vw, 212px\" \/><\/a><a href=\"http:\/\/adventistoltenia.ro\/site\/wp-content\/uploads\/2016\/02\/AFISUL-DANIEL-TR-Sud-Alexandria-2-copy.jpg\"><img decoding=\"async\" loading=\"lazy\" class=\"alignnone size-medium wp-image-968\" src=\"http:\/\/adventistoltenia.ro\/site\/wp-content\/uploads\/2016\/02\/AFISUL-DANIEL-TR-Sud-Alexandria-2-copy-212x300.jpg\" alt=\"AFISUL DANIEL TR Sud- Alexandria 2 copy\" width=\"212\" height=\"300\" srcset=\"https:\/\/adventistoltenia.ro\/site\/wp-content\/uploads\/2016\/02\/AFISUL-DANIEL-TR-Sud-Alexandria-2-copy-212x300.jpg 212w, https:\/\/adventistoltenia.ro\/site\/wp-content\/uploads\/2016\/02\/AFISUL-DANIEL-TR-Sud-Alexandria-2-copy-724x1024.jpg 724w, https:\/\/adventistoltenia.ro\/site\/wp-content\/uploads\/2016\/02\/AFISUL-DANIEL-TR-Sud-Alexandria-2-copy-260x368.jpg 260w, https:\/\/adventistoltenia.ro\/site\/wp-content\/uploads\/2016\/02\/AFISUL-DANIEL-TR-Sud-Alexandria-2-copy.jpg 1480w\" sizes=\"(max-width: 212px) 100vw, 212px\" \/><\/a><a href=\"http:\/\/adventistoltenia.ro\/site\/wp-content\/uploads\/2016\/02\/AFISUL-DANIEL-VL-Rm-Valcea-1-copy.jpg\"><img decoding=\"async\" loading=\"lazy\" class=\"alignnone size-medium wp-image-969\" src=\"http:\/\/adventistoltenia.ro\/site\/wp-content\/uploads\/2016\/02\/AFISUL-DANIEL-VL-Rm-Valcea-1-copy-212x300.jpg\" alt=\"AFISUL DANIEL VL- Rm Valcea 1 copy\" width=\"212\" height=\"300\" srcset=\"https:\/\/adventistoltenia.ro\/site\/wp-content\/uploads\/2016\/02\/AFISUL-DANIEL-VL-Rm-Valcea-1-copy-212x300.jpg 212w, https:\/\/adventistoltenia.ro\/site\/wp-content\/uploads\/2016\/02\/AFISUL-DANIEL-VL-Rm-Valcea-1-copy-724x1024.jpg 724w, https:\/\/adventistoltenia.ro\/site\/wp-content\/uploads\/2016\/02\/AFISUL-DANIEL-VL-Rm-Valcea-1-copy-260x368.jpg 260w, https:\/\/adventistoltenia.ro\/site\/wp-content\/uploads\/2016\/02\/AFISUL-DANIEL-VL-Rm-Valcea-1-copy.jpg 1480w\" sizes=\"(max-width: 212px) 100vw, 212px\" \/><\/a><\/p>\n<p>&nbsp;<\/p>\n ","protected":false},"excerpt":{"rendered":"<p>Moto:\u00a0\u201c\u2026tu e\u015fti prea iubit \u015fi scump\u201d Daniel 9:23 Program: 9,30 \u2013 17,30 Participan\u0163i:\u00a0copiii din clasele I-VIII din partea de sud a jude\u0163ului TR + \u00a0instructorii lor Domenii \/ categorii Vreau s\u0103\u00a0 c\u00e2nt \u2026. Vocal \u2013 3 piese (maxim 10 minute) Instrumental \u2013 2 piese (maxim 7 minute) Vreau s\u0103 spun \u2026. Poezie (maxim 2 min) &hellip; <a href=\"https:\/\/adventistoltenia.ro\/site\/festivalul-copiilor-daniel\/\">Continued<\/a><\/p>\n","protected":false},"author":4,"featured_media":961,"comment_status":"closed","ping_status":"closed","sticky":false,"template":"","format":"standard","meta":[],"categories":[64,32],"tags":[49,42,50,41],"yoast_head":"<!-- This site is optimized with the Yoast SEO plugin v20.3 - https:\/\/yoast.com\/wordpress\/plugins\/seo\/ -->\n<title>Festivalul copiilor DANIEL - Conferinta Oltenia<\/title>\n<meta name=\"robots\" content=\"index, follow, max-snippet:-1, max-image-preview:large, max-video-preview:-1\" \/>\n<link rel=\"canonical\" href=\"https:\/\/adventistoltenia.ro\/site\/festivalul-copiilor-daniel\/\" \/>\n<meta property=\"og:locale\" content=\"en_US\" \/>\n<meta property=\"og:type\" content=\"article\" \/>\n<meta property=\"og:title\" content=\"Festivalul copiilor DANIEL - Conferinta Oltenia\" \/>\n<meta property=\"og:description\" content=\"Moto:\u00a0\u201c\u2026tu e\u015fti prea iubit \u015fi scump\u201d Daniel 9:23 Program: 9,30 \u2013 17,30 Participan\u0163i:\u00a0copiii din clasele I-VIII din partea de sud a jude\u0163ului TR + \u00a0instructorii lor Domenii \/ categorii Vreau s\u0103\u00a0 c\u00e2nt \u2026. Vocal \u2013 3 piese (maxim 10 minute) Instrumental \u2013 2 piese (maxim 7 minute) Vreau s\u0103 spun \u2026. Poezie (maxim 2 min) &hellip; Continued\" \/>\n<meta property=\"og:url\" content=\"https:\/\/adventistoltenia.ro\/site\/festivalul-copiilor-daniel\/\" \/>\n<meta property=\"og:site_name\" content=\"Conferinta Oltenia\" \/>\n<meta property=\"article:published_time\" content=\"2016-02-04T14:06:10+00:00\" \/>\n<meta property=\"article:modified_time\" content=\"2017-09-14T17:29:43+00:00\" \/>\n<meta property=\"og:image\" content=\"https:\/\/adventistoltenia.ro\/site\/wp-content\/uploads\/2016\/02\/daniel.png\" \/>\n\t<meta property=\"og:image:width\" content=\"960\" \/>\n\t<meta property=\"og:image:height\" content=\"640\" \/>\n\t<meta property=\"og:image:type\" content=\"image\/png\" \/>\n<meta name=\"author\" content=\"Marius Bratu\" \/>\n<meta name=\"twitter:card\" content=\"summary_large_image\" \/>\n<meta name=\"twitter:label1\" content=\"Written by\" \/>\n\t<meta name=\"twitter:data1\" content=\"Marius Bratu\" \/>\n\t<meta name=\"twitter:label2\" content=\"Est. reading time\" \/>\n\t<meta name=\"twitter:data2\" content=\"2 minutes\" \/>\n<script type=\"application\/ld+json\" class=\"yoast-schema-graph\">{\"@context\":\"https:\/\/schema.org\",\"@graph\":[{\"@type\":\"WebPage\",\"@id\":\"https:\/\/adventistoltenia.ro\/site\/festivalul-copiilor-daniel\/\",\"url\":\"https:\/\/adventistoltenia.ro\/site\/festivalul-copiilor-daniel\/\",\"name\":\"Festivalul copiilor DANIEL - Conferinta Oltenia\",\"isPartOf\":{\"@id\":\"https:\/\/adventistoltenia.ro\/site\/#website\"},\"datePublished\":\"2016-02-04T14:06:10+00:00\",\"dateModified\":\"2017-09-14T17:29:43+00:00\",\"author\":{\"@id\":\"https:\/\/adventistoltenia.ro\/site\/#\/schema\/person\/acb5138cc780593c88eda0f4e1004424\"},\"breadcrumb\":{\"@id\":\"https:\/\/adventistoltenia.ro\/site\/festivalul-copiilor-daniel\/#breadcrumb\"},\"inLanguage\":\"en-US\",\"potentialAction\":[{\"@type\":\"ReadAction\",\"target\":[\"https:\/\/adventistoltenia.ro\/site\/festivalul-copiilor-daniel\/\"]}]},{\"@type\":\"BreadcrumbList\",\"@id\":\"https:\/\/adventistoltenia.ro\/site\/festivalul-copiilor-daniel\/#breadcrumb\",\"itemListElement\":[{\"@type\":\"ListItem\",\"position\":1,\"name\":\"Home\",\"item\":\"https:\/\/adventistoltenia.ro\/site\/\"},{\"@type\":\"ListItem\",\"position\":2,\"name\":\"Festivalul copiilor DANIEL\"}]},{\"@type\":\"WebSite\",\"@id\":\"https:\/\/adventistoltenia.ro\/site\/#website\",\"url\":\"https:\/\/adventistoltenia.ro\/site\/\",\"name\":\"Conferinta Oltenia\",\"description\":\"Biserica Adventista de Ziua a Saptea\",\"potentialAction\":[{\"@type\":\"SearchAction\",\"target\":{\"@type\":\"EntryPoint\",\"urlTemplate\":\"https:\/\/adventistoltenia.ro\/site\/?s={search_term_string}\"},\"query-input\":\"required name=search_term_string\"}],\"inLanguage\":\"en-US\"},{\"@type\":\"Person\",\"@id\":\"https:\/\/adventistoltenia.ro\/site\/#\/schema\/person\/acb5138cc780593c88eda0f4e1004424\",\"name\":\"Marius Bratu\",\"image\":{\"@type\":\"ImageObject\",\"inLanguage\":\"en-US\",\"@id\":\"https:\/\/adventistoltenia.ro\/site\/#\/schema\/person\/image\/\",\"url\":\"https:\/\/secure.gravatar.com\/avatar\/bdb7181bc713a3fe1d0660930e3a9f25?s=96&d=mm&r=g\",\"contentUrl\":\"https:\/\/secure.gravatar.com\/avatar\/bdb7181bc713a3fe1d0660930e3a9f25?s=96&d=mm&r=g\",\"caption\":\"Marius Bratu\"},\"url\":\"https:\/\/adventistoltenia.ro\/site\/author\/petrenita\/\"}]}<\/script>\n<!-- \/ Yoast SEO plugin. -->","yoast_head_json":{"title":"Festivalul copiilor DANIEL - Conferinta Oltenia","robots":{"index":"index","follow":"follow","max-snippet":"max-snippet:-1","max-image-preview":"max-image-preview:large","max-video-preview":"max-video-preview:-1"},"canonical":"https:\/\/adventistoltenia.ro\/site\/festivalul-copiilor-daniel\/","og_locale":"en_US","og_type":"article","og_title":"Festivalul copiilor DANIEL - Conferinta Oltenia","og_description":"Moto:\u00a0\u201c\u2026tu e\u015fti prea iubit \u015fi scump\u201d Daniel 9:23 Program: 9,30 \u2013 17,30 Participan\u0163i:\u00a0copiii din clasele I-VIII din partea de sud a jude\u0163ului TR + \u00a0instructorii lor Domenii \/ categorii Vreau s\u0103\u00a0 c\u00e2nt \u2026. Vocal \u2013 3 piese (maxim 10 minute) Instrumental \u2013 2 piese (maxim 7 minute) Vreau s\u0103 spun \u2026. Poezie (maxim 2 min) &hellip; Continued","og_url":"https:\/\/adventistoltenia.ro\/site\/festivalul-copiilor-daniel\/","og_site_name":"Conferinta Oltenia","article_published_time":"2016-02-04T14:06:10+00:00","article_modified_time":"2017-09-14T17:29:43+00:00","og_image":[{"width":960,"height":640,"url":"https:\/\/adventistoltenia.ro\/site\/wp-content\/uploads\/2016\/02\/daniel.png","type":"image\/png"}],"author":"Marius Bratu","twitter_card":"summary_large_image","twitter_misc":{"Written by":"Marius Bratu","Est. reading time":"2 minutes"},"schema":{"@context":"https:\/\/schema.org","@graph":[{"@type":"WebPage","@id":"https:\/\/adventistoltenia.ro\/site\/festivalul-copiilor-daniel\/","url":"https:\/\/adventistoltenia.ro\/site\/festivalul-copiilor-daniel\/","name":"Festivalul copiilor DANIEL - Conferinta Oltenia","isPartOf":{"@id":"https:\/\/adventistoltenia.ro\/site\/#website"},"datePublished":"2016-02-04T14:06:10+00:00","dateModified":"2017-09-14T17:29:43+00:00","author":{"@id":"https:\/\/adventistoltenia.ro\/site\/#\/schema\/person\/acb5138cc780593c88eda0f4e1004424"},"breadcrumb":{"@id":"https:\/\/adventistoltenia.ro\/site\/festivalul-copiilor-daniel\/#breadcrumb"},"inLanguage":"en-US","potentialAction":[{"@type":"ReadAction","target":["https:\/\/adventistoltenia.ro\/site\/festivalul-copiilor-daniel\/"]}]},{"@type":"BreadcrumbList","@id":"https:\/\/adventistoltenia.ro\/site\/festivalul-copiilor-daniel\/#breadcrumb","itemListElement":[{"@type":"ListItem","position":1,"name":"Home","item":"https:\/\/adventistoltenia.ro\/site\/"},{"@type":"ListItem","position":2,"name":"Festivalul copiilor DANIEL"}]},{"@type":"WebSite","@id":"https:\/\/adventistoltenia.ro\/site\/#website","url":"https:\/\/adventistoltenia.ro\/site\/","name":"Conferinta Oltenia","description":"Biserica Adventista de Ziua a Saptea","potentialAction":[{"@type":"SearchAction","target":{"@type":"EntryPoint","urlTemplate":"https:\/\/adventistoltenia.ro\/site\/?s={search_term_string}"},"query-input":"required name=search_term_string"}],"inLanguage":"en-US"},{"@type":"Person","@id":"https:\/\/adventistoltenia.ro\/site\/#\/schema\/person\/acb5138cc780593c88eda0f4e1004424","name":"Marius Bratu","image":{"@type":"ImageObject","inLanguage":"en-US","@id":"https:\/\/adventistoltenia.ro\/site\/#\/schema\/person\/image\/","url":"https:\/\/secure.gravatar.com\/avatar\/bdb7181bc713a3fe1d0660930e3a9f25?s=96&d=mm&r=g","contentUrl":"https:\/\/secure.gravatar.com\/avatar\/bdb7181bc713a3fe1d0660930e3a9f25?s=96&d=mm&r=g","caption":"Marius Bratu"},"url":"https:\/\/adventistoltenia.ro\/site\/author\/petrenita\/"}]}},"_links":{"self":[{"href":"https:\/\/adventistoltenia.ro\/site\/wp-json\/wp\/v2\/posts\/958"}],"collection":[{"href":"https:\/\/adventistoltenia.ro\/site\/wp-json\/wp\/v2\/posts"}],"about":[{"href":"https:\/\/adventistoltenia.ro\/site\/wp-json\/wp\/v2\/types\/post"}],"author":[{"embeddable":true,"href":"https:\/\/adventistoltenia.ro\/site\/wp-json\/wp\/v2\/users\/4"}],"replies":[{"embeddable":true,"href":"https:\/\/adventistoltenia.ro\/site\/wp-json\/wp\/v2\/comments?post=958"}],"version-history":[{"count":1,"href":"https:\/\/adventistoltenia.ro\/site\/wp-json\/wp\/v2\/posts\/958\/revisions"}],"predecessor-version":[{"id":1930,"href":"https:\/\/adventistoltenia.ro\/site\/wp-json\/wp\/v2\/posts\/958\/revisions\/1930"}],"wp:featuredmedia":[{"embeddable":true,"href":"https:\/\/adventistoltenia.ro\/site\/wp-json\/wp\/v2\/media\/961"}],"wp:attachment":[{"href":"https:\/\/adventistoltenia.ro\/site\/wp-json\/wp\/v2\/media?parent=958"}],"wp:term":[{"taxonomy":"category","embeddable":true,"href":"https:\/\/adventistoltenia.ro\/site\/wp-json\/wp\/v2\/categories?post=958"},{"taxonomy":"post_tag","embeddable":true,"href":"https:\/\/adventistoltenia.ro\/site\/wp-json\/wp\/v2\/tags?post=958"}],"curies":[{"name":"wp","href":"https:\/\/api.w.org\/{rel}","templated":true}]}}